{"id":97660,"date":"2023-10-23T18:55:33","date_gmt":"2023-10-23T23:55:33","guid":{"rendered":"https:\/\/umecit.edu.pa\/?p=97660"},"modified":"2023-11-07T11:47:36","modified_gmt":"2023-11-07T16:47:36","slug":"foro-conjunto-ops-umecit-conapred","status":"publish","type":"post","link":"https:\/\/umecit.edu.pa\/en\/foro-conjunto-ops-umecit-conapred\/","title":{"rendered":"PAHO \u2013 UMECIT \u2013 CONAPRED Joint Forum: \u201cThe Link between Suicide, Alcohol Consumption and Other Drugs\u201d"},"content":{"rendered":"<div data-elementor-type=\"wp-post\" data-elementor-id=\"97660\" class=\"elementor elementor-97660\" data-elementor-post-type=\"post\">\n\t\t\t\t\t\t<section class=\"elementor-section elementor-top-section elementor-element elementor-element-28101e17 elementor-section-boxed elementor-section-height-default elementor-section-height-default row-top\" data-id=\"28101e17\" data-element_type=\"section\" data-e-type=\"section\">\n\t\t\t\t\t\t<div class=\"elementor-container elementor-column-gap-default\">\n\t\t\t\t\t<div class=\"elementor-column elementor-col-100 elementor-top-column elementor-element elementor-element-2144d551 column-style-top\" data-id=\"2144d551\" data-element_type=\"column\" data-e-type=\"column\">\n\t\t\t<div class=\"elementor-widget-wrap elementor-element-populated\">\n\t\t\t\t\t\t<div class=\"elementor-element elementor-element-d5e8249 elementor-widget elementor-widget-text-editor\" data-id=\"d5e8249\" data-element_type=\"widget\" data-e-type=\"widget\" data-widget_type=\"text-editor.default\">\n\t\t\t\t<div class=\"elementor-widget-container\">\n\t\t\t\t\t\t\t\t\t<p>Last Friday, October 20, at the UMECIT headquarters in Panama, an important forum titled &quot;Suicide and its Relationship with the Consumption of Alcohol and Other Drugs&quot; was held. The central objective was to raise awareness in the academic community of the National Drug Network (RENADRO) about the complex connection between suicide and substance use, especially among young people and adolescents.<\/p><p>This outstanding event had the participation of notable experts, such as Lic. Jissell Maitin, Executive Secretary of CONAPRED, Dr. Ileana Brea, PAHO International Consultant, Dr. Nadja Irina Porcell, Coordinator of the National Drug Observatory in Panama, the Dr. Gressy Zu\u00f1iga, UMECIT liaison in the OPADRO academic chapter, and Dr. Teresa de Irving, UMECIT Extension Director.<\/p><p>Dr. Jos\u00e9 A. Nieto Rojas, rector of UMECIT, stressed the importance of implementing effective strategies to prevent suicide and drug use within the university community in his opening remarks.<\/p><p>The outstanding presentations included the renowned Panamanian psychiatrist, Jos\u00e9 Calder\u00f3n Artiera, delving into the topic &quot;Suicide and its Determinants&quot;, and Dr. Ileana Brea, who presented the suicide prevention guide for teachers provided by PAHO. From Mexico, Dr. Jorgue Villatoro and his UNAM research team presented crucial results from a study on the correlation between suicidal ideation and substance abuse in the student population.<\/p><p>They also presented a practical training guide for treating teachers in situations where students may be dealing with depression or drug use, providing tools to identify signs and address these problems effectively.<\/p><p>The forum achieved active participation from students and teachers, emphasizing the importance of education and awareness around these crucial issues in the academic community.<\/p>\t\t\t\t\t\t\t\t<\/div>\n\t\t\t\t<\/div>\n\t\t\t\t\t<\/div>\n\t\t<\/div>\n\t\t\t\t\t<\/div>\n\t\t<\/section>\n\t\t\t\t<section class=\"elementor-section elementor-top-section elementor-element elementor-element-03c0f28 elementor-section-boxed elementor-section-height-default elementor-section-height-default row-top\" data-id=\"03c0f28\" data-element_type=\"section\" data-e-type=\"section\">\n\t\t\t\t\t\t<div class=\"elementor-container elementor-column-gap-default\">\n\t\t\t\t\t<div class=\"elementor-column elementor-col-100 elementor-top-column elementor-element elementor-element-dbc45cf column-style-top\" data-id=\"dbc45cf\" data-element_type=\"column\" data-e-type=\"column\">\n\t\t\t<div class=\"elementor-widget-wrap elementor-element-populated\">\n\t\t\t\t\t\t<div class=\"elementor-element elementor-element-191e392 elementor-arrows-position-inside elementor-pagination-position-outside elementor-widget elementor-widget-image-carousel\" data-id=\"191e392\" data-element_type=\"widget\" data-e-type=\"widget\" data-settings=\"{&quot;slides_to_show&quot;:&quot;1&quot;,&quot;navigation&quot;:&quot;both&quot;,&quot;autoplay&quot;:&quot;yes&quot;,&quot;pause_on_hover&quot;:&quot;yes&quot;,&quot;pause_on_interaction&quot;:&quot;yes&quot;,&quot;autoplay_speed&quot;:5000,&quot;infinite&quot;:&quot;yes&quot;,&quot;effect&quot;:&quot;slide&quot;,&quot;speed&quot;:500}\" data-widget_type=\"image-carousel.default\">\n\t\t\t\t<div class=\"elementor-widget-container\">\n\t\t\t\t\t\t\t<div class=\"elementor-image-carousel-wrapper swiper\" role=\"region\" aria-roledescription=\"carousel\" aria-label=\"Carousel of images\" dir=\"ltr\">\n\t\t\t<div class=\"elementor-image-carousel swiper-wrapper\" aria-live=\"off\">\n\t\t\t\t\t\t\t\t<div class=\"swiper-slide\" role=\"group\" aria-roledescription=\"slide\" aria-label=\"1 of 4\"><figure class=\"swiper-slide-inner\"><img decoding=\"async\" class=\"swiper-slide-image\" src=\"https:\/\/umecit.edu.pa\/wp-content\/uploads\/2023\/10\/2-1.jpg\" alt=\"Foro-Conjunto-OPS-UMECIT-CONAPRED\" \/><\/figure><\/div><div class=\"swiper-slide\" role=\"group\" aria-roledescription=\"slide\" aria-label=\"2 of 4\"><figure class=\"swiper-slide-inner\"><img decoding=\"async\" class=\"swiper-slide-image\" src=\"https:\/\/umecit.edu.pa\/wp-content\/uploads\/2023\/10\/3-2.jpg\" alt=\"Foro-Conjunto-OPS-UMECIT-CONAPRED\" \/><\/figure><\/div><div class=\"swiper-slide\" role=\"group\" aria-roledescription=\"slide\" aria-label=\"3 of 4\"><figure class=\"swiper-slide-inner\"><img decoding=\"async\" class=\"swiper-slide-image\" src=\"https:\/\/umecit.edu.pa\/wp-content\/uploads\/2023\/10\/4-2.jpg\" alt=\"Foro-Conjunto-OPS-UMECIT-CONAPRED\" \/><\/figure><\/div><div class=\"swiper-slide\" role=\"group\" aria-roledescription=\"slide\" aria-label=\"4 of 4\"><figure class=\"swiper-slide-inner\"><img decoding=\"async\" class=\"swiper-slide-image\" src=\"https:\/\/umecit.edu.pa\/wp-content\/uploads\/2023\/10\/1.jpg\" alt=\"Foro-Conjunto-OPS-UMECIT-CONAPRED\" \/><\/figure><\/div>\t\t\t<\/div>\n\t\t\t\t\t\t\t\t\t\t\t\t<div class=\"elementor-swiper-button elementor-swiper-button-prev\" role=\"button\" tabindex=\"0\">\n\t\t\t\t\t\t<i aria-hidden=\"true\" class=\"eicon-chevron-left\"><\/i>\t\t\t\t\t<\/div>\n\t\t\t\t\t<div class=\"elementor-swiper-button elementor-swiper-button-next\" role=\"button\" tabindex=\"0\">\n\t\t\t\t\t\t<i aria-hidden=\"true\" class=\"eicon-chevron-right\"><\/i>\t\t\t\t\t<\/div>\n\t\t\t\t\n\t\t\t\t\t\t\t\t\t<div class=\"swiper-pagination\"><\/div>\n\t\t\t\t\t\t\t\t\t<\/div>\n\t\t\t\t\t\t<\/div>\n\t\t\t\t<\/div>\n\t\t\t\t\t<\/div>\n\t\t<\/div>\n\t\t\t\t\t<\/div>\n\t\t<\/section>\n\t\t\t\t<\/div>","protected":false},"excerpt":{"rendered":"<p>The Metropolitan University of Education, Science and Technology -UMECIT- delivered the Adjusted Institutional Improvement Plan<\/p>","protected":false},"author":695,"featured_media":97661,"comment_status":"closed","ping_status":"closed","sticky":false,"template":"","format":"standard","meta":{"footnotes":""},"categories":[71,73,67,109,236,174],"tags":[115,151,231],"class_list":["post-97660","post","type-post","status-publish","format-standard","has-post-thumbnail","hentry","category-convenios","category-educacion","category-eventos","category-noticias","category-reacreditacion-por-fisioterapia","category-universidad","tag-educacion","tag-noticias","tag-umecit"],"yoast_head":"<!-- This site is optimized with the Yoast SEO plugin v27.1.1 - https:\/\/yoast.com\/product\/yoast-seo-wordpress\/ -->\n<title>Foro Conjunto OPS - UMECIT - CONAPRED: &quot;El V\u00ednculo entre el Suicidio, el Consumo de Alcohol y otras Drogas&quot;<\/title>\n<meta name=\"description\" content=\"El pasado viernes, 20 de octubre, en la sede de UMECIT en Panam\u00e1, se llev\u00f3 a cabo un importante foro titulado &quot;El Suicidio y su Relaci\u00f3n con el Consumo de Alcohol y Otras Drogas&quot;. El objetivo central fue concienciar a la comunidad acad\u00e9mica de la Red Nacional sobre Droga (RENADRO) acerca de la compleja conexi\u00f3n entre el suicidio y el consumo de sustancias, especialmente entre j\u00f3venes y adolescentes.\" \/>\n<meta name=\"robots\" content=\"index, follow, max-snippet:-1, max-image-preview:large, max-video-preview:-1\" \/>\n<link rel=\"canonical\" href=\"https:\/\/umecit.edu.pa\/en\/foro-conjunto-ops-umecit-conapred\/\" \/>\n<meta property=\"og:locale\" content=\"en_US\" \/>\n<meta property=\"og:type\" content=\"article\" \/>\n<meta property=\"og:title\" content=\"Foro Conjunto OPS - UMECIT - CONAPRED: &quot;El V\u00ednculo entre el Suicidio, el Consumo de Alcohol y otras Drogas&quot;\" \/>\n<meta property=\"og:description\" content=\"El pasado viernes, 20 de octubre, en la sede de UMECIT en Panam\u00e1, se llev\u00f3 a cabo un importante foro titulado &quot;El Suicidio y su Relaci\u00f3n con el Consumo de Alcohol y Otras Drogas&quot;. El objetivo central fue concienciar a la comunidad acad\u00e9mica de la Red Nacional sobre Droga (RENADRO) acerca de la compleja conexi\u00f3n entre el suicidio y el consumo de sustancias, especialmente entre j\u00f3venes y adolescentes.\" \/>\n<meta property=\"og:url\" content=\"https:\/\/umecit.edu.pa\/en\/foro-conjunto-ops-umecit-conapred\/\" \/>\n<meta property=\"og:site_name\" content=\"Umecit - Universidad en Panam\u00e1\" \/>\n<meta property=\"article:publisher\" content=\"https:\/\/www.facebook.com\/umecitpanama\/\" \/>\n<meta property=\"article:published_time\" content=\"2023-10-23T23:55:33+00:00\" \/>\n<meta property=\"article:modified_time\" content=\"2023-11-07T16:47:36+00:00\" \/>\n<meta property=\"og:image\" content=\"https:\/\/umecit.edu.pa\/wp-content\/uploads\/2023\/10\/FONDOS-4.jpg\" \/>\n\t<meta property=\"og:image:width\" content=\"1920\" \/>\n\t<meta property=\"og:image:height\" content=\"720\" \/>\n\t<meta property=\"og:image:type\" content=\"image\/jpeg\" \/>\n<meta name=\"author\" content=\"mercadeo umecit\" \/>\n<meta name=\"twitter:card\" content=\"summary_large_image\" \/>\n<meta name=\"twitter:creator\" content=\"@umecitpanama\" \/>\n<meta name=\"twitter:site\" content=\"@umecitpanama\" \/>\n<meta name=\"twitter:label1\" content=\"Written by\" \/>\n\t<meta name=\"twitter:data1\" content=\"mercadeo umecit\" \/>\n\t<meta name=\"twitter:label2\" content=\"Est. reading time\" \/>\n\t<meta name=\"twitter:data2\" content=\"3 minutes\" \/>\n<script type=\"application\/ld+json\" class=\"yoast-schema-graph\">{\"@context\":\"https:\/\/schema.org\",\"@graph\":[{\"@type\":\"Article\",\"@id\":\"https:\/\/umecit.edu.pa\/en\/foro-conjunto-ops-umecit-conapred\/#article\",\"isPartOf\":{\"@id\":\"https:\/\/umecit.edu.pa\/en\/foro-conjunto-ops-umecit-conapred\/\"},\"author\":{\"name\":\"mercadeo umecit\",\"@id\":\"https:\/\/Umecit.edu.pa\/#\/schema\/person\/b2c0d29c839513d3464f9c9e1f3e6f69\"},\"headline\":\"Foro Conjunto OPS &#8211; UMECIT &#8211; CONAPRED: \u00abEl V\u00ednculo entre el Suicidio, el Consumo de Alcohol y otras Drogas\u00bb\",\"datePublished\":\"2023-10-23T23:55:33+00:00\",\"dateModified\":\"2023-11-07T16:47:36+00:00\",\"mainEntityOfPage\":{\"@id\":\"https:\/\/umecit.edu.pa\/en\/foro-conjunto-ops-umecit-conapred\/\"},\"wordCount\":358,\"publisher\":{\"@id\":\"https:\/\/Umecit.edu.pa\/#organization\"},\"image\":{\"@id\":\"https:\/\/umecit.edu.pa\/en\/foro-conjunto-ops-umecit-conapred\/#primaryimage\"},\"thumbnailUrl\":\"https:\/\/umecit.edu.pa\/wp-content\/uploads\/2023\/10\/FONDOS-4.jpg\",\"keywords\":[\"Educaci\u00f3n\",\"Noticias\",\"UMECIT\"],\"articleSection\":[\"Convenios\",\"Educaci\u00f3n\",\"Eventos\",\"Noticias\",\"Reacreditaci\u00f3n por Fisioterapia\",\"Universidad\"],\"inLanguage\":\"en-US\"},{\"@type\":\"WebPage\",\"@id\":\"https:\/\/umecit.edu.pa\/en\/foro-conjunto-ops-umecit-conapred\/\",\"url\":\"https:\/\/umecit.edu.pa\/en\/foro-conjunto-ops-umecit-conapred\/\",\"name\":\"Foro Conjunto OPS - UMECIT - CONAPRED: \\\"El V\u00ednculo entre el Suicidio, el Consumo de Alcohol y otras Drogas\\\"\",\"isPartOf\":{\"@id\":\"https:\/\/Umecit.edu.pa\/#website\"},\"primaryImageOfPage\":{\"@id\":\"https:\/\/umecit.edu.pa\/en\/foro-conjunto-ops-umecit-conapred\/#primaryimage\"},\"image\":{\"@id\":\"https:\/\/umecit.edu.pa\/en\/foro-conjunto-ops-umecit-conapred\/#primaryimage\"},\"thumbnailUrl\":\"https:\/\/umecit.edu.pa\/wp-content\/uploads\/2023\/10\/FONDOS-4.jpg\",\"datePublished\":\"2023-10-23T23:55:33+00:00\",\"dateModified\":\"2023-11-07T16:47:36+00:00\",\"description\":\"El pasado viernes, 20 de octubre, en la sede de UMECIT en Panam\u00e1, se llev\u00f3 a cabo un importante foro titulado \\\"El Suicidio y su Relaci\u00f3n con el Consumo de Alcohol y Otras Drogas\\\". El objetivo central fue concienciar a la comunidad acad\u00e9mica de la Red Nacional sobre Droga (RENADRO) acerca de la compleja conexi\u00f3n entre el suicidio y el consumo de sustancias, especialmente entre j\u00f3venes y adolescentes.\",\"breadcrumb\":{\"@id\":\"https:\/\/umecit.edu.pa\/en\/foro-conjunto-ops-umecit-conapred\/#breadcrumb\"},\"inLanguage\":\"en-US\",\"potentialAction\":[{\"@type\":\"ReadAction\",\"target\":[\"https:\/\/umecit.edu.pa\/en\/foro-conjunto-ops-umecit-conapred\/\"]}]},{\"@type\":\"ImageObject\",\"inLanguage\":\"en-US\",\"@id\":\"https:\/\/umecit.edu.pa\/en\/foro-conjunto-ops-umecit-conapred\/#primaryimage\",\"url\":\"https:\/\/umecit.edu.pa\/wp-content\/uploads\/2023\/10\/FONDOS-4.jpg\",\"contentUrl\":\"https:\/\/umecit.edu.pa\/wp-content\/uploads\/2023\/10\/FONDOS-4.jpg\",\"width\":1920,\"height\":720,\"caption\":\"Foro-Conjunto-OPS-UMECIT-CONAPRED\"},{\"@type\":\"BreadcrumbList\",\"@id\":\"https:\/\/umecit.edu.pa\/en\/foro-conjunto-ops-umecit-conapred\/#breadcrumb\",\"itemListElement\":[{\"@type\":\"ListItem\",\"position\":1,\"name\":\"Portada\",\"item\":\"https:\/\/Umecit.edu.pa\/\"},{\"@type\":\"ListItem\",\"position\":2,\"name\":\"Foro Conjunto OPS &#8211; UMECIT &#8211; CONAPRED: \u00abEl V\u00ednculo entre el Suicidio, el Consumo de Alcohol y otras Drogas\u00bb\"}]},{\"@type\":\"WebSite\",\"@id\":\"https:\/\/Umecit.edu.pa\/#website\",\"url\":\"https:\/\/Umecit.edu.pa\/\",\"name\":\"Umecit - Universidad en Panam\u00e1\",\"description\":\"Universidad Metropolitana de Educaci\u00f3n, Ciencia y Tecnolog\u00eda\",\"publisher\":{\"@id\":\"https:\/\/Umecit.edu.pa\/#organization\"},\"potentialAction\":[{\"@type\":\"SearchAction\",\"target\":{\"@type\":\"EntryPoint\",\"urlTemplate\":\"https:\/\/Umecit.edu.pa\/?s={search_term_string}\"},\"query-input\":{\"@type\":\"PropertyValueSpecification\",\"valueRequired\":true,\"valueName\":\"search_term_string\"}}],\"inLanguage\":\"en-US\"},{\"@type\":\"Organization\",\"@id\":\"https:\/\/Umecit.edu.pa\/#organization\",\"name\":\"Umecit - Universidad en Panam\u00e1\",\"url\":\"https:\/\/Umecit.edu.pa\/\",\"logo\":{\"@type\":\"ImageObject\",\"inLanguage\":\"en-US\",\"@id\":\"https:\/\/Umecit.edu.pa\/#\/schema\/logo\/image\/\",\"url\":\"https:\/\/umecit.edu.pa\/wp-content\/uploads\/2022\/06\/panama-7.jpg\",\"contentUrl\":\"https:\/\/umecit.edu.pa\/wp-content\/uploads\/2022\/06\/panama-7.jpg\",\"width\":1200,\"height\":800,\"caption\":\"Umecit - Universidad en Panam\u00e1\"},\"image\":{\"@id\":\"https:\/\/Umecit.edu.pa\/#\/schema\/logo\/image\/\"},\"sameAs\":[\"https:\/\/www.facebook.com\/umecitpanama\/\",\"https:\/\/x.com\/umecitpanama\",\"https:\/\/www.tiktok.com\/@umecit\",\"https:\/\/www.instagram.com\/umecit\/\",\"https:\/\/www.youtube.com\/channel\/UCP9iXFXi4p_EW_p9p6lprhg\"]},{\"@type\":\"Person\",\"@id\":\"https:\/\/Umecit.edu.pa\/#\/schema\/person\/b2c0d29c839513d3464f9c9e1f3e6f69\",\"name\":\"mercadeo umecit\",\"image\":{\"@type\":\"ImageObject\",\"inLanguage\":\"en-US\",\"@id\":\"https:\/\/Umecit.edu.pa\/#\/schema\/person\/image\/\",\"url\":\"https:\/\/secure.gravatar.com\/avatar\/4bd79a51f57922b8709c7f62c99ce71611fc5526021ce2d15534b9ae452e6a1c?s=96&d=mm&r=g\",\"contentUrl\":\"https:\/\/secure.gravatar.com\/avatar\/4bd79a51f57922b8709c7f62c99ce71611fc5526021ce2d15534b9ae452e6a1c?s=96&d=mm&r=g\",\"caption\":\"mercadeo umecit\"},\"url\":\"https:\/\/umecit.edu.pa\/en\/author\/mercadeo\/\"}]}<\/script>\n<!-- \/ Yoast SEO plugin. -->","yoast_head_json":{"title":"Joint Forum PAHO - UMECIT - CONAPRED: &quot;The Link between Suicide, the Consumption of Alcohol and other Drugs&quot;","description":"Last Friday, October 20th, at the UMECIT headquarters in Panama, an important forum entitled &quot;Suicide and its Relationship with Alcohol and Other Drug Use&quot; was held. The main objective was to raise awareness among the academic community of the National Drug Network (RENADRO) about the complex connection between suicide and substance use, especially among young people and adolescents.","robots":{"index":"index","follow":"follow","max-snippet":"max-snippet:-1","max-image-preview":"max-image-preview:large","max-video-preview":"max-video-preview:-1"},"canonical":"https:\/\/umecit.edu.pa\/en\/foro-conjunto-ops-umecit-conapred\/","og_locale":"en_US","og_type":"article","og_title":"Foro Conjunto OPS - UMECIT - CONAPRED: \"El V\u00ednculo entre el Suicidio, el Consumo de Alcohol y otras Drogas\"","og_description":"El pasado viernes, 20 de octubre, en la sede de UMECIT en Panam\u00e1, se llev\u00f3 a cabo un importante foro titulado \"El Suicidio y su Relaci\u00f3n con el Consumo de Alcohol y Otras Drogas\". El objetivo central fue concienciar a la comunidad acad\u00e9mica de la Red Nacional sobre Droga (RENADRO) acerca de la compleja conexi\u00f3n entre el suicidio y el consumo de sustancias, especialmente entre j\u00f3venes y adolescentes.","og_url":"https:\/\/umecit.edu.pa\/en\/foro-conjunto-ops-umecit-conapred\/","og_site_name":"Umecit - Universidad en Panam\u00e1","article_publisher":"https:\/\/www.facebook.com\/umecitpanama\/","article_published_time":"2023-10-23T23:55:33+00:00","article_modified_time":"2023-11-07T16:47:36+00:00","og_image":[{"width":1920,"height":720,"url":"https:\/\/umecit.edu.pa\/wp-content\/uploads\/2023\/10\/FONDOS-4.jpg","type":"image\/jpeg"}],"author":"mercadeo umecit","twitter_card":"summary_large_image","twitter_creator":"@umecitpanama","twitter_site":"@umecitpanama","twitter_misc":{"Written by":"mercadeo umecit","Est. reading time":"3 minutes"},"schema":{"@context":"https:\/\/schema.org","@graph":[{"@type":"Article","@id":"https:\/\/umecit.edu.pa\/en\/foro-conjunto-ops-umecit-conapred\/#article","isPartOf":{"@id":"https:\/\/umecit.edu.pa\/en\/foro-conjunto-ops-umecit-conapred\/"},"author":{"name":"mercadeo umecit","@id":"https:\/\/Umecit.edu.pa\/#\/schema\/person\/b2c0d29c839513d3464f9c9e1f3e6f69"},"headline":"Foro Conjunto OPS &#8211; UMECIT &#8211; CONAPRED: \u00abEl V\u00ednculo entre el Suicidio, el Consumo de Alcohol y otras Drogas\u00bb","datePublished":"2023-10-23T23:55:33+00:00","dateModified":"2023-11-07T16:47:36+00:00","mainEntityOfPage":{"@id":"https:\/\/umecit.edu.pa\/en\/foro-conjunto-ops-umecit-conapred\/"},"wordCount":358,"publisher":{"@id":"https:\/\/Umecit.edu.pa\/#organization"},"image":{"@id":"https:\/\/umecit.edu.pa\/en\/foro-conjunto-ops-umecit-conapred\/#primaryimage"},"thumbnailUrl":"https:\/\/umecit.edu.pa\/wp-content\/uploads\/2023\/10\/FONDOS-4.jpg","keywords":["Educaci\u00f3n","Noticias","UMECIT"],"articleSection":["Convenios","Educaci\u00f3n","Eventos","Noticias","Reacreditaci\u00f3n por Fisioterapia","Universidad"],"inLanguage":"en-US"},{"@type":"WebPage","@id":"https:\/\/umecit.edu.pa\/en\/foro-conjunto-ops-umecit-conapred\/","url":"https:\/\/umecit.edu.pa\/en\/foro-conjunto-ops-umecit-conapred\/","name":"Joint Forum PAHO - UMECIT - CONAPRED: &quot;The Link between Suicide, the Consumption of Alcohol and other Drugs&quot;","isPartOf":{"@id":"https:\/\/Umecit.edu.pa\/#website"},"primaryImageOfPage":{"@id":"https:\/\/umecit.edu.pa\/en\/foro-conjunto-ops-umecit-conapred\/#primaryimage"},"image":{"@id":"https:\/\/umecit.edu.pa\/en\/foro-conjunto-ops-umecit-conapred\/#primaryimage"},"thumbnailUrl":"https:\/\/umecit.edu.pa\/wp-content\/uploads\/2023\/10\/FONDOS-4.jpg","datePublished":"2023-10-23T23:55:33+00:00","dateModified":"2023-11-07T16:47:36+00:00","description":"Last Friday, October 20th, at the UMECIT headquarters in Panama, an important forum entitled &quot;Suicide and its Relationship with Alcohol and Other Drug Use&quot; was held. The main objective was to raise awareness among the academic community of the National Drug Network (RENADRO) about the complex connection between suicide and substance use, especially among young people and adolescents.","breadcrumb":{"@id":"https:\/\/umecit.edu.pa\/en\/foro-conjunto-ops-umecit-conapred\/#breadcrumb"},"inLanguage":"en-US","potentialAction":[{"@type":"ReadAction","target":["https:\/\/umecit.edu.pa\/en\/foro-conjunto-ops-umecit-conapred\/"]}]},{"@type":"ImageObject","inLanguage":"en-US","@id":"https:\/\/umecit.edu.pa\/en\/foro-conjunto-ops-umecit-conapred\/#primaryimage","url":"https:\/\/umecit.edu.pa\/wp-content\/uploads\/2023\/10\/FONDOS-4.jpg","contentUrl":"https:\/\/umecit.edu.pa\/wp-content\/uploads\/2023\/10\/FONDOS-4.jpg","width":1920,"height":720,"caption":"Foro-Conjunto-OPS-UMECIT-CONAPRED"},{"@type":"BreadcrumbList","@id":"https:\/\/umecit.edu.pa\/en\/foro-conjunto-ops-umecit-conapred\/#breadcrumb","itemListElement":[{"@type":"ListItem","position":1,"name":"Portada","item":"https:\/\/Umecit.edu.pa\/"},{"@type":"ListItem","position":2,"name":"Foro Conjunto OPS &#8211; UMECIT &#8211; CONAPRED: \u00abEl V\u00ednculo entre el Suicidio, el Consumo de Alcohol y otras Drogas\u00bb"}]},{"@type":"WebSite","@id":"https:\/\/Umecit.edu.pa\/#website","url":"https:\/\/Umecit.edu.pa\/","name":"Umecit - University in Panama","description":"Metropolitan University of Education, Science and Technology","publisher":{"@id":"https:\/\/Umecit.edu.pa\/#organization"},"potentialAction":[{"@type":"SearchAction","target":{"@type":"EntryPoint","urlTemplate":"https:\/\/Umecit.edu.pa\/?s={search_term_string}"},"query-input":{"@type":"PropertyValueSpecification","valueRequired":true,"valueName":"search_term_string"}}],"inLanguage":"en-US"},{"@type":"Organization","@id":"https:\/\/Umecit.edu.pa\/#organization","name":"Umecit - University in Panama","url":"https:\/\/Umecit.edu.pa\/","logo":{"@type":"ImageObject","inLanguage":"en-US","@id":"https:\/\/Umecit.edu.pa\/#\/schema\/logo\/image\/","url":"https:\/\/umecit.edu.pa\/wp-content\/uploads\/2022\/06\/panama-7.jpg","contentUrl":"https:\/\/umecit.edu.pa\/wp-content\/uploads\/2022\/06\/panama-7.jpg","width":1200,"height":800,"caption":"Umecit - Universidad en Panam\u00e1"},"image":{"@id":"https:\/\/Umecit.edu.pa\/#\/schema\/logo\/image\/"},"sameAs":["https:\/\/www.facebook.com\/umecitpanama\/","https:\/\/x.com\/umecitpanama","https:\/\/www.tiktok.com\/@umecit","https:\/\/www.instagram.com\/umecit\/","https:\/\/www.youtube.com\/channel\/UCP9iXFXi4p_EW_p9p6lprhg"]},{"@type":"Person","@id":"https:\/\/Umecit.edu.pa\/#\/schema\/person\/b2c0d29c839513d3464f9c9e1f3e6f69","name":"umecit marketing","image":{"@type":"ImageObject","inLanguage":"en-US","@id":"https:\/\/Umecit.edu.pa\/#\/schema\/person\/image\/","url":"https:\/\/secure.gravatar.com\/avatar\/4bd79a51f57922b8709c7f62c99ce71611fc5526021ce2d15534b9ae452e6a1c?s=96&d=mm&r=g","contentUrl":"https:\/\/secure.gravatar.com\/avatar\/4bd79a51f57922b8709c7f62c99ce71611fc5526021ce2d15534b9ae452e6a1c?s=96&d=mm&r=g","caption":"mercadeo umecit"},"url":"https:\/\/umecit.edu.pa\/en\/author\/mercadeo\/"}]}},"_links":{"self":[{"href":"https:\/\/umecit.edu.pa\/en\/wp-json\/wp\/v2\/posts\/97660","targetHints":{"allow":["GET"]}}],"collection":[{"href":"https:\/\/umecit.edu.pa\/en\/wp-json\/wp\/v2\/posts"}],"about":[{"href":"https:\/\/umecit.edu.pa\/en\/wp-json\/wp\/v2\/types\/post"}],"author":[{"embeddable":true,"href":"https:\/\/umecit.edu.pa\/en\/wp-json\/wp\/v2\/users\/695"}],"replies":[{"embeddable":true,"href":"https:\/\/umecit.edu.pa\/en\/wp-json\/wp\/v2\/comments?post=97660"}],"version-history":[{"count":0,"href":"https:\/\/umecit.edu.pa\/en\/wp-json\/wp\/v2\/posts\/97660\/revisions"}],"wp:featuredmedia":[{"embeddable":true,"href":"https:\/\/umecit.edu.pa\/en\/wp-json\/wp\/v2\/media\/97661"}],"wp:attachment":[{"href":"https:\/\/umecit.edu.pa\/en\/wp-json\/wp\/v2\/media?parent=97660"}],"wp:term":[{"taxonomy":"category","embeddable":true,"href":"https:\/\/umecit.edu.pa\/en\/wp-json\/wp\/v2\/categories?post=97660"},{"taxonomy":"post_tag","embeddable":true,"href":"https:\/\/umecit.edu.pa\/en\/wp-json\/wp\/v2\/tags?post=97660"}],"curies":[{"name":"wp","href":"https:\/\/api.w.org\/{rel}","templated":true}]}}