{"id":68836,"date":"2023-05-05T11:39:08","date_gmt":"2023-05-05T16:39:08","guid":{"rendered":"https:\/\/umecit.edu.pa\/?p=68836"},"modified":"2024-06-27T13:28:38","modified_gmt":"2024-06-27T18:28:38","slug":"foro-academico-sobre-tecnicas-de-evaluacion-en-fisioterapia__trashed","status":"publish","type":"post","link":"https:\/\/umecit.edu.pa\/en\/foro-academico-sobre-tecnicas-de-evaluacion-en-fisioterapia__trashed\/","title":{"rendered":"Academic Forum on Evaluation Techniques in Physiotherapy"},"content":{"rendered":"<div data-elementor-type=\"wp-post\" data-elementor-id=\"68836\" class=\"elementor elementor-68836\" data-elementor-post-type=\"post\">\n\t\t\t\t\t\t<section class=\"elementor-section elementor-top-section elementor-element elementor-element-28101e17 elementor-section-boxed elementor-section-height-default elementor-section-height-default row-top\" data-id=\"28101e17\" data-element_type=\"section\" data-e-type=\"section\">\n\t\t\t\t\t\t<div class=\"elementor-container elementor-column-gap-default\">\n\t\t\t\t\t<div class=\"elementor-column elementor-col-100 elementor-top-column elementor-element elementor-element-2144d551 column-style-top\" data-id=\"2144d551\" data-element_type=\"column\" data-e-type=\"column\">\n\t\t\t<div class=\"elementor-widget-wrap elementor-element-populated\">\n\t\t\t\t\t\t<div class=\"elementor-element elementor-element-d5e8249 elementor-widget elementor-widget-text-editor\" data-id=\"d5e8249\" data-element_type=\"widget\" data-e-type=\"widget\" data-widget_type=\"text-editor.default\">\n\t\t\t\t<div class=\"elementor-widget-container\">\n\t\t\t\t\t\t\t\t\t<p>The Academic Forum on Evaluation Techniques in Physiotherapy, held in the Conference Room of the Founders Headquarters on May 4, was attended by Edgar Arosemena and Kevin Villarreal as guest speakers, and by student Robi R\u00edos as student representative.<\/p><p>During the event, the importance of theoretical and practical knowledge of assessment techniques to carry out objective examinations and approaches, in order to properly understand and diagnose patients' needs, was highlighted.<\/p><p>In addition, the need to develop a specific treatment plan for each case was highlighted. This forum was an excellent opportunity for the students and collaborators of the University to deepen in this fundamental topic in physiotherapy.<\/p><p>It is important to highlight that the forum had a high participation and generated an enriching space for the exchange of ideas and experiences. We thank the invited speakers for sharing their knowledge and experiences in the area of physiotherapy and the students and collaborators who participated in the event.<\/p><p>We look forward to continuing to organize academic activities that promote learning and development.<\/p>\t\t\t\t\t\t\t\t<\/div>\n\t\t\t\t<\/div>\n\t\t\t\t\t<\/div>\n\t\t<\/div>\n\t\t\t\t\t<\/div>\n\t\t<\/section>\n\t\t\t\t<section class=\"elementor-section elementor-top-section elementor-element elementor-element-a338763 elementor-section-boxed elementor-section-height-default elementor-section-height-default row-top\" data-id=\"a338763\" data-element_type=\"section\" data-e-type=\"section\">\n\t\t\t\t\t\t<div class=\"elementor-container elementor-column-gap-default\">\n\t\t\t\t\t<div class=\"elementor-column elementor-col-100 elementor-top-column elementor-element elementor-element-e1dc6f6 column-style-top\" data-id=\"e1dc6f6\" data-element_type=\"column\" data-e-type=\"column\">\n\t\t\t<div class=\"elementor-widget-wrap elementor-element-populated\">\n\t\t\t\t\t\t<div class=\"elementor-element elementor-element-33c84f0 elementor-arrows-position-inside elementor-pagination-position-outside elementor-widget elementor-widget-image-carousel\" data-id=\"33c84f0\" data-element_type=\"widget\" data-e-type=\"widget\" data-settings=\"{&quot;slides_to_show&quot;:&quot;1&quot;,&quot;navigation&quot;:&quot;both&quot;,&quot;autoplay&quot;:&quot;yes&quot;,&quot;pause_on_hover&quot;:&quot;yes&quot;,&quot;pause_on_interaction&quot;:&quot;yes&quot;,&quot;autoplay_speed&quot;:5000,&quot;infinite&quot;:&quot;yes&quot;,&quot;effect&quot;:&quot;slide&quot;,&quot;speed&quot;:500}\" data-widget_type=\"image-carousel.default\">\n\t\t\t\t<div class=\"elementor-widget-container\">\n\t\t\t\t\t\t\t<div class=\"elementor-image-carousel-wrapper swiper\" role=\"region\" aria-roledescription=\"carousel\" aria-label=\"Image Carousel\" dir=\"ltr\">\n\t\t\t<div class=\"elementor-image-carousel swiper-wrapper\" aria-live=\"off\">\n\t\t\t\t\t\t\t\t<div class=\"swiper-slide\" role=\"group\" aria-roledescription=\"slide\" aria-label=\"1 of 4\" data-no-translation-aria-label=\"\"><figure class=\"swiper-slide-inner\"><img decoding=\"async\" class=\"swiper-slide-image\" src=\"https:\/\/mail.umecit.edu.pa\/wp-content\/uploads\/2023\/11\/MG_9531-scaled.jpg\" alt=\"Foro Acad\u00e9mico sobre T\u00e9cnicas de Evaluaci\u00f3n en Fisioterapia\" \/><\/figure><\/div><div class=\"swiper-slide\" role=\"group\" aria-roledescription=\"slide\" aria-label=\"2 of 4\" data-no-translation-aria-label=\"\"><figure class=\"swiper-slide-inner\"><img decoding=\"async\" class=\"swiper-slide-image\" src=\"https:\/\/mail.umecit.edu.pa\/wp-content\/uploads\/2023\/11\/MG_9517-scaled.jpg\" alt=\"Foro Acad\u00e9mico sobre T\u00e9cnicas de Evaluaci\u00f3n en Fisioterapia\" \/><\/figure><\/div><div class=\"swiper-slide\" role=\"group\" aria-roledescription=\"slide\" aria-label=\"3 of 4\" data-no-translation-aria-label=\"\"><figure class=\"swiper-slide-inner\"><img decoding=\"async\" class=\"swiper-slide-image\" src=\"https:\/\/mail.umecit.edu.pa\/wp-content\/uploads\/2023\/11\/MG_9521-scaled.jpg\" alt=\"Foro Acad\u00e9mico sobre T\u00e9cnicas de Evaluaci\u00f3n en Fisioterapia\" \/><\/figure><\/div><div class=\"swiper-slide\" role=\"group\" aria-roledescription=\"slide\" aria-label=\"4 of 4\" data-no-translation-aria-label=\"\"><figure class=\"swiper-slide-inner\"><img decoding=\"async\" class=\"swiper-slide-image\" src=\"https:\/\/mail.umecit.edu.pa\/wp-content\/uploads\/2023\/11\/MG_9514-scaled.jpg\" alt=\"Foro Acad\u00e9mico sobre T\u00e9cnicas de Evaluaci\u00f3n en Fisioterapia\" \/><\/figure><\/div>\t\t\t<\/div>\n\t\t\t\t\t\t\t\t\t\t\t\t<div class=\"elementor-swiper-button elementor-swiper-button-prev\" role=\"button\" tabindex=\"0\">\n\t\t\t\t\t\t<i aria-hidden=\"true\" class=\"eicon-chevron-left\"><\/i>\t\t\t\t\t<\/div>\n\t\t\t\t\t<div class=\"elementor-swiper-button elementor-swiper-button-next\" role=\"button\" tabindex=\"0\">\n\t\t\t\t\t\t<i aria-hidden=\"true\" class=\"eicon-chevron-right\"><\/i>\t\t\t\t\t<\/div>\n\t\t\t\t\n\t\t\t\t\t\t\t\t\t<div class=\"swiper-pagination\"><\/div>\n\t\t\t\t\t\t\t\t\t<\/div>\n\t\t\t\t\t\t<\/div>\n\t\t\t\t<\/div>\n\t\t\t\t\t<\/div>\n\t\t<\/div>\n\t\t\t\t\t<\/div>\n\t\t<\/section>\n\t\t\t\t<\/div>","protected":false},"excerpt":{"rendered":"<p>The Metropolitan University of Education, Science and Technology -UMECIT- delivered the Adjusted Institutional Improvement Plan<\/p>","protected":false},"author":4,"featured_media":101936,"comment_status":"closed","ping_status":"closed","sticky":false,"template":"","format":"standard","meta":{"footnotes":""},"categories":[67,251,109,236],"tags":[121,115,116],"class_list":["post-68836","post","type-post","status-publish","format-standard","has-post-thumbnail","hentry","category-eventos","category-facultad-de-ciencias-de-la-salud","category-noticias","category-reacreditacion-por-fisioterapia","tag-carrera","tag-educacion","tag-eventos"],"yoast_head":"<!-- This site is optimized with the Yoast SEO plugin v27.1.1 - https:\/\/yoast.com\/product\/yoast-seo-wordpress\/ -->\n<title>Foro Acad\u00e9mico sobre T\u00e9cnicas de Evaluaci\u00f3n en Fisioterapia<\/title>\n<meta name=\"description\" content=\"En el Foro Acad\u00e9mico sobre T\u00e9cnicas de Evaluaci\u00f3n en Fisioterapia,realizado en el Sal\u00f3n de Conferencias de la Sede de Fundadores el 4 demayo, se cont\u00f3 con la participaci\u00f3n de los licenciados Edgar Arosemenay Kevin Villarreal como expositores invitados, y del estudiante Robi R\u00edoscomo representante de los estudiantes.\" \/>\n<meta name=\"robots\" content=\"index, follow, max-snippet:-1, max-image-preview:large, max-video-preview:-1\" \/>\n<link rel=\"canonical\" href=\"https:\/\/umecit.edu.pa\/en\/foro-academico-sobre-tecnicas-de-evaluacion-en-fisioterapia__trashed\/\" \/>\n<meta property=\"og:locale\" content=\"en_US\" \/>\n<meta property=\"og:type\" content=\"article\" \/>\n<meta property=\"og:title\" content=\"Foro Acad\u00e9mico sobre T\u00e9cnicas de Evaluaci\u00f3n en Fisioterapia\" \/>\n<meta property=\"og:description\" content=\"En el Foro Acad\u00e9mico sobre T\u00e9cnicas de Evaluaci\u00f3n en Fisioterapia,realizado en el Sal\u00f3n de Conferencias de la Sede de Fundadores el 4 demayo, se cont\u00f3 con la participaci\u00f3n de los licenciados Edgar Arosemenay Kevin Villarreal como expositores invitados, y del estudiante Robi R\u00edoscomo representante de los estudiantes.\" \/>\n<meta property=\"og:url\" content=\"https:\/\/umecit.edu.pa\/en\/foro-academico-sobre-tecnicas-de-evaluacion-en-fisioterapia__trashed\/\" \/>\n<meta property=\"og:site_name\" content=\"Umecit - Universidad en Panam\u00e1\" \/>\n<meta property=\"article:publisher\" content=\"https:\/\/www.facebook.com\/umecitpanama\/\" \/>\n<meta property=\"article:published_time\" content=\"2023-05-05T16:39:08+00:00\" \/>\n<meta property=\"article:modified_time\" content=\"2024-06-27T18:28:38+00:00\" \/>\n<meta property=\"og:image\" content=\"https:\/\/umecit.edu.pa\/wp-content\/uploads\/2023\/11\/MG_9526-scaled.jpg\" \/>\n\t<meta property=\"og:image:width\" content=\"2560\" \/>\n\t<meta property=\"og:image:height\" content=\"1707\" \/>\n\t<meta property=\"og:image:type\" content=\"image\/jpeg\" \/>\n<meta name=\"author\" content=\"Alexander\" \/>\n<meta name=\"twitter:card\" content=\"summary_large_image\" \/>\n<meta name=\"twitter:creator\" content=\"@umecitpanama\" \/>\n<meta name=\"twitter:site\" content=\"@umecitpanama\" \/>\n<meta name=\"twitter:label1\" content=\"Written by\" \/>\n\t<meta name=\"twitter:data1\" content=\"Alexander\" \/>\n\t<meta name=\"twitter:label2\" content=\"Est. reading time\" \/>\n\t<meta name=\"twitter:data2\" content=\"3 minutes\" \/>\n<script type=\"application\/ld+json\" class=\"yoast-schema-graph\">{\"@context\":\"https:\/\/schema.org\",\"@graph\":[{\"@type\":\"Article\",\"@id\":\"https:\/\/umecit.edu.pa\/en\/foro-academico-sobre-tecnicas-de-evaluacion-en-fisioterapia__trashed\/#article\",\"isPartOf\":{\"@id\":\"https:\/\/umecit.edu.pa\/en\/foro-academico-sobre-tecnicas-de-evaluacion-en-fisioterapia__trashed\/\"},\"author\":{\"name\":\"Alexander\",\"@id\":\"https:\/\/Umecit.edu.pa\/#\/schema\/person\/95368bbf5b15dac6aa796680deac6c7c\"},\"headline\":\"Foro Acad\u00e9mico sobre T\u00e9cnicas de Evaluaci\u00f3n en Fisioterapia\",\"datePublished\":\"2023-05-05T16:39:08+00:00\",\"dateModified\":\"2024-06-27T18:28:38+00:00\",\"mainEntityOfPage\":{\"@id\":\"https:\/\/umecit.edu.pa\/en\/foro-academico-sobre-tecnicas-de-evaluacion-en-fisioterapia__trashed\/\"},\"wordCount\":213,\"publisher\":{\"@id\":\"https:\/\/Umecit.edu.pa\/#organization\"},\"image\":{\"@id\":\"https:\/\/umecit.edu.pa\/en\/foro-academico-sobre-tecnicas-de-evaluacion-en-fisioterapia__trashed\/#primaryimage\"},\"thumbnailUrl\":\"https:\/\/umecit.edu.pa\/wp-content\/uploads\/2023\/11\/MG_9526-scaled.jpg\",\"keywords\":[\"Carrera\",\"Educaci\u00f3n\",\"Eventos\"],\"articleSection\":[\"Eventos\",\"Facultad de Ciencias de la Salud\",\"Noticias\",\"Reacreditaci\u00f3n por Fisioterapia\"],\"inLanguage\":\"en-US\"},{\"@type\":\"WebPage\",\"@id\":\"https:\/\/umecit.edu.pa\/en\/foro-academico-sobre-tecnicas-de-evaluacion-en-fisioterapia__trashed\/\",\"url\":\"https:\/\/umecit.edu.pa\/en\/foro-academico-sobre-tecnicas-de-evaluacion-en-fisioterapia__trashed\/\",\"name\":\"Foro Acad\u00e9mico sobre T\u00e9cnicas de Evaluaci\u00f3n en Fisioterapia\",\"isPartOf\":{\"@id\":\"https:\/\/Umecit.edu.pa\/#website\"},\"primaryImageOfPage\":{\"@id\":\"https:\/\/umecit.edu.pa\/en\/foro-academico-sobre-tecnicas-de-evaluacion-en-fisioterapia__trashed\/#primaryimage\"},\"image\":{\"@id\":\"https:\/\/umecit.edu.pa\/en\/foro-academico-sobre-tecnicas-de-evaluacion-en-fisioterapia__trashed\/#primaryimage\"},\"thumbnailUrl\":\"https:\/\/umecit.edu.pa\/wp-content\/uploads\/2023\/11\/MG_9526-scaled.jpg\",\"datePublished\":\"2023-05-05T16:39:08+00:00\",\"dateModified\":\"2024-06-27T18:28:38+00:00\",\"description\":\"En el Foro Acad\u00e9mico sobre T\u00e9cnicas de Evaluaci\u00f3n en Fisioterapia,realizado en el Sal\u00f3n de Conferencias de la Sede de Fundadores el 4 demayo, se cont\u00f3 con la participaci\u00f3n de los licenciados Edgar Arosemenay Kevin Villarreal como expositores invitados, y del estudiante Robi R\u00edoscomo representante de los estudiantes.\",\"breadcrumb\":{\"@id\":\"https:\/\/umecit.edu.pa\/en\/foro-academico-sobre-tecnicas-de-evaluacion-en-fisioterapia__trashed\/#breadcrumb\"},\"inLanguage\":\"en-US\",\"potentialAction\":[{\"@type\":\"ReadAction\",\"target\":[\"https:\/\/umecit.edu.pa\/en\/foro-academico-sobre-tecnicas-de-evaluacion-en-fisioterapia__trashed\/\"]}]},{\"@type\":\"ImageObject\",\"inLanguage\":\"en-US\",\"@id\":\"https:\/\/umecit.edu.pa\/en\/foro-academico-sobre-tecnicas-de-evaluacion-en-fisioterapia__trashed\/#primaryimage\",\"url\":\"https:\/\/umecit.edu.pa\/wp-content\/uploads\/2023\/11\/MG_9526-scaled.jpg\",\"contentUrl\":\"https:\/\/umecit.edu.pa\/wp-content\/uploads\/2023\/11\/MG_9526-scaled.jpg\",\"width\":2560,\"height\":1707,\"caption\":\"Foro Acad\u00e9mico sobre T\u00e9cnicas de Evaluaci\u00f3n en Fisioterapia\"},{\"@type\":\"BreadcrumbList\",\"@id\":\"https:\/\/umecit.edu.pa\/en\/foro-academico-sobre-tecnicas-de-evaluacion-en-fisioterapia__trashed\/#breadcrumb\",\"itemListElement\":[{\"@type\":\"ListItem\",\"position\":1,\"name\":\"Portada\",\"item\":\"https:\/\/Umecit.edu.pa\/\"},{\"@type\":\"ListItem\",\"position\":2,\"name\":\"Foro Acad\u00e9mico sobre T\u00e9cnicas de Evaluaci\u00f3n en Fisioterapia\"}]},{\"@type\":\"WebSite\",\"@id\":\"https:\/\/Umecit.edu.pa\/#website\",\"url\":\"https:\/\/Umecit.edu.pa\/\",\"name\":\"Umecit - Universidad en Panam\u00e1\",\"description\":\"Universidad Metropolitana de Educaci\u00f3n, Ciencia y Tecnolog\u00eda\",\"publisher\":{\"@id\":\"https:\/\/Umecit.edu.pa\/#organization\"},\"potentialAction\":[{\"@type\":\"SearchAction\",\"target\":{\"@type\":\"EntryPoint\",\"urlTemplate\":\"https:\/\/Umecit.edu.pa\/?s={search_term_string}\"},\"query-input\":{\"@type\":\"PropertyValueSpecification\",\"valueRequired\":true,\"valueName\":\"search_term_string\"}}],\"inLanguage\":\"en-US\"},{\"@type\":\"Organization\",\"@id\":\"https:\/\/Umecit.edu.pa\/#organization\",\"name\":\"Umecit - Universidad en Panam\u00e1\",\"url\":\"https:\/\/Umecit.edu.pa\/\",\"logo\":{\"@type\":\"ImageObject\",\"inLanguage\":\"en-US\",\"@id\":\"https:\/\/Umecit.edu.pa\/#\/schema\/logo\/image\/\",\"url\":\"https:\/\/umecit.edu.pa\/wp-content\/uploads\/2022\/06\/panama-7.jpg\",\"contentUrl\":\"https:\/\/umecit.edu.pa\/wp-content\/uploads\/2022\/06\/panama-7.jpg\",\"width\":1200,\"height\":800,\"caption\":\"Umecit - Universidad en Panam\u00e1\"},\"image\":{\"@id\":\"https:\/\/Umecit.edu.pa\/#\/schema\/logo\/image\/\"},\"sameAs\":[\"https:\/\/www.facebook.com\/umecitpanama\/\",\"https:\/\/x.com\/umecitpanama\",\"https:\/\/www.tiktok.com\/@umecit\",\"https:\/\/www.instagram.com\/umecit\/\",\"https:\/\/www.youtube.com\/channel\/UCP9iXFXi4p_EW_p9p6lprhg\"]},{\"@type\":\"Person\",\"@id\":\"https:\/\/Umecit.edu.pa\/#\/schema\/person\/95368bbf5b15dac6aa796680deac6c7c\",\"name\":\"Alexander\",\"image\":{\"@type\":\"ImageObject\",\"inLanguage\":\"en-US\",\"@id\":\"https:\/\/Umecit.edu.pa\/#\/schema\/person\/image\/\",\"url\":\"https:\/\/secure.gravatar.com\/avatar\/640696b7a69812633cf6105d30a5e6f7d011bd8270904b8e0093a20f49ed2b5e?s=96&d=mm&r=g\",\"contentUrl\":\"https:\/\/secure.gravatar.com\/avatar\/640696b7a69812633cf6105d30a5e6f7d011bd8270904b8e0093a20f49ed2b5e?s=96&d=mm&r=g\",\"caption\":\"Alexander\"},\"url\":\"https:\/\/umecit.edu.pa\/en\/author\/alexander\/\"}]}<\/script>\n<!-- \/ Yoast SEO plugin. -->","yoast_head_json":{"title":"Academic Forum on Evaluation Techniques in Physiotherapy","description":"At the Academic Forum on Physical Therapy Assessment Techniques, held in the Conference Hall of the Fundadores Headquarters on May 4, Edgar Arosemena and Kevin Villarreal participated as guest speakers, and student Robi R\u00edos as student representative.","robots":{"index":"index","follow":"follow","max-snippet":"max-snippet:-1","max-image-preview":"max-image-preview:large","max-video-preview":"max-video-preview:-1"},"canonical":"https:\/\/umecit.edu.pa\/en\/foro-academico-sobre-tecnicas-de-evaluacion-en-fisioterapia__trashed\/","og_locale":"en_US","og_type":"article","og_title":"Foro Acad\u00e9mico sobre T\u00e9cnicas de Evaluaci\u00f3n en Fisioterapia","og_description":"En el Foro Acad\u00e9mico sobre T\u00e9cnicas de Evaluaci\u00f3n en Fisioterapia,realizado en el Sal\u00f3n de Conferencias de la Sede de Fundadores el 4 demayo, se cont\u00f3 con la participaci\u00f3n de los licenciados Edgar Arosemenay Kevin Villarreal como expositores invitados, y del estudiante Robi R\u00edoscomo representante de los estudiantes.","og_url":"https:\/\/umecit.edu.pa\/en\/foro-academico-sobre-tecnicas-de-evaluacion-en-fisioterapia__trashed\/","og_site_name":"Umecit - Universidad en Panam\u00e1","article_publisher":"https:\/\/www.facebook.com\/umecitpanama\/","article_published_time":"2023-05-05T16:39:08+00:00","article_modified_time":"2024-06-27T18:28:38+00:00","og_image":[{"width":2560,"height":1707,"url":"https:\/\/umecit.edu.pa\/wp-content\/uploads\/2023\/11\/MG_9526-scaled.jpg","type":"image\/jpeg"}],"author":"Alexander","twitter_card":"summary_large_image","twitter_creator":"@umecitpanama","twitter_site":"@umecitpanama","twitter_misc":{"Written by":"Alexander","Est. reading time":"3 minutes"},"schema":{"@context":"https:\/\/schema.org","@graph":[{"@type":"Article","@id":"https:\/\/umecit.edu.pa\/en\/foro-academico-sobre-tecnicas-de-evaluacion-en-fisioterapia__trashed\/#article","isPartOf":{"@id":"https:\/\/umecit.edu.pa\/en\/foro-academico-sobre-tecnicas-de-evaluacion-en-fisioterapia__trashed\/"},"author":{"name":"Alexander","@id":"https:\/\/Umecit.edu.pa\/#\/schema\/person\/95368bbf5b15dac6aa796680deac6c7c"},"headline":"Foro Acad\u00e9mico sobre T\u00e9cnicas de Evaluaci\u00f3n en Fisioterapia","datePublished":"2023-05-05T16:39:08+00:00","dateModified":"2024-06-27T18:28:38+00:00","mainEntityOfPage":{"@id":"https:\/\/umecit.edu.pa\/en\/foro-academico-sobre-tecnicas-de-evaluacion-en-fisioterapia__trashed\/"},"wordCount":213,"publisher":{"@id":"https:\/\/Umecit.edu.pa\/#organization"},"image":{"@id":"https:\/\/umecit.edu.pa\/en\/foro-academico-sobre-tecnicas-de-evaluacion-en-fisioterapia__trashed\/#primaryimage"},"thumbnailUrl":"https:\/\/umecit.edu.pa\/wp-content\/uploads\/2023\/11\/MG_9526-scaled.jpg","keywords":["Carrera","Educaci\u00f3n","Eventos"],"articleSection":["Eventos","Facultad de Ciencias de la Salud","Noticias","Reacreditaci\u00f3n por Fisioterapia"],"inLanguage":"en-US"},{"@type":"WebPage","@id":"https:\/\/umecit.edu.pa\/en\/foro-academico-sobre-tecnicas-de-evaluacion-en-fisioterapia__trashed\/","url":"https:\/\/umecit.edu.pa\/en\/foro-academico-sobre-tecnicas-de-evaluacion-en-fisioterapia__trashed\/","name":"Academic Forum on Evaluation Techniques in Physiotherapy","isPartOf":{"@id":"https:\/\/Umecit.edu.pa\/#website"},"primaryImageOfPage":{"@id":"https:\/\/umecit.edu.pa\/en\/foro-academico-sobre-tecnicas-de-evaluacion-en-fisioterapia__trashed\/#primaryimage"},"image":{"@id":"https:\/\/umecit.edu.pa\/en\/foro-academico-sobre-tecnicas-de-evaluacion-en-fisioterapia__trashed\/#primaryimage"},"thumbnailUrl":"https:\/\/umecit.edu.pa\/wp-content\/uploads\/2023\/11\/MG_9526-scaled.jpg","datePublished":"2023-05-05T16:39:08+00:00","dateModified":"2024-06-27T18:28:38+00:00","description":"At the Academic Forum on Physical Therapy Assessment Techniques, held in the Conference Hall of the Fundadores Headquarters on May 4, Edgar Arosemena and Kevin Villarreal participated as guest speakers, and student Robi R\u00edos as student representative.","breadcrumb":{"@id":"https:\/\/umecit.edu.pa\/en\/foro-academico-sobre-tecnicas-de-evaluacion-en-fisioterapia__trashed\/#breadcrumb"},"inLanguage":"en-US","potentialAction":[{"@type":"ReadAction","target":["https:\/\/umecit.edu.pa\/en\/foro-academico-sobre-tecnicas-de-evaluacion-en-fisioterapia__trashed\/"]}]},{"@type":"ImageObject","inLanguage":"en-US","@id":"https:\/\/umecit.edu.pa\/en\/foro-academico-sobre-tecnicas-de-evaluacion-en-fisioterapia__trashed\/#primaryimage","url":"https:\/\/umecit.edu.pa\/wp-content\/uploads\/2023\/11\/MG_9526-scaled.jpg","contentUrl":"https:\/\/umecit.edu.pa\/wp-content\/uploads\/2023\/11\/MG_9526-scaled.jpg","width":2560,"height":1707,"caption":"Foro Acad\u00e9mico sobre T\u00e9cnicas de Evaluaci\u00f3n en Fisioterapia"},{"@type":"BreadcrumbList","@id":"https:\/\/umecit.edu.pa\/en\/foro-academico-sobre-tecnicas-de-evaluacion-en-fisioterapia__trashed\/#breadcrumb","itemListElement":[{"@type":"ListItem","position":1,"name":"Portada","item":"https:\/\/Umecit.edu.pa\/"},{"@type":"ListItem","position":2,"name":"Foro Acad\u00e9mico sobre T\u00e9cnicas de Evaluaci\u00f3n en Fisioterapia"}]},{"@type":"WebSite","@id":"https:\/\/Umecit.edu.pa\/#website","url":"https:\/\/Umecit.edu.pa\/","name":"Umecit - University in Panama","description":"Metropolitan University of Education, Science and Technology","publisher":{"@id":"https:\/\/Umecit.edu.pa\/#organization"},"potentialAction":[{"@type":"SearchAction","target":{"@type":"EntryPoint","urlTemplate":"https:\/\/Umecit.edu.pa\/?s={search_term_string}"},"query-input":{"@type":"PropertyValueSpecification","valueRequired":true,"valueName":"search_term_string"}}],"inLanguage":"en-US"},{"@type":"Organization","@id":"https:\/\/Umecit.edu.pa\/#organization","name":"Umecit - University in Panama","url":"https:\/\/Umecit.edu.pa\/","logo":{"@type":"ImageObject","inLanguage":"en-US","@id":"https:\/\/Umecit.edu.pa\/#\/schema\/logo\/image\/","url":"https:\/\/umecit.edu.pa\/wp-content\/uploads\/2022\/06\/panama-7.jpg","contentUrl":"https:\/\/umecit.edu.pa\/wp-content\/uploads\/2022\/06\/panama-7.jpg","width":1200,"height":800,"caption":"Umecit - Universidad en Panam\u00e1"},"image":{"@id":"https:\/\/Umecit.edu.pa\/#\/schema\/logo\/image\/"},"sameAs":["https:\/\/www.facebook.com\/umecitpanama\/","https:\/\/x.com\/umecitpanama","https:\/\/www.tiktok.com\/@umecit","https:\/\/www.instagram.com\/umecit\/","https:\/\/www.youtube.com\/channel\/UCP9iXFXi4p_EW_p9p6lprhg"]},{"@type":"Person","@id":"https:\/\/Umecit.edu.pa\/#\/schema\/person\/95368bbf5b15dac6aa796680deac6c7c","name":"Alexander","image":{"@type":"ImageObject","inLanguage":"en-US","@id":"https:\/\/Umecit.edu.pa\/#\/schema\/person\/image\/","url":"https:\/\/secure.gravatar.com\/avatar\/640696b7a69812633cf6105d30a5e6f7d011bd8270904b8e0093a20f49ed2b5e?s=96&d=mm&r=g","contentUrl":"https:\/\/secure.gravatar.com\/avatar\/640696b7a69812633cf6105d30a5e6f7d011bd8270904b8e0093a20f49ed2b5e?s=96&d=mm&r=g","caption":"Alexander"},"url":"https:\/\/umecit.edu.pa\/en\/author\/alexander\/"}]}},"_links":{"self":[{"href":"https:\/\/umecit.edu.pa\/en\/wp-json\/wp\/v2\/posts\/68836","targetHints":{"allow":["GET"]}}],"collection":[{"href":"https:\/\/umecit.edu.pa\/en\/wp-json\/wp\/v2\/posts"}],"about":[{"href":"https:\/\/umecit.edu.pa\/en\/wp-json\/wp\/v2\/types\/post"}],"author":[{"embeddable":true,"href":"https:\/\/umecit.edu.pa\/en\/wp-json\/wp\/v2\/users\/4"}],"replies":[{"embeddable":true,"href":"https:\/\/umecit.edu.pa\/en\/wp-json\/wp\/v2\/comments?post=68836"}],"version-history":[{"count":0,"href":"https:\/\/umecit.edu.pa\/en\/wp-json\/wp\/v2\/posts\/68836\/revisions"}],"wp:featuredmedia":[{"embeddable":true,"href":"https:\/\/umecit.edu.pa\/en\/wp-json\/wp\/v2\/media\/101936"}],"wp:attachment":[{"href":"https:\/\/umecit.edu.pa\/en\/wp-json\/wp\/v2\/media?parent=68836"}],"wp:term":[{"taxonomy":"category","embeddable":true,"href":"https:\/\/umecit.edu.pa\/en\/wp-json\/wp\/v2\/categories?post=68836"},{"taxonomy":"post_tag","embeddable":true,"href":"https:\/\/umecit.edu.pa\/en\/wp-json\/wp\/v2\/tags?post=68836"}],"curies":[{"name":"wp","href":"https:\/\/api.w.org\/{rel}","templated":true}]}}