{"id":67483,"date":"2023-04-27T15:57:41","date_gmt":"2023-04-27T20:57:41","guid":{"rendered":"https:\/\/umecit.edu.pa\/?p=67483"},"modified":"2023-04-27T16:01:47","modified_gmt":"2023-04-27T21:01:47","slug":"uniendo-fuerzas-en-contra-la-delincuencia","status":"publish","type":"post","link":"https:\/\/umecit.edu.pa\/en\/uniendo-fuerzas-en-contra-la-delincuencia\/","title":{"rendered":"Joining Forces Against Crime"},"content":{"rendered":"<div data-elementor-type=\"wp-post\" data-elementor-id=\"67483\" class=\"elementor elementor-67483\" data-elementor-post-type=\"post\">\n\t\t\t\t\t\t<section class=\"elementor-section elementor-top-section elementor-element elementor-element-28101e17 elementor-section-boxed elementor-section-height-default elementor-section-height-default row-top\" data-id=\"28101e17\" data-element_type=\"section\" data-e-type=\"section\">\n\t\t\t\t\t\t<div class=\"elementor-container elementor-column-gap-default\">\n\t\t\t\t\t<div class=\"elementor-column elementor-col-100 elementor-top-column elementor-element elementor-element-2144d551 column-style-top\" data-id=\"2144d551\" data-element_type=\"column\" data-e-type=\"column\">\n\t\t\t<div class=\"elementor-widget-wrap elementor-element-populated\">\n\t\t\t\t\t\t<div class=\"elementor-element elementor-element-d5e8249 elementor-widget elementor-widget-text-editor\" data-id=\"d5e8249\" data-element_type=\"widget\" data-e-type=\"widget\" data-widget_type=\"text-editor.default\">\n\t\t\t\t<div class=\"elementor-widget-container\">\n\t\t\t\t\t\t\t\t\t<p><span style=\"font-size: large;\">The project &quot;Joining Forces Against Crime&quot; is an initiative of UMECIT Headquarters La Chorrera in collaboration with the Extension Coordination and the Psychology and Work Coordination. This initiative aims to address the family difficulties of communities at risk, through surveys and interviews, and provide the corresponding help in professional and spiritual, socio-cultural and sports aspects, aimed at the child and adolescent population of these communities.<\/span><\/p><p><span style=\"font-size: large;\">The fundamental purpose of the project is to promote the comprehensive development of children and young people, contribute jointly with the operational function and help reduce the crime rate nationwide.<\/span><\/p><div><span style=\"font-size: large;\">The students of the Degree in General Psychology, Occupational Safety and Health, among others, contribute to this activity, urging the entire university community to participate.<\/span><\/div>\t\t\t\t\t\t\t\t<\/div>\n\t\t\t\t<\/div>\n\t\t\t\t\t<\/div>\n\t\t<\/div>\n\t\t\t\t\t<\/div>\n\t\t<\/section>\n\t\t\t\t<section class=\"elementor-section elementor-top-section elementor-element elementor-element-b8262b9 elementor-section-boxed elementor-section-height-default elementor-section-height-default row-top\" data-id=\"b8262b9\" data-element_type=\"section\" data-e-type=\"section\">\n\t\t\t\t\t\t<div class=\"elementor-container elementor-column-gap-default\">\n\t\t\t\t\t<div class=\"elementor-column elementor-col-100 elementor-top-column elementor-element elementor-element-6d9a6bd column-style-top\" data-id=\"6d9a6bd\" data-element_type=\"column\" data-e-type=\"column\">\n\t\t\t<div class=\"elementor-widget-wrap elementor-element-populated\">\n\t\t\t\t\t\t<div class=\"elementor-element elementor-element-8606d6f elementor-widget elementor-widget-image-gallery\" data-id=\"8606d6f\" data-element_type=\"widget\" data-e-type=\"widget\" data-widget_type=\"image-gallery.default\">\n\t\t\t\t<div class=\"elementor-widget-container\">\n\t\t\t\t\t\t\t<div class=\"elementor-image-gallery\">\n\t\t\t\n\t\t<style type=\"text\/css\">\n\t\t\t#gallery-1 {\n\t\t\t\tmargin: auto;\n\t\t\t}\n\t\t\t#gallery-1 .gallery-item {\n\t\t\t\tfloat: left;\n\t\t\t\tmargin-top: 10px;\n\t\t\t\ttext-align: center;\n\t\t\t\twidth: 33%;\n\t\t\t}\n\t\t\t#gallery-1 img {\n\t\t\t\tborder: 2px solid #cfcfcf;\n\t\t\t}\n\t\t\t#gallery-1 .gallery-caption {\n\t\t\t\tmargin-left: 0;\n\t\t\t}\n\t\t\t\/* see gallery_shortcode() in wp-includes\/media.php *\/\n\t\t<\/style>\n\t\t<div id='gallery-1' class='gallery galleryid-67483 gallery-columns-3 gallery-size-medium'><dl class='gallery-item'>\n\t\t\t<dt class='gallery-icon landscape'>\n\t\t\t\t<a data-elementor-open-lightbox=\"yes\" data-elementor-lightbox-slideshow=\"8606d6f\" data-elementor-lightbox-title=\"1679155094782\" data-e-action-hash=\"#elementor-action%3Aaction%3Dlightbox%26settings%3DeyJpZCI6Njc0OTAsInVybCI6Imh0dHBzOlwvXC91bWVjaXQuZWR1LnBhXC93cC1jb250ZW50XC91cGxvYWRzXC8yMDIzXC8wNFwvMTY3OTE1NTA5NDc4Mi5qcGciLCJzbGlkZXNob3ciOiI4NjA2ZDZmIn0%3D\" href='https:\/\/umecit.edu.pa\/wp-content\/uploads\/2023\/04\/1679155094782.jpg'><img fetchpriority=\"high\" decoding=\"async\" width=\"600\" height=\"600\" src=\"https:\/\/umecit.edu.pa\/wp-content\/uploads\/2023\/04\/1679155094782-600x600.jpg\" class=\"attachment-medium size-medium\" alt=\"\" srcset=\"https:\/\/umecit.edu.pa\/wp-content\/uploads\/2023\/04\/1679155094782-600x600.jpg 600w, https:\/\/umecit.edu.pa\/wp-content\/uploads\/2023\/04\/1679155094782-180x180.jpg 180w\" sizes=\"(max-width: 600px) 100vw, 600px\" \/><\/a>\n\t\t\t<\/dt><\/dl><dl class='gallery-item'>\n\t\t\t<dt class='gallery-icon landscape'>\n\t\t\t\t<a data-elementor-open-lightbox=\"yes\" data-elementor-lightbox-slideshow=\"8606d6f\" data-elementor-lightbox-title=\"1679155094557\" data-e-action-hash=\"#elementor-action%3Aaction%3Dlightbox%26settings%3DeyJpZCI6Njc0OTEsInVybCI6Imh0dHBzOlwvXC91bWVjaXQuZWR1LnBhXC93cC1jb250ZW50XC91cGxvYWRzXC8yMDIzXC8wNFwvMTY3OTE1NTA5NDU1Ny5qcGciLCJzbGlkZXNob3ciOiI4NjA2ZDZmIn0%3D\" href='https:\/\/umecit.edu.pa\/wp-content\/uploads\/2023\/04\/1679155094557.jpg'><img decoding=\"async\" width=\"600\" height=\"600\" src=\"https:\/\/umecit.edu.pa\/wp-content\/uploads\/2023\/04\/1679155094557-600x600.jpg\" class=\"attachment-medium size-medium\" alt=\"\" srcset=\"https:\/\/umecit.edu.pa\/wp-content\/uploads\/2023\/04\/1679155094557-600x600.jpg 600w, https:\/\/umecit.edu.pa\/wp-content\/uploads\/2023\/04\/1679155094557-180x180.jpg 180w\" sizes=\"(max-width: 600px) 100vw, 600px\" \/><\/a>\n\t\t\t<\/dt><\/dl><dl class='gallery-item'>\n\t\t\t<dt class='gallery-icon landscape'>\n\t\t\t\t<a data-elementor-open-lightbox=\"yes\" data-elementor-lightbox-slideshow=\"8606d6f\" data-elementor-lightbox-title=\"1679155094833\" data-e-action-hash=\"#elementor-action%3Aaction%3Dlightbox%26settings%3DeyJpZCI6Njc0OTIsInVybCI6Imh0dHBzOlwvXC91bWVjaXQuZWR1LnBhXC93cC1jb250ZW50XC91cGxvYWRzXC8yMDIzXC8wNFwvMTY3OTE1NTA5NDgzMy5qcGciLCJzbGlkZXNob3ciOiI4NjA2ZDZmIn0%3D\" href='https:\/\/umecit.edu.pa\/wp-content\/uploads\/2023\/04\/1679155094833.jpg'><img decoding=\"async\" width=\"600\" height=\"600\" src=\"https:\/\/umecit.edu.pa\/wp-content\/uploads\/2023\/04\/1679155094833-600x600.jpg\" class=\"attachment-medium size-medium\" alt=\"\" srcset=\"https:\/\/umecit.edu.pa\/wp-content\/uploads\/2023\/04\/1679155094833-600x600.jpg 600w, https:\/\/umecit.edu.pa\/wp-content\/uploads\/2023\/04\/1679155094833-180x180.jpg 180w\" sizes=\"(max-width: 600px) 100vw, 600px\" \/><\/a>\n\t\t\t<\/dt><\/dl><br style=\"clear: both\" \/><dl class='gallery-item'>\n\t\t\t<dt class='gallery-icon landscape'>\n\t\t\t\t<a data-elementor-open-lightbox=\"yes\" data-elementor-lightbox-slideshow=\"8606d6f\" data-elementor-lightbox-title=\"1679155094627\" data-e-action-hash=\"#elementor-action%3Aaction%3Dlightbox%26settings%3DeyJpZCI6Njc0OTMsInVybCI6Imh0dHBzOlwvXC91bWVjaXQuZWR1LnBhXC93cC1jb250ZW50XC91cGxvYWRzXC8yMDIzXC8wNFwvMTY3OTE1NTA5NDYyNy5qcGciLCJzbGlkZXNob3ciOiI4NjA2ZDZmIn0%3D\" href='https:\/\/umecit.edu.pa\/wp-content\/uploads\/2023\/04\/1679155094627.jpg'><img loading=\"lazy\" decoding=\"async\" width=\"600\" height=\"600\" src=\"https:\/\/umecit.edu.pa\/wp-content\/uploads\/2023\/04\/1679155094627-600x600.jpg\" class=\"attachment-medium size-medium\" alt=\"\" srcset=\"https:\/\/umecit.edu.pa\/wp-content\/uploads\/2023\/04\/1679155094627-600x600.jpg 600w, https:\/\/umecit.edu.pa\/wp-content\/uploads\/2023\/04\/1679155094627-180x180.jpg 180w\" sizes=\"(max-width: 600px) 100vw, 600px\" \/><\/a>\n\t\t\t<\/dt><\/dl><dl class='gallery-item'>\n\t\t\t<dt class='gallery-icon landscape'>\n\t\t\t\t<a data-elementor-open-lightbox=\"yes\" data-elementor-lightbox-slideshow=\"8606d6f\" data-elementor-lightbox-title=\"1679155094845\" data-e-action-hash=\"#elementor-action%3Aaction%3Dlightbox%26settings%3DeyJpZCI6Njc0OTQsInVybCI6Imh0dHBzOlwvXC91bWVjaXQuZWR1LnBhXC93cC1jb250ZW50XC91cGxvYWRzXC8yMDIzXC8wNFwvMTY3OTE1NTA5NDg0NS5qcGciLCJzbGlkZXNob3ciOiI4NjA2ZDZmIn0%3D\" href='https:\/\/umecit.edu.pa\/wp-content\/uploads\/2023\/04\/1679155094845.jpg'><img loading=\"lazy\" decoding=\"async\" width=\"600\" height=\"600\" src=\"https:\/\/umecit.edu.pa\/wp-content\/uploads\/2023\/04\/1679155094845-600x600.jpg\" class=\"attachment-medium size-medium\" alt=\"\" srcset=\"https:\/\/umecit.edu.pa\/wp-content\/uploads\/2023\/04\/1679155094845-600x600.jpg 600w, https:\/\/umecit.edu.pa\/wp-content\/uploads\/2023\/04\/1679155094845-180x180.jpg 180w\" sizes=\"(max-width: 600px) 100vw, 600px\" \/><\/a>\n\t\t\t<\/dt><\/dl><dl class='gallery-item'>\n\t\t\t<dt class='gallery-icon portrait'>\n\t\t\t\t<a data-elementor-open-lightbox=\"yes\" data-elementor-lightbox-slideshow=\"8606d6f\" data-elementor-lightbox-title=\"1679155094818\" data-e-action-hash=\"#elementor-action%3Aaction%3Dlightbox%26settings%3DeyJpZCI6Njc0OTUsInVybCI6Imh0dHBzOlwvXC91bWVjaXQuZWR1LnBhXC93cC1jb250ZW50XC91cGxvYWRzXC8yMDIzXC8wNFwvMTY3OTE1NTA5NDgxOC5qcGciLCJzbGlkZXNob3ciOiI4NjA2ZDZmIn0%3D\" href='https:\/\/umecit.edu.pa\/wp-content\/uploads\/2023\/04\/1679155094818.jpg'><img loading=\"lazy\" decoding=\"async\" width=\"600\" height=\"600\" src=\"https:\/\/umecit.edu.pa\/wp-content\/uploads\/2023\/04\/1679155094818-600x600.jpg\" class=\"attachment-medium size-medium\" alt=\"\" srcset=\"https:\/\/umecit.edu.pa\/wp-content\/uploads\/2023\/04\/1679155094818-600x600.jpg 600w, https:\/\/umecit.edu.pa\/wp-content\/uploads\/2023\/04\/1679155094818-180x180.jpg 180w\" sizes=\"(max-width: 600px) 100vw, 600px\" \/><\/a>\n\t\t\t<\/dt><\/dl><br style=\"clear: both\" \/>\n\t\t<\/div>\n\t\t<\/div>\n\t\t\t\t\t\t<\/div>\n\t\t\t\t<\/div>\n\t\t\t\t\t<\/div>\n\t\t<\/div>\n\t\t\t\t\t<\/div>\n\t\t<\/section>\n\t\t\t\t<\/div>","protected":false},"excerpt":{"rendered":"<p>The Metropolitan University of Education, Science and Technology -UMECIT- delivered the Adjusted Institutional Improvement Plan<\/p>","protected":false},"author":695,"featured_media":67485,"comment_status":"closed","ping_status":"closed","sticky":false,"template":"","format":"standard","meta":{"footnotes":""},"categories":[203],"tags":[116],"class_list":["post-67483","post","type-post","status-publish","format-standard","has-post-thumbnail","hentry","category-reacreditacion-licenciatura-en-psicologia-general","tag-eventos"],"yoast_head":"<!-- This site is optimized with the Yoast SEO plugin v27.1.1 - https:\/\/yoast.com\/product\/yoast-seo-wordpress\/ -->\n<title>Uniendo Fuerzas en Contra La Delincuencia<\/title>\n<meta name=\"description\" content=\"El proyecto &quot;Uniendo Fuerzas en Contra La Delincuencia&quot; es una iniciativa de UMECIT Sede La Chorrera en colaboraci\u00f3n con la Coordinaci\u00f3n de Extensi\u00f3n y la Coordinaci\u00f3n de Psicolog\u00eda y Trabajo.\" \/>\n<meta name=\"robots\" content=\"index, follow, max-snippet:-1, max-image-preview:large, max-video-preview:-1\" \/>\n<link rel=\"canonical\" href=\"https:\/\/44.206.156.148\/uniendo-fuerzas-en-contra-la-delincuencia\/\" \/>\n<meta property=\"og:locale\" content=\"en_US\" \/>\n<meta property=\"og:type\" content=\"article\" \/>\n<meta property=\"og:title\" content=\"Uniendo Fuerzas en Contra La Delincuencia\" \/>\n<meta property=\"og:description\" content=\"El proyecto &quot;Uniendo Fuerzas en Contra La Delincuencia&quot; es una iniciativa de UMECIT Sede La Chorrera en colaboraci\u00f3n con la Coordinaci\u00f3n de Extensi\u00f3n y la Coordinaci\u00f3n de Psicolog\u00eda y Trabajo.\" \/>\n<meta property=\"og:url\" content=\"https:\/\/44.206.156.148\/uniendo-fuerzas-en-contra-la-delincuencia\/\" \/>\n<meta property=\"og:site_name\" content=\"Umecit - Universidad en Panam\u00e1\" \/>\n<meta property=\"article:publisher\" content=\"https:\/\/www.facebook.com\/umecitpanama\/\" \/>\n<meta property=\"article:published_time\" content=\"2023-04-27T20:57:41+00:00\" \/>\n<meta property=\"article:modified_time\" content=\"2023-04-27T21:01:47+00:00\" \/>\n<meta property=\"og:image\" content=\"https:\/\/44.206.156.148\/wp-content\/uploads\/2023\/04\/1679155094685.jpg\" \/>\n\t<meta property=\"og:image:width\" content=\"1599\" \/>\n\t<meta property=\"og:image:height\" content=\"1200\" \/>\n\t<meta property=\"og:image:type\" content=\"image\/jpeg\" \/>\n<meta name=\"author\" content=\"mercadeo umecit\" \/>\n<meta name=\"twitter:card\" content=\"summary_large_image\" \/>\n<meta name=\"twitter:creator\" content=\"@umecitpanama\" \/>\n<meta name=\"twitter:site\" content=\"@umecitpanama\" \/>\n<meta name=\"twitter:label1\" content=\"Written by\" \/>\n\t<meta name=\"twitter:data1\" content=\"mercadeo umecit\" \/>\n\t<meta name=\"twitter:label2\" content=\"Est. reading time\" \/>\n\t<meta name=\"twitter:data2\" content=\"1 minute\" \/>\n<script type=\"application\/ld+json\" class=\"yoast-schema-graph\">{\"@context\":\"https:\/\/schema.org\",\"@graph\":[{\"@type\":\"Article\",\"@id\":\"https:\/\/44.206.156.148\/uniendo-fuerzas-en-contra-la-delincuencia\/#article\",\"isPartOf\":{\"@id\":\"https:\/\/44.206.156.148\/uniendo-fuerzas-en-contra-la-delincuencia\/\"},\"author\":{\"name\":\"mercadeo umecit\",\"@id\":\"https:\/\/umecit.edu.pa\/#\/schema\/person\/b2c0d29c839513d3464f9c9e1f3e6f69\"},\"headline\":\"Uniendo Fuerzas en Contra La Delincuencia\",\"datePublished\":\"2023-04-27T20:57:41+00:00\",\"dateModified\":\"2023-04-27T21:01:47+00:00\",\"mainEntityOfPage\":{\"@id\":\"https:\/\/44.206.156.148\/uniendo-fuerzas-en-contra-la-delincuencia\/\"},\"wordCount\":149,\"publisher\":{\"@id\":\"https:\/\/umecit.edu.pa\/#organization\"},\"image\":{\"@id\":\"https:\/\/44.206.156.148\/uniendo-fuerzas-en-contra-la-delincuencia\/#primaryimage\"},\"thumbnailUrl\":\"https:\/\/umecit.edu.pa\/wp-content\/uploads\/2023\/04\/1679155094685.jpg\",\"keywords\":[\"Eventos\"],\"articleSection\":[\"Reacreditaci\u00f3n Licenciatura en Psicolog\u00eda General\"],\"inLanguage\":\"en-US\"},{\"@type\":\"WebPage\",\"@id\":\"https:\/\/44.206.156.148\/uniendo-fuerzas-en-contra-la-delincuencia\/\",\"url\":\"https:\/\/44.206.156.148\/uniendo-fuerzas-en-contra-la-delincuencia\/\",\"name\":\"Uniendo Fuerzas en Contra La Delincuencia\",\"isPartOf\":{\"@id\":\"https:\/\/umecit.edu.pa\/#website\"},\"primaryImageOfPage\":{\"@id\":\"https:\/\/44.206.156.148\/uniendo-fuerzas-en-contra-la-delincuencia\/#primaryimage\"},\"image\":{\"@id\":\"https:\/\/44.206.156.148\/uniendo-fuerzas-en-contra-la-delincuencia\/#primaryimage\"},\"thumbnailUrl\":\"https:\/\/umecit.edu.pa\/wp-content\/uploads\/2023\/04\/1679155094685.jpg\",\"datePublished\":\"2023-04-27T20:57:41+00:00\",\"dateModified\":\"2023-04-27T21:01:47+00:00\",\"description\":\"El proyecto \\\"Uniendo Fuerzas en Contra La Delincuencia\\\" es una iniciativa de UMECIT Sede La Chorrera en colaboraci\u00f3n con la Coordinaci\u00f3n de Extensi\u00f3n y la Coordinaci\u00f3n de Psicolog\u00eda y Trabajo.\",\"breadcrumb\":{\"@id\":\"https:\/\/44.206.156.148\/uniendo-fuerzas-en-contra-la-delincuencia\/#breadcrumb\"},\"inLanguage\":\"en-US\",\"potentialAction\":[{\"@type\":\"ReadAction\",\"target\":[\"https:\/\/44.206.156.148\/uniendo-fuerzas-en-contra-la-delincuencia\/\"]}]},{\"@type\":\"ImageObject\",\"inLanguage\":\"en-US\",\"@id\":\"https:\/\/44.206.156.148\/uniendo-fuerzas-en-contra-la-delincuencia\/#primaryimage\",\"url\":\"https:\/\/umecit.edu.pa\/wp-content\/uploads\/2023\/04\/1679155094685.jpg\",\"contentUrl\":\"https:\/\/umecit.edu.pa\/wp-content\/uploads\/2023\/04\/1679155094685.jpg\",\"width\":1599,\"height\":1200},{\"@type\":\"BreadcrumbList\",\"@id\":\"https:\/\/44.206.156.148\/uniendo-fuerzas-en-contra-la-delincuencia\/#breadcrumb\",\"itemListElement\":[{\"@type\":\"ListItem\",\"position\":1,\"name\":\"Portada\",\"item\":\"https:\/\/44.206.156.148\/\"},{\"@type\":\"ListItem\",\"position\":2,\"name\":\"Uniendo Fuerzas en Contra La Delincuencia\"}]},{\"@type\":\"WebSite\",\"@id\":\"https:\/\/umecit.edu.pa\/#website\",\"url\":\"https:\/\/umecit.edu.pa\/\",\"name\":\"Umecit - Universidad en Panam\u00e1\",\"description\":\"Universidad Metropolitana de Educaci\u00f3n, Ciencia y Tecnolog\u00eda\",\"publisher\":{\"@id\":\"https:\/\/umecit.edu.pa\/#organization\"},\"potentialAction\":[{\"@type\":\"SearchAction\",\"target\":{\"@type\":\"EntryPoint\",\"urlTemplate\":\"https:\/\/umecit.edu.pa\/?s={search_term_string}\"},\"query-input\":{\"@type\":\"PropertyValueSpecification\",\"valueRequired\":true,\"valueName\":\"search_term_string\"}}],\"inLanguage\":\"en-US\"},{\"@type\":\"Organization\",\"@id\":\"https:\/\/umecit.edu.pa\/#organization\",\"name\":\"Umecit - Universidad en Panam\u00e1\",\"url\":\"https:\/\/umecit.edu.pa\/\",\"logo\":{\"@type\":\"ImageObject\",\"inLanguage\":\"en-US\",\"@id\":\"https:\/\/umecit.edu.pa\/#\/schema\/logo\/image\/\",\"url\":\"https:\/\/umecit.edu.pa\/wp-content\/uploads\/2022\/06\/panama-7.jpg\",\"contentUrl\":\"https:\/\/umecit.edu.pa\/wp-content\/uploads\/2022\/06\/panama-7.jpg\",\"width\":1200,\"height\":800,\"caption\":\"Umecit - Universidad en Panam\u00e1\"},\"image\":{\"@id\":\"https:\/\/umecit.edu.pa\/#\/schema\/logo\/image\/\"},\"sameAs\":[\"https:\/\/www.facebook.com\/umecitpanama\/\",\"https:\/\/x.com\/umecitpanama\",\"https:\/\/www.tiktok.com\/@umecit\",\"https:\/\/www.instagram.com\/umecit\/\",\"https:\/\/www.youtube.com\/channel\/UCP9iXFXi4p_EW_p9p6lprhg\"]},{\"@type\":\"Person\",\"@id\":\"https:\/\/umecit.edu.pa\/#\/schema\/person\/b2c0d29c839513d3464f9c9e1f3e6f69\",\"name\":\"mercadeo umecit\",\"image\":{\"@type\":\"ImageObject\",\"inLanguage\":\"en-US\",\"@id\":\"https:\/\/umecit.edu.pa\/#\/schema\/person\/image\/\",\"url\":\"https:\/\/secure.gravatar.com\/avatar\/4bd79a51f57922b8709c7f62c99ce71611fc5526021ce2d15534b9ae452e6a1c?s=96&d=mm&r=g\",\"contentUrl\":\"https:\/\/secure.gravatar.com\/avatar\/4bd79a51f57922b8709c7f62c99ce71611fc5526021ce2d15534b9ae452e6a1c?s=96&d=mm&r=g\",\"caption\":\"mercadeo umecit\"},\"url\":\"https:\/\/umecit.edu.pa\/en\/author\/mercadeo\/\"}]}<\/script>\n<!-- \/ Yoast SEO plugin. -->","yoast_head_json":{"title":"Joining Forces Against Crime","description":"The &quot;Joining Forces Against Crime&quot; project is an initiative of UMECIT La Chorrera Campus in collaboration with the Outreach Coordination and the Psychology and Labor Coordination.","robots":{"index":"index","follow":"follow","max-snippet":"max-snippet:-1","max-image-preview":"max-image-preview:large","max-video-preview":"max-video-preview:-1"},"canonical":"https:\/\/44.206.156.148\/uniendo-fuerzas-en-contra-la-delincuencia\/","og_locale":"en_US","og_type":"article","og_title":"Uniendo Fuerzas en Contra La Delincuencia","og_description":"El proyecto \"Uniendo Fuerzas en Contra La Delincuencia\" es una iniciativa de UMECIT Sede La Chorrera en colaboraci\u00f3n con la Coordinaci\u00f3n de Extensi\u00f3n y la Coordinaci\u00f3n de Psicolog\u00eda y Trabajo.","og_url":"https:\/\/44.206.156.148\/uniendo-fuerzas-en-contra-la-delincuencia\/","og_site_name":"Umecit - Universidad en Panam\u00e1","article_publisher":"https:\/\/www.facebook.com\/umecitpanama\/","article_published_time":"2023-04-27T20:57:41+00:00","article_modified_time":"2023-04-27T21:01:47+00:00","og_image":[{"width":1599,"height":1200,"url":"https:\/\/44.206.156.148\/wp-content\/uploads\/2023\/04\/1679155094685.jpg","type":"image\/jpeg"}],"author":"mercadeo umecit","twitter_card":"summary_large_image","twitter_creator":"@umecitpanama","twitter_site":"@umecitpanama","twitter_misc":{"Written by":"mercadeo umecit","Est. reading time":"1 minute"},"schema":{"@context":"https:\/\/schema.org","@graph":[{"@type":"Article","@id":"https:\/\/44.206.156.148\/uniendo-fuerzas-en-contra-la-delincuencia\/#article","isPartOf":{"@id":"https:\/\/44.206.156.148\/uniendo-fuerzas-en-contra-la-delincuencia\/"},"author":{"name":"mercadeo umecit","@id":"https:\/\/umecit.edu.pa\/#\/schema\/person\/b2c0d29c839513d3464f9c9e1f3e6f69"},"headline":"Uniendo Fuerzas en Contra La Delincuencia","datePublished":"2023-04-27T20:57:41+00:00","dateModified":"2023-04-27T21:01:47+00:00","mainEntityOfPage":{"@id":"https:\/\/44.206.156.148\/uniendo-fuerzas-en-contra-la-delincuencia\/"},"wordCount":149,"publisher":{"@id":"https:\/\/umecit.edu.pa\/#organization"},"image":{"@id":"https:\/\/44.206.156.148\/uniendo-fuerzas-en-contra-la-delincuencia\/#primaryimage"},"thumbnailUrl":"https:\/\/umecit.edu.pa\/wp-content\/uploads\/2023\/04\/1679155094685.jpg","keywords":["Eventos"],"articleSection":["Reacreditaci\u00f3n Licenciatura en Psicolog\u00eda General"],"inLanguage":"en-US"},{"@type":"WebPage","@id":"https:\/\/44.206.156.148\/uniendo-fuerzas-en-contra-la-delincuencia\/","url":"https:\/\/44.206.156.148\/uniendo-fuerzas-en-contra-la-delincuencia\/","name":"Joining Forces Against Crime","isPartOf":{"@id":"https:\/\/umecit.edu.pa\/#website"},"primaryImageOfPage":{"@id":"https:\/\/44.206.156.148\/uniendo-fuerzas-en-contra-la-delincuencia\/#primaryimage"},"image":{"@id":"https:\/\/44.206.156.148\/uniendo-fuerzas-en-contra-la-delincuencia\/#primaryimage"},"thumbnailUrl":"https:\/\/umecit.edu.pa\/wp-content\/uploads\/2023\/04\/1679155094685.jpg","datePublished":"2023-04-27T20:57:41+00:00","dateModified":"2023-04-27T21:01:47+00:00","description":"The &quot;Joining Forces Against Crime&quot; project is an initiative of UMECIT La Chorrera Campus in collaboration with the Outreach Coordination and the Psychology and Labor Coordination.","breadcrumb":{"@id":"https:\/\/44.206.156.148\/uniendo-fuerzas-en-contra-la-delincuencia\/#breadcrumb"},"inLanguage":"en-US","potentialAction":[{"@type":"ReadAction","target":["https:\/\/44.206.156.148\/uniendo-fuerzas-en-contra-la-delincuencia\/"]}]},{"@type":"ImageObject","inLanguage":"en-US","@id":"https:\/\/44.206.156.148\/uniendo-fuerzas-en-contra-la-delincuencia\/#primaryimage","url":"https:\/\/umecit.edu.pa\/wp-content\/uploads\/2023\/04\/1679155094685.jpg","contentUrl":"https:\/\/umecit.edu.pa\/wp-content\/uploads\/2023\/04\/1679155094685.jpg","width":1599,"height":1200},{"@type":"BreadcrumbList","@id":"https:\/\/44.206.156.148\/uniendo-fuerzas-en-contra-la-delincuencia\/#breadcrumb","itemListElement":[{"@type":"ListItem","position":1,"name":"Portada","item":"https:\/\/44.206.156.148\/"},{"@type":"ListItem","position":2,"name":"Uniendo Fuerzas en Contra La Delincuencia"}]},{"@type":"WebSite","@id":"https:\/\/umecit.edu.pa\/#website","url":"https:\/\/umecit.edu.pa\/","name":"Umecit - University in Panama","description":"Metropolitan University of Education, Science and Technology","publisher":{"@id":"https:\/\/umecit.edu.pa\/#organization"},"potentialAction":[{"@type":"SearchAction","target":{"@type":"EntryPoint","urlTemplate":"https:\/\/umecit.edu.pa\/?s={search_term_string}"},"query-input":{"@type":"PropertyValueSpecification","valueRequired":true,"valueName":"search_term_string"}}],"inLanguage":"en-US"},{"@type":"Organization","@id":"https:\/\/umecit.edu.pa\/#organization","name":"Umecit - University in Panama","url":"https:\/\/umecit.edu.pa\/","logo":{"@type":"ImageObject","inLanguage":"en-US","@id":"https:\/\/umecit.edu.pa\/#\/schema\/logo\/image\/","url":"https:\/\/umecit.edu.pa\/wp-content\/uploads\/2022\/06\/panama-7.jpg","contentUrl":"https:\/\/umecit.edu.pa\/wp-content\/uploads\/2022\/06\/panama-7.jpg","width":1200,"height":800,"caption":"Umecit - Universidad en Panam\u00e1"},"image":{"@id":"https:\/\/umecit.edu.pa\/#\/schema\/logo\/image\/"},"sameAs":["https:\/\/www.facebook.com\/umecitpanama\/","https:\/\/x.com\/umecitpanama","https:\/\/www.tiktok.com\/@umecit","https:\/\/www.instagram.com\/umecit\/","https:\/\/www.youtube.com\/channel\/UCP9iXFXi4p_EW_p9p6lprhg"]},{"@type":"Person","@id":"https:\/\/umecit.edu.pa\/#\/schema\/person\/b2c0d29c839513d3464f9c9e1f3e6f69","name":"umecit marketing","image":{"@type":"ImageObject","inLanguage":"en-US","@id":"https:\/\/umecit.edu.pa\/#\/schema\/person\/image\/","url":"https:\/\/secure.gravatar.com\/avatar\/4bd79a51f57922b8709c7f62c99ce71611fc5526021ce2d15534b9ae452e6a1c?s=96&d=mm&r=g","contentUrl":"https:\/\/secure.gravatar.com\/avatar\/4bd79a51f57922b8709c7f62c99ce71611fc5526021ce2d15534b9ae452e6a1c?s=96&d=mm&r=g","caption":"mercadeo umecit"},"url":"https:\/\/umecit.edu.pa\/en\/author\/mercadeo\/"}]}},"_links":{"self":[{"href":"https:\/\/umecit.edu.pa\/en\/wp-json\/wp\/v2\/posts\/67483","targetHints":{"allow":["GET"]}}],"collection":[{"href":"https:\/\/umecit.edu.pa\/en\/wp-json\/wp\/v2\/posts"}],"about":[{"href":"https:\/\/umecit.edu.pa\/en\/wp-json\/wp\/v2\/types\/post"}],"author":[{"embeddable":true,"href":"https:\/\/umecit.edu.pa\/en\/wp-json\/wp\/v2\/users\/695"}],"replies":[{"embeddable":true,"href":"https:\/\/umecit.edu.pa\/en\/wp-json\/wp\/v2\/comments?post=67483"}],"version-history":[{"count":0,"href":"https:\/\/umecit.edu.pa\/en\/wp-json\/wp\/v2\/posts\/67483\/revisions"}],"wp:featuredmedia":[{"embeddable":true,"href":"https:\/\/umecit.edu.pa\/en\/wp-json\/wp\/v2\/media\/67485"}],"wp:attachment":[{"href":"https:\/\/umecit.edu.pa\/en\/wp-json\/wp\/v2\/media?parent=67483"}],"wp:term":[{"taxonomy":"category","embeddable":true,"href":"https:\/\/umecit.edu.pa\/en\/wp-json\/wp\/v2\/categories?post=67483"},{"taxonomy":"post_tag","embeddable":true,"href":"https:\/\/umecit.edu.pa\/en\/wp-json\/wp\/v2\/tags?post=67483"}],"curies":[{"name":"wp","href":"https:\/\/api.w.org\/{rel}","templated":true}]}}