{"id":67469,"date":"2023-04-27T15:52:53","date_gmt":"2023-04-27T20:52:53","guid":{"rendered":"https:\/\/umecit.edu.pa\/?p=67469"},"modified":"2023-04-27T15:56:45","modified_gmt":"2023-04-27T20:56:45","slug":"por-un-panama-oeste-verde-solidario-y-sostenible","status":"publish","type":"post","link":"https:\/\/umecit.edu.pa\/en\/por-un-panama-oeste-verde-solidario-y-sostenible\/","title":{"rendered":"For a Green, Solidarity and Sustainable Panama West"},"content":{"rendered":"<div data-elementor-type=\"wp-post\" data-elementor-id=\"67469\" class=\"elementor elementor-67469\" data-elementor-post-type=\"post\">\n\t\t\t\t\t\t<section class=\"elementor-section elementor-top-section elementor-element elementor-element-28101e17 elementor-section-boxed elementor-section-height-default elementor-section-height-default row-top\" data-id=\"28101e17\" data-element_type=\"section\" data-e-type=\"section\">\n\t\t\t\t\t\t<div class=\"elementor-container elementor-column-gap-default\">\n\t\t\t\t\t<div class=\"elementor-column elementor-col-100 elementor-top-column elementor-element elementor-element-2144d551 column-style-top\" data-id=\"2144d551\" data-element_type=\"column\" data-e-type=\"column\">\n\t\t\t<div class=\"elementor-widget-wrap elementor-element-populated\">\n\t\t\t\t\t\t<div class=\"elementor-element elementor-element-d5e8249 elementor-widget elementor-widget-text-editor\" data-id=\"d5e8249\" data-element_type=\"widget\" data-e-type=\"widget\" data-widget_type=\"text-editor.default\">\n\t\t\t\t<div class=\"elementor-widget-container\">\n\t\t\t\t\t\t\t\t\t<p>Last Saturday, February 11, the Extension Coordination of the La Chorrera Campus of our House of Studies, together with students from the Occupational Safety and Health Degree, Social Work and Human Development and Business Administration Degree, participated in the Recycling Day organized by the organization for the conservation of the environment.<br \/>The event took place at the Gazebo of Parque Libertador in La Chorrera, under the motto &quot;For a Green, Solidarity and Sustainable Panama West.&quot; The day consisted of collecting various materials for subsequent recycling, such as vegetable oil, cardboard, Tetra Pak, aluminum cans, paper, electronic waste, glass, cans, motor oil, plastic, batteries, love bottles , ferrous and non-ferrous metals.<br \/>The main objective of this activity was to raise awareness among the entire university community about the great importance of recycling for the care of our natural resources and to show compliance with the Sustainable Development Goals.<br \/>The participation of students from different degrees allowed integration and collaboration in a common project, in addition to promoting environmental education and fostering sustainable development.<br \/>In conclusion, the recycling activity carried out by the Extension Coordination of the La Chorrera Campus of the University, together with students from various degrees, was an important initiative to promote awareness of the importance of recycling and the care of our resources. natural resources, and show commitment to the Sustainable Development Goals.<\/p>\t\t\t\t\t\t\t\t<\/div>\n\t\t\t\t<\/div>\n\t\t\t\t\t<\/div>\n\t\t<\/div>\n\t\t\t\t\t<\/div>\n\t\t<\/section>\n\t\t\t\t<section class=\"elementor-section elementor-top-section elementor-element elementor-element-b8262b9 elementor-section-boxed elementor-section-height-default elementor-section-height-default row-top\" data-id=\"b8262b9\" data-element_type=\"section\" data-e-type=\"section\">\n\t\t\t\t\t\t<div class=\"elementor-container elementor-column-gap-default\">\n\t\t\t\t\t<div class=\"elementor-column elementor-col-100 elementor-top-column elementor-element elementor-element-6d9a6bd column-style-top\" data-id=\"6d9a6bd\" data-element_type=\"column\" data-e-type=\"column\">\n\t\t\t<div class=\"elementor-widget-wrap elementor-element-populated\">\n\t\t\t\t\t\t<div class=\"elementor-element elementor-element-8606d6f elementor-widget elementor-widget-image-gallery\" data-id=\"8606d6f\" data-element_type=\"widget\" data-e-type=\"widget\" data-widget_type=\"image-gallery.default\">\n\t\t\t\t<div class=\"elementor-widget-container\">\n\t\t\t\t\t\t\t<div class=\"elementor-image-gallery\">\n\t\t\t\n\t\t<style type=\"text\/css\">\n\t\t\t#gallery-1 {\n\t\t\t\tmargin: auto;\n\t\t\t}\n\t\t\t#gallery-1 .gallery-item {\n\t\t\t\tfloat: left;\n\t\t\t\tmargin-top: 10px;\n\t\t\t\ttext-align: center;\n\t\t\t\twidth: 33%;\n\t\t\t}\n\t\t\t#gallery-1 img {\n\t\t\t\tborder: 2px solid #cfcfcf;\n\t\t\t}\n\t\t\t#gallery-1 .gallery-caption {\n\t\t\t\tmargin-left: 0;\n\t\t\t}\n\t\t\t\/* see gallery_shortcode() in wp-includes\/media.php *\/\n\t\t<\/style>\n\t\t<div id='gallery-1' class='gallery galleryid-67469 gallery-columns-3 gallery-size-medium'><dl class='gallery-item'>\n\t\t\t<dt class='gallery-icon landscape'>\n\t\t\t\t<a data-elementor-open-lightbox=\"yes\" data-elementor-lightbox-slideshow=\"8606d6f\" data-elementor-lightbox-title=\"1676143855781\" data-e-action-hash=\"#elementor-action%3Aaction%3Dlightbox%26settings%3DeyJpZCI6Njc0NzYsInVybCI6Imh0dHBzOlwvXC91bWVjaXQuZWR1LnBhXC93cC1jb250ZW50XC91cGxvYWRzXC8yMDIzXC8wNFwvMTY3NjE0Mzg1NTc4MS1zY2FsZWQuanBnIiwic2xpZGVzaG93IjoiODYwNmQ2ZiJ9\" href='https:\/\/umecit.edu.pa\/wp-content\/uploads\/2023\/04\/1676143855781-scaled.jpg'><img fetchpriority=\"high\" decoding=\"async\" width=\"600\" height=\"600\" src=\"https:\/\/umecit.edu.pa\/wp-content\/uploads\/2023\/04\/1676143855781-600x600.jpg\" class=\"attachment-medium size-medium\" alt=\"\" srcset=\"https:\/\/umecit.edu.pa\/wp-content\/uploads\/2023\/04\/1676143855781-600x600.jpg 600w, https:\/\/umecit.edu.pa\/wp-content\/uploads\/2023\/04\/1676143855781-180x180.jpg 180w\" sizes=\"(max-width: 600px) 100vw, 600px\" \/><\/a>\n\t\t\t<\/dt><\/dl><dl class='gallery-item'>\n\t\t\t<dt class='gallery-icon landscape'>\n\t\t\t\t<a data-elementor-open-lightbox=\"yes\" data-elementor-lightbox-slideshow=\"8606d6f\" data-elementor-lightbox-title=\"1676143855673\" data-e-action-hash=\"#elementor-action%3Aaction%3Dlightbox%26settings%3DeyJpZCI6Njc0NzQsInVybCI6Imh0dHBzOlwvXC91bWVjaXQuZWR1LnBhXC93cC1jb250ZW50XC91cGxvYWRzXC8yMDIzXC8wNFwvMTY3NjE0Mzg1NTY3My5qcGciLCJzbGlkZXNob3ciOiI4NjA2ZDZmIn0%3D\" href='https:\/\/umecit.edu.pa\/wp-content\/uploads\/2023\/04\/1676143855673.jpg'><img decoding=\"async\" width=\"600\" height=\"600\" src=\"https:\/\/umecit.edu.pa\/wp-content\/uploads\/2023\/04\/1676143855673-600x600.jpg\" class=\"attachment-medium size-medium\" alt=\"\" srcset=\"https:\/\/umecit.edu.pa\/wp-content\/uploads\/2023\/04\/1676143855673-600x600.jpg 600w, https:\/\/umecit.edu.pa\/wp-content\/uploads\/2023\/04\/1676143855673-180x180.jpg 180w\" sizes=\"(max-width: 600px) 100vw, 600px\" \/><\/a>\n\t\t\t<\/dt><\/dl><dl class='gallery-item'>\n\t\t\t<dt class='gallery-icon landscape'>\n\t\t\t\t<a data-elementor-open-lightbox=\"yes\" data-elementor-lightbox-slideshow=\"8606d6f\" data-elementor-lightbox-title=\"1676143855709\" data-e-action-hash=\"#elementor-action%3Aaction%3Dlightbox%26settings%3DeyJpZCI6Njc0NzUsInVybCI6Imh0dHBzOlwvXC91bWVjaXQuZWR1LnBhXC93cC1jb250ZW50XC91cGxvYWRzXC8yMDIzXC8wNFwvMTY3NjE0Mzg1NTcwOS5qcGciLCJzbGlkZXNob3ciOiI4NjA2ZDZmIn0%3D\" href='https:\/\/umecit.edu.pa\/wp-content\/uploads\/2023\/04\/1676143855709.jpg'><img decoding=\"async\" width=\"600\" height=\"600\" src=\"https:\/\/umecit.edu.pa\/wp-content\/uploads\/2023\/04\/1676143855709-600x600.jpg\" class=\"attachment-medium size-medium\" alt=\"\" srcset=\"https:\/\/umecit.edu.pa\/wp-content\/uploads\/2023\/04\/1676143855709-600x600.jpg 600w, https:\/\/umecit.edu.pa\/wp-content\/uploads\/2023\/04\/1676143855709-180x180.jpg 180w\" sizes=\"(max-width: 600px) 100vw, 600px\" \/><\/a>\n\t\t\t<\/dt><\/dl><br style=\"clear: both\" \/><dl class='gallery-item'>\n\t\t\t<dt class='gallery-icon landscape'>\n\t\t\t\t<a data-elementor-open-lightbox=\"yes\" data-elementor-lightbox-slideshow=\"8606d6f\" data-elementor-lightbox-title=\"1676143855661\" data-e-action-hash=\"#elementor-action%3Aaction%3Dlightbox%26settings%3DeyJpZCI6Njc0NzcsInVybCI6Imh0dHBzOlwvXC91bWVjaXQuZWR1LnBhXC93cC1jb250ZW50XC91cGxvYWRzXC8yMDIzXC8wNFwvMTY3NjE0Mzg1NTY2MS5qcGciLCJzbGlkZXNob3ciOiI4NjA2ZDZmIn0%3D\" href='https:\/\/umecit.edu.pa\/wp-content\/uploads\/2023\/04\/1676143855661.jpg'><img loading=\"lazy\" decoding=\"async\" width=\"600\" height=\"600\" src=\"https:\/\/umecit.edu.pa\/wp-content\/uploads\/2023\/04\/1676143855661-600x600.jpg\" class=\"attachment-medium size-medium\" alt=\"\" srcset=\"https:\/\/umecit.edu.pa\/wp-content\/uploads\/2023\/04\/1676143855661-600x600.jpg 600w, https:\/\/umecit.edu.pa\/wp-content\/uploads\/2023\/04\/1676143855661-180x180.jpg 180w\" sizes=\"(max-width: 600px) 100vw, 600px\" \/><\/a>\n\t\t\t<\/dt><\/dl><dl class='gallery-item'>\n\t\t\t<dt class='gallery-icon landscape'>\n\t\t\t\t<a data-elementor-open-lightbox=\"yes\" data-elementor-lightbox-slideshow=\"8606d6f\" data-elementor-lightbox-title=\"1676143855741\" data-e-action-hash=\"#elementor-action%3Aaction%3Dlightbox%26settings%3DeyJpZCI6Njc0NzgsInVybCI6Imh0dHBzOlwvXC91bWVjaXQuZWR1LnBhXC93cC1jb250ZW50XC91cGxvYWRzXC8yMDIzXC8wNFwvMTY3NjE0Mzg1NTc0MS5qcGciLCJzbGlkZXNob3ciOiI4NjA2ZDZmIn0%3D\" href='https:\/\/umecit.edu.pa\/wp-content\/uploads\/2023\/04\/1676143855741.jpg'><img loading=\"lazy\" decoding=\"async\" width=\"600\" height=\"600\" src=\"https:\/\/umecit.edu.pa\/wp-content\/uploads\/2023\/04\/1676143855741-600x600.jpg\" class=\"attachment-medium size-medium\" alt=\"\" srcset=\"https:\/\/umecit.edu.pa\/wp-content\/uploads\/2023\/04\/1676143855741-600x600.jpg 600w, https:\/\/umecit.edu.pa\/wp-content\/uploads\/2023\/04\/1676143855741-180x180.jpg 180w\" sizes=\"(max-width: 600px) 100vw, 600px\" \/><\/a>\n\t\t\t<\/dt><\/dl><dl class='gallery-item'>\n\t\t\t<dt class='gallery-icon landscape'>\n\t\t\t\t<a data-elementor-open-lightbox=\"yes\" data-elementor-lightbox-slideshow=\"8606d6f\" data-elementor-lightbox-title=\"1676143855685\" data-e-action-hash=\"#elementor-action%3Aaction%3Dlightbox%26settings%3DeyJpZCI6Njc0NzksInVybCI6Imh0dHBzOlwvXC91bWVjaXQuZWR1LnBhXC93cC1jb250ZW50XC91cGxvYWRzXC8yMDIzXC8wNFwvMTY3NjE0Mzg1NTY4NS5qcGciLCJzbGlkZXNob3ciOiI4NjA2ZDZmIn0%3D\" href='https:\/\/umecit.edu.pa\/wp-content\/uploads\/2023\/04\/1676143855685.jpg'><img loading=\"lazy\" decoding=\"async\" width=\"600\" height=\"600\" src=\"https:\/\/umecit.edu.pa\/wp-content\/uploads\/2023\/04\/1676143855685-600x600.jpg\" class=\"attachment-medium size-medium\" alt=\"\" srcset=\"https:\/\/umecit.edu.pa\/wp-content\/uploads\/2023\/04\/1676143855685-600x600.jpg 600w, https:\/\/umecit.edu.pa\/wp-content\/uploads\/2023\/04\/1676143855685-180x180.jpg 180w\" sizes=\"(max-width: 600px) 100vw, 600px\" \/><\/a>\n\t\t\t<\/dt><\/dl><br style=\"clear: both\" \/>\n\t\t<\/div>\n\t\t<\/div>\n\t\t\t\t\t\t<\/div>\n\t\t\t\t<\/div>\n\t\t\t\t\t<\/div>\n\t\t<\/div>\n\t\t\t\t\t<\/div>\n\t\t<\/section>\n\t\t\t\t<\/div>","protected":false},"excerpt":{"rendered":"<p>The Metropolitan University of Education, Science and Technology -UMECIT- delivered the Adjusted Institutional Improvement Plan<\/p>","protected":false},"author":695,"featured_media":67471,"comment_status":"closed","ping_status":"closed","sticky":false,"template":"","format":"standard","meta":{"footnotes":""},"categories":[203],"tags":[116],"class_list":["post-67469","post","type-post","status-publish","format-standard","has-post-thumbnail","hentry","category-reacreditacion-licenciatura-en-psicologia-general","tag-eventos"],"yoast_head":"<!-- This site is optimized with the Yoast SEO plugin v27.1.1 - https:\/\/yoast.com\/product\/yoast-seo-wordpress\/ -->\n<title>Por un Panam\u00e1 Oeste Verde, Solidario y Sostenible<\/title>\n<meta name=\"description\" content=\"El pasado s\u00e1bado, 11 de Febrero, la Coordinaci\u00f3n de Extensi\u00f3n de la Sede La Chorrera de nuestra Casa de Estudios, en conjunto con estudiantes de la Licenciatura en Seguridad y Salud Ocupacional, Licenciatura en Trabajo Social y Desarrollo Humano y Administraci\u00f3n de Negocios, participaron en la Jornada de Reciclaje organizada por la organizaci\u00f3n para la conservaci\u00f3n del medio ambiente.\" \/>\n<meta name=\"robots\" content=\"index, follow, max-snippet:-1, max-image-preview:large, max-video-preview:-1\" \/>\n<link rel=\"canonical\" href=\"https:\/\/umecit.edu.pa\/en\/por-un-panama-oeste-verde-solidario-y-sostenible\/\" \/>\n<meta property=\"og:locale\" content=\"en_US\" \/>\n<meta property=\"og:type\" content=\"article\" \/>\n<meta property=\"og:title\" content=\"Por un Panam\u00e1 Oeste Verde, Solidario y Sostenible\" \/>\n<meta property=\"og:description\" content=\"El pasado s\u00e1bado, 11 de Febrero, la Coordinaci\u00f3n de Extensi\u00f3n de la Sede La Chorrera de nuestra Casa de Estudios, en conjunto con estudiantes de la Licenciatura en Seguridad y Salud Ocupacional, Licenciatura en Trabajo Social y Desarrollo Humano y Administraci\u00f3n de Negocios, participaron en la Jornada de Reciclaje organizada por la organizaci\u00f3n para la conservaci\u00f3n del medio ambiente.\" \/>\n<meta property=\"og:url\" content=\"https:\/\/umecit.edu.pa\/en\/por-un-panama-oeste-verde-solidario-y-sostenible\/\" \/>\n<meta property=\"og:site_name\" content=\"Umecit - Universidad en Panam\u00e1\" \/>\n<meta property=\"article:publisher\" content=\"https:\/\/www.facebook.com\/umecitpanama\/\" \/>\n<meta property=\"article:published_time\" content=\"2023-04-27T20:52:53+00:00\" \/>\n<meta property=\"article:modified_time\" content=\"2023-04-27T20:56:45+00:00\" \/>\n<meta property=\"og:image\" content=\"https:\/\/umecit.edu.pa\/wp-content\/uploads\/2023\/04\/1676143855751.jpg\" \/>\n\t<meta property=\"og:image:width\" content=\"1600\" \/>\n\t<meta property=\"og:image:height\" content=\"1200\" \/>\n\t<meta property=\"og:image:type\" content=\"image\/jpeg\" \/>\n<meta name=\"author\" content=\"mercadeo umecit\" \/>\n<meta name=\"twitter:card\" content=\"summary_large_image\" \/>\n<meta name=\"twitter:creator\" content=\"@umecitpanama\" \/>\n<meta name=\"twitter:site\" content=\"@umecitpanama\" \/>\n<meta name=\"twitter:label1\" content=\"Written by\" \/>\n\t<meta name=\"twitter:data1\" content=\"mercadeo umecit\" \/>\n\t<meta name=\"twitter:label2\" content=\"Est. reading time\" \/>\n\t<meta name=\"twitter:data2\" content=\"3 minutes\" \/>\n<script type=\"application\/ld+json\" class=\"yoast-schema-graph\">{\"@context\":\"https:\/\/schema.org\",\"@graph\":[{\"@type\":\"Article\",\"@id\":\"https:\/\/umecit.edu.pa\/en\/por-un-panama-oeste-verde-solidario-y-sostenible\/#article\",\"isPartOf\":{\"@id\":\"https:\/\/umecit.edu.pa\/en\/por-un-panama-oeste-verde-solidario-y-sostenible\/\"},\"author\":{\"name\":\"mercadeo umecit\",\"@id\":\"https:\/\/umecit.edu.pa\/#\/schema\/person\/b2c0d29c839513d3464f9c9e1f3e6f69\"},\"headline\":\"Por un Panam\u00e1 Oeste Verde, Solidario y Sostenible\",\"datePublished\":\"2023-04-27T20:52:53+00:00\",\"dateModified\":\"2023-04-27T20:56:45+00:00\",\"mainEntityOfPage\":{\"@id\":\"https:\/\/umecit.edu.pa\/en\/por-un-panama-oeste-verde-solidario-y-sostenible\/\"},\"wordCount\":279,\"publisher\":{\"@id\":\"https:\/\/umecit.edu.pa\/#organization\"},\"image\":{\"@id\":\"https:\/\/umecit.edu.pa\/en\/por-un-panama-oeste-verde-solidario-y-sostenible\/#primaryimage\"},\"thumbnailUrl\":\"https:\/\/umecit.edu.pa\/wp-content\/uploads\/2023\/04\/1676143855751.jpg\",\"keywords\":[\"Eventos\"],\"articleSection\":[\"Reacreditaci\u00f3n Licenciatura en Psicolog\u00eda General\"],\"inLanguage\":\"en-US\"},{\"@type\":\"WebPage\",\"@id\":\"https:\/\/umecit.edu.pa\/en\/por-un-panama-oeste-verde-solidario-y-sostenible\/\",\"url\":\"https:\/\/umecit.edu.pa\/en\/por-un-panama-oeste-verde-solidario-y-sostenible\/\",\"name\":\"Por un Panam\u00e1 Oeste Verde, Solidario y Sostenible\",\"isPartOf\":{\"@id\":\"https:\/\/umecit.edu.pa\/#website\"},\"primaryImageOfPage\":{\"@id\":\"https:\/\/umecit.edu.pa\/en\/por-un-panama-oeste-verde-solidario-y-sostenible\/#primaryimage\"},\"image\":{\"@id\":\"https:\/\/umecit.edu.pa\/en\/por-un-panama-oeste-verde-solidario-y-sostenible\/#primaryimage\"},\"thumbnailUrl\":\"https:\/\/umecit.edu.pa\/wp-content\/uploads\/2023\/04\/1676143855751.jpg\",\"datePublished\":\"2023-04-27T20:52:53+00:00\",\"dateModified\":\"2023-04-27T20:56:45+00:00\",\"description\":\"El pasado s\u00e1bado, 11 de Febrero, la Coordinaci\u00f3n de Extensi\u00f3n de la Sede La Chorrera de nuestra Casa de Estudios, en conjunto con estudiantes de la Licenciatura en Seguridad y Salud Ocupacional, Licenciatura en Trabajo Social y Desarrollo Humano y Administraci\u00f3n de Negocios, participaron en la Jornada de Reciclaje organizada por la organizaci\u00f3n para la conservaci\u00f3n del medio ambiente.\",\"breadcrumb\":{\"@id\":\"https:\/\/umecit.edu.pa\/en\/por-un-panama-oeste-verde-solidario-y-sostenible\/#breadcrumb\"},\"inLanguage\":\"en-US\",\"potentialAction\":[{\"@type\":\"ReadAction\",\"target\":[\"https:\/\/umecit.edu.pa\/en\/por-un-panama-oeste-verde-solidario-y-sostenible\/\"]}]},{\"@type\":\"ImageObject\",\"inLanguage\":\"en-US\",\"@id\":\"https:\/\/umecit.edu.pa\/en\/por-un-panama-oeste-verde-solidario-y-sostenible\/#primaryimage\",\"url\":\"https:\/\/umecit.edu.pa\/wp-content\/uploads\/2023\/04\/1676143855751.jpg\",\"contentUrl\":\"https:\/\/umecit.edu.pa\/wp-content\/uploads\/2023\/04\/1676143855751.jpg\",\"width\":1600,\"height\":1200},{\"@type\":\"BreadcrumbList\",\"@id\":\"https:\/\/umecit.edu.pa\/en\/por-un-panama-oeste-verde-solidario-y-sostenible\/#breadcrumb\",\"itemListElement\":[{\"@type\":\"ListItem\",\"position\":1,\"name\":\"Portada\",\"item\":\"https:\/\/44.206.156.148\/\"},{\"@type\":\"ListItem\",\"position\":2,\"name\":\"Por un Panam\u00e1 Oeste Verde, Solidario y Sostenible\"}]},{\"@type\":\"WebSite\",\"@id\":\"https:\/\/umecit.edu.pa\/#website\",\"url\":\"https:\/\/umecit.edu.pa\/\",\"name\":\"Umecit - Universidad en Panam\u00e1\",\"description\":\"Universidad Metropolitana de Educaci\u00f3n, Ciencia y Tecnolog\u00eda\",\"publisher\":{\"@id\":\"https:\/\/umecit.edu.pa\/#organization\"},\"potentialAction\":[{\"@type\":\"SearchAction\",\"target\":{\"@type\":\"EntryPoint\",\"urlTemplate\":\"https:\/\/umecit.edu.pa\/?s={search_term_string}\"},\"query-input\":{\"@type\":\"PropertyValueSpecification\",\"valueRequired\":true,\"valueName\":\"search_term_string\"}}],\"inLanguage\":\"en-US\"},{\"@type\":\"Organization\",\"@id\":\"https:\/\/umecit.edu.pa\/#organization\",\"name\":\"Umecit - Universidad en Panam\u00e1\",\"url\":\"https:\/\/umecit.edu.pa\/\",\"logo\":{\"@type\":\"ImageObject\",\"inLanguage\":\"en-US\",\"@id\":\"https:\/\/umecit.edu.pa\/#\/schema\/logo\/image\/\",\"url\":\"https:\/\/umecit.edu.pa\/wp-content\/uploads\/2022\/06\/panama-7.jpg\",\"contentUrl\":\"https:\/\/umecit.edu.pa\/wp-content\/uploads\/2022\/06\/panama-7.jpg\",\"width\":1200,\"height\":800,\"caption\":\"Umecit - Universidad en Panam\u00e1\"},\"image\":{\"@id\":\"https:\/\/umecit.edu.pa\/#\/schema\/logo\/image\/\"},\"sameAs\":[\"https:\/\/www.facebook.com\/umecitpanama\/\",\"https:\/\/x.com\/umecitpanama\",\"https:\/\/www.tiktok.com\/@umecit\",\"https:\/\/www.instagram.com\/umecit\/\",\"https:\/\/www.youtube.com\/channel\/UCP9iXFXi4p_EW_p9p6lprhg\"]},{\"@type\":\"Person\",\"@id\":\"https:\/\/umecit.edu.pa\/#\/schema\/person\/b2c0d29c839513d3464f9c9e1f3e6f69\",\"name\":\"mercadeo umecit\",\"image\":{\"@type\":\"ImageObject\",\"inLanguage\":\"en-US\",\"@id\":\"https:\/\/umecit.edu.pa\/#\/schema\/person\/image\/\",\"url\":\"https:\/\/secure.gravatar.com\/avatar\/4bd79a51f57922b8709c7f62c99ce71611fc5526021ce2d15534b9ae452e6a1c?s=96&d=mm&r=g\",\"contentUrl\":\"https:\/\/secure.gravatar.com\/avatar\/4bd79a51f57922b8709c7f62c99ce71611fc5526021ce2d15534b9ae452e6a1c?s=96&d=mm&r=g\",\"caption\":\"mercadeo umecit\"},\"url\":\"https:\/\/umecit.edu.pa\/en\/author\/mercadeo\/\"}]}<\/script>\n<!-- \/ Yoast SEO plugin. -->","yoast_head_json":{"title":"For a Green, Solidarity and Sustainable Panama West","description":"Last Saturday, February 11, the Extension Coordination of the La Chorrera Campus of our House of Studies, together with students from the Occupational Safety and Health Degree, Social Work and Human Development and Business Administration Degree, participated in the Recycling Day organized by the organization for the conservation of the environment.","robots":{"index":"index","follow":"follow","max-snippet":"max-snippet:-1","max-image-preview":"max-image-preview:large","max-video-preview":"max-video-preview:-1"},"canonical":"https:\/\/umecit.edu.pa\/en\/por-un-panama-oeste-verde-solidario-y-sostenible\/","og_locale":"en_US","og_type":"article","og_title":"Por un Panam\u00e1 Oeste Verde, Solidario y Sostenible","og_description":"El pasado s\u00e1bado, 11 de Febrero, la Coordinaci\u00f3n de Extensi\u00f3n de la Sede La Chorrera de nuestra Casa de Estudios, en conjunto con estudiantes de la Licenciatura en Seguridad y Salud Ocupacional, Licenciatura en Trabajo Social y Desarrollo Humano y Administraci\u00f3n de Negocios, participaron en la Jornada de Reciclaje organizada por la organizaci\u00f3n para la conservaci\u00f3n del medio ambiente.","og_url":"https:\/\/umecit.edu.pa\/en\/por-un-panama-oeste-verde-solidario-y-sostenible\/","og_site_name":"Umecit - Universidad en Panam\u00e1","article_publisher":"https:\/\/www.facebook.com\/umecitpanama\/","article_published_time":"2023-04-27T20:52:53+00:00","article_modified_time":"2023-04-27T20:56:45+00:00","og_image":[{"width":1600,"height":1200,"url":"https:\/\/umecit.edu.pa\/wp-content\/uploads\/2023\/04\/1676143855751.jpg","type":"image\/jpeg"}],"author":"mercadeo umecit","twitter_card":"summary_large_image","twitter_creator":"@umecitpanama","twitter_site":"@umecitpanama","twitter_misc":{"Written by":"mercadeo umecit","Est. reading time":"3 minutes"},"schema":{"@context":"https:\/\/schema.org","@graph":[{"@type":"Article","@id":"https:\/\/umecit.edu.pa\/en\/por-un-panama-oeste-verde-solidario-y-sostenible\/#article","isPartOf":{"@id":"https:\/\/umecit.edu.pa\/en\/por-un-panama-oeste-verde-solidario-y-sostenible\/"},"author":{"name":"mercadeo umecit","@id":"https:\/\/umecit.edu.pa\/#\/schema\/person\/b2c0d29c839513d3464f9c9e1f3e6f69"},"headline":"Por un Panam\u00e1 Oeste Verde, Solidario y Sostenible","datePublished":"2023-04-27T20:52:53+00:00","dateModified":"2023-04-27T20:56:45+00:00","mainEntityOfPage":{"@id":"https:\/\/umecit.edu.pa\/en\/por-un-panama-oeste-verde-solidario-y-sostenible\/"},"wordCount":279,"publisher":{"@id":"https:\/\/umecit.edu.pa\/#organization"},"image":{"@id":"https:\/\/umecit.edu.pa\/en\/por-un-panama-oeste-verde-solidario-y-sostenible\/#primaryimage"},"thumbnailUrl":"https:\/\/umecit.edu.pa\/wp-content\/uploads\/2023\/04\/1676143855751.jpg","keywords":["Eventos"],"articleSection":["Reacreditaci\u00f3n Licenciatura en Psicolog\u00eda General"],"inLanguage":"en-US"},{"@type":"WebPage","@id":"https:\/\/umecit.edu.pa\/en\/por-un-panama-oeste-verde-solidario-y-sostenible\/","url":"https:\/\/umecit.edu.pa\/en\/por-un-panama-oeste-verde-solidario-y-sostenible\/","name":"For a Green, Solidarity and Sustainable Panama West","isPartOf":{"@id":"https:\/\/umecit.edu.pa\/#website"},"primaryImageOfPage":{"@id":"https:\/\/umecit.edu.pa\/en\/por-un-panama-oeste-verde-solidario-y-sostenible\/#primaryimage"},"image":{"@id":"https:\/\/umecit.edu.pa\/en\/por-un-panama-oeste-verde-solidario-y-sostenible\/#primaryimage"},"thumbnailUrl":"https:\/\/umecit.edu.pa\/wp-content\/uploads\/2023\/04\/1676143855751.jpg","datePublished":"2023-04-27T20:52:53+00:00","dateModified":"2023-04-27T20:56:45+00:00","description":"Last Saturday, February 11, the Extension Coordination of the La Chorrera Campus of our House of Studies, together with students from the Occupational Safety and Health Degree, Social Work and Human Development and Business Administration Degree, participated in the Recycling Day organized by the organization for the conservation of the environment.","breadcrumb":{"@id":"https:\/\/umecit.edu.pa\/en\/por-un-panama-oeste-verde-solidario-y-sostenible\/#breadcrumb"},"inLanguage":"en-US","potentialAction":[{"@type":"ReadAction","target":["https:\/\/umecit.edu.pa\/en\/por-un-panama-oeste-verde-solidario-y-sostenible\/"]}]},{"@type":"ImageObject","inLanguage":"en-US","@id":"https:\/\/umecit.edu.pa\/en\/por-un-panama-oeste-verde-solidario-y-sostenible\/#primaryimage","url":"https:\/\/umecit.edu.pa\/wp-content\/uploads\/2023\/04\/1676143855751.jpg","contentUrl":"https:\/\/umecit.edu.pa\/wp-content\/uploads\/2023\/04\/1676143855751.jpg","width":1600,"height":1200},{"@type":"BreadcrumbList","@id":"https:\/\/umecit.edu.pa\/en\/por-un-panama-oeste-verde-solidario-y-sostenible\/#breadcrumb","itemListElement":[{"@type":"ListItem","position":1,"name":"Portada","item":"https:\/\/44.206.156.148\/"},{"@type":"ListItem","position":2,"name":"Por un Panam\u00e1 Oeste Verde, Solidario y Sostenible"}]},{"@type":"WebSite","@id":"https:\/\/umecit.edu.pa\/#website","url":"https:\/\/umecit.edu.pa\/","name":"Umecit - University in Panama","description":"Metropolitan University of Education, Science and Technology","publisher":{"@id":"https:\/\/umecit.edu.pa\/#organization"},"potentialAction":[{"@type":"SearchAction","target":{"@type":"EntryPoint","urlTemplate":"https:\/\/umecit.edu.pa\/?s={search_term_string}"},"query-input":{"@type":"PropertyValueSpecification","valueRequired":true,"valueName":"search_term_string"}}],"inLanguage":"en-US"},{"@type":"Organization","@id":"https:\/\/umecit.edu.pa\/#organization","name":"Umecit - University in Panama","url":"https:\/\/umecit.edu.pa\/","logo":{"@type":"ImageObject","inLanguage":"en-US","@id":"https:\/\/umecit.edu.pa\/#\/schema\/logo\/image\/","url":"https:\/\/umecit.edu.pa\/wp-content\/uploads\/2022\/06\/panama-7.jpg","contentUrl":"https:\/\/umecit.edu.pa\/wp-content\/uploads\/2022\/06\/panama-7.jpg","width":1200,"height":800,"caption":"Umecit - Universidad en Panam\u00e1"},"image":{"@id":"https:\/\/umecit.edu.pa\/#\/schema\/logo\/image\/"},"sameAs":["https:\/\/www.facebook.com\/umecitpanama\/","https:\/\/x.com\/umecitpanama","https:\/\/www.tiktok.com\/@umecit","https:\/\/www.instagram.com\/umecit\/","https:\/\/www.youtube.com\/channel\/UCP9iXFXi4p_EW_p9p6lprhg"]},{"@type":"Person","@id":"https:\/\/umecit.edu.pa\/#\/schema\/person\/b2c0d29c839513d3464f9c9e1f3e6f69","name":"umecit marketing","image":{"@type":"ImageObject","inLanguage":"en-US","@id":"https:\/\/umecit.edu.pa\/#\/schema\/person\/image\/","url":"https:\/\/secure.gravatar.com\/avatar\/4bd79a51f57922b8709c7f62c99ce71611fc5526021ce2d15534b9ae452e6a1c?s=96&d=mm&r=g","contentUrl":"https:\/\/secure.gravatar.com\/avatar\/4bd79a51f57922b8709c7f62c99ce71611fc5526021ce2d15534b9ae452e6a1c?s=96&d=mm&r=g","caption":"mercadeo umecit"},"url":"https:\/\/umecit.edu.pa\/en\/author\/mercadeo\/"}]}},"_links":{"self":[{"href":"https:\/\/umecit.edu.pa\/en\/wp-json\/wp\/v2\/posts\/67469","targetHints":{"allow":["GET"]}}],"collection":[{"href":"https:\/\/umecit.edu.pa\/en\/wp-json\/wp\/v2\/posts"}],"about":[{"href":"https:\/\/umecit.edu.pa\/en\/wp-json\/wp\/v2\/types\/post"}],"author":[{"embeddable":true,"href":"https:\/\/umecit.edu.pa\/en\/wp-json\/wp\/v2\/users\/695"}],"replies":[{"embeddable":true,"href":"https:\/\/umecit.edu.pa\/en\/wp-json\/wp\/v2\/comments?post=67469"}],"version-history":[{"count":0,"href":"https:\/\/umecit.edu.pa\/en\/wp-json\/wp\/v2\/posts\/67469\/revisions"}],"wp:featuredmedia":[{"embeddable":true,"href":"https:\/\/umecit.edu.pa\/en\/wp-json\/wp\/v2\/media\/67471"}],"wp:attachment":[{"href":"https:\/\/umecit.edu.pa\/en\/wp-json\/wp\/v2\/media?parent=67469"}],"wp:term":[{"taxonomy":"category","embeddable":true,"href":"https:\/\/umecit.edu.pa\/en\/wp-json\/wp\/v2\/categories?post=67469"},{"taxonomy":"post_tag","embeddable":true,"href":"https:\/\/umecit.edu.pa\/en\/wp-json\/wp\/v2\/tags?post=67469"}],"curies":[{"name":"wp","href":"https:\/\/api.w.org\/{rel}","templated":true}]}}