{"id":32847,"date":"2022-08-16T14:52:41","date_gmt":"2022-08-16T19:52:41","guid":{"rendered":"https:\/\/nueva.umecit.edu.pa\/?p=32847"},"modified":"2022-11-03T16:45:26","modified_gmt":"2022-11-03T21:45:26","slug":"3er-aniversario-de-la-cuarentuna-universitaria-panama","status":"publish","type":"post","link":"https:\/\/umecit.edu.pa\/en\/3er-aniversario-de-la-cuarentuna-universitaria-panama\/","title":{"rendered":"Emotional event on the 3rd Anniversary of the Panama University Quarantine"},"content":{"rendered":"<div data-elementor-type=\"wp-post\" data-elementor-id=\"32847\" class=\"elementor elementor-32847\" data-elementor-post-type=\"post\">\n\t\t\t\t\t\t<section class=\"elementor-section elementor-top-section elementor-element elementor-element-28101e17 elementor-section-boxed elementor-section-height-default elementor-section-height-default row-top\" data-id=\"28101e17\" data-element_type=\"section\" data-e-type=\"section\">\n\t\t\t\t\t\t<div class=\"elementor-container elementor-column-gap-default\">\n\t\t\t\t\t<div class=\"elementor-column elementor-col-100 elementor-top-column elementor-element elementor-element-2144d551 column-style-top\" data-id=\"2144d551\" data-element_type=\"column\" data-e-type=\"column\">\n\t\t\t<div class=\"elementor-widget-wrap elementor-element-populated\">\n\t\t\t\t\t\t<div class=\"elementor-element elementor-element-d5e8249 elementor-widget elementor-widget-text-editor\" data-id=\"d5e8249\" data-element_type=\"widget\" data-e-type=\"widget\" data-widget_type=\"text-editor.default\">\n\t\t\t\t<div class=\"elementor-widget-container\">\n\t\t\t\t\t\t\t\t\t<p>Within the framework of the Celebration of the 503 years of the Panama La Vieja Foundation, a colorful, emotional and sound event was held in the Auditorium of the Metropolitan University of Education, Science and Technology - UMECIT- to commemorate the 3rd Anniversary of the University Quarantine of Panama.<\/p><p>Last Saturday, August 13, in our House of Studies, in partnership with UNESCA, the 3rd Anniversary of the University Quarantine of Panama was celebrated for the first time in person, with the participation of the Tunas of the University of Panama Federico Garc\u00eda Vallejo , Tuna de Egresados del Colegio La Salle, as International guests Tuna Ilusiones de Facatativ\u00e1 of Colombia @tuna_ilusiones.<\/p>\t\t\t\t\t\t\t\t<\/div>\n\t\t\t\t<\/div>\n\t\t\t\t<div class=\"elementor-element elementor-element-1127795 elementor-widget elementor-widget-gva-gallery\" data-id=\"1127795\" data-element_type=\"widget\" data-e-type=\"widget\" data-widget_type=\"gva-gallery.default\">\n\t\t\t\t<div class=\"elementor-widget-container\">\n\t\t\t\t\t<div class=\"gva-element-gva-gallery gva-element\">\r\n\t<div class=\"gva-gallery-carousel\">\r\n\t\t<div class=\"init-carousel-owl owl-carousel\" data-items=\"2\" data-items_lg=\"2\" data-items_md=\"2\" data-items_sm=\"2\" data-items_xs=\"1\" data-items_xx=\"1\" data-loop=\"1\" data-speed=\"800\" data-auto_play=\"1\" data-auto_play_speed=\"800\" data-auto_play_timeout=\"6000\" data-auto_play_hover=\"1\" data-navigation=\"1\" data-pagination=\"0\" data-mouse_drag=\"1\" data-touch_drag=\"1\" >\r\n\t\t\t<div class=\"item\">\r\n<div class=\"gallery-item\">\r\n\r\n               <div class=\"image\">\r\n            <img decoding=\"async\" src=\"https:\/\/umecit.edu.pa\/wp-content\/uploads\/2022\/09\/Emotivo-evento-en-el-3er-Aniversario-de-la-Cuarentuna-Universitaria-Panama\u0301-1.jpg\" alt=\"&lt;p style=&quot;padding-left: 10px; padding-right: 10px; font-size: 18px; font-weight: 400; font-family: &#039;Kumbh Sans&#039;; line-height: 20px;&quot;&gt;3er Aniversario de la Cuarentuna Universitaria Panam\u00e1&lt;\/p&gt;\" \/>  \r\n         <\/div>\r\n         <a class=\"photo-gallery\" href=\"http:\/\/nueva.umecit.edu.pa\/wp-content\/uploads\/2022\/09\/Emotivo-evento-en-el-3er-Aniversario-de-la-Cuarentuna-Universitaria-Panama\u0301-1.jpg\" data-elementor-lightbox-slideshow=\"gallery-ex53\"><\/a>\r\n      \r\n      <div class=\"image-content\">\r\n         <div class=\"content-inner\">\r\n                           <h3 class=\"title\"><p style=\"padding-left: 10px; padding-right: 10px; font-size: 18px; font-weight: 400; font-family: 'Kumbh Sans'; line-height: 20px;\">3rd Anniversary of the Panama University Forty<\/p><\/h3>\r\n                                 <\/div>   \r\n      <\/div>\r\n\r\n   <\/div>\r\n<\/div><div class=\"item\">\r\n<div class=\"gallery-item\">\r\n\r\n               <div class=\"image\">\r\n            <img decoding=\"async\" src=\"https:\/\/umecit.edu.pa\/wp-content\/uploads\/2022\/09\/Emotivo-evento-en-el-3er-Aniversario-de-la-Cuarentuna-Universitaria-Panama\u0301-2.jpg\" alt=\"\" \/>  \r\n         <\/div>\r\n         <a class=\"photo-gallery\" href=\"http:\/\/nueva.umecit.edu.pa\/wp-content\/uploads\/2022\/09\/Emotivo-evento-en-el-3er-Aniversario-de-la-Cuarentuna-Universitaria-Panama\u0301-2.jpg\" data-elementor-lightbox-slideshow=\"gallery-ex53\"><\/a>\r\n      \r\n      <div class=\"image-content\">\r\n         <div class=\"content-inner\">\r\n                                       <div class=\"sub-title\"><p style=\"padding-left: 10px; padding-right: 10px; font-size: 18px; font-weight: 400; font-family: 'Kumbh Sans'; line-height: 20px;\">3rd Anniversary of the Panama University Forty<\/p><\/div>\r\n                     <\/div>   \r\n      <\/div>\r\n\r\n   <\/div>\r\n<\/div><div class=\"item\">\r\n<div class=\"gallery-item\">\r\n\r\n               <div class=\"image\">\r\n            <img decoding=\"async\" src=\"https:\/\/umecit.edu.pa\/wp-content\/uploads\/2022\/09\/Emotivo-evento-en-el-3er-Aniversario-de-la-Cuarentuna-Universitaria-Panama\u0301-3.jpg\" alt=\"\" \/>  \r\n         <\/div>\r\n         <a class=\"photo-gallery\" href=\"http:\/\/nueva.umecit.edu.pa\/wp-content\/uploads\/2022\/09\/Emotivo-evento-en-el-3er-Aniversario-de-la-Cuarentuna-Universitaria-Panama\u0301-3.jpg\" data-elementor-lightbox-slideshow=\"gallery-ex53\"><\/a>\r\n      \r\n      <div class=\"image-content\">\r\n         <div class=\"content-inner\">\r\n                                       <div class=\"sub-title\"><p style=\"padding-left: 10px; padding-right: 10px; font-size: 18px; font-weight: 400; font-family: 'Kumbh Sans'; line-height: 20px;\">3rd Anniversary of the Panama University Forty<\/p><\/div>\r\n                     <\/div>   \r\n      <\/div>\r\n\r\n   <\/div>\r\n<\/div><div class=\"item\">\r\n<div class=\"gallery-item\">\r\n\r\n               <div class=\"image\">\r\n            <img decoding=\"async\" src=\"https:\/\/umecit.edu.pa\/wp-content\/uploads\/2022\/09\/Emotivo-evento-en-el-3er-Aniversario-de-la-Cuarentuna-Universitaria-Panama\u0301-4.jpg\" alt=\"\" \/>  \r\n         <\/div>\r\n         <a class=\"photo-gallery\" href=\"http:\/\/nueva.umecit.edu.pa\/wp-content\/uploads\/2022\/09\/Emotivo-evento-en-el-3er-Aniversario-de-la-Cuarentuna-Universitaria-Panama\u0301-4.jpg\" data-elementor-lightbox-slideshow=\"gallery-ex53\"><\/a>\r\n      \r\n      <div class=\"image-content\">\r\n         <div class=\"content-inner\">\r\n                                       <div class=\"sub-title\"><p style=\"padding-left: 10px; padding-right: 10px; font-size: 18px; font-weight: 400; font-family: 'Kumbh Sans'; line-height: 20px;\">3rd Anniversary of the Panama University Forty<\/p><\/div>\r\n                     <\/div>   \r\n      <\/div>\r\n\r\n   <\/div>\r\n<\/div><div class=\"item\">\r\n<div class=\"gallery-item\">\r\n\r\n               <div class=\"image\">\r\n            <img decoding=\"async\" src=\"https:\/\/umecit.edu.pa\/wp-content\/uploads\/2022\/09\/Emotivo-evento-en-el-3er-Aniversario-de-la-Cuarentuna-Universitaria-Panama\u0301-5.jpg\" alt=\"\" \/>  \r\n         <\/div>\r\n         <a class=\"photo-gallery\" href=\"http:\/\/nueva.umecit.edu.pa\/wp-content\/uploads\/2022\/09\/Emotivo-evento-en-el-3er-Aniversario-de-la-Cuarentuna-Universitaria-Panama\u0301-5.jpg\" data-elementor-lightbox-slideshow=\"gallery-ex53\"><\/a>\r\n      \r\n      <div class=\"image-content\">\r\n         <div class=\"content-inner\">\r\n                                       <div class=\"sub-title\"><p style=\"padding-left: 10px; padding-right: 10px; font-size: 18px; font-weight: 400; font-family: 'Kumbh Sans'; line-height: 20px;\">3rd Anniversary of the Panama University Forty<\/p><\/div>\r\n                     <\/div>   \r\n      <\/div>\r\n\r\n   <\/div>\r\n<\/div>\t\t<\/div>\r\n\t<\/div>\r\n<\/div>\t\t\t\t<\/div>\n\t\t\t\t<\/div>\n\t\t\t\t<div class=\"elementor-element elementor-element-5e23248 elementor-widget elementor-widget-text-editor\" data-id=\"5e23248\" data-element_type=\"widget\" data-e-type=\"widget\" data-widget_type=\"text-editor.default\">\n\t\t\t\t<div class=\"elementor-widget-container\">\n\t\t\t\t\t\t\t\t\t<p>Likewise, the Folkloric Group &quot;Aires y Tradiciones de Panam\u00e1&quot; was present, who performed native dances of the region, where elegance, majesty, color and national pride were rewarded by the spectators with great applause for these young people who proudly live their folklore.<\/p><p>Giving full coverage to this imposing and traditional culture, the young Ernesto Ignacio R\u00edos Guerrero, who is the winner of the Oratory Contest, was present from UNESCA, where with splendid eloquence he gave us a tour of the history of the Panama City Foundation. , this purpose of coinciding with the celebration of the 503 years of Panama la Vieja.<\/p><p>The event was attended by academic, extension and university welfare authorities from both universities. In the same way, there was a live connection with Chile, Spain, Colombia, Argentina, Costa Rica and Mexico, who were able to enjoy the sublime event thanks to virtuality.<\/p>\t\t\t\t\t\t\t\t<\/div>\n\t\t\t\t<\/div>\n\t\t\t\t<div class=\"elementor-element elementor-element-c2a85fd elementor-widget elementor-widget-gva-gallery\" data-id=\"c2a85fd\" data-element_type=\"widget\" data-e-type=\"widget\" data-widget_type=\"gva-gallery.default\">\n\t\t\t\t<div class=\"elementor-widget-container\">\n\t\t\t\t\t<div class=\"gva-element-gva-gallery gva-element\">\r\n\t<div class=\"gva-gallery-carousel\">\r\n\t\t<div class=\"init-carousel-owl owl-carousel\" data-items=\"2\" data-items_lg=\"2\" data-items_md=\"2\" data-items_sm=\"2\" data-items_xs=\"1\" data-items_xx=\"1\" data-loop=\"1\" data-speed=\"800\" data-auto_play=\"1\" data-auto_play_speed=\"800\" data-auto_play_timeout=\"6000\" data-auto_play_hover=\"1\" data-navigation=\"1\" data-pagination=\"0\" data-mouse_drag=\"1\" data-touch_drag=\"1\" >\r\n\t\t\t<div class=\"item\">\r\n<div class=\"gallery-item\">\r\n\r\n               <div class=\"image\">\r\n            <img decoding=\"async\" src=\"https:\/\/umecit.edu.pa\/wp-content\/uploads\/2022\/09\/Emotivo-evento-en-el-3er-Aniversario-de-la-Cuarentuna-Universitaria-Panama\u0301-6.jpg\" alt=\"\" \/>  \r\n         <\/div>\r\n         <a class=\"photo-gallery\" href=\"http:\/\/nueva.umecit.edu.pa\/wp-content\/uploads\/2022\/09\/Emotivo-evento-en-el-3er-Aniversario-de-la-Cuarentuna-Universitaria-Panama\u0301-6.jpg\" data-elementor-lightbox-slideshow=\"gallery-lgf5\"><\/a>\r\n      \r\n      <div class=\"image-content\">\r\n         <div class=\"content-inner\">\r\n                                       <div class=\"sub-title\"><p style=\"padding-left: 10px; padding-right: 10px; font-size: 18px; font-weight: 400; font-family: 'Kumbh Sans'; line-height: 20px;\">3rd Anniversary of the Panama University Forty<\/p><\/div>\r\n                     <\/div>   \r\n      <\/div>\r\n\r\n   <\/div>\r\n<\/div><div class=\"item\">\r\n<div class=\"gallery-item\">\r\n\r\n               <div class=\"image\">\r\n            <img decoding=\"async\" src=\"https:\/\/umecit.edu.pa\/wp-content\/uploads\/2022\/09\/Emotivo-evento-en-el-3er-Aniversario-de-la-Cuarentuna-Universitaria-Panama\u0301-7.jpg\" alt=\"\" \/>  \r\n         <\/div>\r\n         <a class=\"photo-gallery\" href=\"http:\/\/nueva.umecit.edu.pa\/wp-content\/uploads\/2022\/09\/Emotivo-evento-en-el-3er-Aniversario-de-la-Cuarentuna-Universitaria-Panama\u0301-7.jpg\" data-elementor-lightbox-slideshow=\"gallery-lgf5\"><\/a>\r\n      \r\n      <div class=\"image-content\">\r\n         <div class=\"content-inner\">\r\n                                       <div class=\"sub-title\"><p style=\"padding-left: 10px; padding-right: 10px; font-size: 18px; font-weight: 400; font-family: 'Kumbh Sans'; line-height: 20px;\">3rd Anniversary of the Panama University Forty<\/p><\/div>\r\n                     <\/div>   \r\n      <\/div>\r\n\r\n   <\/div>\r\n<\/div><div class=\"item\">\r\n<div class=\"gallery-item\">\r\n\r\n               <div class=\"image\">\r\n            <img decoding=\"async\" src=\"https:\/\/umecit.edu.pa\/wp-content\/uploads\/2022\/09\/Emotivo-evento-en-el-3er-Aniversario-de-la-Cuarentuna-Universitaria-Panama\u0301-8.jpg\" alt=\"\" \/>  \r\n         <\/div>\r\n         <a class=\"photo-gallery\" href=\"http:\/\/nueva.umecit.edu.pa\/wp-content\/uploads\/2022\/09\/Emotivo-evento-en-el-3er-Aniversario-de-la-Cuarentuna-Universitaria-Panama\u0301-8.jpg\" data-elementor-lightbox-slideshow=\"gallery-lgf5\"><\/a>\r\n      \r\n      <div class=\"image-content\">\r\n         <div class=\"content-inner\">\r\n                                       <div class=\"sub-title\"><p style=\"padding-left: 10px; padding-right: 10px; font-size: 18px; font-weight: 400; font-family: 'Kumbh Sans'; line-height: 20px;\">3rd Anniversary of the Panama University Forty<\/p><\/div>\r\n                     <\/div>   \r\n      <\/div>\r\n\r\n   <\/div>\r\n<\/div><div class=\"item\">\r\n<div class=\"gallery-item\">\r\n\r\n               <div class=\"image\">\r\n            <img decoding=\"async\" src=\"https:\/\/umecit.edu.pa\/wp-content\/uploads\/2022\/09\/Emotivo-evento-en-el-3er-Aniversario-de-la-Cuarentuna-Universitaria-Panama\u0301-9.jpg\" alt=\"\" \/>  \r\n         <\/div>\r\n         <a class=\"photo-gallery\" href=\"http:\/\/nueva.umecit.edu.pa\/wp-content\/uploads\/2022\/09\/Emotivo-evento-en-el-3er-Aniversario-de-la-Cuarentuna-Universitaria-Panama\u0301-9.jpg\" data-elementor-lightbox-slideshow=\"gallery-lgf5\"><\/a>\r\n      \r\n      <div class=\"image-content\">\r\n         <div class=\"content-inner\">\r\n                                       <div class=\"sub-title\"><p style=\"padding-left: 10px; padding-right: 10px; font-size: 18px; font-weight: 400; font-family: 'Kumbh Sans'; line-height: 20px;\">3rd Anniversary of the Panama University Forty<\/p><\/div>\r\n                     <\/div>   \r\n      <\/div>\r\n\r\n   <\/div>\r\n<\/div><div class=\"item\">\r\n<div class=\"gallery-item\">\r\n\r\n               <div class=\"image\">\r\n            <img decoding=\"async\" src=\"https:\/\/umecit.edu.pa\/wp-content\/uploads\/2022\/09\/Emotivo-evento-en-el-3er-Aniversario-de-la-Cuarentuna-Universitaria-Panama\u0301-10.jpg\" alt=\"\" \/>  \r\n         <\/div>\r\n         <a class=\"photo-gallery\" href=\"http:\/\/nueva.umecit.edu.pa\/wp-content\/uploads\/2022\/09\/Emotivo-evento-en-el-3er-Aniversario-de-la-Cuarentuna-Universitaria-Panama\u0301-10.jpg\" data-elementor-lightbox-slideshow=\"gallery-lgf5\"><\/a>\r\n      \r\n      <div class=\"image-content\">\r\n         <div class=\"content-inner\">\r\n                                       <div class=\"sub-title\"><p style=\"padding-left: 10px; padding-right: 10px; font-size: 18px; font-weight: 400; font-family: 'Kumbh Sans'; line-height: 20px;\">3rd Anniversary of the Panama University Forty<\/p><\/div>\r\n                     <\/div>   \r\n      <\/div>\r\n\r\n   <\/div>\r\n<\/div>\t\t<\/div>\r\n\t<\/div>\r\n<\/div>\t\t\t\t<\/div>\n\t\t\t\t<\/div>\n\t\t\t\t\t<\/div>\n\t\t<\/div>\n\t\t\t\t\t<\/div>\n\t\t<\/section>\n\t\t\t\t<\/div>","protected":false},"excerpt":{"rendered":"<p>Within the framework of the Celebration<\/p>","protected":false},"author":695,"featured_media":32858,"comment_status":"closed","ping_status":"closed","sticky":false,"template":"","format":"standard","meta":{"footnotes":""},"categories":[72,67],"tags":[],"class_list":["post-32847","post","type-post","status-publish","format-standard","has-post-thumbnail","hentry","category-bienestar-universitario","category-eventos"],"yoast_head":"<!-- This site is optimized with the Yoast SEO plugin v27.1.1 - https:\/\/yoast.com\/product\/yoast-seo-wordpress\/ -->\n<title>3er Aniversario de la Cuarentuna Universitaria Panam\u00e1<\/title>\n<meta name=\"description\" content=\"3er Aniversario de la Cuarentuna Universitaria Panam\u00e1. En el marco de la Celebraci\u00f3n de los 503 a\u00f1os de la Fundaci\u00f3n de Panam\u00e1 La Vieja\" \/>\n<meta name=\"robots\" content=\"index, follow, max-snippet:-1, max-image-preview:large, max-video-preview:-1\" \/>\n<link rel=\"canonical\" href=\"https:\/\/blog.umecit.edu.pa\/emotivo-evento-en-el-3er-aniversario-de-la-cuarentuna-universitaria-panama\/\" \/>\n<meta property=\"og:locale\" content=\"en_US\" \/>\n<meta property=\"og:type\" content=\"article\" \/>\n<meta property=\"og:title\" content=\"3er Aniversario de la Cuarentuna Universitaria Panam\u00e1\" \/>\n<meta property=\"og:description\" content=\"3er Aniversario de la Cuarentuna Universitaria Panam\u00e1. En el marco de la Celebraci\u00f3n de los 503 a\u00f1os de la Fundaci\u00f3n de Panam\u00e1 La Vieja\" \/>\n<meta property=\"og:url\" content=\"https:\/\/blog.umecit.edu.pa\/emotivo-evento-en-el-3er-aniversario-de-la-cuarentuna-universitaria-panama\/\" \/>\n<meta property=\"og:site_name\" content=\"Umecit - Universidad en Panam\u00e1\" \/>\n<meta property=\"article:publisher\" content=\"https:\/\/www.facebook.com\/umecitpanama\/\" \/>\n<meta property=\"article:published_time\" content=\"2022-08-16T19:52:41+00:00\" \/>\n<meta property=\"article:modified_time\" content=\"2022-11-03T21:45:26+00:00\" \/>\n<meta property=\"og:image\" content=\"https:\/\/ec2-44-206-156-148.compute-1.amazonaws.com\/wp-content\/uploads\/2022\/09\/Emotivo-evento-en-el-3er-Aniversario-de-la-Cuarentuna-Universitaria-Panama\u0301-11.jpg\" \/>\n\t<meta property=\"og:image:width\" content=\"800\" \/>\n\t<meta property=\"og:image:height\" content=\"600\" \/>\n\t<meta property=\"og:image:type\" content=\"image\/jpeg\" \/>\n<meta name=\"author\" content=\"mercadeo umecit\" \/>\n<meta name=\"twitter:card\" content=\"summary_large_image\" \/>\n<meta name=\"twitter:creator\" content=\"@umecitpanama\" \/>\n<meta name=\"twitter:site\" content=\"@umecitpanama\" \/>\n<meta name=\"twitter:label1\" content=\"Written by\" \/>\n\t<meta name=\"twitter:data1\" content=\"mercadeo umecit\" \/>\n\t<meta name=\"twitter:label2\" content=\"Est. reading time\" \/>\n\t<meta name=\"twitter:data2\" content=\"4 minutes\" \/>\n<script type=\"application\/ld+json\" class=\"yoast-schema-graph\">{\"@context\":\"https:\/\/schema.org\",\"@graph\":[{\"@type\":\"Article\",\"@id\":\"https:\/\/blog.umecit.edu.pa\/emotivo-evento-en-el-3er-aniversario-de-la-cuarentuna-universitaria-panama\/#article\",\"isPartOf\":{\"@id\":\"https:\/\/ec2-44-206-156-148.compute-1.amazonaws.com\/en\/3er-aniversario-de-la-cuarentuna-universitaria-panama\/\"},\"author\":{\"name\":\"mercadeo umecit\",\"@id\":\"https:\/\/umecit.edu.pa\/en\/#\/schema\/person\/b2c0d29c839513d3464f9c9e1f3e6f69\"},\"headline\":\"Emotivo evento en el 3er Aniversario de la Cuarentuna Universitaria Panam\u00e1\",\"datePublished\":\"2022-08-16T19:52:41+00:00\",\"dateModified\":\"2022-11-03T21:45:26+00:00\",\"mainEntityOfPage\":{\"@id\":\"https:\/\/ec2-44-206-156-148.compute-1.amazonaws.com\/en\/3er-aniversario-de-la-cuarentuna-universitaria-panama\/\"},\"wordCount\":365,\"publisher\":{\"@id\":\"https:\/\/umecit.edu.pa\/en\/#organization\"},\"image\":{\"@id\":\"https:\/\/blog.umecit.edu.pa\/emotivo-evento-en-el-3er-aniversario-de-la-cuarentuna-universitaria-panama\/#primaryimage\"},\"thumbnailUrl\":\"https:\/\/umecit.edu.pa\/wp-content\/uploads\/2022\/09\/Emotivo-evento-en-el-3er-Aniversario-de-la-Cuarentuna-Universitaria-Panama\u0301-11.jpg\",\"articleSection\":[\"Bienestar Universitario\",\"Eventos\"],\"inLanguage\":\"en-US\"},{\"@type\":\"WebPage\",\"@id\":\"https:\/\/ec2-44-206-156-148.compute-1.amazonaws.com\/en\/3er-aniversario-de-la-cuarentuna-universitaria-panama\/\",\"url\":\"https:\/\/blog.umecit.edu.pa\/emotivo-evento-en-el-3er-aniversario-de-la-cuarentuna-universitaria-panama\/\",\"name\":\"3er Aniversario de la Cuarentuna Universitaria Panam\u00e1\",\"isPartOf\":{\"@id\":\"https:\/\/umecit.edu.pa\/en\/#website\"},\"primaryImageOfPage\":{\"@id\":\"https:\/\/blog.umecit.edu.pa\/emotivo-evento-en-el-3er-aniversario-de-la-cuarentuna-universitaria-panama\/#primaryimage\"},\"image\":{\"@id\":\"https:\/\/blog.umecit.edu.pa\/emotivo-evento-en-el-3er-aniversario-de-la-cuarentuna-universitaria-panama\/#primaryimage\"},\"thumbnailUrl\":\"https:\/\/umecit.edu.pa\/wp-content\/uploads\/2022\/09\/Emotivo-evento-en-el-3er-Aniversario-de-la-Cuarentuna-Universitaria-Panama\u0301-11.jpg\",\"datePublished\":\"2022-08-16T19:52:41+00:00\",\"dateModified\":\"2022-11-03T21:45:26+00:00\",\"description\":\"3er Aniversario de la Cuarentuna Universitaria Panam\u00e1. En el marco de la Celebraci\u00f3n de los 503 a\u00f1os de la Fundaci\u00f3n de Panam\u00e1 La Vieja\",\"breadcrumb\":{\"@id\":\"https:\/\/blog.umecit.edu.pa\/emotivo-evento-en-el-3er-aniversario-de-la-cuarentuna-universitaria-panama\/#breadcrumb\"},\"inLanguage\":\"en-US\",\"potentialAction\":[{\"@type\":\"ReadAction\",\"target\":[\"https:\/\/blog.umecit.edu.pa\/emotivo-evento-en-el-3er-aniversario-de-la-cuarentuna-universitaria-panama\/\"]}]},{\"@type\":\"ImageObject\",\"inLanguage\":\"en-US\",\"@id\":\"https:\/\/blog.umecit.edu.pa\/emotivo-evento-en-el-3er-aniversario-de-la-cuarentuna-universitaria-panama\/#primaryimage\",\"url\":\"https:\/\/umecit.edu.pa\/wp-content\/uploads\/2022\/09\/Emotivo-evento-en-el-3er-Aniversario-de-la-Cuarentuna-Universitaria-Panama\u0301-11.jpg\",\"contentUrl\":\"https:\/\/umecit.edu.pa\/wp-content\/uploads\/2022\/09\/Emotivo-evento-en-el-3er-Aniversario-de-la-Cuarentuna-Universitaria-Panama\u0301-11.jpg\",\"width\":800,\"height\":600,\"caption\":\"Aniversario de la Cuarentuna Universitaria Panam\u00e1\"},{\"@type\":\"BreadcrumbList\",\"@id\":\"https:\/\/blog.umecit.edu.pa\/emotivo-evento-en-el-3er-aniversario-de-la-cuarentuna-universitaria-panama\/#breadcrumb\",\"itemListElement\":[{\"@type\":\"ListItem\",\"position\":1,\"name\":\"Portada\",\"item\":\"https:\/\/umecit.edu.pa\/en\/\"},{\"@type\":\"ListItem\",\"position\":2,\"name\":\"Emotivo evento en el 3er Aniversario de la Cuarentuna Universitaria Panam\u00e1\"}]},{\"@type\":\"WebSite\",\"@id\":\"https:\/\/umecit.edu.pa\/en\/#website\",\"url\":\"https:\/\/umecit.edu.pa\/en\/\",\"name\":\"Umecit - Universidad en Panam\u00e1\",\"description\":\"Universidad Metropolitana de Educaci\u00f3n, Ciencia y Tecnolog\u00eda\",\"publisher\":{\"@id\":\"https:\/\/umecit.edu.pa\/en\/#organization\"},\"potentialAction\":[{\"@type\":\"SearchAction\",\"target\":{\"@type\":\"EntryPoint\",\"urlTemplate\":\"https:\/\/umecit.edu.pa\/en\/?s={search_term_string}\"},\"query-input\":{\"@type\":\"PropertyValueSpecification\",\"valueRequired\":true,\"valueName\":\"search_term_string\"}}],\"inLanguage\":\"en-US\"},{\"@type\":\"Organization\",\"@id\":\"https:\/\/umecit.edu.pa\/en\/#organization\",\"name\":\"Umecit - Universidad en Panam\u00e1\",\"url\":\"https:\/\/umecit.edu.pa\/en\/\",\"logo\":{\"@type\":\"ImageObject\",\"inLanguage\":\"en-US\",\"@id\":\"https:\/\/umecit.edu.pa\/en\/#\/schema\/logo\/image\/\",\"url\":\"https:\/\/umecit.edu.pa\/wp-content\/uploads\/2022\/06\/panama-7.jpg\",\"contentUrl\":\"https:\/\/umecit.edu.pa\/wp-content\/uploads\/2022\/06\/panama-7.jpg\",\"width\":1200,\"height\":800,\"caption\":\"Umecit - Universidad en Panam\u00e1\"},\"image\":{\"@id\":\"https:\/\/umecit.edu.pa\/en\/#\/schema\/logo\/image\/\"},\"sameAs\":[\"https:\/\/www.facebook.com\/umecitpanama\/\",\"https:\/\/x.com\/umecitpanama\",\"https:\/\/www.tiktok.com\/@umecit\",\"https:\/\/www.instagram.com\/umecit\/\",\"https:\/\/www.youtube.com\/channel\/UCP9iXFXi4p_EW_p9p6lprhg\"]},{\"@type\":\"Person\",\"@id\":\"https:\/\/umecit.edu.pa\/en\/#\/schema\/person\/b2c0d29c839513d3464f9c9e1f3e6f69\",\"name\":\"mercadeo umecit\",\"image\":{\"@type\":\"ImageObject\",\"inLanguage\":\"en-US\",\"@id\":\"https:\/\/umecit.edu.pa\/en\/#\/schema\/person\/image\/\",\"url\":\"https:\/\/secure.gravatar.com\/avatar\/4bd79a51f57922b8709c7f62c99ce71611fc5526021ce2d15534b9ae452e6a1c?s=96&d=mm&r=g\",\"contentUrl\":\"https:\/\/secure.gravatar.com\/avatar\/4bd79a51f57922b8709c7f62c99ce71611fc5526021ce2d15534b9ae452e6a1c?s=96&d=mm&r=g\",\"caption\":\"mercadeo umecit\"},\"url\":\"https:\/\/umecit.edu.pa\/en\/author\/mercadeo\/\"}]}<\/script>\n<!-- \/ Yoast SEO plugin. -->","yoast_head_json":{"title":"3rd Anniversary of the Panama University Forty","description":"3er Aniversario de la Cuarentuna Universitaria Panam\u00e1. En el marco de la Celebraci\u00f3n de los 503 a\u00f1os de la Fundaci\u00f3n de Panam\u00e1 La Vieja","robots":{"index":"index","follow":"follow","max-snippet":"max-snippet:-1","max-image-preview":"max-image-preview:large","max-video-preview":"max-video-preview:-1"},"canonical":"https:\/\/blog.umecit.edu.pa\/emotivo-evento-en-el-3er-aniversario-de-la-cuarentuna-universitaria-panama\/","og_locale":"en_US","og_type":"article","og_title":"3er Aniversario de la Cuarentuna Universitaria Panam\u00e1","og_description":"3er Aniversario de la Cuarentuna Universitaria Panam\u00e1. En el marco de la Celebraci\u00f3n de los 503 a\u00f1os de la Fundaci\u00f3n de Panam\u00e1 La Vieja","og_url":"https:\/\/blog.umecit.edu.pa\/emotivo-evento-en-el-3er-aniversario-de-la-cuarentuna-universitaria-panama\/","og_site_name":"Umecit - Universidad en Panam\u00e1","article_publisher":"https:\/\/www.facebook.com\/umecitpanama\/","article_published_time":"2022-08-16T19:52:41+00:00","article_modified_time":"2022-11-03T21:45:26+00:00","og_image":[{"width":800,"height":600,"url":"https:\/\/ec2-44-206-156-148.compute-1.amazonaws.com\/wp-content\/uploads\/2022\/09\/Emotivo-evento-en-el-3er-Aniversario-de-la-Cuarentuna-Universitaria-Panama\u0301-11.jpg","type":"image\/jpeg"}],"author":"mercadeo umecit","twitter_card":"summary_large_image","twitter_creator":"@umecitpanama","twitter_site":"@umecitpanama","twitter_misc":{"Written by":"mercadeo umecit","Est. reading time":"4 minutes"},"schema":{"@context":"https:\/\/schema.org","@graph":[{"@type":"Article","@id":"https:\/\/blog.umecit.edu.pa\/emotivo-evento-en-el-3er-aniversario-de-la-cuarentuna-universitaria-panama\/#article","isPartOf":{"@id":"https:\/\/ec2-44-206-156-148.compute-1.amazonaws.com\/en\/3er-aniversario-de-la-cuarentuna-universitaria-panama\/"},"author":{"name":"mercadeo umecit","@id":"https:\/\/umecit.edu.pa\/en\/#\/schema\/person\/b2c0d29c839513d3464f9c9e1f3e6f69"},"headline":"Emotivo evento en el 3er Aniversario de la Cuarentuna Universitaria Panam\u00e1","datePublished":"2022-08-16T19:52:41+00:00","dateModified":"2022-11-03T21:45:26+00:00","mainEntityOfPage":{"@id":"https:\/\/ec2-44-206-156-148.compute-1.amazonaws.com\/en\/3er-aniversario-de-la-cuarentuna-universitaria-panama\/"},"wordCount":365,"publisher":{"@id":"https:\/\/umecit.edu.pa\/en\/#organization"},"image":{"@id":"https:\/\/blog.umecit.edu.pa\/emotivo-evento-en-el-3er-aniversario-de-la-cuarentuna-universitaria-panama\/#primaryimage"},"thumbnailUrl":"https:\/\/umecit.edu.pa\/wp-content\/uploads\/2022\/09\/Emotivo-evento-en-el-3er-Aniversario-de-la-Cuarentuna-Universitaria-Panama\u0301-11.jpg","articleSection":["Bienestar Universitario","Eventos"],"inLanguage":"en-US"},{"@type":"WebPage","@id":"https:\/\/ec2-44-206-156-148.compute-1.amazonaws.com\/en\/3er-aniversario-de-la-cuarentuna-universitaria-panama\/","url":"https:\/\/blog.umecit.edu.pa\/emotivo-evento-en-el-3er-aniversario-de-la-cuarentuna-universitaria-panama\/","name":"3rd Anniversary of the Panama University Forty","isPartOf":{"@id":"https:\/\/umecit.edu.pa\/en\/#website"},"primaryImageOfPage":{"@id":"https:\/\/blog.umecit.edu.pa\/emotivo-evento-en-el-3er-aniversario-de-la-cuarentuna-universitaria-panama\/#primaryimage"},"image":{"@id":"https:\/\/blog.umecit.edu.pa\/emotivo-evento-en-el-3er-aniversario-de-la-cuarentuna-universitaria-panama\/#primaryimage"},"thumbnailUrl":"https:\/\/umecit.edu.pa\/wp-content\/uploads\/2022\/09\/Emotivo-evento-en-el-3er-Aniversario-de-la-Cuarentuna-Universitaria-Panama\u0301-11.jpg","datePublished":"2022-08-16T19:52:41+00:00","dateModified":"2022-11-03T21:45:26+00:00","description":"3er Aniversario de la Cuarentuna Universitaria Panam\u00e1. En el marco de la Celebraci\u00f3n de los 503 a\u00f1os de la Fundaci\u00f3n de Panam\u00e1 La Vieja","breadcrumb":{"@id":"https:\/\/blog.umecit.edu.pa\/emotivo-evento-en-el-3er-aniversario-de-la-cuarentuna-universitaria-panama\/#breadcrumb"},"inLanguage":"en-US","potentialAction":[{"@type":"ReadAction","target":["https:\/\/blog.umecit.edu.pa\/emotivo-evento-en-el-3er-aniversario-de-la-cuarentuna-universitaria-panama\/"]}]},{"@type":"ImageObject","inLanguage":"en-US","@id":"https:\/\/blog.umecit.edu.pa\/emotivo-evento-en-el-3er-aniversario-de-la-cuarentuna-universitaria-panama\/#primaryimage","url":"https:\/\/umecit.edu.pa\/wp-content\/uploads\/2022\/09\/Emotivo-evento-en-el-3er-Aniversario-de-la-Cuarentuna-Universitaria-Panama\u0301-11.jpg","contentUrl":"https:\/\/umecit.edu.pa\/wp-content\/uploads\/2022\/09\/Emotivo-evento-en-el-3er-Aniversario-de-la-Cuarentuna-Universitaria-Panama\u0301-11.jpg","width":800,"height":600,"caption":"Aniversario de la Cuarentuna Universitaria Panam\u00e1"},{"@type":"BreadcrumbList","@id":"https:\/\/blog.umecit.edu.pa\/emotivo-evento-en-el-3er-aniversario-de-la-cuarentuna-universitaria-panama\/#breadcrumb","itemListElement":[{"@type":"ListItem","position":1,"name":"Portada","item":"https:\/\/umecit.edu.pa\/en\/"},{"@type":"ListItem","position":2,"name":"Emotivo evento en el 3er Aniversario de la Cuarentuna Universitaria Panam\u00e1"}]},{"@type":"WebSite","@id":"https:\/\/umecit.edu.pa\/en\/#website","url":"https:\/\/umecit.edu.pa\/en\/","name":"Umecit - University in Panama","description":"Metropolitan University of Education, Science and Technology","publisher":{"@id":"https:\/\/umecit.edu.pa\/en\/#organization"},"potentialAction":[{"@type":"SearchAction","target":{"@type":"EntryPoint","urlTemplate":"https:\/\/umecit.edu.pa\/en\/?s={search_term_string}"},"query-input":{"@type":"PropertyValueSpecification","valueRequired":true,"valueName":"search_term_string"}}],"inLanguage":"en-US"},{"@type":"Organization","@id":"https:\/\/umecit.edu.pa\/en\/#organization","name":"Umecit - University in Panama","url":"https:\/\/umecit.edu.pa\/en\/","logo":{"@type":"ImageObject","inLanguage":"en-US","@id":"https:\/\/umecit.edu.pa\/en\/#\/schema\/logo\/image\/","url":"https:\/\/umecit.edu.pa\/wp-content\/uploads\/2022\/06\/panama-7.jpg","contentUrl":"https:\/\/umecit.edu.pa\/wp-content\/uploads\/2022\/06\/panama-7.jpg","width":1200,"height":800,"caption":"Umecit - Universidad en Panam\u00e1"},"image":{"@id":"https:\/\/umecit.edu.pa\/en\/#\/schema\/logo\/image\/"},"sameAs":["https:\/\/www.facebook.com\/umecitpanama\/","https:\/\/x.com\/umecitpanama","https:\/\/www.tiktok.com\/@umecit","https:\/\/www.instagram.com\/umecit\/","https:\/\/www.youtube.com\/channel\/UCP9iXFXi4p_EW_p9p6lprhg"]},{"@type":"Person","@id":"https:\/\/umecit.edu.pa\/en\/#\/schema\/person\/b2c0d29c839513d3464f9c9e1f3e6f69","name":"umecit marketing","image":{"@type":"ImageObject","inLanguage":"en-US","@id":"https:\/\/umecit.edu.pa\/en\/#\/schema\/person\/image\/","url":"https:\/\/secure.gravatar.com\/avatar\/4bd79a51f57922b8709c7f62c99ce71611fc5526021ce2d15534b9ae452e6a1c?s=96&d=mm&r=g","contentUrl":"https:\/\/secure.gravatar.com\/avatar\/4bd79a51f57922b8709c7f62c99ce71611fc5526021ce2d15534b9ae452e6a1c?s=96&d=mm&r=g","caption":"mercadeo umecit"},"url":"https:\/\/umecit.edu.pa\/en\/author\/mercadeo\/"}]}},"_links":{"self":[{"href":"https:\/\/umecit.edu.pa\/en\/wp-json\/wp\/v2\/posts\/32847","targetHints":{"allow":["GET"]}}],"collection":[{"href":"https:\/\/umecit.edu.pa\/en\/wp-json\/wp\/v2\/posts"}],"about":[{"href":"https:\/\/umecit.edu.pa\/en\/wp-json\/wp\/v2\/types\/post"}],"author":[{"embeddable":true,"href":"https:\/\/umecit.edu.pa\/en\/wp-json\/wp\/v2\/users\/695"}],"replies":[{"embeddable":true,"href":"https:\/\/umecit.edu.pa\/en\/wp-json\/wp\/v2\/comments?post=32847"}],"version-history":[{"count":0,"href":"https:\/\/umecit.edu.pa\/en\/wp-json\/wp\/v2\/posts\/32847\/revisions"}],"wp:featuredmedia":[{"embeddable":true,"href":"https:\/\/umecit.edu.pa\/en\/wp-json\/wp\/v2\/media\/32858"}],"wp:attachment":[{"href":"https:\/\/umecit.edu.pa\/en\/wp-json\/wp\/v2\/media?parent=32847"}],"wp:term":[{"taxonomy":"category","embeddable":true,"href":"https:\/\/umecit.edu.pa\/en\/wp-json\/wp\/v2\/categories?post=32847"},{"taxonomy":"post_tag","embeddable":true,"href":"https:\/\/umecit.edu.pa\/en\/wp-json\/wp\/v2\/tags?post=32847"}],"curies":[{"name":"wp","href":"https:\/\/api.w.org\/{rel}","templated":true}]}}