{"id":136676,"date":"2026-09-04T19:07:44","date_gmt":"2026-09-05T00:07:44","guid":{"rendered":"https:\/\/umecit.edu.pa\/?p=136676"},"modified":"2026-09-04T19:16:47","modified_gmt":"2026-09-05T00:16:47","slug":"futbol-360-reunion-experiencia-liderazgo-y-formacion-para-hablar-del-presente-y-futuro-del-deporte","status":"publish","type":"post","link":"https:\/\/umecit.edu.pa\/en\/futbol-360-reunion-experiencia-liderazgo-y-formacion-para-hablar-del-presente-y-futuro-del-deporte\/","title":{"rendered":"F\u00fatbol 360 brought together experience, leadership and training to discuss the present and future of the sport."},"content":{"rendered":"<div data-elementor-type=\"wp-post\" data-elementor-id=\"136676\" class=\"elementor elementor-136676\" data-elementor-post-type=\"post\">\n\t\t\t\t\t\t<section class=\"elementor-section elementor-top-section elementor-element elementor-element-a396382 elementor-section-boxed elementor-section-height-default elementor-section-height-default row-top\" data-id=\"a396382\" data-element_type=\"section\" data-e-type=\"section\">\n\t\t\t\t\t\t<div class=\"elementor-container elementor-column-gap-default\">\n\t\t\t\t\t<div class=\"elementor-column elementor-col-100 elementor-top-column elementor-element elementor-element-3161a1c9 column-style-top\" data-id=\"3161a1c9\" data-element_type=\"column\" data-e-type=\"column\">\n\t\t\t<div class=\"elementor-widget-wrap elementor-element-populated\">\n\t\t\t\t\t\t<div class=\"elementor-element elementor-element-4fe7300a elementor-widget elementor-widget-text-editor\" data-id=\"4fe7300a\" data-element_type=\"widget\" data-e-type=\"widget\" data-widget_type=\"text-editor.default\">\n\t\t\t\t<div class=\"elementor-widget-container\">\n\t\t\t\t\t\t\t\t\t<p>The Metropolitan University of Education, Science and Technology -UMECIT- was the setting for \u201cFootball 360: The vision of the protagonists\u201d, a meeting that brought together renowned figures from national and international football to reflect on leadership, training, technology, management and the challenges facing the football industry.<\/p><p>The event, organized by UMECIT, UMECIT FC and VMSOCCERLATAM, combined a central conference, an expert panel and the signing of an agreement aimed at strengthening the links between education and sport.<\/p><p>The event was opened by the vice president of UMECIT FC, Juan David Nieto Rueda, who highlighted the importance of generating synergies between football and education, understanding sport as a tool for training and integral development.<\/p><h2><strong>Reinaldo Rueda: Training footballers starts with training people<\/strong><\/h2><p>The main conference was led by renowned Colombian technical director Reinaldo Rueda Rivera, who shared his experience and vision on sports training, especially in the initial stages of football.<\/p><p>Rueda placed special emphasis on the role of the coach-teacher and the responsibility he has to become a role model for children, both on and off the court.<\/p><p>During her presentation, she highlighted the need to understand the different phases of physical, psychological, emotional and social maturation of children, and to adapt training methodologies to their characteristics and needs.<\/p><p>In this regard, he pointed out the importance of putting the child at the center of the process, promoting safe and positive environments, play as a learning tool, healthy habits and proper planning of sessions.<\/p><p>For the coach, the sole objective of children&#039;s football should not be sporting results. Developing better people, respecting individual processes, and building values are essential parts of any future footballer&#039;s development.<\/p><p>Rueda&#039;s track record speaks for itself in high-performance sports. He has managed the national teams of Colombia, Honduras, Ecuador, and Chile, as well as clubs such as Atl\u00e9tico Nacional, Deportivo Cali, Independiente Medell\u00edn, and Flamengo, among others. He led Honduras and Ecuador to the 2010 and 2014 World Cups, and with Atl\u00e9tico Nacional, he won the 2016 Copa Libertadores and the 2017 Recopa Sudamericana.<\/p><h2><strong>Panel of experts: different perspectives on football<\/strong><\/h2><p>The day continued with a panel of experts that allowed football to be addressed from different perspectives and professional experiences.<\/p><p>Technical director Alberto Gamero, who participated virtually, shared his vision on leadership within the locker room and resilience, highlighting the different realities experienced by members of a team: the starting players, the substitutes, and those who must assume different roles depending on collective success.<\/p><p>For his part, Juan Carlos V\u00e1squez Ospina, CEO of VMSOCCERLATAM, FIFA Match Agent and CIES\/FIFA Law specialist, addressed aspects related to the termination of contracts and the legal situations that may arise in the careers of footballers and coaches, highlighting the importance of knowledge and professional support in this area.<\/p><p>The panel also included Jaime de la Pava from Valle del Cauca, technical director of UMECIT FC, who expressed his satisfaction at having worn the colors of the Colombian National Team and shared his perspective on the technological evolution of football.<\/p><p>De la Pava highlighted the use of tools like GPS and data analysis for monitoring and evaluating performance, but stressed that technology must serve the coach&#039;s work. In his view, simply having information isn&#039;t enough: it&#039;s essential to know how to interpret it, use it correctly, and communicate it to the players accurately and clearly.<\/p><p>He also highlighted the importance of identifying and correcting mistakes during training as a fundamental part of the process of improving and preparing the footballer.<\/p><p>In this way, the panel made it clear that modern football requires much more than talent on the field: it demands leadership, preparation, legal knowledge, adaptability, and intelligent use of new technologies.<\/p><h2><strong>Education and sport: an alliance to transform<\/strong><\/h2><p>As part of the event, AFUTPA and UMECIT formalized a training, education and skills agreement, reaffirming the importance of strengthening ties between the education and sports sectors.<\/p><p>During the signing, Juan Ram\u00f3n Sol\u00eds emphasized that education and sports must go hand in hand to generate greater opportunities for growth and development.<\/p><p>For his part, the rector of UMECIT, Dr. Jos\u00e9 Alberto Nieto Rojas, highlighted the importance of professionalization, the cultivation of values, and preparation as tools to open opportunities and advance in professional and personal life.<\/p><p>This alliance represents a further step in UMECIT&#039;s commitment to promoting training spaces that respond to the needs of the sports industry and contribute to the development of those who are part of it.<\/p><h2><strong>A 360 view of football<\/strong><\/h2><p>\u201cFootball 360: The vision of the protagonists\u201d made it possible to bring together in one space different generations, experiences and perspectives of the sport.<\/p><p>From the training of children and the role of the coach, to leadership in the locker room, legal aspects, technology, data analysis and professionalization, the meeting demonstrated that football is played on the field, but is also built with education, knowledge, strategy, leadership and decisions.<\/p><p>With initiatives like this, UMECIT continues to promote spaces for encounter between academia and sport, convinced that comprehensive training is fundamental to building the football of the present and the future.<\/p>\t\t\t\t\t\t\t\t<\/div>\n\t\t\t\t<\/div>\n\t\t\t\t\t<\/div>\n\t\t<\/div>\n\t\t\t\t\t<\/div>\n\t\t<\/section>\n\t\t\t\t<section class=\"elementor-section elementor-top-section elementor-element elementor-element-9d38e26 elementor-section-boxed elementor-section-height-default elementor-section-height-default row-top\" data-id=\"9d38e26\" data-element_type=\"section\" data-e-type=\"section\">\n\t\t\t\t\t\t<div class=\"elementor-container elementor-column-gap-default\">\n\t\t\t\t\t<div class=\"elementor-column elementor-col-100 elementor-top-column elementor-element elementor-element-f42e549 column-style-top\" data-id=\"f42e549\" data-element_type=\"column\" data-e-type=\"column\">\n\t\t\t<div class=\"elementor-widget-wrap elementor-element-populated\">\n\t\t\t\t\t\t<div class=\"elementor-element elementor-element-0808de5 elementor-widget__width-initial elementor-widget elementor-widget-gallery\" data-id=\"0808de5\" data-element_type=\"widget\" data-e-type=\"widget\" data-settings=\"{&quot;lazyload&quot;:&quot;yes&quot;,&quot;gallery_layout&quot;:&quot;grid&quot;,&quot;columns&quot;:4,&quot;columns_tablet&quot;:2,&quot;columns_mobile&quot;:1,&quot;gap&quot;:{&quot;unit&quot;:&quot;px&quot;,&quot;size&quot;:10,&quot;sizes&quot;:[]},&quot;gap_tablet&quot;:{&quot;unit&quot;:&quot;px&quot;,&quot;size&quot;:10,&quot;sizes&quot;:[]},&quot;gap_mobile&quot;:{&quot;unit&quot;:&quot;px&quot;,&quot;size&quot;:10,&quot;sizes&quot;:[]},&quot;link_to&quot;:&quot;file&quot;,&quot;aspect_ratio&quot;:&quot;3:2&quot;,&quot;overlay_background&quot;:&quot;yes&quot;,&quot;content_hover_animation&quot;:&quot;fade-in&quot;}\" data-widget_type=\"gallery.default\">\n\t\t\t\t<div class=\"elementor-widget-container\">\n\t\t\t\t\t\t\t<div class=\"elementor-gallery__container\">\n\t\t\t\t\t\t\t<a class=\"e-gallery-item elementor-gallery-item elementor-animated-content\" href=\"https:\/\/umecit.edu.pa\/wp-content\/uploads\/2026\/09\/WhatsApp-Image-2026-09-04-at-5.25.35-PM-2.jpeg\" data-elementor-open-lightbox=\"yes\" data-elementor-lightbox-slideshow=\"0808de5\" data-elementor-lightbox-title=\"WhatsApp Image 2026-09-04 at 5.25.35 PM (2)\" data-e-action-hash=\"#elementor-action%3Aaction%3Dlightbox%26settings%3DeyJpZCI6MTM2NjgwLCJ1cmwiOiJodHRwczpcL1wvdW1lY2l0LmVkdS5wYVwvd3AtY29udGVudFwvdXBsb2Fkc1wvMjAyNlwvMDlcL1doYXRzQXBwLUltYWdlLTIwMjYtMDktMDQtYXQtNS4yNS4zNS1QTS0yLmpwZWciLCJzbGlkZXNob3ciOiIwODA4ZGU1In0%3D\">\n\t\t\t\t\t<div class=\"e-gallery-image elementor-gallery-item__image\" data-thumbnail=\"https:\/\/umecit.edu.pa\/wp-content\/uploads\/2026\/09\/WhatsApp-Image-2026-09-04-at-5.25.35-PM-2-600x600.jpeg\" data-width=\"600\" data-height=\"600\" aria-label=\"\" role=\"img\" ><\/div>\n\t\t\t\t\t\t\t\t\t\t\t<div class=\"elementor-gallery-item__overlay\"><\/div>\n\t\t\t\t\t\t\t\t\t\t\t\t\t\t<\/a>\n\t\t\t\t\t\t\t<a class=\"e-gallery-item elementor-gallery-item elementor-animated-content\" href=\"https:\/\/umecit.edu.pa\/wp-content\/uploads\/2026\/09\/WhatsApp-Image-2026-09-04-at-5.25.35-PM.jpeg\" data-elementor-open-lightbox=\"yes\" data-elementor-lightbox-slideshow=\"0808de5\" data-elementor-lightbox-title=\"WhatsApp Image 2026-09-04 at 5.25.35 PM\" data-e-action-hash=\"#elementor-action%3Aaction%3Dlightbox%26settings%3DeyJpZCI6MTM2NjgxLCJ1cmwiOiJodHRwczpcL1wvdW1lY2l0LmVkdS5wYVwvd3AtY29udGVudFwvdXBsb2Fkc1wvMjAyNlwvMDlcL1doYXRzQXBwLUltYWdlLTIwMjYtMDktMDQtYXQtNS4yNS4zNS1QTS5qcGVnIiwic2xpZGVzaG93IjoiMDgwOGRlNSJ9\">\n\t\t\t\t\t<div class=\"e-gallery-image elementor-gallery-item__image\" data-thumbnail=\"https:\/\/umecit.edu.pa\/wp-content\/uploads\/2026\/09\/WhatsApp-Image-2026-09-04-at-5.25.35-PM-600x600.jpeg\" data-width=\"600\" data-height=\"600\" aria-label=\"\" role=\"img\" ><\/div>\n\t\t\t\t\t\t\t\t\t\t\t<div class=\"elementor-gallery-item__overlay\"><\/div>\n\t\t\t\t\t\t\t\t\t\t\t\t\t\t<\/a>\n\t\t\t\t\t\t\t<a class=\"e-gallery-item elementor-gallery-item elementor-animated-content\" href=\"https:\/\/umecit.edu.pa\/wp-content\/uploads\/2026\/09\/WhatsApp-Image-2026-09-04-at-5.25.36-PM.jpeg\" data-elementor-open-lightbox=\"yes\" data-elementor-lightbox-slideshow=\"0808de5\" data-elementor-lightbox-title=\"WhatsApp Image 2026-09-04 at 5.25.36 PM\" data-e-action-hash=\"#elementor-action%3Aaction%3Dlightbox%26settings%3DeyJpZCI6MTM2NjgyLCJ1cmwiOiJodHRwczpcL1wvdW1lY2l0LmVkdS5wYVwvd3AtY29udGVudFwvdXBsb2Fkc1wvMjAyNlwvMDlcL1doYXRzQXBwLUltYWdlLTIwMjYtMDktMDQtYXQtNS4yNS4zNi1QTS5qcGVnIiwic2xpZGVzaG93IjoiMDgwOGRlNSJ9\">\n\t\t\t\t\t<div class=\"e-gallery-image elementor-gallery-item__image\" data-thumbnail=\"https:\/\/umecit.edu.pa\/wp-content\/uploads\/2026\/09\/WhatsApp-Image-2026-09-04-at-5.25.36-PM-600x600.jpeg\" data-width=\"600\" data-height=\"600\" aria-label=\"\" role=\"img\" ><\/div>\n\t\t\t\t\t\t\t\t\t\t\t<div class=\"elementor-gallery-item__overlay\"><\/div>\n\t\t\t\t\t\t\t\t\t\t\t\t\t\t<\/a>\n\t\t\t\t\t\t\t<a class=\"e-gallery-item elementor-gallery-item elementor-animated-content\" href=\"https:\/\/umecit.edu.pa\/wp-content\/uploads\/2026\/09\/070A5663-scaled.jpg\" data-elementor-open-lightbox=\"yes\" data-elementor-lightbox-slideshow=\"0808de5\" data-elementor-lightbox-title=\"070A5663\" data-e-action-hash=\"#elementor-action%3Aaction%3Dlightbox%26settings%3DeyJpZCI6MTM2NjgzLCJ1cmwiOiJodHRwczpcL1wvdW1lY2l0LmVkdS5wYVwvd3AtY29udGVudFwvdXBsb2Fkc1wvMjAyNlwvMDlcLzA3MEE1NjYzLXNjYWxlZC5qcGciLCJzbGlkZXNob3ciOiIwODA4ZGU1In0%3D\">\n\t\t\t\t\t<div class=\"e-gallery-image elementor-gallery-item__image\" data-thumbnail=\"https:\/\/umecit.edu.pa\/wp-content\/uploads\/2026\/09\/070A5663-600x600.jpg\" data-width=\"600\" data-height=\"600\" aria-label=\"\" role=\"img\" ><\/div>\n\t\t\t\t\t\t\t\t\t\t\t<div class=\"elementor-gallery-item__overlay\"><\/div>\n\t\t\t\t\t\t\t\t\t\t\t\t\t\t<\/a>\n\t\t\t\t\t\t\t<a class=\"e-gallery-item elementor-gallery-item elementor-animated-content\" href=\"https:\/\/umecit.edu.pa\/wp-content\/uploads\/2026\/09\/070A5741-scaled.jpg\" data-elementor-open-lightbox=\"yes\" data-elementor-lightbox-slideshow=\"0808de5\" data-elementor-lightbox-title=\"070A5741\" data-e-action-hash=\"#elementor-action%3Aaction%3Dlightbox%26settings%3DeyJpZCI6MTM2Njg0LCJ1cmwiOiJodHRwczpcL1wvdW1lY2l0LmVkdS5wYVwvd3AtY29udGVudFwvdXBsb2Fkc1wvMjAyNlwvMDlcLzA3MEE1NzQxLXNjYWxlZC5qcGciLCJzbGlkZXNob3ciOiIwODA4ZGU1In0%3D\">\n\t\t\t\t\t<div class=\"e-gallery-image elementor-gallery-item__image\" data-thumbnail=\"https:\/\/umecit.edu.pa\/wp-content\/uploads\/2026\/09\/070A5741-600x600.jpg\" data-width=\"600\" data-height=\"600\" aria-label=\"\" role=\"img\" ><\/div>\n\t\t\t\t\t\t\t\t\t\t\t<div class=\"elementor-gallery-item__overlay\"><\/div>\n\t\t\t\t\t\t\t\t\t\t\t\t\t\t<\/a>\n\t\t\t\t\t\t\t<a class=\"e-gallery-item elementor-gallery-item elementor-animated-content\" href=\"https:\/\/umecit.edu.pa\/wp-content\/uploads\/2026\/09\/070A5772-scaled.jpg\" data-elementor-open-lightbox=\"yes\" data-elementor-lightbox-slideshow=\"0808de5\" data-elementor-lightbox-title=\"070A5772\" data-e-action-hash=\"#elementor-action%3Aaction%3Dlightbox%26settings%3DeyJpZCI6MTM2Njg1LCJ1cmwiOiJodHRwczpcL1wvdW1lY2l0LmVkdS5wYVwvd3AtY29udGVudFwvdXBsb2Fkc1wvMjAyNlwvMDlcLzA3MEE1NzcyLXNjYWxlZC5qcGciLCJzbGlkZXNob3ciOiIwODA4ZGU1In0%3D\">\n\t\t\t\t\t<div class=\"e-gallery-image elementor-gallery-item__image\" data-thumbnail=\"https:\/\/umecit.edu.pa\/wp-content\/uploads\/2026\/09\/070A5772-600x600.jpg\" data-width=\"600\" data-height=\"600\" aria-label=\"\" role=\"img\" ><\/div>\n\t\t\t\t\t\t\t\t\t\t\t<div class=\"elementor-gallery-item__overlay\"><\/div>\n\t\t\t\t\t\t\t\t\t\t\t\t\t\t<\/a>\n\t\t\t\t\t\t\t<a class=\"e-gallery-item elementor-gallery-item elementor-animated-content\" href=\"https:\/\/umecit.edu.pa\/wp-content\/uploads\/2026\/09\/070A5776-scaled.jpg\" data-elementor-open-lightbox=\"yes\" data-elementor-lightbox-slideshow=\"0808de5\" data-elementor-lightbox-title=\"070A5776\" data-e-action-hash=\"#elementor-action%3Aaction%3Dlightbox%26settings%3DeyJpZCI6MTM2Njg2LCJ1cmwiOiJodHRwczpcL1wvdW1lY2l0LmVkdS5wYVwvd3AtY29udGVudFwvdXBsb2Fkc1wvMjAyNlwvMDlcLzA3MEE1Nzc2LXNjYWxlZC5qcGciLCJzbGlkZXNob3ciOiIwODA4ZGU1In0%3D\">\n\t\t\t\t\t<div class=\"e-gallery-image elementor-gallery-item__image\" data-thumbnail=\"https:\/\/umecit.edu.pa\/wp-content\/uploads\/2026\/09\/070A5776-600x600.jpg\" data-width=\"600\" data-height=\"600\" aria-label=\"\" role=\"img\" ><\/div>\n\t\t\t\t\t\t\t\t\t\t\t<div class=\"elementor-gallery-item__overlay\"><\/div>\n\t\t\t\t\t\t\t\t\t\t\t\t\t\t<\/a>\n\t\t\t\t\t\t\t<a class=\"e-gallery-item elementor-gallery-item elementor-animated-content\" href=\"https:\/\/umecit.edu.pa\/wp-content\/uploads\/2026\/09\/070A5783-scaled.jpg\" data-elementor-open-lightbox=\"yes\" data-elementor-lightbox-slideshow=\"0808de5\" data-elementor-lightbox-title=\"070A5783\" data-e-action-hash=\"#elementor-action%3Aaction%3Dlightbox%26settings%3DeyJpZCI6MTM2Njg3LCJ1cmwiOiJodHRwczpcL1wvdW1lY2l0LmVkdS5wYVwvd3AtY29udGVudFwvdXBsb2Fkc1wvMjAyNlwvMDlcLzA3MEE1NzgzLXNjYWxlZC5qcGciLCJzbGlkZXNob3ciOiIwODA4ZGU1In0%3D\">\n\t\t\t\t\t<div class=\"e-gallery-image elementor-gallery-item__image\" data-thumbnail=\"https:\/\/umecit.edu.pa\/wp-content\/uploads\/2026\/09\/070A5783-600x600.jpg\" data-width=\"600\" data-height=\"600\" aria-label=\"\" role=\"img\" ><\/div>\n\t\t\t\t\t\t\t\t\t\t\t<div class=\"elementor-gallery-item__overlay\"><\/div>\n\t\t\t\t\t\t\t\t\t\t\t\t\t\t<\/a>\n\t\t\t\t\t\t\t<a class=\"e-gallery-item elementor-gallery-item elementor-animated-content\" href=\"https:\/\/umecit.edu.pa\/wp-content\/uploads\/2026\/09\/070A5818-scaled.jpg\" data-elementor-open-lightbox=\"yes\" data-elementor-lightbox-slideshow=\"0808de5\" data-elementor-lightbox-title=\"070A5818\" data-e-action-hash=\"#elementor-action%3Aaction%3Dlightbox%26settings%3DeyJpZCI6MTM2Njg4LCJ1cmwiOiJodHRwczpcL1wvdW1lY2l0LmVkdS5wYVwvd3AtY29udGVudFwvdXBsb2Fkc1wvMjAyNlwvMDlcLzA3MEE1ODE4LXNjYWxlZC5qcGciLCJzbGlkZXNob3ciOiIwODA4ZGU1In0%3D\">\n\t\t\t\t\t<div class=\"e-gallery-image elementor-gallery-item__image\" data-thumbnail=\"https:\/\/umecit.edu.pa\/wp-content\/uploads\/2026\/09\/070A5818-600x600.jpg\" data-width=\"600\" data-height=\"600\" aria-label=\"\" role=\"img\" ><\/div>\n\t\t\t\t\t\t\t\t\t\t\t<div class=\"elementor-gallery-item__overlay\"><\/div>\n\t\t\t\t\t\t\t\t\t\t\t\t\t\t<\/a>\n\t\t\t\t\t\t\t<a class=\"e-gallery-item elementor-gallery-item elementor-animated-content\" href=\"https:\/\/umecit.edu.pa\/wp-content\/uploads\/2026\/09\/070A5821-scaled.jpg\" data-elementor-open-lightbox=\"yes\" data-elementor-lightbox-slideshow=\"0808de5\" data-elementor-lightbox-title=\"070A5821\" data-e-action-hash=\"#elementor-action%3Aaction%3Dlightbox%26settings%3DeyJpZCI6MTM2Njg5LCJ1cmwiOiJodHRwczpcL1wvdW1lY2l0LmVkdS5wYVwvd3AtY29udGVudFwvdXBsb2Fkc1wvMjAyNlwvMDlcLzA3MEE1ODIxLXNjYWxlZC5qcGciLCJzbGlkZXNob3ciOiIwODA4ZGU1In0%3D\">\n\t\t\t\t\t<div class=\"e-gallery-image elementor-gallery-item__image\" data-thumbnail=\"https:\/\/umecit.edu.pa\/wp-content\/uploads\/2026\/09\/070A5821-600x600.jpg\" data-width=\"600\" data-height=\"600\" aria-label=\"\" role=\"img\" ><\/div>\n\t\t\t\t\t\t\t\t\t\t\t<div class=\"elementor-gallery-item__overlay\"><\/div>\n\t\t\t\t\t\t\t\t\t\t\t\t\t\t<\/a>\n\t\t\t\t\t\t\t<a class=\"e-gallery-item elementor-gallery-item elementor-animated-content\" href=\"https:\/\/umecit.edu.pa\/wp-content\/uploads\/2026\/09\/070A5837-scaled.jpg\" data-elementor-open-lightbox=\"yes\" data-elementor-lightbox-slideshow=\"0808de5\" data-elementor-lightbox-title=\"070A5837\" data-e-action-hash=\"#elementor-action%3Aaction%3Dlightbox%26settings%3DeyJpZCI6MTM2NjkwLCJ1cmwiOiJodHRwczpcL1wvdW1lY2l0LmVkdS5wYVwvd3AtY29udGVudFwvdXBsb2Fkc1wvMjAyNlwvMDlcLzA3MEE1ODM3LXNjYWxlZC5qcGciLCJzbGlkZXNob3ciOiIwODA4ZGU1In0%3D\">\n\t\t\t\t\t<div class=\"e-gallery-image elementor-gallery-item__image\" data-thumbnail=\"https:\/\/umecit.edu.pa\/wp-content\/uploads\/2026\/09\/070A5837-600x600.jpg\" data-width=\"600\" data-height=\"600\" aria-label=\"\" role=\"img\" ><\/div>\n\t\t\t\t\t\t\t\t\t\t\t<div class=\"elementor-gallery-item__overlay\"><\/div>\n\t\t\t\t\t\t\t\t\t\t\t\t\t\t<\/a>\n\t\t\t\t\t\t\t<a class=\"e-gallery-item elementor-gallery-item elementor-animated-content\" href=\"https:\/\/umecit.edu.pa\/wp-content\/uploads\/2026\/09\/WhatsApp-Image-2026-09-04-at-5.25.36-PM-1.jpeg\" data-elementor-open-lightbox=\"yes\" data-elementor-lightbox-slideshow=\"0808de5\" data-elementor-lightbox-title=\"WhatsApp Image 2026-09-04 at 5.25.36 PM (1)\" data-e-action-hash=\"#elementor-action%3Aaction%3Dlightbox%26settings%3DeyJpZCI6MTM2NjkxLCJ1cmwiOiJodHRwczpcL1wvdW1lY2l0LmVkdS5wYVwvd3AtY29udGVudFwvdXBsb2Fkc1wvMjAyNlwvMDlcL1doYXRzQXBwLUltYWdlLTIwMjYtMDktMDQtYXQtNS4yNS4zNi1QTS0xLmpwZWciLCJzbGlkZXNob3ciOiIwODA4ZGU1In0%3D\">\n\t\t\t\t\t<div class=\"e-gallery-image elementor-gallery-item__image\" data-thumbnail=\"https:\/\/umecit.edu.pa\/wp-content\/uploads\/2026\/09\/WhatsApp-Image-2026-09-04-at-5.25.36-PM-1-600x600.jpeg\" data-width=\"600\" data-height=\"600\" aria-label=\"\" role=\"img\" ><\/div>\n\t\t\t\t\t\t\t\t\t\t\t<div class=\"elementor-gallery-item__overlay\"><\/div>\n\t\t\t\t\t\t\t\t\t\t\t\t\t\t<\/a>\n\t\t\t\t\t\t\t<a class=\"e-gallery-item elementor-gallery-item elementor-animated-content\" href=\"https:\/\/umecit.edu.pa\/wp-content\/uploads\/2026\/09\/WhatsApp-Image-2026-09-04-at-5.25.36-PM-2.jpeg\" data-elementor-open-lightbox=\"yes\" data-elementor-lightbox-slideshow=\"0808de5\" data-elementor-lightbox-title=\"WhatsApp Image 2026-09-04 at 5.25.36 PM (2)\" data-e-action-hash=\"#elementor-action%3Aaction%3Dlightbox%26settings%3DeyJpZCI6MTM2NjkyLCJ1cmwiOiJodHRwczpcL1wvdW1lY2l0LmVkdS5wYVwvd3AtY29udGVudFwvdXBsb2Fkc1wvMjAyNlwvMDlcL1doYXRzQXBwLUltYWdlLTIwMjYtMDktMDQtYXQtNS4yNS4zNi1QTS0yLmpwZWciLCJzbGlkZXNob3ciOiIwODA4ZGU1In0%3D\">\n\t\t\t\t\t<div class=\"e-gallery-image elementor-gallery-item__image\" data-thumbnail=\"https:\/\/umecit.edu.pa\/wp-content\/uploads\/2026\/09\/WhatsApp-Image-2026-09-04-at-5.25.36-PM-2-600x600.jpeg\" data-width=\"600\" data-height=\"600\" aria-label=\"\" role=\"img\" ><\/div>\n\t\t\t\t\t\t\t\t\t\t\t<div class=\"elementor-gallery-item__overlay\"><\/div>\n\t\t\t\t\t\t\t\t\t\t\t\t\t\t<\/a>\n\t\t\t\t\t<\/div>\n\t\t\t\t\t<\/div>\n\t\t\t\t<\/div>\n\t\t\t\t\t<\/div>\n\t\t<\/div>\n\t\t\t\t\t<\/div>\n\t\t<\/section>\n\t\t\t\t<\/div>","protected":false},"excerpt":{"rendered":"<p>La Universidad Metropolitana de Educaci\u00f3n, Ciencia y Tecnolog\u00eda -UMECIT- fue escenario de \u201cF\u00fatbol 360: La visi\u00f3n de los protagonistas\u201d, un encuentro que reuni\u00f3 a reconocidas figuras del f\u00fatbol nacional e internacional para reflexionar sobre liderazgo, formaci\u00f3n, tecnolog\u00eda, gesti\u00f3n y los desaf\u00edos que enfrenta la industria del f\u00fatbol. El evento, organizado por UMECIT, UMECIT FC y [&hellip;]<\/p>\n","protected":false},"author":695,"featured_media":136678,"comment_status":"closed","ping_status":"closed","sticky":false,"template":"","format":"standard","meta":{"footnotes":""},"categories":[72,73,107,109,174],"tags":[],"class_list":["post-136676","post","type-post","status-publish","format-standard","has-post-thumbnail","hentry","category-bienestar-universitario","category-educacion","category-extension","category-noticias","category-universidad"],"yoast_head":"<!-- This site is optimized with the Yoast SEO plugin v28.2 - https:\/\/yoast.com\/product\/yoast-seo-wordpress\/ -->\n<title>F\u00fatbol 360 reuni\u00f3 experiencia, liderazgo y formaci\u00f3n para hablar del presente y futuro del deporte<\/title>\n<meta name=\"description\" content=\"La Universidad Metropolitana de Educaci\u00f3n, Ciencia y Tecnolog\u00eda -UMECIT- fue escenario de \u201cF\u00fatbol 360: La visi\u00f3n de los protagonistas\u201d, un encuentro que reuni\u00f3 a reconocidas figuras del f\u00fatbol nacional e internacional para reflexionar sobre liderazgo, formaci\u00f3n, tecnolog\u00eda, gesti\u00f3n y los desaf\u00edos que enfrenta la industria del f\u00fatbol.\" \/>\n<meta name=\"robots\" content=\"index, follow, max-snippet:-1, max-image-preview:large, max-video-preview:-1\" \/>\n<link rel=\"canonical\" href=\"https:\/\/umecit.edu.pa\/en\/futbol-360-reunion-experiencia-liderazgo-y-formacion-para-hablar-del-presente-y-futuro-del-deporte\/\" \/>\n<meta property=\"og:locale\" content=\"en_US\" \/>\n<meta property=\"og:type\" content=\"article\" \/>\n<meta property=\"og:title\" content=\"F\u00fatbol 360 reuni\u00f3 experiencia, liderazgo y formaci\u00f3n para hablar del presente y futuro del deporte\" \/>\n<meta property=\"og:description\" content=\"La Universidad Metropolitana de Educaci\u00f3n, Ciencia y Tecnolog\u00eda -UMECIT- fue escenario de \u201cF\u00fatbol 360: La visi\u00f3n de los protagonistas\u201d, un encuentro que reuni\u00f3 a reconocidas figuras del f\u00fatbol nacional e internacional para reflexionar sobre liderazgo, formaci\u00f3n, tecnolog\u00eda, gesti\u00f3n y los desaf\u00edos que enfrenta la industria del f\u00fatbol.\" \/>\n<meta property=\"og:url\" content=\"https:\/\/umecit.edu.pa\/en\/futbol-360-reunion-experiencia-liderazgo-y-formacion-para-hablar-del-presente-y-futuro-del-deporte\/\" \/>\n<meta property=\"og:site_name\" content=\"Umecit - Universidad en Panam\u00e1\" \/>\n<meta property=\"article:publisher\" content=\"https:\/\/www.facebook.com\/umecitpanama\/\" \/>\n<meta property=\"article:published_time\" content=\"2026-09-05T00:07:44+00:00\" \/>\n<meta property=\"article:modified_time\" content=\"2026-09-05T00:16:47+00:00\" \/>\n<meta property=\"og:image\" content=\"https:\/\/umecit.edu.pa\/wp-content\/uploads\/2026\/09\/FOTO-PRINCIPAL-360-.jpeg\" \/>\n\t<meta property=\"og:image:width\" content=\"1600\" \/>\n\t<meta property=\"og:image:height\" content=\"1066\" \/>\n\t<meta property=\"og:image:type\" content=\"image\/jpeg\" \/>\n<meta name=\"author\" content=\"UM\" \/>\n<meta name=\"twitter:card\" content=\"summary_large_image\" \/>\n<meta name=\"twitter:creator\" content=\"@umecitpanama\" \/>\n<meta name=\"twitter:site\" content=\"@umecitpanama\" \/>\n<meta name=\"twitter:label1\" content=\"Written by\" \/>\n\t<meta name=\"twitter:data1\" content=\"UM\" \/>\n\t<meta name=\"twitter:label2\" content=\"Est. reading time\" \/>\n\t<meta name=\"twitter:data2\" content=\"5 minutes\" \/>\n<script type=\"application\/ld+json\" class=\"yoast-schema-graph\">{\"@context\":\"https:\\\/\\\/schema.org\",\"@graph\":[{\"@type\":\"Article\",\"@id\":\"https:\\\/\\\/umecit.edu.pa\\\/futbol-360-reunion-experiencia-liderazgo-y-formacion-para-hablar-del-presente-y-futuro-del-deporte\\\/#article\",\"isPartOf\":{\"@id\":\"https:\\\/\\\/umecit.edu.pa\\\/futbol-360-reunion-experiencia-liderazgo-y-formacion-para-hablar-del-presente-y-futuro-del-deporte\\\/\"},\"author\":{\"name\":\"UM\",\"@id\":\"https:\\\/\\\/umecit.edu.pa\\\/#\\\/schema\\\/person\\\/b2c0d29c839513d3464f9c9e1f3e6f69\"},\"headline\":\"F\u00fatbol 360 reuni\u00f3 experiencia, liderazgo y formaci\u00f3n para hablar del presente y futuro del deporte\",\"datePublished\":\"2026-09-05T00:07:44+00:00\",\"dateModified\":\"2026-09-05T00:16:47+00:00\",\"mainEntityOfPage\":{\"@id\":\"https:\\\/\\\/umecit.edu.pa\\\/futbol-360-reunion-experiencia-liderazgo-y-formacion-para-hablar-del-presente-y-futuro-del-deporte\\\/\"},\"wordCount\":992,\"publisher\":{\"@id\":\"https:\\\/\\\/umecit.edu.pa\\\/#organization\"},\"image\":{\"@id\":\"https:\\\/\\\/umecit.edu.pa\\\/futbol-360-reunion-experiencia-liderazgo-y-formacion-para-hablar-del-presente-y-futuro-del-deporte\\\/#primaryimage\"},\"thumbnailUrl\":\"https:\\\/\\\/umecit.edu.pa\\\/wp-content\\\/uploads\\\/2026\\\/09\\\/FOTO-PRINCIPAL-360-.jpeg\",\"articleSection\":[\"Bienestar Universitario\",\"Educaci\u00f3n\",\"Extensi\u00f3n\",\"Noticias\",\"Universidad\"],\"inLanguage\":\"en-US\"},{\"@type\":\"WebPage\",\"@id\":\"https:\\\/\\\/umecit.edu.pa\\\/futbol-360-reunion-experiencia-liderazgo-y-formacion-para-hablar-del-presente-y-futuro-del-deporte\\\/\",\"url\":\"https:\\\/\\\/umecit.edu.pa\\\/futbol-360-reunion-experiencia-liderazgo-y-formacion-para-hablar-del-presente-y-futuro-del-deporte\\\/\",\"name\":\"F\u00fatbol 360 reuni\u00f3 experiencia, liderazgo y formaci\u00f3n para hablar del presente y futuro del deporte\",\"isPartOf\":{\"@id\":\"https:\\\/\\\/umecit.edu.pa\\\/#website\"},\"primaryImageOfPage\":{\"@id\":\"https:\\\/\\\/umecit.edu.pa\\\/futbol-360-reunion-experiencia-liderazgo-y-formacion-para-hablar-del-presente-y-futuro-del-deporte\\\/#primaryimage\"},\"image\":{\"@id\":\"https:\\\/\\\/umecit.edu.pa\\\/futbol-360-reunion-experiencia-liderazgo-y-formacion-para-hablar-del-presente-y-futuro-del-deporte\\\/#primaryimage\"},\"thumbnailUrl\":\"https:\\\/\\\/umecit.edu.pa\\\/wp-content\\\/uploads\\\/2026\\\/09\\\/FOTO-PRINCIPAL-360-.jpeg\",\"datePublished\":\"2026-09-05T00:07:44+00:00\",\"dateModified\":\"2026-09-05T00:16:47+00:00\",\"description\":\"La Universidad Metropolitana de Educaci\u00f3n, Ciencia y Tecnolog\u00eda -UMECIT- fue escenario de \u201cF\u00fatbol 360: La visi\u00f3n de los protagonistas\u201d, un encuentro que reuni\u00f3 a reconocidas figuras del f\u00fatbol nacional e internacional para reflexionar sobre liderazgo, formaci\u00f3n, tecnolog\u00eda, gesti\u00f3n y los desaf\u00edos que enfrenta la industria del f\u00fatbol.\",\"breadcrumb\":{\"@id\":\"https:\\\/\\\/umecit.edu.pa\\\/futbol-360-reunion-experiencia-liderazgo-y-formacion-para-hablar-del-presente-y-futuro-del-deporte\\\/#breadcrumb\"},\"inLanguage\":\"en-US\",\"potentialAction\":[{\"@type\":\"ReadAction\",\"target\":[\"https:\\\/\\\/umecit.edu.pa\\\/futbol-360-reunion-experiencia-liderazgo-y-formacion-para-hablar-del-presente-y-futuro-del-deporte\\\/\"]}]},{\"@type\":\"ImageObject\",\"inLanguage\":\"en-US\",\"@id\":\"https:\\\/\\\/umecit.edu.pa\\\/futbol-360-reunion-experiencia-liderazgo-y-formacion-para-hablar-del-presente-y-futuro-del-deporte\\\/#primaryimage\",\"url\":\"https:\\\/\\\/umecit.edu.pa\\\/wp-content\\\/uploads\\\/2026\\\/09\\\/FOTO-PRINCIPAL-360-.jpeg\",\"contentUrl\":\"https:\\\/\\\/umecit.edu.pa\\\/wp-content\\\/uploads\\\/2026\\\/09\\\/FOTO-PRINCIPAL-360-.jpeg\",\"width\":1600,\"height\":1066},{\"@type\":\"BreadcrumbList\",\"@id\":\"https:\\\/\\\/umecit.edu.pa\\\/futbol-360-reunion-experiencia-liderazgo-y-formacion-para-hablar-del-presente-y-futuro-del-deporte\\\/#breadcrumb\",\"itemListElement\":[{\"@type\":\"ListItem\",\"position\":1,\"name\":\"Portada\",\"item\":\"https:\\\/\\\/umecit.edu.pa\\\/\"},{\"@type\":\"ListItem\",\"position\":2,\"name\":\"F\u00fatbol 360 reuni\u00f3 experiencia, liderazgo y formaci\u00f3n para hablar del presente y futuro del deporte\"}]},{\"@type\":\"WebSite\",\"@id\":\"https:\\\/\\\/umecit.edu.pa\\\/#website\",\"url\":\"https:\\\/\\\/umecit.edu.pa\\\/\",\"name\":\"Umecit - Universidad en Panam\u00e1\",\"description\":\"Universidad Metropolitana de Educaci\u00f3n, Ciencia y Tecnolog\u00eda\",\"publisher\":{\"@id\":\"https:\\\/\\\/umecit.edu.pa\\\/#organization\"},\"potentialAction\":[{\"@type\":\"SearchAction\",\"target\":{\"@type\":\"EntryPoint\",\"urlTemplate\":\"https:\\\/\\\/umecit.edu.pa\\\/?s={search_term_string}\"},\"query-input\":{\"@type\":\"PropertyValueSpecification\",\"valueRequired\":true,\"valueName\":\"search_term_string\"}}],\"inLanguage\":\"en-US\"},{\"@type\":\"Organization\",\"@id\":\"https:\\\/\\\/umecit.edu.pa\\\/#organization\",\"name\":\"Umecit - Universidad en Panam\u00e1\",\"url\":\"https:\\\/\\\/umecit.edu.pa\\\/\",\"logo\":{\"@type\":\"ImageObject\",\"inLanguage\":\"en-US\",\"@id\":\"https:\\\/\\\/umecit.edu.pa\\\/#\\\/schema\\\/logo\\\/image\\\/\",\"url\":\"https:\\\/\\\/umecit.edu.pa\\\/wp-content\\\/uploads\\\/2022\\\/06\\\/panama-7.jpg\",\"contentUrl\":\"https:\\\/\\\/umecit.edu.pa\\\/wp-content\\\/uploads\\\/2022\\\/06\\\/panama-7.jpg\",\"width\":1200,\"height\":800,\"caption\":\"Umecit - Universidad en Panam\u00e1\"},\"image\":{\"@id\":\"https:\\\/\\\/umecit.edu.pa\\\/#\\\/schema\\\/logo\\\/image\\\/\"},\"sameAs\":[\"https:\\\/\\\/www.facebook.com\\\/umecitpanama\\\/\",\"https:\\\/\\\/x.com\\\/umecitpanama\",\"https:\\\/\\\/www.tiktok.com\\\/@umecit\",\"https:\\\/\\\/www.instagram.com\\\/umecit\\\/\",\"https:\\\/\\\/www.youtube.com\\\/channel\\\/UCP9iXFXi4p_EW_p9p6lprhg\"]},{\"@type\":\"Person\",\"@id\":\"https:\\\/\\\/umecit.edu.pa\\\/#\\\/schema\\\/person\\\/b2c0d29c839513d3464f9c9e1f3e6f69\",\"name\":\"UM\",\"image\":{\"@type\":\"ImageObject\",\"inLanguage\":\"en-US\",\"@id\":\"https:\\\/\\\/secure.gravatar.com\\\/avatar\\\/4bd79a51f57922b8709c7f62c99ce71611fc5526021ce2d15534b9ae452e6a1c?s=96&d=mm&r=g\",\"url\":\"https:\\\/\\\/secure.gravatar.com\\\/avatar\\\/4bd79a51f57922b8709c7f62c99ce71611fc5526021ce2d15534b9ae452e6a1c?s=96&d=mm&r=g\",\"contentUrl\":\"https:\\\/\\\/secure.gravatar.com\\\/avatar\\\/4bd79a51f57922b8709c7f62c99ce71611fc5526021ce2d15534b9ae452e6a1c?s=96&d=mm&r=g\",\"caption\":\"UM\"},\"url\":\"https:\\\/\\\/umecit.edu.pa\\\/en\\\/author\\\/mercadeo\\\/\"}]}<\/script>\n<!-- \/ Yoast SEO plugin. -->","yoast_head_json":{"title":"F\u00fatbol 360 brought together experience, leadership and training to discuss the present and future of the sport.","description":"The Metropolitan University of Education, Science and Technology -UMECIT- was the setting for \u201cFootball 360: The vision of the protagonists\u201d, a meeting that brought together renowned figures from national and international football to reflect on leadership, training, technology, management and the challenges facing the football industry.","robots":{"index":"index","follow":"follow","max-snippet":"max-snippet:-1","max-image-preview":"max-image-preview:large","max-video-preview":"max-video-preview:-1"},"canonical":"https:\/\/umecit.edu.pa\/en\/futbol-360-reunion-experiencia-liderazgo-y-formacion-para-hablar-del-presente-y-futuro-del-deporte\/","og_locale":"en_US","og_type":"article","og_title":"F\u00fatbol 360 reuni\u00f3 experiencia, liderazgo y formaci\u00f3n para hablar del presente y futuro del deporte","og_description":"La Universidad Metropolitana de Educaci\u00f3n, Ciencia y Tecnolog\u00eda -UMECIT- fue escenario de \u201cF\u00fatbol 360: La visi\u00f3n de los protagonistas\u201d, un encuentro que reuni\u00f3 a reconocidas figuras del f\u00fatbol nacional e internacional para reflexionar sobre liderazgo, formaci\u00f3n, tecnolog\u00eda, gesti\u00f3n y los desaf\u00edos que enfrenta la industria del f\u00fatbol.","og_url":"https:\/\/umecit.edu.pa\/en\/futbol-360-reunion-experiencia-liderazgo-y-formacion-para-hablar-del-presente-y-futuro-del-deporte\/","og_site_name":"Umecit - Universidad en Panam\u00e1","article_publisher":"https:\/\/www.facebook.com\/umecitpanama\/","article_published_time":"2026-09-05T00:07:44+00:00","article_modified_time":"2026-09-05T00:16:47+00:00","og_image":[{"width":1600,"height":1066,"url":"https:\/\/umecit.edu.pa\/wp-content\/uploads\/2026\/09\/FOTO-PRINCIPAL-360-.jpeg","type":"image\/jpeg"}],"author":"UM","twitter_card":"summary_large_image","twitter_creator":"@umecitpanama","twitter_site":"@umecitpanama","twitter_misc":{"Written by":"UM","Est. reading time":"5 minutes"},"schema":{"@context":"https:\/\/schema.org","@graph":[{"@type":"Article","@id":"https:\/\/umecit.edu.pa\/futbol-360-reunion-experiencia-liderazgo-y-formacion-para-hablar-del-presente-y-futuro-del-deporte\/#article","isPartOf":{"@id":"https:\/\/umecit.edu.pa\/futbol-360-reunion-experiencia-liderazgo-y-formacion-para-hablar-del-presente-y-futuro-del-deporte\/"},"author":{"name":"UM","@id":"https:\/\/umecit.edu.pa\/#\/schema\/person\/b2c0d29c839513d3464f9c9e1f3e6f69"},"headline":"F\u00fatbol 360 reuni\u00f3 experiencia, liderazgo y formaci\u00f3n para hablar del presente y futuro del deporte","datePublished":"2026-09-05T00:07:44+00:00","dateModified":"2026-09-05T00:16:47+00:00","mainEntityOfPage":{"@id":"https:\/\/umecit.edu.pa\/futbol-360-reunion-experiencia-liderazgo-y-formacion-para-hablar-del-presente-y-futuro-del-deporte\/"},"wordCount":992,"publisher":{"@id":"https:\/\/umecit.edu.pa\/#organization"},"image":{"@id":"https:\/\/umecit.edu.pa\/futbol-360-reunion-experiencia-liderazgo-y-formacion-para-hablar-del-presente-y-futuro-del-deporte\/#primaryimage"},"thumbnailUrl":"https:\/\/umecit.edu.pa\/wp-content\/uploads\/2026\/09\/FOTO-PRINCIPAL-360-.jpeg","articleSection":["Bienestar Universitario","Educaci\u00f3n","Extensi\u00f3n","Noticias","Universidad"],"inLanguage":"en-US"},{"@type":"WebPage","@id":"https:\/\/umecit.edu.pa\/futbol-360-reunion-experiencia-liderazgo-y-formacion-para-hablar-del-presente-y-futuro-del-deporte\/","url":"https:\/\/umecit.edu.pa\/futbol-360-reunion-experiencia-liderazgo-y-formacion-para-hablar-del-presente-y-futuro-del-deporte\/","name":"F\u00fatbol 360 brought together experience, leadership and training to discuss the present and future of the sport.","isPartOf":{"@id":"https:\/\/umecit.edu.pa\/#website"},"primaryImageOfPage":{"@id":"https:\/\/umecit.edu.pa\/futbol-360-reunion-experiencia-liderazgo-y-formacion-para-hablar-del-presente-y-futuro-del-deporte\/#primaryimage"},"image":{"@id":"https:\/\/umecit.edu.pa\/futbol-360-reunion-experiencia-liderazgo-y-formacion-para-hablar-del-presente-y-futuro-del-deporte\/#primaryimage"},"thumbnailUrl":"https:\/\/umecit.edu.pa\/wp-content\/uploads\/2026\/09\/FOTO-PRINCIPAL-360-.jpeg","datePublished":"2026-09-05T00:07:44+00:00","dateModified":"2026-09-05T00:16:47+00:00","description":"The Metropolitan University of Education, Science and Technology -UMECIT- was the setting for \u201cFootball 360: The vision of the protagonists\u201d, a meeting that brought together renowned figures from national and international football to reflect on leadership, training, technology, management and the challenges facing the football industry.","breadcrumb":{"@id":"https:\/\/umecit.edu.pa\/futbol-360-reunion-experiencia-liderazgo-y-formacion-para-hablar-del-presente-y-futuro-del-deporte\/#breadcrumb"},"inLanguage":"en-US","potentialAction":[{"@type":"ReadAction","target":["https:\/\/umecit.edu.pa\/futbol-360-reunion-experiencia-liderazgo-y-formacion-para-hablar-del-presente-y-futuro-del-deporte\/"]}]},{"@type":"ImageObject","inLanguage":"en-US","@id":"https:\/\/umecit.edu.pa\/futbol-360-reunion-experiencia-liderazgo-y-formacion-para-hablar-del-presente-y-futuro-del-deporte\/#primaryimage","url":"https:\/\/umecit.edu.pa\/wp-content\/uploads\/2026\/09\/FOTO-PRINCIPAL-360-.jpeg","contentUrl":"https:\/\/umecit.edu.pa\/wp-content\/uploads\/2026\/09\/FOTO-PRINCIPAL-360-.jpeg","width":1600,"height":1066},{"@type":"BreadcrumbList","@id":"https:\/\/umecit.edu.pa\/futbol-360-reunion-experiencia-liderazgo-y-formacion-para-hablar-del-presente-y-futuro-del-deporte\/#breadcrumb","itemListElement":[{"@type":"ListItem","position":1,"name":"Portada","item":"https:\/\/umecit.edu.pa\/"},{"@type":"ListItem","position":2,"name":"F\u00fatbol 360 reuni\u00f3 experiencia, liderazgo y formaci\u00f3n para hablar del presente y futuro del deporte"}]},{"@type":"WebSite","@id":"https:\/\/umecit.edu.pa\/#website","url":"https:\/\/umecit.edu.pa\/","name":"Umecit - University in Panama","description":"Metropolitan University of Education, Science and Technology","publisher":{"@id":"https:\/\/umecit.edu.pa\/#organization"},"potentialAction":[{"@type":"SearchAction","target":{"@type":"EntryPoint","urlTemplate":"https:\/\/umecit.edu.pa\/?s={search_term_string}"},"query-input":{"@type":"PropertyValueSpecification","valueRequired":true,"valueName":"search_term_string"}}],"inLanguage":"en-US"},{"@type":"Organization","@id":"https:\/\/umecit.edu.pa\/#organization","name":"Umecit - University in Panama","url":"https:\/\/umecit.edu.pa\/","logo":{"@type":"ImageObject","inLanguage":"en-US","@id":"https:\/\/umecit.edu.pa\/#\/schema\/logo\/image\/","url":"https:\/\/umecit.edu.pa\/wp-content\/uploads\/2022\/06\/panama-7.jpg","contentUrl":"https:\/\/umecit.edu.pa\/wp-content\/uploads\/2022\/06\/panama-7.jpg","width":1200,"height":800,"caption":"Umecit - Universidad en Panam\u00e1"},"image":{"@id":"https:\/\/umecit.edu.pa\/#\/schema\/logo\/image\/"},"sameAs":["https:\/\/www.facebook.com\/umecitpanama\/","https:\/\/x.com\/umecitpanama","https:\/\/www.tiktok.com\/@umecit","https:\/\/www.instagram.com\/umecit\/","https:\/\/www.youtube.com\/channel\/UCP9iXFXi4p_EW_p9p6lprhg"]},{"@type":"Person","@id":"https:\/\/umecit.edu.pa\/#\/schema\/person\/b2c0d29c839513d3464f9c9e1f3e6f69","name":"UM","image":{"@type":"ImageObject","inLanguage":"en-US","@id":"https:\/\/secure.gravatar.com\/avatar\/4bd79a51f57922b8709c7f62c99ce71611fc5526021ce2d15534b9ae452e6a1c?s=96&d=mm&r=g","url":"https:\/\/secure.gravatar.com\/avatar\/4bd79a51f57922b8709c7f62c99ce71611fc5526021ce2d15534b9ae452e6a1c?s=96&d=mm&r=g","contentUrl":"https:\/\/secure.gravatar.com\/avatar\/4bd79a51f57922b8709c7f62c99ce71611fc5526021ce2d15534b9ae452e6a1c?s=96&d=mm&r=g","caption":"UM"},"url":"https:\/\/umecit.edu.pa\/en\/author\/mercadeo\/"}]}},"_links":{"self":[{"href":"https:\/\/umecit.edu.pa\/en\/wp-json\/wp\/v2\/posts\/136676","targetHints":{"allow":["GET"]}}],"collection":[{"href":"https:\/\/umecit.edu.pa\/en\/wp-json\/wp\/v2\/posts"}],"about":[{"href":"https:\/\/umecit.edu.pa\/en\/wp-json\/wp\/v2\/types\/post"}],"author":[{"embeddable":true,"href":"https:\/\/umecit.edu.pa\/en\/wp-json\/wp\/v2\/users\/695"}],"replies":[{"embeddable":true,"href":"https:\/\/umecit.edu.pa\/en\/wp-json\/wp\/v2\/comments?post=136676"}],"version-history":[{"count":5,"href":"https:\/\/umecit.edu.pa\/en\/wp-json\/wp\/v2\/posts\/136676\/revisions"}],"predecessor-version":[{"id":136700,"href":"https:\/\/umecit.edu.pa\/en\/wp-json\/wp\/v2\/posts\/136676\/revisions\/136700"}],"wp:featuredmedia":[{"embeddable":true,"href":"https:\/\/umecit.edu.pa\/en\/wp-json\/wp\/v2\/media\/136678"}],"wp:attachment":[{"href":"https:\/\/umecit.edu.pa\/en\/wp-json\/wp\/v2\/media?parent=136676"}],"wp:term":[{"taxonomy":"category","embeddable":true,"href":"https:\/\/umecit.edu.pa\/en\/wp-json\/wp\/v2\/categories?post=136676"},{"taxonomy":"post_tag","embeddable":true,"href":"https:\/\/umecit.edu.pa\/en\/wp-json\/wp\/v2\/tags?post=136676"}],"curies":[{"name":"wp","href":"https:\/\/api.w.org\/{rel}","templated":true}]}}