{"id":136638,"date":"2026-09-03T09:56:14","date_gmt":"2026-09-03T14:56:14","guid":{"rendered":"https:\/\/umecit.edu.pa\/?p=136638"},"modified":"2026-09-03T09:58:19","modified_gmt":"2026-09-03T14:58:19","slug":"la-sede-chitre-fortalece-su-vinculacion-regional-con-su-participacion-en-azuero-vibra-2026","status":"publish","type":"post","link":"https:\/\/umecit.edu.pa\/en\/la-sede-chitre-fortalece-su-vinculacion-regional-con-su-participacion-en-azuero-vibra-2026\/","title":{"rendered":"The Chitr\u00e9 Campus strengthens its regional ties with its participation in Azuero Vibra 2026"},"content":{"rendered":"<div data-elementor-type=\"wp-post\" data-elementor-id=\"136638\" class=\"elementor elementor-136638\" data-elementor-post-type=\"post\">\n\t\t\t\t\t\t<section class=\"elementor-section elementor-top-section elementor-element elementor-element-a396382 elementor-section-boxed elementor-section-height-default elementor-section-height-default row-top\" data-id=\"a396382\" data-element_type=\"section\" data-e-type=\"section\">\n\t\t\t\t\t\t<div class=\"elementor-container elementor-column-gap-default\">\n\t\t\t\t\t<div class=\"elementor-column elementor-col-100 elementor-top-column elementor-element elementor-element-3161a1c9 column-style-top\" data-id=\"3161a1c9\" data-element_type=\"column\" data-e-type=\"column\">\n\t\t\t<div class=\"elementor-widget-wrap elementor-element-populated\">\n\t\t\t\t\t\t<div class=\"elementor-element elementor-element-4fe7300a elementor-widget elementor-widget-text-editor\" data-id=\"4fe7300a\" data-element_type=\"widget\" data-e-type=\"widget\" data-widget_type=\"text-editor.default\">\n\t\t\t\t<div class=\"elementor-widget-container\">\n\t\t\t\t\t\t\t\t\t<p>UMECIT, Chitr\u00e9 Campus, reaffirmed its commitment to the educational and professional development of the central region of the country through its participation in Azuero Vibra 2026, a commercial and academic showcase held at the Azuero Convention Center.<\/p><p>During the two days of the event, UMECIT was part of this platform that brought together different actors from the academic, business and entrepreneurial fields, with the purpose of strengthening the links between higher education, the productive sector and the entrepreneurial ecosystem of the country.<\/p><p>Through their participation, UMECIT representatives shared with hundreds of visitors, students, and micro-entrepreneurs interested in learning about new educational trends, training alternatives, and tools to boost their professional and business growth.<\/p><p>As part of its academic agenda, the university participated alongside other higher education institutions in the discussion \u201cEducation, Talent, and Regional Opportunities.\u201d In this forum, Anielka Samaniego, MA, highlighted the academic and scientific component that characterizes UMECIT&#039;s proposal and its connection to concrete actions in areas such as employment, technology, entrepreneurship, and the development of the talent needed in the region.<\/p><p>During her speech, she also presented the report \u201cConnect Education and Employment\u201d, highlighting the importance of promoting education linked to the real needs of the socio-labor environment and generating greater opportunities from an equity perspective.<\/p><p>UMECIT&#039;s participation in this meeting reaffirms the importance of promoting spaces for dialogue and collaboration that allow us to understand the structural realities of the region and contribute, from academia, to building opportunities for its development.<\/p><p>As part of Azuero Vibra 2026, UMECIT Chitr\u00e9 Campus also had an information booth, staffed by its Marketing team, where visitors could learn firsthand about its academic offerings, which include bachelor&#039;s degrees, technical degrees, and specialized programs designed to meet the demands of the current job market and contribute to sustainable development.<\/p><p>With this participation, UMECIT Chitr\u00e9 Campus continues to strengthen its presence and connection with the region, promoting an education connected with the opportunities, challenges and needs of the environment.<\/p>\t\t\t\t\t\t\t\t<\/div>\n\t\t\t\t<\/div>\n\t\t\t\t\t<\/div>\n\t\t<\/div>\n\t\t\t\t\t<\/div>\n\t\t<\/section>\n\t\t\t\t<section class=\"elementor-section elementor-top-section elementor-element elementor-element-9d38e26 elementor-section-boxed elementor-section-height-default elementor-section-height-default row-top\" data-id=\"9d38e26\" data-element_type=\"section\" data-e-type=\"section\">\n\t\t\t\t\t\t<div class=\"elementor-container elementor-column-gap-default\">\n\t\t\t\t\t<div class=\"elementor-column elementor-col-100 elementor-top-column elementor-element elementor-element-f42e549 column-style-top\" data-id=\"f42e549\" data-element_type=\"column\" data-e-type=\"column\">\n\t\t\t<div class=\"elementor-widget-wrap elementor-element-populated\">\n\t\t\t\t\t\t<div class=\"elementor-element elementor-element-0808de5 elementor-widget__width-initial elementor-widget elementor-widget-gallery\" data-id=\"0808de5\" data-element_type=\"widget\" data-e-type=\"widget\" data-settings=\"{&quot;lazyload&quot;:&quot;yes&quot;,&quot;gallery_layout&quot;:&quot;grid&quot;,&quot;columns&quot;:4,&quot;columns_tablet&quot;:2,&quot;columns_mobile&quot;:1,&quot;gap&quot;:{&quot;unit&quot;:&quot;px&quot;,&quot;size&quot;:10,&quot;sizes&quot;:[]},&quot;gap_tablet&quot;:{&quot;unit&quot;:&quot;px&quot;,&quot;size&quot;:10,&quot;sizes&quot;:[]},&quot;gap_mobile&quot;:{&quot;unit&quot;:&quot;px&quot;,&quot;size&quot;:10,&quot;sizes&quot;:[]},&quot;link_to&quot;:&quot;file&quot;,&quot;aspect_ratio&quot;:&quot;3:2&quot;,&quot;overlay_background&quot;:&quot;yes&quot;,&quot;content_hover_animation&quot;:&quot;fade-in&quot;}\" data-widget_type=\"gallery.default\">\n\t\t\t\t<div class=\"elementor-widget-container\">\n\t\t\t\t\t\t\t<div class=\"elementor-gallery__container\">\n\t\t\t\t\t\t\t<a class=\"e-gallery-item elementor-gallery-item elementor-animated-content\" href=\"https:\/\/mail.umecit.edu.pa\/wp-content\/uploads\/2026\/09\/azuero-vibra-2.jpeg\" data-elementor-open-lightbox=\"yes\" data-elementor-lightbox-slideshow=\"0808de5\" data-elementor-lightbox-title=\"azuero vibra 2\" data-e-action-hash=\"#elementor-action%3Aaction%3Dlightbox%26settings%3DeyJpZCI6MTM2NjQxLCJ1cmwiOiJodHRwczpcL1wvbWFpbC51bWVjaXQuZWR1LnBhXC93cC1jb250ZW50XC91cGxvYWRzXC8yMDI2XC8wOVwvYXp1ZXJvLXZpYnJhLTIuanBlZyIsInNsaWRlc2hvdyI6IjA4MDhkZTUifQ%3D%3D\">\n\t\t\t\t\t<div class=\"e-gallery-image elementor-gallery-item__image\" data-thumbnail=\"https:\/\/mail.umecit.edu.pa\/wp-content\/uploads\/2026\/09\/azuero-vibra-2-600x600.jpeg\" data-width=\"600\" data-height=\"600\" aria-label=\"\" role=\"img\" ><\/div>\n\t\t\t\t\t\t\t\t\t\t\t<div class=\"elementor-gallery-item__overlay\"><\/div>\n\t\t\t\t\t\t\t\t\t\t\t\t\t\t<\/a>\n\t\t\t\t\t\t\t<a class=\"e-gallery-item elementor-gallery-item elementor-animated-content\" href=\"https:\/\/mail.umecit.edu.pa\/wp-content\/uploads\/2026\/09\/azuero-bribra-1.jpeg\" data-elementor-open-lightbox=\"yes\" data-elementor-lightbox-slideshow=\"0808de5\" data-elementor-lightbox-title=\"azuero bribra 1\" data-e-action-hash=\"#elementor-action%3Aaction%3Dlightbox%26settings%3DeyJpZCI6MTM2NjQyLCJ1cmwiOiJodHRwczpcL1wvbWFpbC51bWVjaXQuZWR1LnBhXC93cC1jb250ZW50XC91cGxvYWRzXC8yMDI2XC8wOVwvYXp1ZXJvLWJyaWJyYS0xLmpwZWciLCJzbGlkZXNob3ciOiIwODA4ZGU1In0%3D\">\n\t\t\t\t\t<div class=\"e-gallery-image elementor-gallery-item__image\" data-thumbnail=\"https:\/\/mail.umecit.edu.pa\/wp-content\/uploads\/2026\/09\/azuero-bribra-1-600x600.jpeg\" data-width=\"600\" data-height=\"600\" aria-label=\"\" role=\"img\" ><\/div>\n\t\t\t\t\t\t\t\t\t\t\t<div class=\"elementor-gallery-item__overlay\"><\/div>\n\t\t\t\t\t\t\t\t\t\t\t\t\t\t<\/a>\n\t\t\t\t\t<\/div>\n\t\t\t\t\t<\/div>\n\t\t\t\t<\/div>\n\t\t\t\t\t<\/div>\n\t\t<\/div>\n\t\t\t\t\t<\/div>\n\t\t<\/section>\n\t\t\t\t<\/div>","protected":false},"excerpt":{"rendered":"<p>UMECIT, Sede Chitr\u00e9, reafirm\u00f3 su compromiso con el desarrollo educativo y profesional de la regi\u00f3n central del pa\u00eds mediante su participaci\u00f3n en Azuero Vibra 2026, vitrina comercial y acad\u00e9mica celebrada en el Centro de Convenciones de Azuero. Durante los dos d\u00edas del evento, UMECIT form\u00f3 parte de esta plataforma que reuni\u00f3 a distintos actores del [&hellip;]<\/p>\n","protected":false},"author":828,"featured_media":136639,"comment_status":"closed","ping_status":"closed","sticky":false,"template":"","format":"standard","meta":{"footnotes":""},"categories":[73,109,174],"tags":[],"class_list":["post-136638","post","type-post","status-publish","format-standard","has-post-thumbnail","hentry","category-educacion","category-noticias","category-universidad"],"yoast_head":"<!-- This site is optimized with the Yoast SEO plugin v28.2 - https:\/\/yoast.com\/product\/yoast-seo-wordpress\/ -->\n<title>La Sede Chitr\u00e9 fortalece su vinculaci\u00f3n regional con su participaci\u00f3n en Azuero Vibra 2026<\/title>\n<meta name=\"description\" content=\"UMECIT, Sede Chitr\u00e9, reafirm\u00f3 su compromiso con el desarrollo educativo y profesional de la regi\u00f3n central del pa\u00eds mediante su participaci\u00f3n en Azuero Vibra 2026, vitrina comercial y acad\u00e9mica celebrada en el Centro de Convenciones de Azuero.\" \/>\n<meta name=\"robots\" content=\"index, follow, max-snippet:-1, max-image-preview:large, max-video-preview:-1\" \/>\n<link rel=\"canonical\" href=\"https:\/\/umecit.edu.pa\/en\/la-sede-chitre-fortalece-su-vinculacion-regional-con-su-participacion-en-azuero-vibra-2026\/\" \/>\n<meta property=\"og:locale\" content=\"en_US\" \/>\n<meta property=\"og:type\" content=\"article\" \/>\n<meta property=\"og:title\" content=\"La Sede Chitr\u00e9 fortalece su vinculaci\u00f3n regional con su participaci\u00f3n en Azuero Vibra 2026\" \/>\n<meta property=\"og:description\" content=\"UMECIT, Sede Chitr\u00e9, reafirm\u00f3 su compromiso con el desarrollo educativo y profesional de la regi\u00f3n central del pa\u00eds mediante su participaci\u00f3n en Azuero Vibra 2026, vitrina comercial y acad\u00e9mica celebrada en el Centro de Convenciones de Azuero.\" \/>\n<meta property=\"og:url\" content=\"https:\/\/umecit.edu.pa\/en\/la-sede-chitre-fortalece-su-vinculacion-regional-con-su-participacion-en-azuero-vibra-2026\/\" \/>\n<meta property=\"og:site_name\" content=\"Umecit - Universidad en Panam\u00e1\" \/>\n<meta property=\"article:publisher\" content=\"https:\/\/www.facebook.com\/umecitpanama\/\" \/>\n<meta property=\"article:published_time\" content=\"2026-09-03T14:56:14+00:00\" \/>\n<meta property=\"article:modified_time\" content=\"2026-09-03T14:58:19+00:00\" \/>\n<meta property=\"og:image\" content=\"https:\/\/umecit.edu.pa\/wp-content\/uploads\/2026\/09\/azuero-vibra-3.jpeg\" \/>\n\t<meta property=\"og:image:width\" content=\"960\" \/>\n\t<meta property=\"og:image:height\" content=\"1280\" \/>\n\t<meta property=\"og:image:type\" content=\"image\/jpeg\" \/>\n<meta name=\"author\" content=\"UM\" \/>\n<meta name=\"twitter:card\" content=\"summary_large_image\" \/>\n<meta name=\"twitter:creator\" content=\"@umecitpanama\" \/>\n<meta name=\"twitter:site\" content=\"@umecitpanama\" \/>\n<meta name=\"twitter:label1\" content=\"Written by\" \/>\n\t<meta name=\"twitter:data1\" content=\"UM\" \/>\n\t<meta name=\"twitter:label2\" content=\"Est. reading time\" \/>\n\t<meta name=\"twitter:data2\" content=\"2 minutes\" \/>\n<script type=\"application\/ld+json\" class=\"yoast-schema-graph\">{\"@context\":\"https:\\\/\\\/schema.org\",\"@graph\":[{\"@type\":\"Article\",\"@id\":\"https:\\\/\\\/umecit.edu.pa\\\/la-sede-chitre-fortalece-su-vinculacion-regional-con-su-participacion-en-azuero-vibra-2026\\\/#article\",\"isPartOf\":{\"@id\":\"https:\\\/\\\/umecit.edu.pa\\\/la-sede-chitre-fortalece-su-vinculacion-regional-con-su-participacion-en-azuero-vibra-2026\\\/\"},\"author\":{\"name\":\"UM\",\"@id\":\"https:\\\/\\\/umecit.edu.pa\\\/#\\\/schema\\\/person\\\/4c861ec6f2bdfe5c63c32697ff46e26d\"},\"headline\":\"La Sede Chitr\u00e9 fortalece su vinculaci\u00f3n regional con su participaci\u00f3n en Azuero Vibra 2026\",\"datePublished\":\"2026-09-03T14:56:14+00:00\",\"dateModified\":\"2026-09-03T14:58:19+00:00\",\"mainEntityOfPage\":{\"@id\":\"https:\\\/\\\/umecit.edu.pa\\\/la-sede-chitre-fortalece-su-vinculacion-regional-con-su-participacion-en-azuero-vibra-2026\\\/\"},\"wordCount\":394,\"publisher\":{\"@id\":\"https:\\\/\\\/umecit.edu.pa\\\/#organization\"},\"image\":{\"@id\":\"https:\\\/\\\/umecit.edu.pa\\\/la-sede-chitre-fortalece-su-vinculacion-regional-con-su-participacion-en-azuero-vibra-2026\\\/#primaryimage\"},\"thumbnailUrl\":\"https:\\\/\\\/umecit.edu.pa\\\/wp-content\\\/uploads\\\/2026\\\/09\\\/azuero-vibra-3.jpeg\",\"articleSection\":[\"Educaci\u00f3n\",\"Noticias\",\"Universidad\"],\"inLanguage\":\"en-US\"},{\"@type\":\"WebPage\",\"@id\":\"https:\\\/\\\/umecit.edu.pa\\\/la-sede-chitre-fortalece-su-vinculacion-regional-con-su-participacion-en-azuero-vibra-2026\\\/\",\"url\":\"https:\\\/\\\/umecit.edu.pa\\\/la-sede-chitre-fortalece-su-vinculacion-regional-con-su-participacion-en-azuero-vibra-2026\\\/\",\"name\":\"La Sede Chitr\u00e9 fortalece su vinculaci\u00f3n regional con su participaci\u00f3n en Azuero Vibra 2026\",\"isPartOf\":{\"@id\":\"https:\\\/\\\/umecit.edu.pa\\\/#website\"},\"primaryImageOfPage\":{\"@id\":\"https:\\\/\\\/umecit.edu.pa\\\/la-sede-chitre-fortalece-su-vinculacion-regional-con-su-participacion-en-azuero-vibra-2026\\\/#primaryimage\"},\"image\":{\"@id\":\"https:\\\/\\\/umecit.edu.pa\\\/la-sede-chitre-fortalece-su-vinculacion-regional-con-su-participacion-en-azuero-vibra-2026\\\/#primaryimage\"},\"thumbnailUrl\":\"https:\\\/\\\/umecit.edu.pa\\\/wp-content\\\/uploads\\\/2026\\\/09\\\/azuero-vibra-3.jpeg\",\"datePublished\":\"2026-09-03T14:56:14+00:00\",\"dateModified\":\"2026-09-03T14:58:19+00:00\",\"description\":\"UMECIT, Sede Chitr\u00e9, reafirm\u00f3 su compromiso con el desarrollo educativo y profesional de la regi\u00f3n central del pa\u00eds mediante su participaci\u00f3n en Azuero Vibra 2026, vitrina comercial y acad\u00e9mica celebrada en el Centro de Convenciones de Azuero.\",\"breadcrumb\":{\"@id\":\"https:\\\/\\\/umecit.edu.pa\\\/la-sede-chitre-fortalece-su-vinculacion-regional-con-su-participacion-en-azuero-vibra-2026\\\/#breadcrumb\"},\"inLanguage\":\"en-US\",\"potentialAction\":[{\"@type\":\"ReadAction\",\"target\":[\"https:\\\/\\\/umecit.edu.pa\\\/la-sede-chitre-fortalece-su-vinculacion-regional-con-su-participacion-en-azuero-vibra-2026\\\/\"]}]},{\"@type\":\"ImageObject\",\"inLanguage\":\"en-US\",\"@id\":\"https:\\\/\\\/umecit.edu.pa\\\/la-sede-chitre-fortalece-su-vinculacion-regional-con-su-participacion-en-azuero-vibra-2026\\\/#primaryimage\",\"url\":\"https:\\\/\\\/umecit.edu.pa\\\/wp-content\\\/uploads\\\/2026\\\/09\\\/azuero-vibra-3.jpeg\",\"contentUrl\":\"https:\\\/\\\/umecit.edu.pa\\\/wp-content\\\/uploads\\\/2026\\\/09\\\/azuero-vibra-3.jpeg\",\"width\":960,\"height\":1280},{\"@type\":\"BreadcrumbList\",\"@id\":\"https:\\\/\\\/umecit.edu.pa\\\/la-sede-chitre-fortalece-su-vinculacion-regional-con-su-participacion-en-azuero-vibra-2026\\\/#breadcrumb\",\"itemListElement\":[{\"@type\":\"ListItem\",\"position\":1,\"name\":\"Portada\",\"item\":\"https:\\\/\\\/umecit.edu.pa\\\/en\\\/\"},{\"@type\":\"ListItem\",\"position\":2,\"name\":\"La Sede Chitr\u00e9 fortalece su vinculaci\u00f3n regional con su participaci\u00f3n en Azuero Vibra 2026\"}]},{\"@type\":\"WebSite\",\"@id\":\"https:\\\/\\\/umecit.edu.pa\\\/#website\",\"url\":\"https:\\\/\\\/umecit.edu.pa\\\/\",\"name\":\"Umecit - Universidad en Panam\u00e1\",\"description\":\"Universidad Metropolitana de Educaci\u00f3n, Ciencia y Tecnolog\u00eda\",\"publisher\":{\"@id\":\"https:\\\/\\\/umecit.edu.pa\\\/#organization\"},\"potentialAction\":[{\"@type\":\"SearchAction\",\"target\":{\"@type\":\"EntryPoint\",\"urlTemplate\":\"https:\\\/\\\/umecit.edu.pa\\\/?s={search_term_string}\"},\"query-input\":{\"@type\":\"PropertyValueSpecification\",\"valueRequired\":true,\"valueName\":\"search_term_string\"}}],\"inLanguage\":\"en-US\"},{\"@type\":\"Organization\",\"@id\":\"https:\\\/\\\/umecit.edu.pa\\\/#organization\",\"name\":\"Umecit - Universidad en Panam\u00e1\",\"url\":\"https:\\\/\\\/umecit.edu.pa\\\/\",\"logo\":{\"@type\":\"ImageObject\",\"inLanguage\":\"en-US\",\"@id\":\"https:\\\/\\\/umecit.edu.pa\\\/#\\\/schema\\\/logo\\\/image\\\/\",\"url\":\"https:\\\/\\\/umecit.edu.pa\\\/wp-content\\\/uploads\\\/2022\\\/06\\\/panama-7.jpg\",\"contentUrl\":\"https:\\\/\\\/umecit.edu.pa\\\/wp-content\\\/uploads\\\/2022\\\/06\\\/panama-7.jpg\",\"width\":1200,\"height\":800,\"caption\":\"Umecit - Universidad en Panam\u00e1\"},\"image\":{\"@id\":\"https:\\\/\\\/umecit.edu.pa\\\/#\\\/schema\\\/logo\\\/image\\\/\"},\"sameAs\":[\"https:\\\/\\\/www.facebook.com\\\/umecitpanama\\\/\",\"https:\\\/\\\/x.com\\\/umecitpanama\",\"https:\\\/\\\/www.tiktok.com\\\/@umecit\",\"https:\\\/\\\/www.instagram.com\\\/umecit\\\/\",\"https:\\\/\\\/www.youtube.com\\\/channel\\\/UCP9iXFXi4p_EW_p9p6lprhg\"]},{\"@type\":\"Person\",\"@id\":\"https:\\\/\\\/umecit.edu.pa\\\/#\\\/schema\\\/person\\\/4c861ec6f2bdfe5c63c32697ff46e26d\",\"name\":\"UM\",\"image\":{\"@type\":\"ImageObject\",\"inLanguage\":\"en-US\",\"@id\":\"https:\\\/\\\/secure.gravatar.com\\\/avatar\\\/d354b2a4c39c763c53a2a00d7eb4a9878c7faaba1d07408b222a5b32187aac2a?s=96&d=mm&r=g\",\"url\":\"https:\\\/\\\/secure.gravatar.com\\\/avatar\\\/d354b2a4c39c763c53a2a00d7eb4a9878c7faaba1d07408b222a5b32187aac2a?s=96&d=mm&r=g\",\"contentUrl\":\"https:\\\/\\\/secure.gravatar.com\\\/avatar\\\/d354b2a4c39c763c53a2a00d7eb4a9878c7faaba1d07408b222a5b32187aac2a?s=96&d=mm&r=g\",\"caption\":\"UM\"},\"url\":\"https:\\\/\\\/umecit.edu.pa\\\/en\\\/author\\\/fotografiaumecit\\\/\"}]}<\/script>\n<!-- \/ Yoast SEO plugin. -->","yoast_head_json":{"title":"The Chitr\u00e9 Campus strengthens its regional ties with its participation in Azuero Vibra 2026","description":"UMECIT, Chitr\u00e9 Campus, reaffirmed its commitment to the educational and professional development of the central region of the country through its participation in Azuero Vibra 2026, a commercial and academic showcase held at the Azuero Convention Center.","robots":{"index":"index","follow":"follow","max-snippet":"max-snippet:-1","max-image-preview":"max-image-preview:large","max-video-preview":"max-video-preview:-1"},"canonical":"https:\/\/umecit.edu.pa\/en\/la-sede-chitre-fortalece-su-vinculacion-regional-con-su-participacion-en-azuero-vibra-2026\/","og_locale":"en_US","og_type":"article","og_title":"La Sede Chitr\u00e9 fortalece su vinculaci\u00f3n regional con su participaci\u00f3n en Azuero Vibra 2026","og_description":"UMECIT, Sede Chitr\u00e9, reafirm\u00f3 su compromiso con el desarrollo educativo y profesional de la regi\u00f3n central del pa\u00eds mediante su participaci\u00f3n en Azuero Vibra 2026, vitrina comercial y acad\u00e9mica celebrada en el Centro de Convenciones de Azuero.","og_url":"https:\/\/umecit.edu.pa\/en\/la-sede-chitre-fortalece-su-vinculacion-regional-con-su-participacion-en-azuero-vibra-2026\/","og_site_name":"Umecit - Universidad en Panam\u00e1","article_publisher":"https:\/\/www.facebook.com\/umecitpanama\/","article_published_time":"2026-09-03T14:56:14+00:00","article_modified_time":"2026-09-03T14:58:19+00:00","og_image":[{"width":960,"height":1280,"url":"https:\/\/umecit.edu.pa\/wp-content\/uploads\/2026\/09\/azuero-vibra-3.jpeg","type":"image\/jpeg"}],"author":"UM","twitter_card":"summary_large_image","twitter_creator":"@umecitpanama","twitter_site":"@umecitpanama","twitter_misc":{"Written by":"UM","Est. reading time":"2 minutes"},"schema":{"@context":"https:\/\/schema.org","@graph":[{"@type":"Article","@id":"https:\/\/umecit.edu.pa\/la-sede-chitre-fortalece-su-vinculacion-regional-con-su-participacion-en-azuero-vibra-2026\/#article","isPartOf":{"@id":"https:\/\/umecit.edu.pa\/la-sede-chitre-fortalece-su-vinculacion-regional-con-su-participacion-en-azuero-vibra-2026\/"},"author":{"name":"UM","@id":"https:\/\/umecit.edu.pa\/#\/schema\/person\/4c861ec6f2bdfe5c63c32697ff46e26d"},"headline":"La Sede Chitr\u00e9 fortalece su vinculaci\u00f3n regional con su participaci\u00f3n en Azuero Vibra 2026","datePublished":"2026-09-03T14:56:14+00:00","dateModified":"2026-09-03T14:58:19+00:00","mainEntityOfPage":{"@id":"https:\/\/umecit.edu.pa\/la-sede-chitre-fortalece-su-vinculacion-regional-con-su-participacion-en-azuero-vibra-2026\/"},"wordCount":394,"publisher":{"@id":"https:\/\/umecit.edu.pa\/#organization"},"image":{"@id":"https:\/\/umecit.edu.pa\/la-sede-chitre-fortalece-su-vinculacion-regional-con-su-participacion-en-azuero-vibra-2026\/#primaryimage"},"thumbnailUrl":"https:\/\/umecit.edu.pa\/wp-content\/uploads\/2026\/09\/azuero-vibra-3.jpeg","articleSection":["Educaci\u00f3n","Noticias","Universidad"],"inLanguage":"en-US"},{"@type":"WebPage","@id":"https:\/\/umecit.edu.pa\/la-sede-chitre-fortalece-su-vinculacion-regional-con-su-participacion-en-azuero-vibra-2026\/","url":"https:\/\/umecit.edu.pa\/la-sede-chitre-fortalece-su-vinculacion-regional-con-su-participacion-en-azuero-vibra-2026\/","name":"The Chitr\u00e9 Campus strengthens its regional ties with its participation in Azuero Vibra 2026","isPartOf":{"@id":"https:\/\/umecit.edu.pa\/#website"},"primaryImageOfPage":{"@id":"https:\/\/umecit.edu.pa\/la-sede-chitre-fortalece-su-vinculacion-regional-con-su-participacion-en-azuero-vibra-2026\/#primaryimage"},"image":{"@id":"https:\/\/umecit.edu.pa\/la-sede-chitre-fortalece-su-vinculacion-regional-con-su-participacion-en-azuero-vibra-2026\/#primaryimage"},"thumbnailUrl":"https:\/\/umecit.edu.pa\/wp-content\/uploads\/2026\/09\/azuero-vibra-3.jpeg","datePublished":"2026-09-03T14:56:14+00:00","dateModified":"2026-09-03T14:58:19+00:00","description":"UMECIT, Chitr\u00e9 Campus, reaffirmed its commitment to the educational and professional development of the central region of the country through its participation in Azuero Vibra 2026, a commercial and academic showcase held at the Azuero Convention Center.","breadcrumb":{"@id":"https:\/\/umecit.edu.pa\/la-sede-chitre-fortalece-su-vinculacion-regional-con-su-participacion-en-azuero-vibra-2026\/#breadcrumb"},"inLanguage":"en-US","potentialAction":[{"@type":"ReadAction","target":["https:\/\/umecit.edu.pa\/la-sede-chitre-fortalece-su-vinculacion-regional-con-su-participacion-en-azuero-vibra-2026\/"]}]},{"@type":"ImageObject","inLanguage":"en-US","@id":"https:\/\/umecit.edu.pa\/la-sede-chitre-fortalece-su-vinculacion-regional-con-su-participacion-en-azuero-vibra-2026\/#primaryimage","url":"https:\/\/umecit.edu.pa\/wp-content\/uploads\/2026\/09\/azuero-vibra-3.jpeg","contentUrl":"https:\/\/umecit.edu.pa\/wp-content\/uploads\/2026\/09\/azuero-vibra-3.jpeg","width":960,"height":1280},{"@type":"BreadcrumbList","@id":"https:\/\/umecit.edu.pa\/la-sede-chitre-fortalece-su-vinculacion-regional-con-su-participacion-en-azuero-vibra-2026\/#breadcrumb","itemListElement":[{"@type":"ListItem","position":1,"name":"Portada","item":"https:\/\/umecit.edu.pa\/en\/"},{"@type":"ListItem","position":2,"name":"La Sede Chitr\u00e9 fortalece su vinculaci\u00f3n regional con su participaci\u00f3n en Azuero Vibra 2026"}]},{"@type":"WebSite","@id":"https:\/\/umecit.edu.pa\/#website","url":"https:\/\/umecit.edu.pa\/","name":"Umecit - University in Panama","description":"Metropolitan University of Education, Science and Technology","publisher":{"@id":"https:\/\/umecit.edu.pa\/#organization"},"potentialAction":[{"@type":"SearchAction","target":{"@type":"EntryPoint","urlTemplate":"https:\/\/umecit.edu.pa\/?s={search_term_string}"},"query-input":{"@type":"PropertyValueSpecification","valueRequired":true,"valueName":"search_term_string"}}],"inLanguage":"en-US"},{"@type":"Organization","@id":"https:\/\/umecit.edu.pa\/#organization","name":"Umecit - University in Panama","url":"https:\/\/umecit.edu.pa\/","logo":{"@type":"ImageObject","inLanguage":"en-US","@id":"https:\/\/umecit.edu.pa\/#\/schema\/logo\/image\/","url":"https:\/\/umecit.edu.pa\/wp-content\/uploads\/2022\/06\/panama-7.jpg","contentUrl":"https:\/\/umecit.edu.pa\/wp-content\/uploads\/2022\/06\/panama-7.jpg","width":1200,"height":800,"caption":"Umecit - Universidad en Panam\u00e1"},"image":{"@id":"https:\/\/umecit.edu.pa\/#\/schema\/logo\/image\/"},"sameAs":["https:\/\/www.facebook.com\/umecitpanama\/","https:\/\/x.com\/umecitpanama","https:\/\/www.tiktok.com\/@umecit","https:\/\/www.instagram.com\/umecit\/","https:\/\/www.youtube.com\/channel\/UCP9iXFXi4p_EW_p9p6lprhg"]},{"@type":"Person","@id":"https:\/\/umecit.edu.pa\/#\/schema\/person\/4c861ec6f2bdfe5c63c32697ff46e26d","name":"UM","image":{"@type":"ImageObject","inLanguage":"en-US","@id":"https:\/\/secure.gravatar.com\/avatar\/d354b2a4c39c763c53a2a00d7eb4a9878c7faaba1d07408b222a5b32187aac2a?s=96&d=mm&r=g","url":"https:\/\/secure.gravatar.com\/avatar\/d354b2a4c39c763c53a2a00d7eb4a9878c7faaba1d07408b222a5b32187aac2a?s=96&d=mm&r=g","contentUrl":"https:\/\/secure.gravatar.com\/avatar\/d354b2a4c39c763c53a2a00d7eb4a9878c7faaba1d07408b222a5b32187aac2a?s=96&d=mm&r=g","caption":"UM"},"url":"https:\/\/umecit.edu.pa\/en\/author\/fotografiaumecit\/"}]}},"_links":{"self":[{"href":"https:\/\/umecit.edu.pa\/en\/wp-json\/wp\/v2\/posts\/136638","targetHints":{"allow":["GET"]}}],"collection":[{"href":"https:\/\/umecit.edu.pa\/en\/wp-json\/wp\/v2\/posts"}],"about":[{"href":"https:\/\/umecit.edu.pa\/en\/wp-json\/wp\/v2\/types\/post"}],"author":[{"embeddable":true,"href":"https:\/\/umecit.edu.pa\/en\/wp-json\/wp\/v2\/users\/828"}],"replies":[{"embeddable":true,"href":"https:\/\/umecit.edu.pa\/en\/wp-json\/wp\/v2\/comments?post=136638"}],"version-history":[{"count":4,"href":"https:\/\/umecit.edu.pa\/en\/wp-json\/wp\/v2\/posts\/136638\/revisions"}],"predecessor-version":[{"id":136645,"href":"https:\/\/umecit.edu.pa\/en\/wp-json\/wp\/v2\/posts\/136638\/revisions\/136645"}],"wp:featuredmedia":[{"embeddable":true,"href":"https:\/\/umecit.edu.pa\/en\/wp-json\/wp\/v2\/media\/136639"}],"wp:attachment":[{"href":"https:\/\/umecit.edu.pa\/en\/wp-json\/wp\/v2\/media?parent=136638"}],"wp:term":[{"taxonomy":"category","embeddable":true,"href":"https:\/\/umecit.edu.pa\/en\/wp-json\/wp\/v2\/categories?post=136638"},{"taxonomy":"post_tag","embeddable":true,"href":"https:\/\/umecit.edu.pa\/en\/wp-json\/wp\/v2\/tags?post=136638"}],"curies":[{"name":"wp","href":"https:\/\/api.w.org\/{rel}","templated":true}]}}