{"id":136637,"date":"2026-09-03T10:35:02","date_gmt":"2026-09-03T15:35:02","guid":{"rendered":"https:\/\/umecit.edu.pa\/?p=136637"},"modified":"2026-09-03T10:37:59","modified_gmt":"2026-09-03T15:37:59","slug":"umecit-celebra-el-dia-del-folclor-con-una-jornada-de-tradicion-y-encuentro-cultural","status":"publish","type":"post","link":"https:\/\/umecit.edu.pa\/en\/umecit-celebra-el-dia-del-folclor-con-una-jornada-de-tradicion-y-encuentro-cultural\/","title":{"rendered":"UMECIT celebrates Folklore Day with a day of tradition and cultural exchange"},"content":{"rendered":"<div data-elementor-type=\"wp-post\" data-elementor-id=\"136637\" class=\"elementor elementor-136637\" data-elementor-post-type=\"post\">\n\t\t\t\t\t\t<section class=\"elementor-section elementor-top-section elementor-element elementor-element-a396382 elementor-section-boxed elementor-section-height-default elementor-section-height-default row-top\" data-id=\"a396382\" data-element_type=\"section\" data-e-type=\"section\">\n\t\t\t\t\t\t<div class=\"elementor-container elementor-column-gap-default\">\n\t\t\t\t\t<div class=\"elementor-column elementor-col-100 elementor-top-column elementor-element elementor-element-3161a1c9 column-style-top\" data-id=\"3161a1c9\" data-element_type=\"column\" data-e-type=\"column\">\n\t\t\t<div class=\"elementor-widget-wrap elementor-element-populated\">\n\t\t\t\t\t\t<div class=\"elementor-element elementor-element-4fe7300a elementor-widget elementor-widget-text-editor\" data-id=\"4fe7300a\" data-element_type=\"widget\" data-e-type=\"widget\" data-widget_type=\"text-editor.default\">\n\t\t\t\t<div class=\"elementor-widget-container\">\n\t\t\t\t\t\t\t\t\t<p><span style=\"font-weight: 400;\">To mark Folklore Day, the Metropolitan University of Education, Science and Technology (UMECIT) held a cultural event at its campuses in Santiago, La Chorrera, Panama East and Panama, creating spaces to bring the university community closer to diverse expressions that are part of our cultural identity.<\/span><\/p><p><span style=\"font-weight: 400;\">The program included folkloric performances, music, singing, traditional drumming, entrepreneurial projects, and the distribution of gifts, in accordance with the activities held at each location. As part of the celebration, students, faculty, and staff were also invited to wear their traditional folk attire, incorporating this expression of identity into the daily life of the university.<\/span><\/p><p><span style=\"font-weight: 400;\">In Santiago, the day included the participation of entrepreneurs, singing, drumming, and the integration of students in different cultural activities.<\/span><\/p><p><span style=\"font-weight: 400;\">In Panama East and Panama, presentations were held by the UMECIT Folkloric Group, accompanied by the participation of entrepreneurs and the delivery of gifts to members of the university community.<\/span><\/p><p><span style=\"font-weight: 400;\">Meanwhile, in La Chorrera, the celebration included cultural presentations and special touches prepared for those who participated in the event.<\/span><\/p><p><span style=\"font-weight: 400;\">Beyond a commemorative date, this initiative allowed for moments of encounter, recognition of our roots, and keeping alive expressions that are part of Panamanian culture, strengthening the sense of identity and belonging within the university community.<\/span><\/p><p><span style=\"font-weight: 400;\">The activity was developed by the University Welfare Program, from the Folklore and Culture Axis and its Art Club, with the support of the Extension Directorate, through the Entrepreneurship Coordination, which collaborated in the management and linking of the participating entrepreneurs in the different locations.<\/span><\/p>\t\t\t\t\t\t\t\t<\/div>\n\t\t\t\t<\/div>\n\t\t\t\t\t<\/div>\n\t\t<\/div>\n\t\t\t\t\t<\/div>\n\t\t<\/section>\n\t\t\t\t<section class=\"elementor-section elementor-top-section elementor-element elementor-element-9d38e26 elementor-section-boxed elementor-section-height-default elementor-section-height-default row-top\" data-id=\"9d38e26\" data-element_type=\"section\" data-e-type=\"section\">\n\t\t\t\t\t\t<div class=\"elementor-container elementor-column-gap-default\">\n\t\t\t\t\t<div class=\"elementor-column elementor-col-100 elementor-top-column elementor-element elementor-element-f42e549 column-style-top\" data-id=\"f42e549\" data-element_type=\"column\" data-e-type=\"column\">\n\t\t\t<div class=\"elementor-widget-wrap elementor-element-populated\">\n\t\t\t\t\t\t<div class=\"elementor-element elementor-element-0808de5 elementor-widget__width-initial elementor-widget elementor-widget-gallery\" data-id=\"0808de5\" data-element_type=\"widget\" data-e-type=\"widget\" data-settings=\"{&quot;lazyload&quot;:&quot;yes&quot;,&quot;gallery_layout&quot;:&quot;grid&quot;,&quot;columns&quot;:4,&quot;columns_tablet&quot;:2,&quot;columns_mobile&quot;:1,&quot;gap&quot;:{&quot;unit&quot;:&quot;px&quot;,&quot;size&quot;:10,&quot;sizes&quot;:[]},&quot;gap_tablet&quot;:{&quot;unit&quot;:&quot;px&quot;,&quot;size&quot;:10,&quot;sizes&quot;:[]},&quot;gap_mobile&quot;:{&quot;unit&quot;:&quot;px&quot;,&quot;size&quot;:10,&quot;sizes&quot;:[]},&quot;link_to&quot;:&quot;file&quot;,&quot;aspect_ratio&quot;:&quot;3:2&quot;,&quot;overlay_background&quot;:&quot;yes&quot;,&quot;content_hover_animation&quot;:&quot;fade-in&quot;}\" data-widget_type=\"gallery.default\">\n\t\t\t\t<div class=\"elementor-widget-container\">\n\t\t\t\t\t\t\t<div class=\"elementor-gallery__container\">\n\t\t\t\t\t\t\t<a class=\"e-gallery-item elementor-gallery-item elementor-animated-content\" href=\"https:\/\/umecit.edu.pa\/wp-content\/uploads\/2026\/09\/WhatsApp-Image-2026-08-29-at-10.45.25-AM-2.jpeg\" data-elementor-open-lightbox=\"yes\" data-elementor-lightbox-slideshow=\"0808de5\" data-elementor-lightbox-title=\"WhatsApp Image 2026-08-29 at 10.45.25 AM (2)\" data-e-action-hash=\"#elementor-action%3Aaction%3Dlightbox%26settings%3DeyJpZCI6MTM2NjQ5LCJ1cmwiOiJodHRwczpcL1wvdW1lY2l0LmVkdS5wYVwvd3AtY29udGVudFwvdXBsb2Fkc1wvMjAyNlwvMDlcL1doYXRzQXBwLUltYWdlLTIwMjYtMDgtMjktYXQtMTAuNDUuMjUtQU0tMi5qcGVnIiwic2xpZGVzaG93IjoiMDgwOGRlNSJ9\">\n\t\t\t\t\t<div class=\"e-gallery-image elementor-gallery-item__image\" data-thumbnail=\"https:\/\/umecit.edu.pa\/wp-content\/uploads\/2026\/09\/WhatsApp-Image-2026-08-29-at-10.45.25-AM-2-600x600.jpeg\" data-width=\"600\" data-height=\"600\" aria-label=\"\" role=\"img\" ><\/div>\n\t\t\t\t\t\t\t\t\t\t\t<div class=\"elementor-gallery-item__overlay\"><\/div>\n\t\t\t\t\t\t\t\t\t\t\t\t\t\t<\/a>\n\t\t\t\t\t\t\t<a class=\"e-gallery-item elementor-gallery-item elementor-animated-content\" href=\"https:\/\/umecit.edu.pa\/wp-content\/uploads\/2026\/09\/WhatsApp-Image-2026-08-29-at-10.45.20-AM-1.jpeg\" data-elementor-open-lightbox=\"yes\" data-elementor-lightbox-slideshow=\"0808de5\" data-elementor-lightbox-title=\"WhatsApp Image 2026-08-29 at 10.45.20 AM (1)\" data-e-action-hash=\"#elementor-action%3Aaction%3Dlightbox%26settings%3DeyJpZCI6MTM2NjUwLCJ1cmwiOiJodHRwczpcL1wvdW1lY2l0LmVkdS5wYVwvd3AtY29udGVudFwvdXBsb2Fkc1wvMjAyNlwvMDlcL1doYXRzQXBwLUltYWdlLTIwMjYtMDgtMjktYXQtMTAuNDUuMjAtQU0tMS5qcGVnIiwic2xpZGVzaG93IjoiMDgwOGRlNSJ9\">\n\t\t\t\t\t<div class=\"e-gallery-image elementor-gallery-item__image\" data-thumbnail=\"https:\/\/umecit.edu.pa\/wp-content\/uploads\/2026\/09\/WhatsApp-Image-2026-08-29-at-10.45.20-AM-1-600x600.jpeg\" data-width=\"600\" data-height=\"600\" aria-label=\"\" role=\"img\" ><\/div>\n\t\t\t\t\t\t\t\t\t\t\t<div class=\"elementor-gallery-item__overlay\"><\/div>\n\t\t\t\t\t\t\t\t\t\t\t\t\t\t<\/a>\n\t\t\t\t\t\t\t<a class=\"e-gallery-item elementor-gallery-item elementor-animated-content\" href=\"https:\/\/umecit.edu.pa\/wp-content\/uploads\/2026\/09\/WhatsApp-Image-2026-08-29-at-10.45.27-AM-5.jpeg\" data-elementor-open-lightbox=\"yes\" data-elementor-lightbox-slideshow=\"0808de5\" data-elementor-lightbox-title=\"WhatsApp Image 2026-08-29 at 10.45.27 AM (5)\" data-e-action-hash=\"#elementor-action%3Aaction%3Dlightbox%26settings%3DeyJpZCI6MTM2NjUxLCJ1cmwiOiJodHRwczpcL1wvdW1lY2l0LmVkdS5wYVwvd3AtY29udGVudFwvdXBsb2Fkc1wvMjAyNlwvMDlcL1doYXRzQXBwLUltYWdlLTIwMjYtMDgtMjktYXQtMTAuNDUuMjctQU0tNS5qcGVnIiwic2xpZGVzaG93IjoiMDgwOGRlNSJ9\">\n\t\t\t\t\t<div class=\"e-gallery-image elementor-gallery-item__image\" data-thumbnail=\"https:\/\/umecit.edu.pa\/wp-content\/uploads\/2026\/09\/WhatsApp-Image-2026-08-29-at-10.45.27-AM-5-600x600.jpeg\" data-width=\"600\" data-height=\"600\" aria-label=\"\" role=\"img\" ><\/div>\n\t\t\t\t\t\t\t\t\t\t\t<div class=\"elementor-gallery-item__overlay\"><\/div>\n\t\t\t\t\t\t\t\t\t\t\t\t\t\t<\/a>\n\t\t\t\t\t\t\t<a class=\"e-gallery-item elementor-gallery-item elementor-animated-content\" href=\"https:\/\/umecit.edu.pa\/wp-content\/uploads\/2026\/09\/IMG_2212-scaled.jpg\" data-elementor-open-lightbox=\"yes\" data-elementor-lightbox-slideshow=\"0808de5\" data-elementor-lightbox-title=\"IMG_2212\" data-e-action-hash=\"#elementor-action%3Aaction%3Dlightbox%26settings%3DeyJpZCI6MTM2NjUyLCJ1cmwiOiJodHRwczpcL1wvdW1lY2l0LmVkdS5wYVwvd3AtY29udGVudFwvdXBsb2Fkc1wvMjAyNlwvMDlcL0lNR18yMjEyLXNjYWxlZC5qcGciLCJzbGlkZXNob3ciOiIwODA4ZGU1In0%3D\">\n\t\t\t\t\t<div class=\"e-gallery-image elementor-gallery-item__image\" data-thumbnail=\"https:\/\/umecit.edu.pa\/wp-content\/uploads\/2026\/09\/IMG_2212-600x600.jpg\" data-width=\"600\" data-height=\"600\" aria-label=\"\" role=\"img\" ><\/div>\n\t\t\t\t\t\t\t\t\t\t\t<div class=\"elementor-gallery-item__overlay\"><\/div>\n\t\t\t\t\t\t\t\t\t\t\t\t\t\t<\/a>\n\t\t\t\t\t\t\t<a class=\"e-gallery-item elementor-gallery-item elementor-animated-content\" href=\"https:\/\/umecit.edu.pa\/wp-content\/uploads\/2026\/09\/IMG_2243-1-scaled.jpg\" data-elementor-open-lightbox=\"yes\" data-elementor-lightbox-slideshow=\"0808de5\" data-elementor-lightbox-title=\"IMG_2243\" data-e-action-hash=\"#elementor-action%3Aaction%3Dlightbox%26settings%3DeyJpZCI6MTM2NjUzLCJ1cmwiOiJodHRwczpcL1wvdW1lY2l0LmVkdS5wYVwvd3AtY29udGVudFwvdXBsb2Fkc1wvMjAyNlwvMDlcL0lNR18yMjQzLTEtc2NhbGVkLmpwZyIsInNsaWRlc2hvdyI6IjA4MDhkZTUifQ%3D%3D\">\n\t\t\t\t\t<div class=\"e-gallery-image elementor-gallery-item__image\" data-thumbnail=\"https:\/\/umecit.edu.pa\/wp-content\/uploads\/2026\/09\/IMG_2243-1-600x600.jpg\" data-width=\"600\" data-height=\"600\" aria-label=\"\" role=\"img\" ><\/div>\n\t\t\t\t\t\t\t\t\t\t\t<div class=\"elementor-gallery-item__overlay\"><\/div>\n\t\t\t\t\t\t\t\t\t\t\t\t\t\t<\/a>\n\t\t\t\t\t\t\t<a class=\"e-gallery-item elementor-gallery-item elementor-animated-content\" href=\"https:\/\/umecit.edu.pa\/wp-content\/uploads\/2026\/09\/IMG_2291-scaled.jpg\" data-elementor-open-lightbox=\"yes\" data-elementor-lightbox-slideshow=\"0808de5\" data-elementor-lightbox-title=\"IMG_2291\" data-e-action-hash=\"#elementor-action%3Aaction%3Dlightbox%26settings%3DeyJpZCI6MTM2NjU0LCJ1cmwiOiJodHRwczpcL1wvdW1lY2l0LmVkdS5wYVwvd3AtY29udGVudFwvdXBsb2Fkc1wvMjAyNlwvMDlcL0lNR18yMjkxLXNjYWxlZC5qcGciLCJzbGlkZXNob3ciOiIwODA4ZGU1In0%3D\">\n\t\t\t\t\t<div class=\"e-gallery-image elementor-gallery-item__image\" data-thumbnail=\"https:\/\/umecit.edu.pa\/wp-content\/uploads\/2026\/09\/IMG_2291-600x600.jpg\" data-width=\"600\" data-height=\"600\" aria-label=\"\" role=\"img\" ><\/div>\n\t\t\t\t\t\t\t\t\t\t\t<div class=\"elementor-gallery-item__overlay\"><\/div>\n\t\t\t\t\t\t\t\t\t\t\t\t\t\t<\/a>\n\t\t\t\t\t\t\t<a class=\"e-gallery-item elementor-gallery-item elementor-animated-content\" href=\"https:\/\/umecit.edu.pa\/wp-content\/uploads\/2026\/09\/IMG_2215-scaled.jpg\" data-elementor-open-lightbox=\"yes\" data-elementor-lightbox-slideshow=\"0808de5\" data-elementor-lightbox-title=\"IMG_2215\" data-e-action-hash=\"#elementor-action%3Aaction%3Dlightbox%26settings%3DeyJpZCI6MTM2NjU1LCJ1cmwiOiJodHRwczpcL1wvdW1lY2l0LmVkdS5wYVwvd3AtY29udGVudFwvdXBsb2Fkc1wvMjAyNlwvMDlcL0lNR18yMjE1LXNjYWxlZC5qcGciLCJzbGlkZXNob3ciOiIwODA4ZGU1In0%3D\">\n\t\t\t\t\t<div class=\"e-gallery-image elementor-gallery-item__image\" data-thumbnail=\"https:\/\/umecit.edu.pa\/wp-content\/uploads\/2026\/09\/IMG_2215-600x600.jpg\" data-width=\"600\" data-height=\"600\" aria-label=\"\" role=\"img\" ><\/div>\n\t\t\t\t\t\t\t\t\t\t\t<div class=\"elementor-gallery-item__overlay\"><\/div>\n\t\t\t\t\t\t\t\t\t\t\t\t\t\t<\/a>\n\t\t\t\t\t\t\t<a class=\"e-gallery-item elementor-gallery-item elementor-animated-content\" href=\"https:\/\/umecit.edu.pa\/wp-content\/uploads\/2026\/09\/IMG_2261-scaled.jpg\" data-elementor-open-lightbox=\"yes\" data-elementor-lightbox-slideshow=\"0808de5\" data-elementor-lightbox-title=\"IMG_2261\" data-e-action-hash=\"#elementor-action%3Aaction%3Dlightbox%26settings%3DeyJpZCI6MTM2NjU2LCJ1cmwiOiJodHRwczpcL1wvdW1lY2l0LmVkdS5wYVwvd3AtY29udGVudFwvdXBsb2Fkc1wvMjAyNlwvMDlcL0lNR18yMjYxLXNjYWxlZC5qcGciLCJzbGlkZXNob3ciOiIwODA4ZGU1In0%3D\">\n\t\t\t\t\t<div class=\"e-gallery-image elementor-gallery-item__image\" data-thumbnail=\"https:\/\/umecit.edu.pa\/wp-content\/uploads\/2026\/09\/IMG_2261-600x600.jpg\" data-width=\"600\" data-height=\"600\" aria-label=\"\" role=\"img\" ><\/div>\n\t\t\t\t\t\t\t\t\t\t\t<div class=\"elementor-gallery-item__overlay\"><\/div>\n\t\t\t\t\t\t\t\t\t\t\t\t\t\t<\/a>\n\t\t\t\t\t\t\t<a class=\"e-gallery-item elementor-gallery-item elementor-animated-content\" href=\"https:\/\/umecit.edu.pa\/wp-content\/uploads\/2026\/09\/IMG_2300-scaled.jpg\" data-elementor-open-lightbox=\"yes\" data-elementor-lightbox-slideshow=\"0808de5\" data-elementor-lightbox-title=\"IMG_2300\" data-e-action-hash=\"#elementor-action%3Aaction%3Dlightbox%26settings%3DeyJpZCI6MTM2NjU3LCJ1cmwiOiJodHRwczpcL1wvdW1lY2l0LmVkdS5wYVwvd3AtY29udGVudFwvdXBsb2Fkc1wvMjAyNlwvMDlcL0lNR18yMzAwLXNjYWxlZC5qcGciLCJzbGlkZXNob3ciOiIwODA4ZGU1In0%3D\">\n\t\t\t\t\t<div class=\"e-gallery-image elementor-gallery-item__image\" data-thumbnail=\"https:\/\/umecit.edu.pa\/wp-content\/uploads\/2026\/09\/IMG_2300-600x600.jpg\" data-width=\"600\" data-height=\"600\" aria-label=\"\" role=\"img\" ><\/div>\n\t\t\t\t\t\t\t\t\t\t\t<div class=\"elementor-gallery-item__overlay\"><\/div>\n\t\t\t\t\t\t\t\t\t\t\t\t\t\t<\/a>\n\t\t\t\t\t\t\t<a class=\"e-gallery-item elementor-gallery-item elementor-animated-content\" href=\"https:\/\/umecit.edu.pa\/wp-content\/uploads\/2026\/09\/IMG_2287-scaled.jpg\" data-elementor-open-lightbox=\"yes\" data-elementor-lightbox-slideshow=\"0808de5\" data-elementor-lightbox-title=\"IMG_2287\" data-e-action-hash=\"#elementor-action%3Aaction%3Dlightbox%26settings%3DeyJpZCI6MTM2NjU4LCJ1cmwiOiJodHRwczpcL1wvdW1lY2l0LmVkdS5wYVwvd3AtY29udGVudFwvdXBsb2Fkc1wvMjAyNlwvMDlcL0lNR18yMjg3LXNjYWxlZC5qcGciLCJzbGlkZXNob3ciOiIwODA4ZGU1In0%3D\">\n\t\t\t\t\t<div class=\"e-gallery-image elementor-gallery-item__image\" data-thumbnail=\"https:\/\/umecit.edu.pa\/wp-content\/uploads\/2026\/09\/IMG_2287-600x600.jpg\" data-width=\"600\" data-height=\"600\" aria-label=\"\" role=\"img\" ><\/div>\n\t\t\t\t\t\t\t\t\t\t\t<div class=\"elementor-gallery-item__overlay\"><\/div>\n\t\t\t\t\t\t\t\t\t\t\t\t\t\t<\/a>\n\t\t\t\t\t\t\t<a class=\"e-gallery-item elementor-gallery-item elementor-animated-content\" href=\"https:\/\/umecit.edu.pa\/wp-content\/uploads\/2026\/09\/IMG_2298-scaled.jpg\" data-elementor-open-lightbox=\"yes\" data-elementor-lightbox-slideshow=\"0808de5\" data-elementor-lightbox-title=\"IMG_2298\" data-e-action-hash=\"#elementor-action%3Aaction%3Dlightbox%26settings%3DeyJpZCI6MTM2NjU5LCJ1cmwiOiJodHRwczpcL1wvdW1lY2l0LmVkdS5wYVwvd3AtY29udGVudFwvdXBsb2Fkc1wvMjAyNlwvMDlcL0lNR18yMjk4LXNjYWxlZC5qcGciLCJzbGlkZXNob3ciOiIwODA4ZGU1In0%3D\">\n\t\t\t\t\t<div class=\"e-gallery-image elementor-gallery-item__image\" data-thumbnail=\"https:\/\/umecit.edu.pa\/wp-content\/uploads\/2026\/09\/IMG_2298-600x600.jpg\" data-width=\"600\" data-height=\"600\" aria-label=\"\" role=\"img\" ><\/div>\n\t\t\t\t\t\t\t\t\t\t\t<div class=\"elementor-gallery-item__overlay\"><\/div>\n\t\t\t\t\t\t\t\t\t\t\t\t\t\t<\/a>\n\t\t\t\t\t\t\t<a class=\"e-gallery-item elementor-gallery-item elementor-animated-content\" href=\"https:\/\/umecit.edu.pa\/wp-content\/uploads\/2026\/09\/IMG_2302-scaled.jpg\" data-elementor-open-lightbox=\"yes\" data-elementor-lightbox-slideshow=\"0808de5\" data-elementor-lightbox-title=\"IMG_2302\" data-e-action-hash=\"#elementor-action%3Aaction%3Dlightbox%26settings%3DeyJpZCI6MTM2NjYwLCJ1cmwiOiJodHRwczpcL1wvdW1lY2l0LmVkdS5wYVwvd3AtY29udGVudFwvdXBsb2Fkc1wvMjAyNlwvMDlcL0lNR18yMzAyLXNjYWxlZC5qcGciLCJzbGlkZXNob3ciOiIwODA4ZGU1In0%3D\">\n\t\t\t\t\t<div class=\"e-gallery-image elementor-gallery-item__image\" data-thumbnail=\"https:\/\/umecit.edu.pa\/wp-content\/uploads\/2026\/09\/IMG_2302-600x600.jpg\" data-width=\"600\" data-height=\"600\" aria-label=\"\" role=\"img\" ><\/div>\n\t\t\t\t\t\t\t\t\t\t\t<div class=\"elementor-gallery-item__overlay\"><\/div>\n\t\t\t\t\t\t\t\t\t\t\t\t\t\t<\/a>\n\t\t\t\t\t<\/div>\n\t\t\t\t\t<\/div>\n\t\t\t\t<\/div>\n\t\t\t\t\t<\/div>\n\t\t<\/div>\n\t\t\t\t\t<\/div>\n\t\t<\/section>\n\t\t\t\t<\/div>","protected":false},"excerpt":{"rendered":"<p>Con motivo del D\u00eda del Folclor, la Universidad Metropolitana de Educaci\u00f3n, Ciencia y Tecnolog\u00eda (UMECIT) llev\u00f3 a cabo una jornada cultural en sus sedes de Santiago, La Chorrera, Panam\u00e1 Este y Panam\u00e1, creando espacios para acercar a la comunidad universitaria a diversas manifestaciones que forman parte de nuestra identidad cultural. La programaci\u00f3n incluy\u00f3 presentaciones folcl\u00f3ricas, [&hellip;]<\/p>\n","protected":false},"author":831,"featured_media":136647,"comment_status":"closed","ping_status":"closed","sticky":false,"template":"","format":"standard","meta":{"footnotes":""},"categories":[72,73,107,109,174],"tags":[],"class_list":["post-136637","post","type-post","status-publish","format-standard","has-post-thumbnail","hentry","category-bienestar-universitario","category-educacion","category-extension","category-noticias","category-universidad"],"yoast_head":"<!-- This site is optimized with the Yoast SEO plugin v28.2 - https:\/\/yoast.com\/product\/yoast-seo-wordpress\/ -->\n<title>UMECIT celebra el D\u00eda del Folclor con una jornada de tradici\u00f3n y encuentro cultural<\/title>\n<meta name=\"description\" content=\"Con motivo del D\u00eda del Folclor, la Universidad Metropolitana de Educaci\u00f3n, Ciencia y Tecnolog\u00eda (UMECIT) llev\u00f3 a cabo una jornada cultural en sus sedes de Santiago, La Chorrera, Panam\u00e1 Este y Panam\u00e1, creando espacios para acercar a la comunidad universitaria a diversas manifestaciones que forman parte de nuestra identidad cultural.\" \/>\n<meta name=\"robots\" content=\"index, follow, max-snippet:-1, max-image-preview:large, max-video-preview:-1\" \/>\n<link rel=\"canonical\" href=\"https:\/\/umecit.edu.pa\/en\/umecit-celebra-el-dia-del-folclor-con-una-jornada-de-tradicion-y-encuentro-cultural\/\" \/>\n<meta property=\"og:locale\" content=\"en_US\" \/>\n<meta property=\"og:type\" content=\"article\" \/>\n<meta property=\"og:title\" content=\"UMECIT celebra el D\u00eda del Folclor con una jornada de tradici\u00f3n y encuentro cultural\" \/>\n<meta property=\"og:description\" content=\"Con motivo del D\u00eda del Folclor, la Universidad Metropolitana de Educaci\u00f3n, Ciencia y Tecnolog\u00eda (UMECIT) llev\u00f3 a cabo una jornada cultural en sus sedes de Santiago, La Chorrera, Panam\u00e1 Este y Panam\u00e1, creando espacios para acercar a la comunidad universitaria a diversas manifestaciones que forman parte de nuestra identidad cultural.\" \/>\n<meta property=\"og:url\" content=\"https:\/\/umecit.edu.pa\/en\/umecit-celebra-el-dia-del-folclor-con-una-jornada-de-tradicion-y-encuentro-cultural\/\" \/>\n<meta property=\"og:site_name\" content=\"Umecit - Universidad en Panam\u00e1\" \/>\n<meta property=\"article:publisher\" content=\"https:\/\/www.facebook.com\/umecitpanama\/\" \/>\n<meta property=\"article:published_time\" content=\"2026-09-03T15:35:02+00:00\" \/>\n<meta property=\"article:modified_time\" content=\"2026-09-03T15:37:59+00:00\" \/>\n<meta property=\"og:image\" content=\"https:\/\/umecit.edu.pa\/wp-content\/uploads\/2026\/09\/IMG_2243-scaled.jpg\" \/>\n\t<meta property=\"og:image:width\" content=\"2560\" \/>\n\t<meta property=\"og:image:height\" content=\"1922\" \/>\n\t<meta property=\"og:image:type\" content=\"image\/jpeg\" \/>\n<meta name=\"author\" content=\"Redes Sociales\" \/>\n<meta name=\"twitter:card\" content=\"summary_large_image\" \/>\n<meta name=\"twitter:creator\" content=\"@umecitpanama\" \/>\n<meta name=\"twitter:site\" content=\"@umecitpanama\" \/>\n<meta name=\"twitter:label1\" content=\"Written by\" \/>\n\t<meta name=\"twitter:data1\" content=\"Redes Sociales\" \/>\n\t<meta name=\"twitter:label2\" content=\"Est. reading time\" \/>\n\t<meta name=\"twitter:data2\" content=\"2 minutes\" \/>\n<script type=\"application\/ld+json\" class=\"yoast-schema-graph\">{\"@context\":\"https:\\\/\\\/schema.org\",\"@graph\":[{\"@type\":\"Article\",\"@id\":\"https:\\\/\\\/umecit.edu.pa\\\/umecit-celebra-el-dia-del-folclor-con-una-jornada-de-tradicion-y-encuentro-cultural\\\/#article\",\"isPartOf\":{\"@id\":\"https:\\\/\\\/umecit.edu.pa\\\/umecit-celebra-el-dia-del-folclor-con-una-jornada-de-tradicion-y-encuentro-cultural\\\/\"},\"author\":{\"name\":\"Redes Sociales\",\"@id\":\"https:\\\/\\\/umecit.edu.pa\\\/#\\\/schema\\\/person\\\/8f0dbcfe39a176af37579f60f14139d3\"},\"headline\":\"UMECIT celebra el D\u00eda del Folclor con una jornada de tradici\u00f3n y encuentro cultural\",\"datePublished\":\"2026-09-03T15:35:02+00:00\",\"dateModified\":\"2026-09-03T15:37:59+00:00\",\"mainEntityOfPage\":{\"@id\":\"https:\\\/\\\/umecit.edu.pa\\\/umecit-celebra-el-dia-del-folclor-con-una-jornada-de-tradicion-y-encuentro-cultural\\\/\"},\"wordCount\":309,\"publisher\":{\"@id\":\"https:\\\/\\\/umecit.edu.pa\\\/#organization\"},\"image\":{\"@id\":\"https:\\\/\\\/umecit.edu.pa\\\/umecit-celebra-el-dia-del-folclor-con-una-jornada-de-tradicion-y-encuentro-cultural\\\/#primaryimage\"},\"thumbnailUrl\":\"https:\\\/\\\/umecit.edu.pa\\\/wp-content\\\/uploads\\\/2026\\\/09\\\/IMG_2243-scaled.jpg\",\"articleSection\":[\"Bienestar Universitario\",\"Educaci\u00f3n\",\"Extensi\u00f3n\",\"Noticias\",\"Universidad\"],\"inLanguage\":\"en-US\"},{\"@type\":\"WebPage\",\"@id\":\"https:\\\/\\\/umecit.edu.pa\\\/umecit-celebra-el-dia-del-folclor-con-una-jornada-de-tradicion-y-encuentro-cultural\\\/\",\"url\":\"https:\\\/\\\/umecit.edu.pa\\\/umecit-celebra-el-dia-del-folclor-con-una-jornada-de-tradicion-y-encuentro-cultural\\\/\",\"name\":\"UMECIT celebra el D\u00eda del Folclor con una jornada de tradici\u00f3n y encuentro cultural\",\"isPartOf\":{\"@id\":\"https:\\\/\\\/umecit.edu.pa\\\/#website\"},\"primaryImageOfPage\":{\"@id\":\"https:\\\/\\\/umecit.edu.pa\\\/umecit-celebra-el-dia-del-folclor-con-una-jornada-de-tradicion-y-encuentro-cultural\\\/#primaryimage\"},\"image\":{\"@id\":\"https:\\\/\\\/umecit.edu.pa\\\/umecit-celebra-el-dia-del-folclor-con-una-jornada-de-tradicion-y-encuentro-cultural\\\/#primaryimage\"},\"thumbnailUrl\":\"https:\\\/\\\/umecit.edu.pa\\\/wp-content\\\/uploads\\\/2026\\\/09\\\/IMG_2243-scaled.jpg\",\"datePublished\":\"2026-09-03T15:35:02+00:00\",\"dateModified\":\"2026-09-03T15:37:59+00:00\",\"description\":\"Con motivo del D\u00eda del Folclor, la Universidad Metropolitana de Educaci\u00f3n, Ciencia y Tecnolog\u00eda (UMECIT) llev\u00f3 a cabo una jornada cultural en sus sedes de Santiago, La Chorrera, Panam\u00e1 Este y Panam\u00e1, creando espacios para acercar a la comunidad universitaria a diversas manifestaciones que forman parte de nuestra identidad cultural.\",\"breadcrumb\":{\"@id\":\"https:\\\/\\\/umecit.edu.pa\\\/umecit-celebra-el-dia-del-folclor-con-una-jornada-de-tradicion-y-encuentro-cultural\\\/#breadcrumb\"},\"inLanguage\":\"en-US\",\"potentialAction\":[{\"@type\":\"ReadAction\",\"target\":[\"https:\\\/\\\/umecit.edu.pa\\\/umecit-celebra-el-dia-del-folclor-con-una-jornada-de-tradicion-y-encuentro-cultural\\\/\"]}]},{\"@type\":\"ImageObject\",\"inLanguage\":\"en-US\",\"@id\":\"https:\\\/\\\/umecit.edu.pa\\\/umecit-celebra-el-dia-del-folclor-con-una-jornada-de-tradicion-y-encuentro-cultural\\\/#primaryimage\",\"url\":\"https:\\\/\\\/umecit.edu.pa\\\/wp-content\\\/uploads\\\/2026\\\/09\\\/IMG_2243-scaled.jpg\",\"contentUrl\":\"https:\\\/\\\/umecit.edu.pa\\\/wp-content\\\/uploads\\\/2026\\\/09\\\/IMG_2243-scaled.jpg\",\"width\":2560,\"height\":1922},{\"@type\":\"BreadcrumbList\",\"@id\":\"https:\\\/\\\/umecit.edu.pa\\\/umecit-celebra-el-dia-del-folclor-con-una-jornada-de-tradicion-y-encuentro-cultural\\\/#breadcrumb\",\"itemListElement\":[{\"@type\":\"ListItem\",\"position\":1,\"name\":\"Portada\",\"item\":\"https:\\\/\\\/umecit.edu.pa\\\/en\\\/\"},{\"@type\":\"ListItem\",\"position\":2,\"name\":\"UMECIT celebra el D\u00eda del Folclor con una jornada de tradici\u00f3n y encuentro cultural\"}]},{\"@type\":\"WebSite\",\"@id\":\"https:\\\/\\\/umecit.edu.pa\\\/#website\",\"url\":\"https:\\\/\\\/umecit.edu.pa\\\/\",\"name\":\"Umecit - Universidad en Panam\u00e1\",\"description\":\"Universidad Metropolitana de Educaci\u00f3n, Ciencia y Tecnolog\u00eda\",\"publisher\":{\"@id\":\"https:\\\/\\\/umecit.edu.pa\\\/#organization\"},\"potentialAction\":[{\"@type\":\"SearchAction\",\"target\":{\"@type\":\"EntryPoint\",\"urlTemplate\":\"https:\\\/\\\/umecit.edu.pa\\\/?s={search_term_string}\"},\"query-input\":{\"@type\":\"PropertyValueSpecification\",\"valueRequired\":true,\"valueName\":\"search_term_string\"}}],\"inLanguage\":\"en-US\"},{\"@type\":\"Organization\",\"@id\":\"https:\\\/\\\/umecit.edu.pa\\\/#organization\",\"name\":\"Umecit - Universidad en Panam\u00e1\",\"url\":\"https:\\\/\\\/umecit.edu.pa\\\/\",\"logo\":{\"@type\":\"ImageObject\",\"inLanguage\":\"en-US\",\"@id\":\"https:\\\/\\\/umecit.edu.pa\\\/#\\\/schema\\\/logo\\\/image\\\/\",\"url\":\"https:\\\/\\\/umecit.edu.pa\\\/wp-content\\\/uploads\\\/2022\\\/06\\\/panama-7.jpg\",\"contentUrl\":\"https:\\\/\\\/umecit.edu.pa\\\/wp-content\\\/uploads\\\/2022\\\/06\\\/panama-7.jpg\",\"width\":1200,\"height\":800,\"caption\":\"Umecit - Universidad en Panam\u00e1\"},\"image\":{\"@id\":\"https:\\\/\\\/umecit.edu.pa\\\/#\\\/schema\\\/logo\\\/image\\\/\"},\"sameAs\":[\"https:\\\/\\\/www.facebook.com\\\/umecitpanama\\\/\",\"https:\\\/\\\/x.com\\\/umecitpanama\",\"https:\\\/\\\/www.tiktok.com\\\/@umecit\",\"https:\\\/\\\/www.instagram.com\\\/umecit\\\/\",\"https:\\\/\\\/www.youtube.com\\\/channel\\\/UCP9iXFXi4p_EW_p9p6lprhg\"]},{\"@type\":\"Person\",\"@id\":\"https:\\\/\\\/umecit.edu.pa\\\/#\\\/schema\\\/person\\\/8f0dbcfe39a176af37579f60f14139d3\",\"name\":\"Redes Sociales\",\"image\":{\"@type\":\"ImageObject\",\"inLanguage\":\"en-US\",\"@id\":\"https:\\\/\\\/secure.gravatar.com\\\/avatar\\\/09b10f971238019e9a50f61eaf59122699509138db9f2d8187eeef80b5cd1266?s=96&d=mm&r=g\",\"url\":\"https:\\\/\\\/secure.gravatar.com\\\/avatar\\\/09b10f971238019e9a50f61eaf59122699509138db9f2d8187eeef80b5cd1266?s=96&d=mm&r=g\",\"contentUrl\":\"https:\\\/\\\/secure.gravatar.com\\\/avatar\\\/09b10f971238019e9a50f61eaf59122699509138db9f2d8187eeef80b5cd1266?s=96&d=mm&r=g\",\"caption\":\"Redes Sociales\"},\"url\":\"https:\\\/\\\/umecit.edu.pa\\\/en\\\/author\\\/redes-sociales\\\/\"}]}<\/script>\n<!-- \/ Yoast SEO plugin. -->","yoast_head_json":{"title":"UMECIT celebrates Folklore Day with a day of tradition and cultural exchange","description":"To mark Folklore Day, the Metropolitan University of Education, Science and Technology (UMECIT) held a cultural event at its campuses in Santiago, La Chorrera, Panama East and Panama, creating spaces to bring the university community closer to diverse expressions that are part of our cultural identity.","robots":{"index":"index","follow":"follow","max-snippet":"max-snippet:-1","max-image-preview":"max-image-preview:large","max-video-preview":"max-video-preview:-1"},"canonical":"https:\/\/umecit.edu.pa\/en\/umecit-celebra-el-dia-del-folclor-con-una-jornada-de-tradicion-y-encuentro-cultural\/","og_locale":"en_US","og_type":"article","og_title":"UMECIT celebra el D\u00eda del Folclor con una jornada de tradici\u00f3n y encuentro cultural","og_description":"Con motivo del D\u00eda del Folclor, la Universidad Metropolitana de Educaci\u00f3n, Ciencia y Tecnolog\u00eda (UMECIT) llev\u00f3 a cabo una jornada cultural en sus sedes de Santiago, La Chorrera, Panam\u00e1 Este y Panam\u00e1, creando espacios para acercar a la comunidad universitaria a diversas manifestaciones que forman parte de nuestra identidad cultural.","og_url":"https:\/\/umecit.edu.pa\/en\/umecit-celebra-el-dia-del-folclor-con-una-jornada-de-tradicion-y-encuentro-cultural\/","og_site_name":"Umecit - Universidad en Panam\u00e1","article_publisher":"https:\/\/www.facebook.com\/umecitpanama\/","article_published_time":"2026-09-03T15:35:02+00:00","article_modified_time":"2026-09-03T15:37:59+00:00","og_image":[{"width":2560,"height":1922,"url":"https:\/\/umecit.edu.pa\/wp-content\/uploads\/2026\/09\/IMG_2243-scaled.jpg","type":"image\/jpeg"}],"author":"Redes Sociales","twitter_card":"summary_large_image","twitter_creator":"@umecitpanama","twitter_site":"@umecitpanama","twitter_misc":{"Written by":"Redes Sociales","Est. reading time":"2 minutes"},"schema":{"@context":"https:\/\/schema.org","@graph":[{"@type":"Article","@id":"https:\/\/umecit.edu.pa\/umecit-celebra-el-dia-del-folclor-con-una-jornada-de-tradicion-y-encuentro-cultural\/#article","isPartOf":{"@id":"https:\/\/umecit.edu.pa\/umecit-celebra-el-dia-del-folclor-con-una-jornada-de-tradicion-y-encuentro-cultural\/"},"author":{"name":"Redes Sociales","@id":"https:\/\/umecit.edu.pa\/#\/schema\/person\/8f0dbcfe39a176af37579f60f14139d3"},"headline":"UMECIT celebra el D\u00eda del Folclor con una jornada de tradici\u00f3n y encuentro cultural","datePublished":"2026-09-03T15:35:02+00:00","dateModified":"2026-09-03T15:37:59+00:00","mainEntityOfPage":{"@id":"https:\/\/umecit.edu.pa\/umecit-celebra-el-dia-del-folclor-con-una-jornada-de-tradicion-y-encuentro-cultural\/"},"wordCount":309,"publisher":{"@id":"https:\/\/umecit.edu.pa\/#organization"},"image":{"@id":"https:\/\/umecit.edu.pa\/umecit-celebra-el-dia-del-folclor-con-una-jornada-de-tradicion-y-encuentro-cultural\/#primaryimage"},"thumbnailUrl":"https:\/\/umecit.edu.pa\/wp-content\/uploads\/2026\/09\/IMG_2243-scaled.jpg","articleSection":["Bienestar Universitario","Educaci\u00f3n","Extensi\u00f3n","Noticias","Universidad"],"inLanguage":"en-US"},{"@type":"WebPage","@id":"https:\/\/umecit.edu.pa\/umecit-celebra-el-dia-del-folclor-con-una-jornada-de-tradicion-y-encuentro-cultural\/","url":"https:\/\/umecit.edu.pa\/umecit-celebra-el-dia-del-folclor-con-una-jornada-de-tradicion-y-encuentro-cultural\/","name":"UMECIT celebrates Folklore Day with a day of tradition and cultural exchange","isPartOf":{"@id":"https:\/\/umecit.edu.pa\/#website"},"primaryImageOfPage":{"@id":"https:\/\/umecit.edu.pa\/umecit-celebra-el-dia-del-folclor-con-una-jornada-de-tradicion-y-encuentro-cultural\/#primaryimage"},"image":{"@id":"https:\/\/umecit.edu.pa\/umecit-celebra-el-dia-del-folclor-con-una-jornada-de-tradicion-y-encuentro-cultural\/#primaryimage"},"thumbnailUrl":"https:\/\/umecit.edu.pa\/wp-content\/uploads\/2026\/09\/IMG_2243-scaled.jpg","datePublished":"2026-09-03T15:35:02+00:00","dateModified":"2026-09-03T15:37:59+00:00","description":"To mark Folklore Day, the Metropolitan University of Education, Science and Technology (UMECIT) held a cultural event at its campuses in Santiago, La Chorrera, Panama East and Panama, creating spaces to bring the university community closer to diverse expressions that are part of our cultural identity.","breadcrumb":{"@id":"https:\/\/umecit.edu.pa\/umecit-celebra-el-dia-del-folclor-con-una-jornada-de-tradicion-y-encuentro-cultural\/#breadcrumb"},"inLanguage":"en-US","potentialAction":[{"@type":"ReadAction","target":["https:\/\/umecit.edu.pa\/umecit-celebra-el-dia-del-folclor-con-una-jornada-de-tradicion-y-encuentro-cultural\/"]}]},{"@type":"ImageObject","inLanguage":"en-US","@id":"https:\/\/umecit.edu.pa\/umecit-celebra-el-dia-del-folclor-con-una-jornada-de-tradicion-y-encuentro-cultural\/#primaryimage","url":"https:\/\/umecit.edu.pa\/wp-content\/uploads\/2026\/09\/IMG_2243-scaled.jpg","contentUrl":"https:\/\/umecit.edu.pa\/wp-content\/uploads\/2026\/09\/IMG_2243-scaled.jpg","width":2560,"height":1922},{"@type":"BreadcrumbList","@id":"https:\/\/umecit.edu.pa\/umecit-celebra-el-dia-del-folclor-con-una-jornada-de-tradicion-y-encuentro-cultural\/#breadcrumb","itemListElement":[{"@type":"ListItem","position":1,"name":"Portada","item":"https:\/\/umecit.edu.pa\/en\/"},{"@type":"ListItem","position":2,"name":"UMECIT celebra el D\u00eda del Folclor con una jornada de tradici\u00f3n y encuentro cultural"}]},{"@type":"WebSite","@id":"https:\/\/umecit.edu.pa\/#website","url":"https:\/\/umecit.edu.pa\/","name":"Umecit - University in Panama","description":"Metropolitan University of Education, Science and Technology","publisher":{"@id":"https:\/\/umecit.edu.pa\/#organization"},"potentialAction":[{"@type":"SearchAction","target":{"@type":"EntryPoint","urlTemplate":"https:\/\/umecit.edu.pa\/?s={search_term_string}"},"query-input":{"@type":"PropertyValueSpecification","valueRequired":true,"valueName":"search_term_string"}}],"inLanguage":"en-US"},{"@type":"Organization","@id":"https:\/\/umecit.edu.pa\/#organization","name":"Umecit - University in Panama","url":"https:\/\/umecit.edu.pa\/","logo":{"@type":"ImageObject","inLanguage":"en-US","@id":"https:\/\/umecit.edu.pa\/#\/schema\/logo\/image\/","url":"https:\/\/umecit.edu.pa\/wp-content\/uploads\/2022\/06\/panama-7.jpg","contentUrl":"https:\/\/umecit.edu.pa\/wp-content\/uploads\/2022\/06\/panama-7.jpg","width":1200,"height":800,"caption":"Umecit - Universidad en Panam\u00e1"},"image":{"@id":"https:\/\/umecit.edu.pa\/#\/schema\/logo\/image\/"},"sameAs":["https:\/\/www.facebook.com\/umecitpanama\/","https:\/\/x.com\/umecitpanama","https:\/\/www.tiktok.com\/@umecit","https:\/\/www.instagram.com\/umecit\/","https:\/\/www.youtube.com\/channel\/UCP9iXFXi4p_EW_p9p6lprhg"]},{"@type":"Person","@id":"https:\/\/umecit.edu.pa\/#\/schema\/person\/8f0dbcfe39a176af37579f60f14139d3","name":"Social networks","image":{"@type":"ImageObject","inLanguage":"en-US","@id":"https:\/\/secure.gravatar.com\/avatar\/09b10f971238019e9a50f61eaf59122699509138db9f2d8187eeef80b5cd1266?s=96&d=mm&r=g","url":"https:\/\/secure.gravatar.com\/avatar\/09b10f971238019e9a50f61eaf59122699509138db9f2d8187eeef80b5cd1266?s=96&d=mm&r=g","contentUrl":"https:\/\/secure.gravatar.com\/avatar\/09b10f971238019e9a50f61eaf59122699509138db9f2d8187eeef80b5cd1266?s=96&d=mm&r=g","caption":"Redes Sociales"},"url":"https:\/\/umecit.edu.pa\/en\/author\/redes-sociales\/"}]}},"_links":{"self":[{"href":"https:\/\/umecit.edu.pa\/en\/wp-json\/wp\/v2\/posts\/136637","targetHints":{"allow":["GET"]}}],"collection":[{"href":"https:\/\/umecit.edu.pa\/en\/wp-json\/wp\/v2\/posts"}],"about":[{"href":"https:\/\/umecit.edu.pa\/en\/wp-json\/wp\/v2\/types\/post"}],"author":[{"embeddable":true,"href":"https:\/\/umecit.edu.pa\/en\/wp-json\/wp\/v2\/users\/831"}],"replies":[{"embeddable":true,"href":"https:\/\/umecit.edu.pa\/en\/wp-json\/wp\/v2\/comments?post=136637"}],"version-history":[{"count":7,"href":"https:\/\/umecit.edu.pa\/en\/wp-json\/wp\/v2\/posts\/136637\/revisions"}],"predecessor-version":[{"id":136666,"href":"https:\/\/umecit.edu.pa\/en\/wp-json\/wp\/v2\/posts\/136637\/revisions\/136666"}],"wp:featuredmedia":[{"embeddable":true,"href":"https:\/\/umecit.edu.pa\/en\/wp-json\/wp\/v2\/media\/136647"}],"wp:attachment":[{"href":"https:\/\/umecit.edu.pa\/en\/wp-json\/wp\/v2\/media?parent=136637"}],"wp:term":[{"taxonomy":"category","embeddable":true,"href":"https:\/\/umecit.edu.pa\/en\/wp-json\/wp\/v2\/categories?post=136637"},{"taxonomy":"post_tag","embeddable":true,"href":"https:\/\/umecit.edu.pa\/en\/wp-json\/wp\/v2\/tags?post=136637"}],"curies":[{"name":"wp","href":"https:\/\/api.w.org\/{rel}","templated":true}]}}