{"id":136612,"date":"2026-09-01T11:54:21","date_gmt":"2026-09-01T16:54:21","guid":{"rendered":"https:\/\/umecit.edu.pa\/?p=136612"},"modified":"2026-09-01T11:56:41","modified_gmt":"2026-09-01T16:56:41","slug":"el-nuevo-codigo-procesal-civil-protagonista-de-jornada-academica-en-umecit-santiago","status":"publish","type":"post","link":"https:\/\/umecit.edu.pa\/en\/el-nuevo-codigo-procesal-civil-protagonista-de-jornada-academica-en-umecit-santiago\/","title":{"rendered":"The new Code of Civil Procedure, protagonist of academic conference at UMECIT Santiago"},"content":{"rendered":"<div data-elementor-type=\"wp-post\" data-elementor-id=\"136612\" class=\"elementor elementor-136612\" data-elementor-post-type=\"post\">\n\t\t\t\t\t\t<section class=\"elementor-section elementor-top-section elementor-element elementor-element-a396382 elementor-section-boxed elementor-section-height-default elementor-section-height-default row-top\" data-id=\"a396382\" data-element_type=\"section\" data-e-type=\"section\">\n\t\t\t\t\t\t<div class=\"elementor-container elementor-column-gap-default\">\n\t\t\t\t\t<div class=\"elementor-column elementor-col-100 elementor-top-column elementor-element elementor-element-3161a1c9 column-style-top\" data-id=\"3161a1c9\" data-element_type=\"column\" data-e-type=\"column\">\n\t\t\t<div class=\"elementor-widget-wrap elementor-element-populated\">\n\t\t\t\t\t\t<div class=\"elementor-element elementor-element-4fe7300a elementor-widget elementor-widget-text-editor\" data-id=\"4fe7300a\" data-element_type=\"widget\" data-e-type=\"widget\" data-widget_type=\"text-editor.default\">\n\t\t\t\t<div class=\"elementor-widget-container\">\n\t\t\t\t\t\t\t\t\t<p><span style=\"font-weight: 400;\">With the purpose of generating a space for updating, reflection and academic exchange on the transformations currently taking place in the Panamanian justice system, the Metropolitan University of Education, Science and Technology -UMECIT-, Santiago campus, developed the seminar \u201cCivil Justice in Transformation: New Challenges for Panamanian Law\u201d, held on Saturday, August 29.<\/span><\/p><p><span style=\"font-weight: 400;\">The event brought together students, teachers, graduates, legal professionals and guests, who had the opportunity to delve into some of the main changes brought about by the implementation of the new Civil Procedure Code and its impact on professional practice.<\/span><\/p><p><span style=\"font-weight: 400;\">The meeting included the participation of Master Maura Yamileth Flores de Pimentel and Bachelor Mitzenia A. Cort\u00e9s C., who, from their experience in the judicial and legal fields, offered a practical perspective on the challenges and transformations that civil justice currently faces in Panama.<\/span><\/p><p><span style=\"font-weight: 400;\">The first presentation, entitled \u201cNew Civil Procedure Code: Transformation and Challenges of the Panamanian Justice System,\u201d was given by Maura Yamileth Flores de Pimentel, MA. Her experience within the judicial system, and particularly with the processes related to the implementation of the new Civil Procedure Code, allowed her to address the regulatory changes from a practical perspective and familiarize participants with the challenges involved in the transition to a new procedural model.<\/span><\/p><p><span style=\"font-weight: 400;\">Subsequently, Attorney Mitzenia A. Cort\u00e9s C. developed the topic &quot;The preliminary hearing in the Code of Civil Procedure: purpose, stages and procedural effects&quot;, delving into the role that this stage plays within the new model, as well as its main characteristics and effects within the civil process.<\/span><\/p><p><span style=\"font-weight: 400;\">The presentations allowed for a connection to be established between academic content and the reality of professional practice, providing participants with tools to better understand the changes currently being experienced by Panamanian civil justice.<\/span><\/p><p><span style=\"font-weight: 400;\">One of the most enriching moments of the day was the exchange with the public, where students, teachers, graduates and professionals were able to ask questions, share concerns and reflect together with the specialists on the challenges that the implementation of the new Civil Procedure Code represents.<\/span><\/p><p><span style=\"font-weight: 400;\">This type of activity is especially relevant in the training of future legal professionals, as it allows them to complement the knowledge acquired in the classroom with the experiences of professionals directly involved in the judicial system. It also contributes to strengthening a culture of continuous professional development in response to the regulatory and procedural changes required by the contemporary practice of law.<\/span><\/p><p><span style=\"font-weight: 400;\">This activity reaffirms UMECIT Santiago&#039;s commitment to creating academic spaces that foster dialogue between the university, professionals, and society. Legal updates, critical analysis, and an understanding of the transformations within the justice system are all part of a comprehensive education designed to prepare professionals capable of responding to the evolving needs of the Panamanian context.<\/span><\/p><p><span style=\"font-weight: 400;\">At the end of the seminar, UMECIT Santiago presented awards to the speakers as a token of appreciation for their valuable contributions and for sharing their knowledge and experiences with the university community.<\/span><\/p><p><span style=\"font-weight: 400;\">With this initiative, UMECIT joins the reflection on the challenges facing Law in Panama and reaffirms the importance of maintaining legal training linked to reality, permanent updating and the transformations that the country is experiencing.<\/span><\/p>\t\t\t\t\t\t\t\t<\/div>\n\t\t\t\t<\/div>\n\t\t\t\t\t<\/div>\n\t\t<\/div>\n\t\t\t\t\t<\/div>\n\t\t<\/section>\n\t\t\t\t<section class=\"elementor-section elementor-top-section elementor-element elementor-element-9d38e26 elementor-section-boxed elementor-section-height-default elementor-section-height-default row-top\" data-id=\"9d38e26\" data-element_type=\"section\" data-e-type=\"section\">\n\t\t\t\t\t\t<div class=\"elementor-container elementor-column-gap-default\">\n\t\t\t\t\t<div class=\"elementor-column elementor-col-100 elementor-top-column elementor-element elementor-element-f42e549 column-style-top\" data-id=\"f42e549\" data-element_type=\"column\" data-e-type=\"column\">\n\t\t\t<div class=\"elementor-widget-wrap elementor-element-populated\">\n\t\t\t\t\t\t<div class=\"elementor-element elementor-element-0808de5 elementor-widget__width-initial elementor-widget elementor-widget-gallery\" data-id=\"0808de5\" data-element_type=\"widget\" data-e-type=\"widget\" data-settings=\"{&quot;lazyload&quot;:&quot;yes&quot;,&quot;gallery_layout&quot;:&quot;grid&quot;,&quot;columns&quot;:4,&quot;columns_tablet&quot;:2,&quot;columns_mobile&quot;:1,&quot;gap&quot;:{&quot;unit&quot;:&quot;px&quot;,&quot;size&quot;:10,&quot;sizes&quot;:[]},&quot;gap_tablet&quot;:{&quot;unit&quot;:&quot;px&quot;,&quot;size&quot;:10,&quot;sizes&quot;:[]},&quot;gap_mobile&quot;:{&quot;unit&quot;:&quot;px&quot;,&quot;size&quot;:10,&quot;sizes&quot;:[]},&quot;link_to&quot;:&quot;file&quot;,&quot;aspect_ratio&quot;:&quot;3:2&quot;,&quot;overlay_background&quot;:&quot;yes&quot;,&quot;content_hover_animation&quot;:&quot;fade-in&quot;}\" data-widget_type=\"gallery.default\">\n\t\t\t\t<div class=\"elementor-widget-container\">\n\t\t\t\t\t\t\t<div class=\"elementor-gallery__container\">\n\t\t\t\t\t\t\t<a class=\"e-gallery-item elementor-gallery-item elementor-animated-content\" href=\"https:\/\/mail.umecit.edu.pa\/wp-content\/uploads\/2026\/09\/WhatsApp-Image-2026-08-31-at-3.45.01-PM-1-scaled.jpeg\" data-elementor-open-lightbox=\"yes\" data-elementor-lightbox-slideshow=\"0808de5\" data-elementor-lightbox-title=\"WhatsApp Image 2026-08-31 at 3.45.01 PM (1)\" data-e-action-hash=\"#elementor-action%3Aaction%3Dlightbox%26settings%3DeyJpZCI6MTM2NjE3LCJ1cmwiOiJodHRwczpcL1wvbWFpbC51bWVjaXQuZWR1LnBhXC93cC1jb250ZW50XC91cGxvYWRzXC8yMDI2XC8wOVwvV2hhdHNBcHAtSW1hZ2UtMjAyNi0wOC0zMS1hdC0zLjQ1LjAxLVBNLTEtc2NhbGVkLmpwZWciLCJzbGlkZXNob3ciOiIwODA4ZGU1In0%3D\">\n\t\t\t\t\t<div class=\"e-gallery-image elementor-gallery-item__image\" data-thumbnail=\"https:\/\/mail.umecit.edu.pa\/wp-content\/uploads\/2026\/09\/WhatsApp-Image-2026-08-31-at-3.45.01-PM-1-600x600.jpeg\" data-width=\"600\" data-height=\"600\" aria-label=\"\" role=\"img\" ><\/div>\n\t\t\t\t\t\t\t\t\t\t\t<div class=\"elementor-gallery-item__overlay\"><\/div>\n\t\t\t\t\t\t\t\t\t\t\t\t\t\t<\/a>\n\t\t\t\t\t\t\t<a class=\"e-gallery-item elementor-gallery-item elementor-animated-content\" href=\"https:\/\/mail.umecit.edu.pa\/wp-content\/uploads\/2026\/09\/WhatsApp-Image-2026-08-31-at-4.12.18-PM-1.jpeg\" data-elementor-open-lightbox=\"yes\" data-elementor-lightbox-slideshow=\"0808de5\" data-elementor-lightbox-title=\"WhatsApp Image 2026-08-31 at 4.12.18 PM (1)\" data-e-action-hash=\"#elementor-action%3Aaction%3Dlightbox%26settings%3DeyJpZCI6MTM2NjE4LCJ1cmwiOiJodHRwczpcL1wvbWFpbC51bWVjaXQuZWR1LnBhXC93cC1jb250ZW50XC91cGxvYWRzXC8yMDI2XC8wOVwvV2hhdHNBcHAtSW1hZ2UtMjAyNi0wOC0zMS1hdC00LjEyLjE4LVBNLTEuanBlZyIsInNsaWRlc2hvdyI6IjA4MDhkZTUifQ%3D%3D\">\n\t\t\t\t\t<div class=\"e-gallery-image elementor-gallery-item__image\" data-thumbnail=\"https:\/\/mail.umecit.edu.pa\/wp-content\/uploads\/2026\/09\/WhatsApp-Image-2026-08-31-at-4.12.18-PM-1-600x600.jpeg\" data-width=\"600\" data-height=\"600\" aria-label=\"\" role=\"img\" ><\/div>\n\t\t\t\t\t\t\t\t\t\t\t<div class=\"elementor-gallery-item__overlay\"><\/div>\n\t\t\t\t\t\t\t\t\t\t\t\t\t\t<\/a>\n\t\t\t\t\t\t\t<a class=\"e-gallery-item elementor-gallery-item elementor-animated-content\" href=\"https:\/\/mail.umecit.edu.pa\/wp-content\/uploads\/2026\/09\/WhatsApp-Image-2026-08-31-at-4.12.21-PM.jpeg\" data-elementor-open-lightbox=\"yes\" data-elementor-lightbox-slideshow=\"0808de5\" data-elementor-lightbox-title=\"WhatsApp Image 2026-08-31 at 4.12.21 PM\" data-e-action-hash=\"#elementor-action%3Aaction%3Dlightbox%26settings%3DeyJpZCI6MTM2NjE5LCJ1cmwiOiJodHRwczpcL1wvbWFpbC51bWVjaXQuZWR1LnBhXC93cC1jb250ZW50XC91cGxvYWRzXC8yMDI2XC8wOVwvV2hhdHNBcHAtSW1hZ2UtMjAyNi0wOC0zMS1hdC00LjEyLjIxLVBNLmpwZWciLCJzbGlkZXNob3ciOiIwODA4ZGU1In0%3D\">\n\t\t\t\t\t<div class=\"e-gallery-image elementor-gallery-item__image\" data-thumbnail=\"https:\/\/mail.umecit.edu.pa\/wp-content\/uploads\/2026\/09\/WhatsApp-Image-2026-08-31-at-4.12.21-PM-600x600.jpeg\" data-width=\"600\" data-height=\"600\" aria-label=\"\" role=\"img\" ><\/div>\n\t\t\t\t\t\t\t\t\t\t\t<div class=\"elementor-gallery-item__overlay\"><\/div>\n\t\t\t\t\t\t\t\t\t\t\t\t\t\t<\/a>\n\t\t\t\t\t\t\t<a class=\"e-gallery-item elementor-gallery-item elementor-animated-content\" href=\"https:\/\/mail.umecit.edu.pa\/wp-content\/uploads\/2026\/09\/WhatsApp-Image-2026-08-31-at-3.45.23-PM-1-scaled.jpeg\" data-elementor-open-lightbox=\"yes\" data-elementor-lightbox-slideshow=\"0808de5\" data-elementor-lightbox-title=\"WhatsApp Image 2026-08-31 at 3.45.23 PM\" data-e-action-hash=\"#elementor-action%3Aaction%3Dlightbox%26settings%3DeyJpZCI6MTM2NjIwLCJ1cmwiOiJodHRwczpcL1wvbWFpbC51bWVjaXQuZWR1LnBhXC93cC1jb250ZW50XC91cGxvYWRzXC8yMDI2XC8wOVwvV2hhdHNBcHAtSW1hZ2UtMjAyNi0wOC0zMS1hdC0zLjQ1LjIzLVBNLTEtc2NhbGVkLmpwZWciLCJzbGlkZXNob3ciOiIwODA4ZGU1In0%3D\">\n\t\t\t\t\t<div class=\"e-gallery-image elementor-gallery-item__image\" data-thumbnail=\"https:\/\/mail.umecit.edu.pa\/wp-content\/uploads\/2026\/09\/WhatsApp-Image-2026-08-31-at-3.45.23-PM-1-600x600.jpeg\" data-width=\"600\" data-height=\"600\" aria-label=\"\" role=\"img\" ><\/div>\n\t\t\t\t\t\t\t\t\t\t\t<div class=\"elementor-gallery-item__overlay\"><\/div>\n\t\t\t\t\t\t\t\t\t\t\t\t\t\t<\/a>\n\t\t\t\t\t\t\t<a class=\"e-gallery-item elementor-gallery-item elementor-animated-content\" href=\"https:\/\/mail.umecit.edu.pa\/wp-content\/uploads\/2026\/09\/WhatsApp-Image-2026-08-31-at-3.45.21-PM-2-scaled.jpeg\" data-elementor-open-lightbox=\"yes\" data-elementor-lightbox-slideshow=\"0808de5\" data-elementor-lightbox-title=\"WhatsApp Image 2026-08-31 at 3.45.21 PM (2)\" data-e-action-hash=\"#elementor-action%3Aaction%3Dlightbox%26settings%3DeyJpZCI6MTM2NjIxLCJ1cmwiOiJodHRwczpcL1wvbWFpbC51bWVjaXQuZWR1LnBhXC93cC1jb250ZW50XC91cGxvYWRzXC8yMDI2XC8wOVwvV2hhdHNBcHAtSW1hZ2UtMjAyNi0wOC0zMS1hdC0zLjQ1LjIxLVBNLTItc2NhbGVkLmpwZWciLCJzbGlkZXNob3ciOiIwODA4ZGU1In0%3D\">\n\t\t\t\t\t<div class=\"e-gallery-image elementor-gallery-item__image\" data-thumbnail=\"https:\/\/mail.umecit.edu.pa\/wp-content\/uploads\/2026\/09\/WhatsApp-Image-2026-08-31-at-3.45.21-PM-2-600x600.jpeg\" data-width=\"600\" data-height=\"600\" aria-label=\"\" role=\"img\" ><\/div>\n\t\t\t\t\t\t\t\t\t\t\t<div class=\"elementor-gallery-item__overlay\"><\/div>\n\t\t\t\t\t\t\t\t\t\t\t\t\t\t<\/a>\n\t\t\t\t\t\t\t<a class=\"e-gallery-item elementor-gallery-item elementor-animated-content\" href=\"https:\/\/mail.umecit.edu.pa\/wp-content\/uploads\/2026\/09\/WhatsApp-Image-2026-08-31-at-3.45.22-PM-2-scaled.jpeg\" data-elementor-open-lightbox=\"yes\" data-elementor-lightbox-slideshow=\"0808de5\" data-elementor-lightbox-title=\"WhatsApp Image 2026-08-31 at 3.45.22 PM (2)\" data-e-action-hash=\"#elementor-action%3Aaction%3Dlightbox%26settings%3DeyJpZCI6MTM2NjIyLCJ1cmwiOiJodHRwczpcL1wvbWFpbC51bWVjaXQuZWR1LnBhXC93cC1jb250ZW50XC91cGxvYWRzXC8yMDI2XC8wOVwvV2hhdHNBcHAtSW1hZ2UtMjAyNi0wOC0zMS1hdC0zLjQ1LjIyLVBNLTItc2NhbGVkLmpwZWciLCJzbGlkZXNob3ciOiIwODA4ZGU1In0%3D\">\n\t\t\t\t\t<div class=\"e-gallery-image elementor-gallery-item__image\" data-thumbnail=\"https:\/\/mail.umecit.edu.pa\/wp-content\/uploads\/2026\/09\/WhatsApp-Image-2026-08-31-at-3.45.22-PM-2-600x600.jpeg\" data-width=\"600\" data-height=\"600\" aria-label=\"\" role=\"img\" ><\/div>\n\t\t\t\t\t\t\t\t\t\t\t<div class=\"elementor-gallery-item__overlay\"><\/div>\n\t\t\t\t\t\t\t\t\t\t\t\t\t\t<\/a>\n\t\t\t\t\t<\/div>\n\t\t\t\t\t<\/div>\n\t\t\t\t<\/div>\n\t\t\t\t\t<\/div>\n\t\t<\/div>\n\t\t\t\t\t<\/div>\n\t\t<\/section>\n\t\t\t\t<\/div>","protected":false},"excerpt":{"rendered":"<p>Con el prop\u00f3sito de generar un espacio de actualizaci\u00f3n, reflexi\u00f3n e intercambio acad\u00e9mico sobre las transformaciones que vive actualmente el sistema de justicia paname\u00f1o, la Universidad Metropolitana de Educaci\u00f3n, Ciencia y Tecnolog\u00eda -UMECIT-, sede Santiago, desarroll\u00f3 el seminario \u201cJusticia Civil en Transformaci\u00f3n: Nuevos Desaf\u00edos para el Derecho Paname\u00f1o\u201d, realizado el s\u00e1bado 29 de agosto. La [&hellip;]<\/p>\n","protected":false},"author":831,"featured_media":136613,"comment_status":"closed","ping_status":"closed","sticky":false,"template":"","format":"standard","meta":{"footnotes":""},"categories":[73,107,109,174],"tags":[],"class_list":["post-136612","post","type-post","status-publish","format-standard","has-post-thumbnail","hentry","category-educacion","category-extension","category-noticias","category-universidad"],"yoast_head":"<!-- This site is optimized with the Yoast SEO plugin v28.2 - https:\/\/yoast.com\/product\/yoast-seo-wordpress\/ -->\n<title>El nuevo C\u00f3digo Procesal Civil, protagonista de jornada acad\u00e9mica en UMECIT Santiago<\/title>\n<meta name=\"description\" content=\"Con el prop\u00f3sito de generar un espacio de actualizaci\u00f3n, reflexi\u00f3n e intercambio acad\u00e9mico sobre las transformaciones que vive actualmente el sistema de justicia paname\u00f1o, la Universidad Metropolitana de Educaci\u00f3n, Ciencia y Tecnolog\u00eda -UMECIT-, sede Santiago, desarroll\u00f3 el seminario \u201cJusticia Civil en Transformaci\u00f3n: Nuevos Desaf\u00edos para el Derecho Paname\u00f1o\u201d, realizado el s\u00e1bado 29 de agosto.\" \/>\n<meta name=\"robots\" content=\"index, follow, max-snippet:-1, max-image-preview:large, max-video-preview:-1\" \/>\n<link rel=\"canonical\" href=\"https:\/\/umecit.edu.pa\/en\/el-nuevo-codigo-procesal-civil-protagonista-de-jornada-academica-en-umecit-santiago\/\" \/>\n<meta property=\"og:locale\" content=\"en_US\" \/>\n<meta property=\"og:type\" content=\"article\" \/>\n<meta property=\"og:title\" content=\"El nuevo C\u00f3digo Procesal Civil, protagonista de jornada acad\u00e9mica en UMECIT Santiago\" \/>\n<meta property=\"og:description\" content=\"Con el prop\u00f3sito de generar un espacio de actualizaci\u00f3n, reflexi\u00f3n e intercambio acad\u00e9mico sobre las transformaciones que vive actualmente el sistema de justicia paname\u00f1o, la Universidad Metropolitana de Educaci\u00f3n, Ciencia y Tecnolog\u00eda -UMECIT-, sede Santiago, desarroll\u00f3 el seminario \u201cJusticia Civil en Transformaci\u00f3n: Nuevos Desaf\u00edos para el Derecho Paname\u00f1o\u201d, realizado el s\u00e1bado 29 de agosto.\" \/>\n<meta property=\"og:url\" content=\"https:\/\/umecit.edu.pa\/en\/el-nuevo-codigo-procesal-civil-protagonista-de-jornada-academica-en-umecit-santiago\/\" \/>\n<meta property=\"og:site_name\" content=\"Umecit - Universidad en Panam\u00e1\" \/>\n<meta property=\"article:publisher\" content=\"https:\/\/www.facebook.com\/umecitpanama\/\" \/>\n<meta property=\"article:published_time\" content=\"2026-09-01T16:54:21+00:00\" \/>\n<meta property=\"article:modified_time\" content=\"2026-09-01T16:56:41+00:00\" \/>\n<meta property=\"og:image\" content=\"https:\/\/umecit.edu.pa\/wp-content\/uploads\/2026\/09\/WhatsApp-Image-2026-08-31-at-3.45.23-PM-scaled.jpeg\" \/>\n\t<meta property=\"og:image:width\" content=\"2560\" \/>\n\t<meta property=\"og:image:height\" content=\"1920\" \/>\n\t<meta property=\"og:image:type\" content=\"image\/jpeg\" \/>\n<meta name=\"author\" content=\"Redes Sociales\" \/>\n<meta name=\"twitter:card\" content=\"summary_large_image\" \/>\n<meta name=\"twitter:creator\" content=\"@umecitpanama\" \/>\n<meta name=\"twitter:site\" content=\"@umecitpanama\" \/>\n<meta name=\"twitter:label1\" content=\"Written by\" \/>\n\t<meta name=\"twitter:data1\" content=\"Redes Sociales\" \/>\n\t<meta name=\"twitter:label2\" content=\"Est. reading time\" \/>\n\t<meta name=\"twitter:data2\" content=\"3 minutes\" \/>\n<script type=\"application\/ld+json\" class=\"yoast-schema-graph\">{\"@context\":\"https:\\\/\\\/schema.org\",\"@graph\":[{\"@type\":\"Article\",\"@id\":\"https:\\\/\\\/umecit.edu.pa\\\/el-nuevo-codigo-procesal-civil-protagonista-de-jornada-academica-en-umecit-santiago\\\/#article\",\"isPartOf\":{\"@id\":\"https:\\\/\\\/umecit.edu.pa\\\/el-nuevo-codigo-procesal-civil-protagonista-de-jornada-academica-en-umecit-santiago\\\/\"},\"author\":{\"name\":\"Redes Sociales\",\"@id\":\"https:\\\/\\\/umecit.edu.pa\\\/#\\\/schema\\\/person\\\/8f0dbcfe39a176af37579f60f14139d3\"},\"headline\":\"El nuevo C\u00f3digo Procesal Civil, protagonista de jornada acad\u00e9mica en UMECIT Santiago\",\"datePublished\":\"2026-09-01T16:54:21+00:00\",\"dateModified\":\"2026-09-01T16:56:41+00:00\",\"mainEntityOfPage\":{\"@id\":\"https:\\\/\\\/umecit.edu.pa\\\/el-nuevo-codigo-procesal-civil-protagonista-de-jornada-academica-en-umecit-santiago\\\/\"},\"wordCount\":610,\"publisher\":{\"@id\":\"https:\\\/\\\/umecit.edu.pa\\\/#organization\"},\"image\":{\"@id\":\"https:\\\/\\\/umecit.edu.pa\\\/el-nuevo-codigo-procesal-civil-protagonista-de-jornada-academica-en-umecit-santiago\\\/#primaryimage\"},\"thumbnailUrl\":\"https:\\\/\\\/umecit.edu.pa\\\/wp-content\\\/uploads\\\/2026\\\/09\\\/WhatsApp-Image-2026-08-31-at-3.45.23-PM-scaled.jpeg\",\"articleSection\":[\"Educaci\u00f3n\",\"Extensi\u00f3n\",\"Noticias\",\"Universidad\"],\"inLanguage\":\"en-US\"},{\"@type\":\"WebPage\",\"@id\":\"https:\\\/\\\/umecit.edu.pa\\\/el-nuevo-codigo-procesal-civil-protagonista-de-jornada-academica-en-umecit-santiago\\\/\",\"url\":\"https:\\\/\\\/umecit.edu.pa\\\/el-nuevo-codigo-procesal-civil-protagonista-de-jornada-academica-en-umecit-santiago\\\/\",\"name\":\"El nuevo C\u00f3digo Procesal Civil, protagonista de jornada acad\u00e9mica en UMECIT Santiago\",\"isPartOf\":{\"@id\":\"https:\\\/\\\/umecit.edu.pa\\\/#website\"},\"primaryImageOfPage\":{\"@id\":\"https:\\\/\\\/umecit.edu.pa\\\/el-nuevo-codigo-procesal-civil-protagonista-de-jornada-academica-en-umecit-santiago\\\/#primaryimage\"},\"image\":{\"@id\":\"https:\\\/\\\/umecit.edu.pa\\\/el-nuevo-codigo-procesal-civil-protagonista-de-jornada-academica-en-umecit-santiago\\\/#primaryimage\"},\"thumbnailUrl\":\"https:\\\/\\\/umecit.edu.pa\\\/wp-content\\\/uploads\\\/2026\\\/09\\\/WhatsApp-Image-2026-08-31-at-3.45.23-PM-scaled.jpeg\",\"datePublished\":\"2026-09-01T16:54:21+00:00\",\"dateModified\":\"2026-09-01T16:56:41+00:00\",\"description\":\"Con el prop\u00f3sito de generar un espacio de actualizaci\u00f3n, reflexi\u00f3n e intercambio acad\u00e9mico sobre las transformaciones que vive actualmente el sistema de justicia paname\u00f1o, la Universidad Metropolitana de Educaci\u00f3n, Ciencia y Tecnolog\u00eda -UMECIT-, sede Santiago, desarroll\u00f3 el seminario \u201cJusticia Civil en Transformaci\u00f3n: Nuevos Desaf\u00edos para el Derecho Paname\u00f1o\u201d, realizado el s\u00e1bado 29 de agosto.\",\"breadcrumb\":{\"@id\":\"https:\\\/\\\/umecit.edu.pa\\\/el-nuevo-codigo-procesal-civil-protagonista-de-jornada-academica-en-umecit-santiago\\\/#breadcrumb\"},\"inLanguage\":\"en-US\",\"potentialAction\":[{\"@type\":\"ReadAction\",\"target\":[\"https:\\\/\\\/umecit.edu.pa\\\/el-nuevo-codigo-procesal-civil-protagonista-de-jornada-academica-en-umecit-santiago\\\/\"]}]},{\"@type\":\"ImageObject\",\"inLanguage\":\"en-US\",\"@id\":\"https:\\\/\\\/umecit.edu.pa\\\/el-nuevo-codigo-procesal-civil-protagonista-de-jornada-academica-en-umecit-santiago\\\/#primaryimage\",\"url\":\"https:\\\/\\\/umecit.edu.pa\\\/wp-content\\\/uploads\\\/2026\\\/09\\\/WhatsApp-Image-2026-08-31-at-3.45.23-PM-scaled.jpeg\",\"contentUrl\":\"https:\\\/\\\/umecit.edu.pa\\\/wp-content\\\/uploads\\\/2026\\\/09\\\/WhatsApp-Image-2026-08-31-at-3.45.23-PM-scaled.jpeg\",\"width\":2560,\"height\":1920},{\"@type\":\"BreadcrumbList\",\"@id\":\"https:\\\/\\\/umecit.edu.pa\\\/el-nuevo-codigo-procesal-civil-protagonista-de-jornada-academica-en-umecit-santiago\\\/#breadcrumb\",\"itemListElement\":[{\"@type\":\"ListItem\",\"position\":1,\"name\":\"Portada\",\"item\":\"https:\\\/\\\/umecit.edu.pa\\\/en\\\/\"},{\"@type\":\"ListItem\",\"position\":2,\"name\":\"El nuevo C\u00f3digo Procesal Civil, protagonista de jornada acad\u00e9mica en UMECIT Santiago\"}]},{\"@type\":\"WebSite\",\"@id\":\"https:\\\/\\\/umecit.edu.pa\\\/#website\",\"url\":\"https:\\\/\\\/umecit.edu.pa\\\/\",\"name\":\"Umecit - Universidad en Panam\u00e1\",\"description\":\"Universidad Metropolitana de Educaci\u00f3n, Ciencia y Tecnolog\u00eda\",\"publisher\":{\"@id\":\"https:\\\/\\\/umecit.edu.pa\\\/#organization\"},\"potentialAction\":[{\"@type\":\"SearchAction\",\"target\":{\"@type\":\"EntryPoint\",\"urlTemplate\":\"https:\\\/\\\/umecit.edu.pa\\\/?s={search_term_string}\"},\"query-input\":{\"@type\":\"PropertyValueSpecification\",\"valueRequired\":true,\"valueName\":\"search_term_string\"}}],\"inLanguage\":\"en-US\"},{\"@type\":\"Organization\",\"@id\":\"https:\\\/\\\/umecit.edu.pa\\\/#organization\",\"name\":\"Umecit - Universidad en Panam\u00e1\",\"url\":\"https:\\\/\\\/umecit.edu.pa\\\/\",\"logo\":{\"@type\":\"ImageObject\",\"inLanguage\":\"en-US\",\"@id\":\"https:\\\/\\\/umecit.edu.pa\\\/#\\\/schema\\\/logo\\\/image\\\/\",\"url\":\"https:\\\/\\\/umecit.edu.pa\\\/wp-content\\\/uploads\\\/2022\\\/06\\\/panama-7.jpg\",\"contentUrl\":\"https:\\\/\\\/umecit.edu.pa\\\/wp-content\\\/uploads\\\/2022\\\/06\\\/panama-7.jpg\",\"width\":1200,\"height\":800,\"caption\":\"Umecit - Universidad en Panam\u00e1\"},\"image\":{\"@id\":\"https:\\\/\\\/umecit.edu.pa\\\/#\\\/schema\\\/logo\\\/image\\\/\"},\"sameAs\":[\"https:\\\/\\\/www.facebook.com\\\/umecitpanama\\\/\",\"https:\\\/\\\/x.com\\\/umecitpanama\",\"https:\\\/\\\/www.tiktok.com\\\/@umecit\",\"https:\\\/\\\/www.instagram.com\\\/umecit\\\/\",\"https:\\\/\\\/www.youtube.com\\\/channel\\\/UCP9iXFXi4p_EW_p9p6lprhg\"]},{\"@type\":\"Person\",\"@id\":\"https:\\\/\\\/umecit.edu.pa\\\/#\\\/schema\\\/person\\\/8f0dbcfe39a176af37579f60f14139d3\",\"name\":\"Redes Sociales\",\"image\":{\"@type\":\"ImageObject\",\"inLanguage\":\"en-US\",\"@id\":\"https:\\\/\\\/secure.gravatar.com\\\/avatar\\\/09b10f971238019e9a50f61eaf59122699509138db9f2d8187eeef80b5cd1266?s=96&d=mm&r=g\",\"url\":\"https:\\\/\\\/secure.gravatar.com\\\/avatar\\\/09b10f971238019e9a50f61eaf59122699509138db9f2d8187eeef80b5cd1266?s=96&d=mm&r=g\",\"contentUrl\":\"https:\\\/\\\/secure.gravatar.com\\\/avatar\\\/09b10f971238019e9a50f61eaf59122699509138db9f2d8187eeef80b5cd1266?s=96&d=mm&r=g\",\"caption\":\"Redes Sociales\"},\"url\":\"https:\\\/\\\/umecit.edu.pa\\\/en\\\/author\\\/redes-sociales\\\/\"}]}<\/script>\n<!-- \/ Yoast SEO plugin. -->","yoast_head_json":{"title":"The new Code of Civil Procedure, protagonist of academic conference at UMECIT Santiago","description":"With the purpose of generating a space for updating, reflection and academic exchange on the transformations currently taking place in the Panamanian justice system, the Metropolitan University of Education, Science and Technology -UMECIT-, Santiago campus, developed the seminar \u201cCivil Justice in Transformation: New Challenges for Panamanian Law\u201d, held on Saturday, August 29.","robots":{"index":"index","follow":"follow","max-snippet":"max-snippet:-1","max-image-preview":"max-image-preview:large","max-video-preview":"max-video-preview:-1"},"canonical":"https:\/\/umecit.edu.pa\/en\/el-nuevo-codigo-procesal-civil-protagonista-de-jornada-academica-en-umecit-santiago\/","og_locale":"en_US","og_type":"article","og_title":"El nuevo C\u00f3digo Procesal Civil, protagonista de jornada acad\u00e9mica en UMECIT Santiago","og_description":"Con el prop\u00f3sito de generar un espacio de actualizaci\u00f3n, reflexi\u00f3n e intercambio acad\u00e9mico sobre las transformaciones que vive actualmente el sistema de justicia paname\u00f1o, la Universidad Metropolitana de Educaci\u00f3n, Ciencia y Tecnolog\u00eda -UMECIT-, sede Santiago, desarroll\u00f3 el seminario \u201cJusticia Civil en Transformaci\u00f3n: Nuevos Desaf\u00edos para el Derecho Paname\u00f1o\u201d, realizado el s\u00e1bado 29 de agosto.","og_url":"https:\/\/umecit.edu.pa\/en\/el-nuevo-codigo-procesal-civil-protagonista-de-jornada-academica-en-umecit-santiago\/","og_site_name":"Umecit - Universidad en Panam\u00e1","article_publisher":"https:\/\/www.facebook.com\/umecitpanama\/","article_published_time":"2026-09-01T16:54:21+00:00","article_modified_time":"2026-09-01T16:56:41+00:00","og_image":[{"width":2560,"height":1920,"url":"https:\/\/umecit.edu.pa\/wp-content\/uploads\/2026\/09\/WhatsApp-Image-2026-08-31-at-3.45.23-PM-scaled.jpeg","type":"image\/jpeg"}],"author":"Redes Sociales","twitter_card":"summary_large_image","twitter_creator":"@umecitpanama","twitter_site":"@umecitpanama","twitter_misc":{"Written by":"Redes Sociales","Est. reading time":"3 minutes"},"schema":{"@context":"https:\/\/schema.org","@graph":[{"@type":"Article","@id":"https:\/\/umecit.edu.pa\/el-nuevo-codigo-procesal-civil-protagonista-de-jornada-academica-en-umecit-santiago\/#article","isPartOf":{"@id":"https:\/\/umecit.edu.pa\/el-nuevo-codigo-procesal-civil-protagonista-de-jornada-academica-en-umecit-santiago\/"},"author":{"name":"Redes Sociales","@id":"https:\/\/umecit.edu.pa\/#\/schema\/person\/8f0dbcfe39a176af37579f60f14139d3"},"headline":"El nuevo C\u00f3digo Procesal Civil, protagonista de jornada acad\u00e9mica en UMECIT Santiago","datePublished":"2026-09-01T16:54:21+00:00","dateModified":"2026-09-01T16:56:41+00:00","mainEntityOfPage":{"@id":"https:\/\/umecit.edu.pa\/el-nuevo-codigo-procesal-civil-protagonista-de-jornada-academica-en-umecit-santiago\/"},"wordCount":610,"publisher":{"@id":"https:\/\/umecit.edu.pa\/#organization"},"image":{"@id":"https:\/\/umecit.edu.pa\/el-nuevo-codigo-procesal-civil-protagonista-de-jornada-academica-en-umecit-santiago\/#primaryimage"},"thumbnailUrl":"https:\/\/umecit.edu.pa\/wp-content\/uploads\/2026\/09\/WhatsApp-Image-2026-08-31-at-3.45.23-PM-scaled.jpeg","articleSection":["Educaci\u00f3n","Extensi\u00f3n","Noticias","Universidad"],"inLanguage":"en-US"},{"@type":"WebPage","@id":"https:\/\/umecit.edu.pa\/el-nuevo-codigo-procesal-civil-protagonista-de-jornada-academica-en-umecit-santiago\/","url":"https:\/\/umecit.edu.pa\/el-nuevo-codigo-procesal-civil-protagonista-de-jornada-academica-en-umecit-santiago\/","name":"The new Code of Civil Procedure, protagonist of academic conference at UMECIT Santiago","isPartOf":{"@id":"https:\/\/umecit.edu.pa\/#website"},"primaryImageOfPage":{"@id":"https:\/\/umecit.edu.pa\/el-nuevo-codigo-procesal-civil-protagonista-de-jornada-academica-en-umecit-santiago\/#primaryimage"},"image":{"@id":"https:\/\/umecit.edu.pa\/el-nuevo-codigo-procesal-civil-protagonista-de-jornada-academica-en-umecit-santiago\/#primaryimage"},"thumbnailUrl":"https:\/\/umecit.edu.pa\/wp-content\/uploads\/2026\/09\/WhatsApp-Image-2026-08-31-at-3.45.23-PM-scaled.jpeg","datePublished":"2026-09-01T16:54:21+00:00","dateModified":"2026-09-01T16:56:41+00:00","description":"With the purpose of generating a space for updating, reflection and academic exchange on the transformations currently taking place in the Panamanian justice system, the Metropolitan University of Education, Science and Technology -UMECIT-, Santiago campus, developed the seminar \u201cCivil Justice in Transformation: New Challenges for Panamanian Law\u201d, held on Saturday, August 29.","breadcrumb":{"@id":"https:\/\/umecit.edu.pa\/el-nuevo-codigo-procesal-civil-protagonista-de-jornada-academica-en-umecit-santiago\/#breadcrumb"},"inLanguage":"en-US","potentialAction":[{"@type":"ReadAction","target":["https:\/\/umecit.edu.pa\/el-nuevo-codigo-procesal-civil-protagonista-de-jornada-academica-en-umecit-santiago\/"]}]},{"@type":"ImageObject","inLanguage":"en-US","@id":"https:\/\/umecit.edu.pa\/el-nuevo-codigo-procesal-civil-protagonista-de-jornada-academica-en-umecit-santiago\/#primaryimage","url":"https:\/\/umecit.edu.pa\/wp-content\/uploads\/2026\/09\/WhatsApp-Image-2026-08-31-at-3.45.23-PM-scaled.jpeg","contentUrl":"https:\/\/umecit.edu.pa\/wp-content\/uploads\/2026\/09\/WhatsApp-Image-2026-08-31-at-3.45.23-PM-scaled.jpeg","width":2560,"height":1920},{"@type":"BreadcrumbList","@id":"https:\/\/umecit.edu.pa\/el-nuevo-codigo-procesal-civil-protagonista-de-jornada-academica-en-umecit-santiago\/#breadcrumb","itemListElement":[{"@type":"ListItem","position":1,"name":"Portada","item":"https:\/\/umecit.edu.pa\/en\/"},{"@type":"ListItem","position":2,"name":"El nuevo C\u00f3digo Procesal Civil, protagonista de jornada acad\u00e9mica en UMECIT Santiago"}]},{"@type":"WebSite","@id":"https:\/\/umecit.edu.pa\/#website","url":"https:\/\/umecit.edu.pa\/","name":"Umecit - University in Panama","description":"Metropolitan University of Education, Science and Technology","publisher":{"@id":"https:\/\/umecit.edu.pa\/#organization"},"potentialAction":[{"@type":"SearchAction","target":{"@type":"EntryPoint","urlTemplate":"https:\/\/umecit.edu.pa\/?s={search_term_string}"},"query-input":{"@type":"PropertyValueSpecification","valueRequired":true,"valueName":"search_term_string"}}],"inLanguage":"en-US"},{"@type":"Organization","@id":"https:\/\/umecit.edu.pa\/#organization","name":"Umecit - University in Panama","url":"https:\/\/umecit.edu.pa\/","logo":{"@type":"ImageObject","inLanguage":"en-US","@id":"https:\/\/umecit.edu.pa\/#\/schema\/logo\/image\/","url":"https:\/\/umecit.edu.pa\/wp-content\/uploads\/2022\/06\/panama-7.jpg","contentUrl":"https:\/\/umecit.edu.pa\/wp-content\/uploads\/2022\/06\/panama-7.jpg","width":1200,"height":800,"caption":"Umecit - Universidad en Panam\u00e1"},"image":{"@id":"https:\/\/umecit.edu.pa\/#\/schema\/logo\/image\/"},"sameAs":["https:\/\/www.facebook.com\/umecitpanama\/","https:\/\/x.com\/umecitpanama","https:\/\/www.tiktok.com\/@umecit","https:\/\/www.instagram.com\/umecit\/","https:\/\/www.youtube.com\/channel\/UCP9iXFXi4p_EW_p9p6lprhg"]},{"@type":"Person","@id":"https:\/\/umecit.edu.pa\/#\/schema\/person\/8f0dbcfe39a176af37579f60f14139d3","name":"Social networks","image":{"@type":"ImageObject","inLanguage":"en-US","@id":"https:\/\/secure.gravatar.com\/avatar\/09b10f971238019e9a50f61eaf59122699509138db9f2d8187eeef80b5cd1266?s=96&d=mm&r=g","url":"https:\/\/secure.gravatar.com\/avatar\/09b10f971238019e9a50f61eaf59122699509138db9f2d8187eeef80b5cd1266?s=96&d=mm&r=g","contentUrl":"https:\/\/secure.gravatar.com\/avatar\/09b10f971238019e9a50f61eaf59122699509138db9f2d8187eeef80b5cd1266?s=96&d=mm&r=g","caption":"Redes Sociales"},"url":"https:\/\/umecit.edu.pa\/en\/author\/redes-sociales\/"}]}},"_links":{"self":[{"href":"https:\/\/umecit.edu.pa\/en\/wp-json\/wp\/v2\/posts\/136612","targetHints":{"allow":["GET"]}}],"collection":[{"href":"https:\/\/umecit.edu.pa\/en\/wp-json\/wp\/v2\/posts"}],"about":[{"href":"https:\/\/umecit.edu.pa\/en\/wp-json\/wp\/v2\/types\/post"}],"author":[{"embeddable":true,"href":"https:\/\/umecit.edu.pa\/en\/wp-json\/wp\/v2\/users\/831"}],"replies":[{"embeddable":true,"href":"https:\/\/umecit.edu.pa\/en\/wp-json\/wp\/v2\/comments?post=136612"}],"version-history":[{"count":9,"href":"https:\/\/umecit.edu.pa\/en\/wp-json\/wp\/v2\/posts\/136612\/revisions"}],"predecessor-version":[{"id":136628,"href":"https:\/\/umecit.edu.pa\/en\/wp-json\/wp\/v2\/posts\/136612\/revisions\/136628"}],"wp:featuredmedia":[{"embeddable":true,"href":"https:\/\/umecit.edu.pa\/en\/wp-json\/wp\/v2\/media\/136613"}],"wp:attachment":[{"href":"https:\/\/umecit.edu.pa\/en\/wp-json\/wp\/v2\/media?parent=136612"}],"wp:term":[{"taxonomy":"category","embeddable":true,"href":"https:\/\/umecit.edu.pa\/en\/wp-json\/wp\/v2\/categories?post=136612"},{"taxonomy":"post_tag","embeddable":true,"href":"https:\/\/umecit.edu.pa\/en\/wp-json\/wp\/v2\/tags?post=136612"}],"curies":[{"name":"wp","href":"https:\/\/api.w.org\/{rel}","templated":true}]}}