{"id":136589,"date":"2026-09-01T11:08:51","date_gmt":"2026-09-01T16:08:51","guid":{"rendered":"https:\/\/umecit.edu.pa\/?p=136589"},"modified":"2026-09-01T11:11:26","modified_gmt":"2026-09-01T16:11:26","slug":"piscodanza-una-experiencia-de-movimiento-y-expresion-en-conmemoracion-del-dia-internacional-de-la-danza","status":"publish","type":"post","link":"https:\/\/umecit.edu.pa\/en\/piscodanza-una-experiencia-de-movimiento-y-expresion-en-conmemoracion-del-dia-internacional-de-la-danza\/","title":{"rendered":"Psychodance: an experience of movement and expression in commemoration of International Dance Day"},"content":{"rendered":"<div data-elementor-type=\"wp-post\" data-elementor-id=\"136589\" class=\"elementor elementor-136589\" data-elementor-post-type=\"post\">\n\t\t\t\t\t\t<section class=\"elementor-section elementor-top-section elementor-element elementor-element-a396382 elementor-section-boxed elementor-section-height-default elementor-section-height-default row-top\" data-id=\"a396382\" data-element_type=\"section\" data-e-type=\"section\">\n\t\t\t\t\t\t<div class=\"elementor-container elementor-column-gap-default\">\n\t\t\t\t\t<div class=\"elementor-column elementor-col-100 elementor-top-column elementor-element elementor-element-3161a1c9 column-style-top\" data-id=\"3161a1c9\" data-element_type=\"column\" data-e-type=\"column\">\n\t\t\t<div class=\"elementor-widget-wrap elementor-element-populated\">\n\t\t\t\t\t\t<div class=\"elementor-element elementor-element-4fe7300a elementor-widget elementor-widget-text-editor\" data-id=\"4fe7300a\" data-element_type=\"widget\" data-e-type=\"widget\" data-widget_type=\"text-editor.default\">\n\t\t\t\t<div class=\"elementor-widget-container\">\n\t\t\t\t\t\t\t\t\t<p><span style=\"font-weight: 400;\">En el marco de la conmemoraci\u00f3n del D\u00eda Internacional de la Danza, la Universidad Metropolitana de Educaci\u00f3n, Ciencia y Tecnolog\u00eda (UMECIT) desarroll\u00f3 el Taller Piscodanza, una experiencia orientada al movimiento, la expresi\u00f3n y la exploraci\u00f3n corporal como herramientas de conexi\u00f3n y descubrimiento personal.<\/span><\/p><p><span style=\"font-weight: 400;\">La actividad estuvo a cargo de Imer Herrar, expositor de la Fundaci\u00f3n Perfecto Diferente, y se realiz\u00f3 de manera presencial en la sede de La Chorrera, con participaci\u00f3n complementaria en modalidad h\u00edbrida. El taller estuvo dirigido a toda la comunidad universitaria y cont\u00f3 con la participaci\u00f3n de docentes, administrativos y estudiantes, entre ellos una destacada representaci\u00f3n de la carrera de Preescolar.<\/span><\/p><p><span style=\"font-weight: 400;\">La propuesta de Piscodanza busca desarrollar una identidad propia a partir de cinco pilares fundamentales: Presencia, Intuici\u00f3n, Sensaci\u00f3n, Cuerpo y Origen, representados en la palabra PISCO. Estos elementos se articulan a trav\u00e9s del movimiento, la expresi\u00f3n y la psicolog\u00eda, dando paso a una experiencia que invita a conectar de manera consciente con el cuerpo y con las diferentes formas de expresi\u00f3n.<\/span><\/p><p><span style=\"font-weight: 400;\">Durante el taller, los participantes exploraron el movimiento desde una perspectiva diferente, reconociendo el cuerpo como un espacio de expresi\u00f3n, conexi\u00f3n y descubrimiento. A trav\u00e9s de distintas din\u00e1micas, la experiencia permiti\u00f3 fomentar la participaci\u00f3n y generar un ambiente de aprendizaje en el que el arte y el movimiento se convirtieron en medios para explorar nuevas formas de comunicaci\u00f3n y conexi\u00f3n personal.<\/span><\/p><p><span style=\"font-weight: 400;\">Esta iniciativa se llev\u00f3 a cabo a trav\u00e9s del Programa de Bienestar Universitario, desde el Eje de Folclor y Cultura y su Club de Arte, como parte de las acciones orientadas a enriquecer la experiencia universitaria m\u00e1s all\u00e1 de las aulas.<\/span><\/p><p><span style=\"font-weight: 400;\">Para el Programa de Bienestar Universitario, este tipo de actividades representan una oportunidad para complementar la formaci\u00f3n acad\u00e9mica con experiencias culturales y art\u00edsticas que favorecen la participaci\u00f3n, la creatividad y el desarrollo integral de la comunidad universitaria.<\/span><\/p><p><span style=\"font-weight: 400;\">A trav\u00e9s del Eje de Folclor y Cultura y su Club de Arte, UMECIT contin\u00faa promoviendo espacios de encuentro con el arte y la cultura, fortaleciendo una vida universitaria en la que el aprendizaje, la expresi\u00f3n y la creatividad tambi\u00e9n son protagonistas.<\/span><\/p>\t\t\t\t\t\t\t\t<\/div>\n\t\t\t\t<\/div>\n\t\t\t\t\t<\/div>\n\t\t<\/div>\n\t\t\t\t\t<\/div>\n\t\t<\/section>\n\t\t\t\t<section class=\"elementor-section elementor-top-section elementor-element elementor-element-9d38e26 elementor-section-boxed elementor-section-height-default elementor-section-height-default row-top\" data-id=\"9d38e26\" data-element_type=\"section\" data-e-type=\"section\">\n\t\t\t\t\t\t<div class=\"elementor-container elementor-column-gap-default\">\n\t\t\t\t\t<div class=\"elementor-column elementor-col-100 elementor-top-column elementor-element elementor-element-f42e549 column-style-top\" data-id=\"f42e549\" data-element_type=\"column\" data-e-type=\"column\">\n\t\t\t<div class=\"elementor-widget-wrap elementor-element-populated\">\n\t\t\t\t\t\t<div class=\"elementor-element elementor-element-0808de5 elementor-widget__width-initial elementor-widget elementor-widget-gallery\" data-id=\"0808de5\" data-element_type=\"widget\" data-e-type=\"widget\" data-settings=\"{&quot;lazyload&quot;:&quot;yes&quot;,&quot;gallery_layout&quot;:&quot;grid&quot;,&quot;columns&quot;:4,&quot;columns_tablet&quot;:2,&quot;columns_mobile&quot;:1,&quot;gap&quot;:{&quot;unit&quot;:&quot;px&quot;,&quot;size&quot;:10,&quot;sizes&quot;:[]},&quot;gap_tablet&quot;:{&quot;unit&quot;:&quot;px&quot;,&quot;size&quot;:10,&quot;sizes&quot;:[]},&quot;gap_mobile&quot;:{&quot;unit&quot;:&quot;px&quot;,&quot;size&quot;:10,&quot;sizes&quot;:[]},&quot;link_to&quot;:&quot;file&quot;,&quot;aspect_ratio&quot;:&quot;3:2&quot;,&quot;overlay_background&quot;:&quot;yes&quot;,&quot;content_hover_animation&quot;:&quot;fade-in&quot;}\" data-widget_type=\"gallery.default\">\n\t\t\t\t<div class=\"elementor-widget-container\">\n\t\t\t\t\t\t\t<div class=\"elementor-gallery__container\">\n\t\t\t\t\t\t\t<a class=\"e-gallery-item elementor-gallery-item elementor-animated-content\" href=\"https:\/\/umecit.edu.pa\/wp-content\/uploads\/2026\/09\/WhatsApp-Image-2026-08-24-at-9.49.55-AM-3.jpeg\" data-elementor-open-lightbox=\"yes\" data-elementor-lightbox-slideshow=\"0808de5\" data-elementor-lightbox-title=\"WhatsApp Image 2026-08-24 at 9.49.55 AM (3)\" data-e-action-hash=\"#elementor-action%3Aaction%3Dlightbox%26settings%3DeyJpZCI6MTM2NjAzLCJ1cmwiOiJodHRwczpcL1wvdW1lY2l0LmVkdS5wYVwvd3AtY29udGVudFwvdXBsb2Fkc1wvMjAyNlwvMDlcL1doYXRzQXBwLUltYWdlLTIwMjYtMDgtMjQtYXQtOS40OS41NS1BTS0zLmpwZWciLCJzbGlkZXNob3ciOiIwODA4ZGU1In0%3D\">\n\t\t\t\t\t<div class=\"e-gallery-image elementor-gallery-item__image\" data-thumbnail=\"https:\/\/umecit.edu.pa\/wp-content\/uploads\/2026\/09\/WhatsApp-Image-2026-08-24-at-9.49.55-AM-3-600x600.jpeg\" data-width=\"600\" data-height=\"600\" aria-label=\"\" role=\"img\" ><\/div>\n\t\t\t\t\t\t\t\t\t\t\t<div class=\"elementor-gallery-item__overlay\"><\/div>\n\t\t\t\t\t\t\t\t\t\t\t\t\t\t<\/a>\n\t\t\t\t\t\t\t<a class=\"e-gallery-item elementor-gallery-item elementor-animated-content\" href=\"https:\/\/umecit.edu.pa\/wp-content\/uploads\/2026\/09\/WhatsApp-Image-2026-08-24-at-9.49.55-AM-4.jpeg\" data-elementor-open-lightbox=\"yes\" data-elementor-lightbox-slideshow=\"0808de5\" data-elementor-lightbox-title=\"WhatsApp Image 2026-08-24 at 9.49.55 AM (4)\" data-e-action-hash=\"#elementor-action%3Aaction%3Dlightbox%26settings%3DeyJpZCI6MTM2NjA0LCJ1cmwiOiJodHRwczpcL1wvdW1lY2l0LmVkdS5wYVwvd3AtY29udGVudFwvdXBsb2Fkc1wvMjAyNlwvMDlcL1doYXRzQXBwLUltYWdlLTIwMjYtMDgtMjQtYXQtOS40OS41NS1BTS00LmpwZWciLCJzbGlkZXNob3ciOiIwODA4ZGU1In0%3D\">\n\t\t\t\t\t<div class=\"e-gallery-image elementor-gallery-item__image\" data-thumbnail=\"https:\/\/umecit.edu.pa\/wp-content\/uploads\/2026\/09\/WhatsApp-Image-2026-08-24-at-9.49.55-AM-4-600x600.jpeg\" data-width=\"600\" data-height=\"600\" aria-label=\"\" role=\"img\" ><\/div>\n\t\t\t\t\t\t\t\t\t\t\t<div class=\"elementor-gallery-item__overlay\"><\/div>\n\t\t\t\t\t\t\t\t\t\t\t\t\t\t<\/a>\n\t\t\t\t\t\t\t<a class=\"e-gallery-item elementor-gallery-item elementor-animated-content\" href=\"https:\/\/umecit.edu.pa\/wp-content\/uploads\/2026\/09\/WhatsApp-Image-2026-08-24-at-9.49.55-AM-5.jpeg\" data-elementor-open-lightbox=\"yes\" data-elementor-lightbox-slideshow=\"0808de5\" data-elementor-lightbox-title=\"WhatsApp Image 2026-08-24 at 9.49.55 AM (5)\" data-e-action-hash=\"#elementor-action%3Aaction%3Dlightbox%26settings%3DeyJpZCI6MTM2NjA1LCJ1cmwiOiJodHRwczpcL1wvdW1lY2l0LmVkdS5wYVwvd3AtY29udGVudFwvdXBsb2Fkc1wvMjAyNlwvMDlcL1doYXRzQXBwLUltYWdlLTIwMjYtMDgtMjQtYXQtOS40OS41NS1BTS01LmpwZWciLCJzbGlkZXNob3ciOiIwODA4ZGU1In0%3D\">\n\t\t\t\t\t<div class=\"e-gallery-image elementor-gallery-item__image\" data-thumbnail=\"https:\/\/umecit.edu.pa\/wp-content\/uploads\/2026\/09\/WhatsApp-Image-2026-08-24-at-9.49.55-AM-5-600x600.jpeg\" data-width=\"600\" data-height=\"600\" aria-label=\"\" role=\"img\" ><\/div>\n\t\t\t\t\t\t\t\t\t\t\t<div class=\"elementor-gallery-item__overlay\"><\/div>\n\t\t\t\t\t\t\t\t\t\t\t\t\t\t<\/a>\n\t\t\t\t\t<\/div>\n\t\t\t\t\t<\/div>\n\t\t\t\t<\/div>\n\t\t\t\t\t<\/div>\n\t\t<\/div>\n\t\t\t\t\t<\/div>\n\t\t<\/section>\n\t\t\t\t<\/div>","protected":false},"excerpt":{"rendered":"<p>En el marco de la conmemoraci\u00f3n del D\u00eda Internacional de la Danza, la Universidad Metropolitana de Educaci\u00f3n, Ciencia y Tecnolog\u00eda (UMECIT) desarroll\u00f3 el Taller Piscodanza, una experiencia orientada al movimiento, la expresi\u00f3n y la exploraci\u00f3n corporal como herramientas de conexi\u00f3n y descubrimiento personal. La actividad estuvo a cargo de Imer Herrar, expositor de la Fundaci\u00f3n [&hellip;]<\/p>\n","protected":false},"author":831,"featured_media":136600,"comment_status":"closed","ping_status":"closed","sticky":false,"template":"","format":"standard","meta":{"footnotes":""},"categories":[73,107,109,174],"tags":[],"class_list":["post-136589","post","type-post","status-publish","format-standard","has-post-thumbnail","hentry","category-educacion","category-extension","category-noticias","category-universidad"],"yoast_head":"<!-- This site is optimized with the Yoast SEO plugin v28.2 - https:\/\/yoast.com\/product\/yoast-seo-wordpress\/ -->\n<title>Piscodanza: una experiencia de movimiento y expresi\u00f3n en conmemoraci\u00f3n del D\u00eda Internacional de la Danza<\/title>\n<meta name=\"description\" content=\"En el marco de la conmemoraci\u00f3n del D\u00eda Internacional de la Danza, la Universidad Metropolitana de Educaci\u00f3n, Ciencia y Tecnolog\u00eda (UMECIT) desarroll\u00f3 el Taller Piscodanza, una experiencia orientada al movimiento, la expresi\u00f3n y la exploraci\u00f3n corporal como herramientas de conexi\u00f3n y descubrimiento personal.\" \/>\n<meta name=\"robots\" content=\"index, follow, max-snippet:-1, max-image-preview:large, max-video-preview:-1\" \/>\n<link rel=\"canonical\" href=\"https:\/\/umecit.edu.pa\/en\/piscodanza-una-experiencia-de-movimiento-y-expresion-en-conmemoracion-del-dia-internacional-de-la-danza\/\" \/>\n<meta property=\"og:locale\" content=\"en_US\" \/>\n<meta property=\"og:type\" content=\"article\" \/>\n<meta property=\"og:title\" content=\"Piscodanza: una experiencia de movimiento y expresi\u00f3n en conmemoraci\u00f3n del D\u00eda Internacional de la Danza\" \/>\n<meta property=\"og:description\" content=\"En el marco de la conmemoraci\u00f3n del D\u00eda Internacional de la Danza, la Universidad Metropolitana de Educaci\u00f3n, Ciencia y Tecnolog\u00eda (UMECIT) desarroll\u00f3 el Taller Piscodanza, una experiencia orientada al movimiento, la expresi\u00f3n y la exploraci\u00f3n corporal como herramientas de conexi\u00f3n y descubrimiento personal.\" \/>\n<meta property=\"og:url\" content=\"https:\/\/umecit.edu.pa\/en\/piscodanza-una-experiencia-de-movimiento-y-expresion-en-conmemoracion-del-dia-internacional-de-la-danza\/\" \/>\n<meta property=\"og:site_name\" content=\"Umecit - Universidad en Panam\u00e1\" \/>\n<meta property=\"article:publisher\" content=\"https:\/\/www.facebook.com\/umecitpanama\/\" \/>\n<meta property=\"article:published_time\" content=\"2026-09-01T16:08:51+00:00\" \/>\n<meta property=\"article:modified_time\" content=\"2026-09-01T16:11:26+00:00\" \/>\n<meta property=\"og:image\" content=\"https:\/\/umecit.edu.pa\/wp-content\/uploads\/2026\/09\/WhatsApp-Image-2026-08-24-at-9.49.53-AM.jpeg\" \/>\n\t<meta property=\"og:image:width\" content=\"1280\" \/>\n\t<meta property=\"og:image:height\" content=\"960\" \/>\n\t<meta property=\"og:image:type\" content=\"image\/jpeg\" \/>\n<meta name=\"author\" content=\"Redes Sociales\" \/>\n<meta name=\"twitter:card\" content=\"summary_large_image\" \/>\n<meta name=\"twitter:creator\" content=\"@umecitpanama\" \/>\n<meta name=\"twitter:site\" content=\"@umecitpanama\" \/>\n<meta name=\"twitter:label1\" content=\"Written by\" \/>\n\t<meta name=\"twitter:data1\" content=\"Redes Sociales\" \/>\n\t<meta name=\"twitter:label2\" content=\"Est. reading time\" \/>\n\t<meta name=\"twitter:data2\" content=\"2 minutes\" \/>\n<script type=\"application\/ld+json\" class=\"yoast-schema-graph\">{\"@context\":\"https:\\\/\\\/schema.org\",\"@graph\":[{\"@type\":\"Article\",\"@id\":\"https:\\\/\\\/umecit.edu.pa\\\/piscodanza-una-experiencia-de-movimiento-y-expresion-en-conmemoracion-del-dia-internacional-de-la-danza\\\/#article\",\"isPartOf\":{\"@id\":\"https:\\\/\\\/umecit.edu.pa\\\/piscodanza-una-experiencia-de-movimiento-y-expresion-en-conmemoracion-del-dia-internacional-de-la-danza\\\/\"},\"author\":{\"name\":\"Redes Sociales\",\"@id\":\"https:\\\/\\\/umecit.edu.pa\\\/#\\\/schema\\\/person\\\/8f0dbcfe39a176af37579f60f14139d3\"},\"headline\":\"Piscodanza: una experiencia de movimiento y expresi\u00f3n en conmemoraci\u00f3n del D\u00eda Internacional de la Danza\",\"datePublished\":\"2026-09-01T16:08:51+00:00\",\"dateModified\":\"2026-09-01T16:11:26+00:00\",\"mainEntityOfPage\":{\"@id\":\"https:\\\/\\\/umecit.edu.pa\\\/piscodanza-una-experiencia-de-movimiento-y-expresion-en-conmemoracion-del-dia-internacional-de-la-danza\\\/\"},\"wordCount\":399,\"publisher\":{\"@id\":\"https:\\\/\\\/umecit.edu.pa\\\/#organization\"},\"image\":{\"@id\":\"https:\\\/\\\/umecit.edu.pa\\\/piscodanza-una-experiencia-de-movimiento-y-expresion-en-conmemoracion-del-dia-internacional-de-la-danza\\\/#primaryimage\"},\"thumbnailUrl\":\"https:\\\/\\\/umecit.edu.pa\\\/wp-content\\\/uploads\\\/2026\\\/09\\\/WhatsApp-Image-2026-08-24-at-9.49.53-AM.jpeg\",\"articleSection\":[\"Educaci\u00f3n\",\"Extensi\u00f3n\",\"Noticias\",\"Universidad\"],\"inLanguage\":\"en-US\"},{\"@type\":\"WebPage\",\"@id\":\"https:\\\/\\\/umecit.edu.pa\\\/piscodanza-una-experiencia-de-movimiento-y-expresion-en-conmemoracion-del-dia-internacional-de-la-danza\\\/\",\"url\":\"https:\\\/\\\/umecit.edu.pa\\\/piscodanza-una-experiencia-de-movimiento-y-expresion-en-conmemoracion-del-dia-internacional-de-la-danza\\\/\",\"name\":\"Piscodanza: una experiencia de movimiento y expresi\u00f3n en conmemoraci\u00f3n del D\u00eda Internacional de la Danza\",\"isPartOf\":{\"@id\":\"https:\\\/\\\/umecit.edu.pa\\\/#website\"},\"primaryImageOfPage\":{\"@id\":\"https:\\\/\\\/umecit.edu.pa\\\/piscodanza-una-experiencia-de-movimiento-y-expresion-en-conmemoracion-del-dia-internacional-de-la-danza\\\/#primaryimage\"},\"image\":{\"@id\":\"https:\\\/\\\/umecit.edu.pa\\\/piscodanza-una-experiencia-de-movimiento-y-expresion-en-conmemoracion-del-dia-internacional-de-la-danza\\\/#primaryimage\"},\"thumbnailUrl\":\"https:\\\/\\\/umecit.edu.pa\\\/wp-content\\\/uploads\\\/2026\\\/09\\\/WhatsApp-Image-2026-08-24-at-9.49.53-AM.jpeg\",\"datePublished\":\"2026-09-01T16:08:51+00:00\",\"dateModified\":\"2026-09-01T16:11:26+00:00\",\"description\":\"En el marco de la conmemoraci\u00f3n del D\u00eda Internacional de la Danza, la Universidad Metropolitana de Educaci\u00f3n, Ciencia y Tecnolog\u00eda (UMECIT) desarroll\u00f3 el Taller Piscodanza, una experiencia orientada al movimiento, la expresi\u00f3n y la exploraci\u00f3n corporal como herramientas de conexi\u00f3n y descubrimiento personal.\",\"breadcrumb\":{\"@id\":\"https:\\\/\\\/umecit.edu.pa\\\/piscodanza-una-experiencia-de-movimiento-y-expresion-en-conmemoracion-del-dia-internacional-de-la-danza\\\/#breadcrumb\"},\"inLanguage\":\"en-US\",\"potentialAction\":[{\"@type\":\"ReadAction\",\"target\":[\"https:\\\/\\\/umecit.edu.pa\\\/piscodanza-una-experiencia-de-movimiento-y-expresion-en-conmemoracion-del-dia-internacional-de-la-danza\\\/\"]}]},{\"@type\":\"ImageObject\",\"inLanguage\":\"en-US\",\"@id\":\"https:\\\/\\\/umecit.edu.pa\\\/piscodanza-una-experiencia-de-movimiento-y-expresion-en-conmemoracion-del-dia-internacional-de-la-danza\\\/#primaryimage\",\"url\":\"https:\\\/\\\/umecit.edu.pa\\\/wp-content\\\/uploads\\\/2026\\\/09\\\/WhatsApp-Image-2026-08-24-at-9.49.53-AM.jpeg\",\"contentUrl\":\"https:\\\/\\\/umecit.edu.pa\\\/wp-content\\\/uploads\\\/2026\\\/09\\\/WhatsApp-Image-2026-08-24-at-9.49.53-AM.jpeg\",\"width\":1280,\"height\":960},{\"@type\":\"BreadcrumbList\",\"@id\":\"https:\\\/\\\/umecit.edu.pa\\\/piscodanza-una-experiencia-de-movimiento-y-expresion-en-conmemoracion-del-dia-internacional-de-la-danza\\\/#breadcrumb\",\"itemListElement\":[{\"@type\":\"ListItem\",\"position\":1,\"name\":\"Portada\",\"item\":\"https:\\\/\\\/umecit.edu.pa\\\/en\\\/\"},{\"@type\":\"ListItem\",\"position\":2,\"name\":\"Piscodanza: una experiencia de movimiento y expresi\u00f3n en conmemoraci\u00f3n del D\u00eda Internacional de la Danza\"}]},{\"@type\":\"WebSite\",\"@id\":\"https:\\\/\\\/umecit.edu.pa\\\/#website\",\"url\":\"https:\\\/\\\/umecit.edu.pa\\\/\",\"name\":\"Umecit - Universidad en Panam\u00e1\",\"description\":\"Universidad Metropolitana de Educaci\u00f3n, Ciencia y Tecnolog\u00eda\",\"publisher\":{\"@id\":\"https:\\\/\\\/umecit.edu.pa\\\/#organization\"},\"potentialAction\":[{\"@type\":\"SearchAction\",\"target\":{\"@type\":\"EntryPoint\",\"urlTemplate\":\"https:\\\/\\\/umecit.edu.pa\\\/?s={search_term_string}\"},\"query-input\":{\"@type\":\"PropertyValueSpecification\",\"valueRequired\":true,\"valueName\":\"search_term_string\"}}],\"inLanguage\":\"en-US\"},{\"@type\":\"Organization\",\"@id\":\"https:\\\/\\\/umecit.edu.pa\\\/#organization\",\"name\":\"Umecit - Universidad en Panam\u00e1\",\"url\":\"https:\\\/\\\/umecit.edu.pa\\\/\",\"logo\":{\"@type\":\"ImageObject\",\"inLanguage\":\"en-US\",\"@id\":\"https:\\\/\\\/umecit.edu.pa\\\/#\\\/schema\\\/logo\\\/image\\\/\",\"url\":\"https:\\\/\\\/umecit.edu.pa\\\/wp-content\\\/uploads\\\/2022\\\/06\\\/panama-7.jpg\",\"contentUrl\":\"https:\\\/\\\/umecit.edu.pa\\\/wp-content\\\/uploads\\\/2022\\\/06\\\/panama-7.jpg\",\"width\":1200,\"height\":800,\"caption\":\"Umecit - Universidad en Panam\u00e1\"},\"image\":{\"@id\":\"https:\\\/\\\/umecit.edu.pa\\\/#\\\/schema\\\/logo\\\/image\\\/\"},\"sameAs\":[\"https:\\\/\\\/www.facebook.com\\\/umecitpanama\\\/\",\"https:\\\/\\\/x.com\\\/umecitpanama\",\"https:\\\/\\\/www.tiktok.com\\\/@umecit\",\"https:\\\/\\\/www.instagram.com\\\/umecit\\\/\",\"https:\\\/\\\/www.youtube.com\\\/channel\\\/UCP9iXFXi4p_EW_p9p6lprhg\"]},{\"@type\":\"Person\",\"@id\":\"https:\\\/\\\/umecit.edu.pa\\\/#\\\/schema\\\/person\\\/8f0dbcfe39a176af37579f60f14139d3\",\"name\":\"Redes Sociales\",\"image\":{\"@type\":\"ImageObject\",\"inLanguage\":\"en-US\",\"@id\":\"https:\\\/\\\/secure.gravatar.com\\\/avatar\\\/09b10f971238019e9a50f61eaf59122699509138db9f2d8187eeef80b5cd1266?s=96&d=mm&r=g\",\"url\":\"https:\\\/\\\/secure.gravatar.com\\\/avatar\\\/09b10f971238019e9a50f61eaf59122699509138db9f2d8187eeef80b5cd1266?s=96&d=mm&r=g\",\"contentUrl\":\"https:\\\/\\\/secure.gravatar.com\\\/avatar\\\/09b10f971238019e9a50f61eaf59122699509138db9f2d8187eeef80b5cd1266?s=96&d=mm&r=g\",\"caption\":\"Redes Sociales\"},\"url\":\"https:\\\/\\\/umecit.edu.pa\\\/en\\\/author\\\/redes-sociales\\\/\"}]}<\/script>\n<!-- \/ Yoast SEO plugin. -->","yoast_head_json":{"title":"Psychodance: an experience of movement and expression in commemoration of International Dance Day","description":"En el marco de la conmemoraci\u00f3n del D\u00eda Internacional de la Danza, la Universidad Metropolitana de Educaci\u00f3n, Ciencia y Tecnolog\u00eda (UMECIT) desarroll\u00f3 el Taller Piscodanza, una experiencia orientada al movimiento, la expresi\u00f3n y la exploraci\u00f3n corporal como herramientas de conexi\u00f3n y descubrimiento personal.","robots":{"index":"index","follow":"follow","max-snippet":"max-snippet:-1","max-image-preview":"max-image-preview:large","max-video-preview":"max-video-preview:-1"},"canonical":"https:\/\/umecit.edu.pa\/en\/piscodanza-una-experiencia-de-movimiento-y-expresion-en-conmemoracion-del-dia-internacional-de-la-danza\/","og_locale":"en_US","og_type":"article","og_title":"Piscodanza: una experiencia de movimiento y expresi\u00f3n en conmemoraci\u00f3n del D\u00eda Internacional de la Danza","og_description":"En el marco de la conmemoraci\u00f3n del D\u00eda Internacional de la Danza, la Universidad Metropolitana de Educaci\u00f3n, Ciencia y Tecnolog\u00eda (UMECIT) desarroll\u00f3 el Taller Piscodanza, una experiencia orientada al movimiento, la expresi\u00f3n y la exploraci\u00f3n corporal como herramientas de conexi\u00f3n y descubrimiento personal.","og_url":"https:\/\/umecit.edu.pa\/en\/piscodanza-una-experiencia-de-movimiento-y-expresion-en-conmemoracion-del-dia-internacional-de-la-danza\/","og_site_name":"Umecit - Universidad en Panam\u00e1","article_publisher":"https:\/\/www.facebook.com\/umecitpanama\/","article_published_time":"2026-09-01T16:08:51+00:00","article_modified_time":"2026-09-01T16:11:26+00:00","og_image":[{"width":1280,"height":960,"url":"https:\/\/umecit.edu.pa\/wp-content\/uploads\/2026\/09\/WhatsApp-Image-2026-08-24-at-9.49.53-AM.jpeg","type":"image\/jpeg"}],"author":"Redes Sociales","twitter_card":"summary_large_image","twitter_creator":"@umecitpanama","twitter_site":"@umecitpanama","twitter_misc":{"Written by":"Redes Sociales","Est. reading time":"2 minutes"},"schema":{"@context":"https:\/\/schema.org","@graph":[{"@type":"Article","@id":"https:\/\/umecit.edu.pa\/piscodanza-una-experiencia-de-movimiento-y-expresion-en-conmemoracion-del-dia-internacional-de-la-danza\/#article","isPartOf":{"@id":"https:\/\/umecit.edu.pa\/piscodanza-una-experiencia-de-movimiento-y-expresion-en-conmemoracion-del-dia-internacional-de-la-danza\/"},"author":{"name":"Redes Sociales","@id":"https:\/\/umecit.edu.pa\/#\/schema\/person\/8f0dbcfe39a176af37579f60f14139d3"},"headline":"Piscodanza: una experiencia de movimiento y expresi\u00f3n en conmemoraci\u00f3n del D\u00eda Internacional de la Danza","datePublished":"2026-09-01T16:08:51+00:00","dateModified":"2026-09-01T16:11:26+00:00","mainEntityOfPage":{"@id":"https:\/\/umecit.edu.pa\/piscodanza-una-experiencia-de-movimiento-y-expresion-en-conmemoracion-del-dia-internacional-de-la-danza\/"},"wordCount":399,"publisher":{"@id":"https:\/\/umecit.edu.pa\/#organization"},"image":{"@id":"https:\/\/umecit.edu.pa\/piscodanza-una-experiencia-de-movimiento-y-expresion-en-conmemoracion-del-dia-internacional-de-la-danza\/#primaryimage"},"thumbnailUrl":"https:\/\/umecit.edu.pa\/wp-content\/uploads\/2026\/09\/WhatsApp-Image-2026-08-24-at-9.49.53-AM.jpeg","articleSection":["Educaci\u00f3n","Extensi\u00f3n","Noticias","Universidad"],"inLanguage":"en-US"},{"@type":"WebPage","@id":"https:\/\/umecit.edu.pa\/piscodanza-una-experiencia-de-movimiento-y-expresion-en-conmemoracion-del-dia-internacional-de-la-danza\/","url":"https:\/\/umecit.edu.pa\/piscodanza-una-experiencia-de-movimiento-y-expresion-en-conmemoracion-del-dia-internacional-de-la-danza\/","name":"Psychodance: an experience of movement and expression in commemoration of International Dance Day","isPartOf":{"@id":"https:\/\/umecit.edu.pa\/#website"},"primaryImageOfPage":{"@id":"https:\/\/umecit.edu.pa\/piscodanza-una-experiencia-de-movimiento-y-expresion-en-conmemoracion-del-dia-internacional-de-la-danza\/#primaryimage"},"image":{"@id":"https:\/\/umecit.edu.pa\/piscodanza-una-experiencia-de-movimiento-y-expresion-en-conmemoracion-del-dia-internacional-de-la-danza\/#primaryimage"},"thumbnailUrl":"https:\/\/umecit.edu.pa\/wp-content\/uploads\/2026\/09\/WhatsApp-Image-2026-08-24-at-9.49.53-AM.jpeg","datePublished":"2026-09-01T16:08:51+00:00","dateModified":"2026-09-01T16:11:26+00:00","description":"En el marco de la conmemoraci\u00f3n del D\u00eda Internacional de la Danza, la Universidad Metropolitana de Educaci\u00f3n, Ciencia y Tecnolog\u00eda (UMECIT) desarroll\u00f3 el Taller Piscodanza, una experiencia orientada al movimiento, la expresi\u00f3n y la exploraci\u00f3n corporal como herramientas de conexi\u00f3n y descubrimiento personal.","breadcrumb":{"@id":"https:\/\/umecit.edu.pa\/piscodanza-una-experiencia-de-movimiento-y-expresion-en-conmemoracion-del-dia-internacional-de-la-danza\/#breadcrumb"},"inLanguage":"en-US","potentialAction":[{"@type":"ReadAction","target":["https:\/\/umecit.edu.pa\/piscodanza-una-experiencia-de-movimiento-y-expresion-en-conmemoracion-del-dia-internacional-de-la-danza\/"]}]},{"@type":"ImageObject","inLanguage":"en-US","@id":"https:\/\/umecit.edu.pa\/piscodanza-una-experiencia-de-movimiento-y-expresion-en-conmemoracion-del-dia-internacional-de-la-danza\/#primaryimage","url":"https:\/\/umecit.edu.pa\/wp-content\/uploads\/2026\/09\/WhatsApp-Image-2026-08-24-at-9.49.53-AM.jpeg","contentUrl":"https:\/\/umecit.edu.pa\/wp-content\/uploads\/2026\/09\/WhatsApp-Image-2026-08-24-at-9.49.53-AM.jpeg","width":1280,"height":960},{"@type":"BreadcrumbList","@id":"https:\/\/umecit.edu.pa\/piscodanza-una-experiencia-de-movimiento-y-expresion-en-conmemoracion-del-dia-internacional-de-la-danza\/#breadcrumb","itemListElement":[{"@type":"ListItem","position":1,"name":"Portada","item":"https:\/\/umecit.edu.pa\/en\/"},{"@type":"ListItem","position":2,"name":"Piscodanza: una experiencia de movimiento y expresi\u00f3n en conmemoraci\u00f3n del D\u00eda Internacional de la Danza"}]},{"@type":"WebSite","@id":"https:\/\/umecit.edu.pa\/#website","url":"https:\/\/umecit.edu.pa\/","name":"Umecit - University in Panama","description":"Metropolitan University of Education, Science and Technology","publisher":{"@id":"https:\/\/umecit.edu.pa\/#organization"},"potentialAction":[{"@type":"SearchAction","target":{"@type":"EntryPoint","urlTemplate":"https:\/\/umecit.edu.pa\/?s={search_term_string}"},"query-input":{"@type":"PropertyValueSpecification","valueRequired":true,"valueName":"search_term_string"}}],"inLanguage":"en-US"},{"@type":"Organization","@id":"https:\/\/umecit.edu.pa\/#organization","name":"Umecit - University in Panama","url":"https:\/\/umecit.edu.pa\/","logo":{"@type":"ImageObject","inLanguage":"en-US","@id":"https:\/\/umecit.edu.pa\/#\/schema\/logo\/image\/","url":"https:\/\/umecit.edu.pa\/wp-content\/uploads\/2022\/06\/panama-7.jpg","contentUrl":"https:\/\/umecit.edu.pa\/wp-content\/uploads\/2022\/06\/panama-7.jpg","width":1200,"height":800,"caption":"Umecit - Universidad en Panam\u00e1"},"image":{"@id":"https:\/\/umecit.edu.pa\/#\/schema\/logo\/image\/"},"sameAs":["https:\/\/www.facebook.com\/umecitpanama\/","https:\/\/x.com\/umecitpanama","https:\/\/www.tiktok.com\/@umecit","https:\/\/www.instagram.com\/umecit\/","https:\/\/www.youtube.com\/channel\/UCP9iXFXi4p_EW_p9p6lprhg"]},{"@type":"Person","@id":"https:\/\/umecit.edu.pa\/#\/schema\/person\/8f0dbcfe39a176af37579f60f14139d3","name":"Social networks","image":{"@type":"ImageObject","inLanguage":"en-US","@id":"https:\/\/secure.gravatar.com\/avatar\/09b10f971238019e9a50f61eaf59122699509138db9f2d8187eeef80b5cd1266?s=96&d=mm&r=g","url":"https:\/\/secure.gravatar.com\/avatar\/09b10f971238019e9a50f61eaf59122699509138db9f2d8187eeef80b5cd1266?s=96&d=mm&r=g","contentUrl":"https:\/\/secure.gravatar.com\/avatar\/09b10f971238019e9a50f61eaf59122699509138db9f2d8187eeef80b5cd1266?s=96&d=mm&r=g","caption":"Redes Sociales"},"url":"https:\/\/umecit.edu.pa\/en\/author\/redes-sociales\/"}]}},"_links":{"self":[{"href":"https:\/\/umecit.edu.pa\/en\/wp-json\/wp\/v2\/posts\/136589","targetHints":{"allow":["GET"]}}],"collection":[{"href":"https:\/\/umecit.edu.pa\/en\/wp-json\/wp\/v2\/posts"}],"about":[{"href":"https:\/\/umecit.edu.pa\/en\/wp-json\/wp\/v2\/types\/post"}],"author":[{"embeddable":true,"href":"https:\/\/umecit.edu.pa\/en\/wp-json\/wp\/v2\/users\/831"}],"replies":[{"embeddable":true,"href":"https:\/\/umecit.edu.pa\/en\/wp-json\/wp\/v2\/comments?post=136589"}],"version-history":[{"count":8,"href":"https:\/\/umecit.edu.pa\/en\/wp-json\/wp\/v2\/posts\/136589\/revisions"}],"predecessor-version":[{"id":136611,"href":"https:\/\/umecit.edu.pa\/en\/wp-json\/wp\/v2\/posts\/136589\/revisions\/136611"}],"wp:featuredmedia":[{"embeddable":true,"href":"https:\/\/umecit.edu.pa\/en\/wp-json\/wp\/v2\/media\/136600"}],"wp:attachment":[{"href":"https:\/\/umecit.edu.pa\/en\/wp-json\/wp\/v2\/media?parent=136589"}],"wp:term":[{"taxonomy":"category","embeddable":true,"href":"https:\/\/umecit.edu.pa\/en\/wp-json\/wp\/v2\/categories?post=136589"},{"taxonomy":"post_tag","embeddable":true,"href":"https:\/\/umecit.edu.pa\/en\/wp-json\/wp\/v2\/tags?post=136589"}],"curies":[{"name":"wp","href":"https:\/\/api.w.org\/{rel}","templated":true}]}}