{"id":136540,"date":"2026-08-31T15:29:57","date_gmt":"2026-08-31T20:29:57","guid":{"rendered":"https:\/\/umecit.edu.pa\/?p=136540"},"modified":"2026-08-31T15:31:48","modified_gmt":"2026-08-31T20:31:48","slug":"estudiantes-de-umecit-participaron-en-la-feria-internacional-del-libro","status":"publish","type":"post","link":"https:\/\/umecit.edu.pa\/en\/estudiantes-de-umecit-participaron-en-la-feria-internacional-del-libro\/","title":{"rendered":"UMECIT students participated in the International Book Fair"},"content":{"rendered":"<div data-elementor-type=\"wp-post\" data-elementor-id=\"136540\" class=\"elementor elementor-136540\" data-elementor-post-type=\"post\">\n\t\t\t\t\t\t<section class=\"elementor-section elementor-top-section elementor-element elementor-element-a396382 elementor-section-boxed elementor-section-height-default elementor-section-height-default row-top\" data-id=\"a396382\" data-element_type=\"section\" data-e-type=\"section\">\n\t\t\t\t\t\t<div class=\"elementor-container elementor-column-gap-default\">\n\t\t\t\t\t<div class=\"elementor-column elementor-col-100 elementor-top-column elementor-element elementor-element-3161a1c9 column-style-top\" data-id=\"3161a1c9\" data-element_type=\"column\" data-e-type=\"column\">\n\t\t\t<div class=\"elementor-widget-wrap elementor-element-populated\">\n\t\t\t\t\t\t<div class=\"elementor-element elementor-element-4fe7300a elementor-widget elementor-widget-text-editor\" data-id=\"4fe7300a\" data-element_type=\"widget\" data-e-type=\"widget\" data-widget_type=\"text-editor.default\">\n\t\t\t\t<div class=\"elementor-widget-container\">\n\t\t\t\t\t\t\t\t\t<p><span style=\"font-weight: 400;\">On August 27, 2026, students from different majors from the Panama and La Chorrera campuses of the Metropolitan University of Education, Science and Technology -UMECIT- participated in the International Book Fair, held at the ATLAPA Convention Center.<\/span><\/p><p><span style=\"font-weight: 400;\">The day was a significant experience for our students, who had the opportunity to approach diverse literary and cultural proposals, explore new content and share in a space dedicated to encountering books, culture and knowledge.<\/span><\/p><p><span style=\"font-weight: 400;\">During their visit, the students were able to discover new works, broaden their interests, and enjoy an environment that fosters reading and the exchange of ideas. This experience also created a space for encounter and discovery outside the classroom, enriching their university experience from a cultural perspective.<\/span><\/p><p><span style=\"font-weight: 400;\">Participation was part of the activities of the University Welfare Program, through the Folklore and Culture Axis and its Reading Club, initiatives that seek to complement academic training through experiences that promote personal development, participation and learning.<\/span><\/p><p><span style=\"font-weight: 400;\">For the University Welfare Program, bringing students closer to cultural and literary spaces contributes to strengthening a comprehensive education, while fostering curiosity, creativity and interest in new forms of knowledge.<\/span><\/p><p><span style=\"font-weight: 400;\">Through the Folklore and Culture Axis and its Reading Club, UMECIT continues to generate opportunities for its students to approach literature and diverse cultural expressions, thus strengthening a more enriching, participatory and comprehensive university experience.<\/span><\/p>\t\t\t\t\t\t\t\t<\/div>\n\t\t\t\t<\/div>\n\t\t\t\t\t<\/div>\n\t\t<\/div>\n\t\t\t\t\t<\/div>\n\t\t<\/section>\n\t\t\t\t<section class=\"elementor-section elementor-top-section elementor-element elementor-element-9d38e26 elementor-section-boxed elementor-section-height-default elementor-section-height-default row-top\" data-id=\"9d38e26\" data-element_type=\"section\" data-e-type=\"section\">\n\t\t\t\t\t\t<div class=\"elementor-container elementor-column-gap-default\">\n\t\t\t\t\t<div class=\"elementor-column elementor-col-100 elementor-top-column elementor-element elementor-element-f42e549 column-style-top\" data-id=\"f42e549\" data-element_type=\"column\" data-e-type=\"column\">\n\t\t\t<div class=\"elementor-widget-wrap elementor-element-populated\">\n\t\t\t\t\t\t\t<\/div>\n\t\t<\/div>\n\t\t\t\t\t<\/div>\n\t\t<\/section>\n\t\t\t\t<\/div>","protected":false},"excerpt":{"rendered":"<p>El pasado 27 de agosto de 2026, estudiantes de distintas carreras de las sedes de Panam\u00e1 y La Chorrera de la Universidad Metropolitana de Educaci\u00f3n, Ciencia y Tecnolog\u00eda -UMECIT- participaron en la Feria Internacional del Libro, desarrollada en el Centro de Convenciones ATLAPA. La jornada represent\u00f3 una experiencia significativa para nuestros estudiantes, quienes tuvieron la [&hellip;]<\/p>\n","protected":false},"author":831,"featured_media":136541,"comment_status":"closed","ping_status":"closed","sticky":false,"template":"","format":"standard","meta":{"footnotes":""},"categories":[73,107,109,174],"tags":[],"class_list":["post-136540","post","type-post","status-publish","format-standard","has-post-thumbnail","hentry","category-educacion","category-extension","category-noticias","category-universidad"],"yoast_head":"<!-- This site is optimized with the Yoast SEO plugin v28.2 - https:\/\/yoast.com\/product\/yoast-seo-wordpress\/ -->\n<title>Estudiantes de UMECIT participaron en la Feria Internacional del Libro<\/title>\n<meta name=\"description\" content=\"El pasado 27 de agosto de 2026, estudiantes de distintas carreras de las sedes de Panam\u00e1 y La Chorrera de la Universidad Metropolitana de Educaci\u00f3n, Ciencia y Tecnolog\u00eda -UMECIT- participaron en la Feria Internacional del Libro, desarrollada en el Centro de Convenciones ATLAPA.\" \/>\n<meta name=\"robots\" content=\"index, follow, max-snippet:-1, max-image-preview:large, max-video-preview:-1\" \/>\n<link rel=\"canonical\" href=\"https:\/\/umecit.edu.pa\/en\/estudiantes-de-umecit-participaron-en-la-feria-internacional-del-libro\/\" \/>\n<meta property=\"og:locale\" content=\"en_US\" \/>\n<meta property=\"og:type\" content=\"article\" \/>\n<meta property=\"og:title\" content=\"Estudiantes de UMECIT participaron en la Feria Internacional del Libro\" \/>\n<meta property=\"og:description\" content=\"El pasado 27 de agosto de 2026, estudiantes de distintas carreras de las sedes de Panam\u00e1 y La Chorrera de la Universidad Metropolitana de Educaci\u00f3n, Ciencia y Tecnolog\u00eda -UMECIT- participaron en la Feria Internacional del Libro, desarrollada en el Centro de Convenciones ATLAPA.\" \/>\n<meta property=\"og:url\" content=\"https:\/\/umecit.edu.pa\/en\/estudiantes-de-umecit-participaron-en-la-feria-internacional-del-libro\/\" \/>\n<meta property=\"og:site_name\" content=\"Umecit - Universidad en Panam\u00e1\" \/>\n<meta property=\"article:publisher\" content=\"https:\/\/www.facebook.com\/umecitpanama\/\" \/>\n<meta property=\"article:published_time\" content=\"2026-08-31T20:29:57+00:00\" \/>\n<meta property=\"article:modified_time\" content=\"2026-08-31T20:31:48+00:00\" \/>\n<meta property=\"og:image\" content=\"https:\/\/umecit.edu.pa\/wp-content\/uploads\/2026\/08\/IMG_2349-scaled.jpg\" \/>\n\t<meta property=\"og:image:width\" content=\"2560\" \/>\n\t<meta property=\"og:image:height\" content=\"1922\" \/>\n\t<meta property=\"og:image:type\" content=\"image\/jpeg\" \/>\n<meta name=\"author\" content=\"Redes Sociales\" \/>\n<meta name=\"twitter:card\" content=\"summary_large_image\" \/>\n<meta name=\"twitter:creator\" content=\"@umecitpanama\" \/>\n<meta name=\"twitter:site\" content=\"@umecitpanama\" \/>\n<meta name=\"twitter:label1\" content=\"Written by\" \/>\n\t<meta name=\"twitter:data1\" content=\"Redes Sociales\" \/>\n\t<meta name=\"twitter:label2\" content=\"Est. reading time\" \/>\n\t<meta name=\"twitter:data2\" content=\"2 minutes\" \/>\n<script type=\"application\/ld+json\" class=\"yoast-schema-graph\">{\"@context\":\"https:\\\/\\\/schema.org\",\"@graph\":[{\"@type\":\"Article\",\"@id\":\"https:\\\/\\\/umecit.edu.pa\\\/estudiantes-de-umecit-participaron-en-la-feria-internacional-del-libro\\\/#article\",\"isPartOf\":{\"@id\":\"https:\\\/\\\/umecit.edu.pa\\\/estudiantes-de-umecit-participaron-en-la-feria-internacional-del-libro\\\/\"},\"author\":{\"name\":\"Redes Sociales\",\"@id\":\"https:\\\/\\\/44.206.156.148\\\/en\\\/#\\\/schema\\\/person\\\/8f0dbcfe39a176af37579f60f14139d3\"},\"headline\":\"Estudiantes de UMECIT participaron en la Feria Internacional del Libro\",\"datePublished\":\"2026-08-31T20:29:57+00:00\",\"dateModified\":\"2026-08-31T20:31:48+00:00\",\"mainEntityOfPage\":{\"@id\":\"https:\\\/\\\/umecit.edu.pa\\\/estudiantes-de-umecit-participaron-en-la-feria-internacional-del-libro\\\/\"},\"wordCount\":276,\"publisher\":{\"@id\":\"https:\\\/\\\/44.206.156.148\\\/en\\\/#organization\"},\"image\":{\"@id\":\"https:\\\/\\\/umecit.edu.pa\\\/estudiantes-de-umecit-participaron-en-la-feria-internacional-del-libro\\\/#primaryimage\"},\"thumbnailUrl\":\"https:\\\/\\\/umecit.edu.pa\\\/wp-content\\\/uploads\\\/2026\\\/08\\\/IMG_2349-scaled.jpg\",\"articleSection\":[\"Educaci\u00f3n\",\"Extensi\u00f3n\",\"Noticias\",\"Universidad\"],\"inLanguage\":\"en-US\"},{\"@type\":\"WebPage\",\"@id\":\"https:\\\/\\\/umecit.edu.pa\\\/estudiantes-de-umecit-participaron-en-la-feria-internacional-del-libro\\\/\",\"url\":\"https:\\\/\\\/umecit.edu.pa\\\/estudiantes-de-umecit-participaron-en-la-feria-internacional-del-libro\\\/\",\"name\":\"Estudiantes de UMECIT participaron en la Feria Internacional del Libro\",\"isPartOf\":{\"@id\":\"https:\\\/\\\/44.206.156.148\\\/en\\\/#website\"},\"primaryImageOfPage\":{\"@id\":\"https:\\\/\\\/umecit.edu.pa\\\/estudiantes-de-umecit-participaron-en-la-feria-internacional-del-libro\\\/#primaryimage\"},\"image\":{\"@id\":\"https:\\\/\\\/umecit.edu.pa\\\/estudiantes-de-umecit-participaron-en-la-feria-internacional-del-libro\\\/#primaryimage\"},\"thumbnailUrl\":\"https:\\\/\\\/umecit.edu.pa\\\/wp-content\\\/uploads\\\/2026\\\/08\\\/IMG_2349-scaled.jpg\",\"datePublished\":\"2026-08-31T20:29:57+00:00\",\"dateModified\":\"2026-08-31T20:31:48+00:00\",\"description\":\"El pasado 27 de agosto de 2026, estudiantes de distintas carreras de las sedes de Panam\u00e1 y La Chorrera de la Universidad Metropolitana de Educaci\u00f3n, Ciencia y Tecnolog\u00eda -UMECIT- participaron en la Feria Internacional del Libro, desarrollada en el Centro de Convenciones ATLAPA.\",\"breadcrumb\":{\"@id\":\"https:\\\/\\\/umecit.edu.pa\\\/estudiantes-de-umecit-participaron-en-la-feria-internacional-del-libro\\\/#breadcrumb\"},\"inLanguage\":\"en-US\",\"potentialAction\":[{\"@type\":\"ReadAction\",\"target\":[\"https:\\\/\\\/umecit.edu.pa\\\/estudiantes-de-umecit-participaron-en-la-feria-internacional-del-libro\\\/\"]}]},{\"@type\":\"ImageObject\",\"inLanguage\":\"en-US\",\"@id\":\"https:\\\/\\\/umecit.edu.pa\\\/estudiantes-de-umecit-participaron-en-la-feria-internacional-del-libro\\\/#primaryimage\",\"url\":\"https:\\\/\\\/umecit.edu.pa\\\/wp-content\\\/uploads\\\/2026\\\/08\\\/IMG_2349-scaled.jpg\",\"contentUrl\":\"https:\\\/\\\/umecit.edu.pa\\\/wp-content\\\/uploads\\\/2026\\\/08\\\/IMG_2349-scaled.jpg\",\"width\":2560,\"height\":1922},{\"@type\":\"BreadcrumbList\",\"@id\":\"https:\\\/\\\/umecit.edu.pa\\\/estudiantes-de-umecit-participaron-en-la-feria-internacional-del-libro\\\/#breadcrumb\",\"itemListElement\":[{\"@type\":\"ListItem\",\"position\":1,\"name\":\"Portada\",\"item\":\"https:\\\/\\\/44.206.156.148\\\/en\\\/\"},{\"@type\":\"ListItem\",\"position\":2,\"name\":\"Estudiantes de UMECIT participaron en la Feria Internacional del Libro\"}]},{\"@type\":\"WebSite\",\"@id\":\"https:\\\/\\\/44.206.156.148\\\/en\\\/#website\",\"url\":\"https:\\\/\\\/44.206.156.148\\\/en\\\/\",\"name\":\"Umecit - Universidad en Panam\u00e1\",\"description\":\"Universidad Metropolitana de Educaci\u00f3n, Ciencia y Tecnolog\u00eda\",\"publisher\":{\"@id\":\"https:\\\/\\\/44.206.156.148\\\/en\\\/#organization\"},\"potentialAction\":[{\"@type\":\"SearchAction\",\"target\":{\"@type\":\"EntryPoint\",\"urlTemplate\":\"https:\\\/\\\/44.206.156.148\\\/en\\\/?s={search_term_string}\"},\"query-input\":{\"@type\":\"PropertyValueSpecification\",\"valueRequired\":true,\"valueName\":\"search_term_string\"}}],\"inLanguage\":\"en-US\"},{\"@type\":\"Organization\",\"@id\":\"https:\\\/\\\/44.206.156.148\\\/en\\\/#organization\",\"name\":\"Umecit - Universidad en Panam\u00e1\",\"url\":\"https:\\\/\\\/44.206.156.148\\\/en\\\/\",\"logo\":{\"@type\":\"ImageObject\",\"inLanguage\":\"en-US\",\"@id\":\"https:\\\/\\\/44.206.156.148\\\/en\\\/#\\\/schema\\\/logo\\\/image\\\/\",\"url\":\"https:\\\/\\\/umecit.edu.pa\\\/wp-content\\\/uploads\\\/2022\\\/06\\\/panama-7.jpg\",\"contentUrl\":\"https:\\\/\\\/umecit.edu.pa\\\/wp-content\\\/uploads\\\/2022\\\/06\\\/panama-7.jpg\",\"width\":1200,\"height\":800,\"caption\":\"Umecit - Universidad en Panam\u00e1\"},\"image\":{\"@id\":\"https:\\\/\\\/44.206.156.148\\\/en\\\/#\\\/schema\\\/logo\\\/image\\\/\"},\"sameAs\":[\"https:\\\/\\\/www.facebook.com\\\/umecitpanama\\\/\",\"https:\\\/\\\/x.com\\\/umecitpanama\",\"https:\\\/\\\/www.tiktok.com\\\/@umecit\",\"https:\\\/\\\/www.instagram.com\\\/umecit\\\/\",\"https:\\\/\\\/www.youtube.com\\\/channel\\\/UCP9iXFXi4p_EW_p9p6lprhg\"]},{\"@type\":\"Person\",\"@id\":\"https:\\\/\\\/44.206.156.148\\\/en\\\/#\\\/schema\\\/person\\\/8f0dbcfe39a176af37579f60f14139d3\",\"name\":\"Redes Sociales\",\"image\":{\"@type\":\"ImageObject\",\"inLanguage\":\"en-US\",\"@id\":\"https:\\\/\\\/secure.gravatar.com\\\/avatar\\\/09b10f971238019e9a50f61eaf59122699509138db9f2d8187eeef80b5cd1266?s=96&d=mm&r=g\",\"url\":\"https:\\\/\\\/secure.gravatar.com\\\/avatar\\\/09b10f971238019e9a50f61eaf59122699509138db9f2d8187eeef80b5cd1266?s=96&d=mm&r=g\",\"contentUrl\":\"https:\\\/\\\/secure.gravatar.com\\\/avatar\\\/09b10f971238019e9a50f61eaf59122699509138db9f2d8187eeef80b5cd1266?s=96&d=mm&r=g\",\"caption\":\"Redes Sociales\"},\"url\":\"https:\\\/\\\/umecit.edu.pa\\\/en\\\/author\\\/redes-sociales\\\/\"}]}<\/script>\n<!-- \/ Yoast SEO plugin. -->","yoast_head_json":{"title":"UMECIT students participated in the International Book Fair","description":"On August 27, 2026, students from different majors from the Panama and La Chorrera campuses of the Metropolitan University of Education, Science and Technology -UMECIT- participated in the International Book Fair, held at the ATLAPA Convention Center.","robots":{"index":"index","follow":"follow","max-snippet":"max-snippet:-1","max-image-preview":"max-image-preview:large","max-video-preview":"max-video-preview:-1"},"canonical":"https:\/\/umecit.edu.pa\/en\/estudiantes-de-umecit-participaron-en-la-feria-internacional-del-libro\/","og_locale":"en_US","og_type":"article","og_title":"Estudiantes de UMECIT participaron en la Feria Internacional del Libro","og_description":"El pasado 27 de agosto de 2026, estudiantes de distintas carreras de las sedes de Panam\u00e1 y La Chorrera de la Universidad Metropolitana de Educaci\u00f3n, Ciencia y Tecnolog\u00eda -UMECIT- participaron en la Feria Internacional del Libro, desarrollada en el Centro de Convenciones ATLAPA.","og_url":"https:\/\/umecit.edu.pa\/en\/estudiantes-de-umecit-participaron-en-la-feria-internacional-del-libro\/","og_site_name":"Umecit - Universidad en Panam\u00e1","article_publisher":"https:\/\/www.facebook.com\/umecitpanama\/","article_published_time":"2026-08-31T20:29:57+00:00","article_modified_time":"2026-08-31T20:31:48+00:00","og_image":[{"width":2560,"height":1922,"url":"https:\/\/umecit.edu.pa\/wp-content\/uploads\/2026\/08\/IMG_2349-scaled.jpg","type":"image\/jpeg"}],"author":"Redes Sociales","twitter_card":"summary_large_image","twitter_creator":"@umecitpanama","twitter_site":"@umecitpanama","twitter_misc":{"Written by":"Redes Sociales","Est. reading time":"2 minutes"},"schema":{"@context":"https:\/\/schema.org","@graph":[{"@type":"Article","@id":"https:\/\/umecit.edu.pa\/estudiantes-de-umecit-participaron-en-la-feria-internacional-del-libro\/#article","isPartOf":{"@id":"https:\/\/umecit.edu.pa\/estudiantes-de-umecit-participaron-en-la-feria-internacional-del-libro\/"},"author":{"name":"Redes Sociales","@id":"https:\/\/44.206.156.148\/en\/#\/schema\/person\/8f0dbcfe39a176af37579f60f14139d3"},"headline":"Estudiantes de UMECIT participaron en la Feria Internacional del Libro","datePublished":"2026-08-31T20:29:57+00:00","dateModified":"2026-08-31T20:31:48+00:00","mainEntityOfPage":{"@id":"https:\/\/umecit.edu.pa\/estudiantes-de-umecit-participaron-en-la-feria-internacional-del-libro\/"},"wordCount":276,"publisher":{"@id":"https:\/\/44.206.156.148\/en\/#organization"},"image":{"@id":"https:\/\/umecit.edu.pa\/estudiantes-de-umecit-participaron-en-la-feria-internacional-del-libro\/#primaryimage"},"thumbnailUrl":"https:\/\/umecit.edu.pa\/wp-content\/uploads\/2026\/08\/IMG_2349-scaled.jpg","articleSection":["Educaci\u00f3n","Extensi\u00f3n","Noticias","Universidad"],"inLanguage":"en-US"},{"@type":"WebPage","@id":"https:\/\/umecit.edu.pa\/estudiantes-de-umecit-participaron-en-la-feria-internacional-del-libro\/","url":"https:\/\/umecit.edu.pa\/estudiantes-de-umecit-participaron-en-la-feria-internacional-del-libro\/","name":"UMECIT students participated in the International Book Fair","isPartOf":{"@id":"https:\/\/44.206.156.148\/en\/#website"},"primaryImageOfPage":{"@id":"https:\/\/umecit.edu.pa\/estudiantes-de-umecit-participaron-en-la-feria-internacional-del-libro\/#primaryimage"},"image":{"@id":"https:\/\/umecit.edu.pa\/estudiantes-de-umecit-participaron-en-la-feria-internacional-del-libro\/#primaryimage"},"thumbnailUrl":"https:\/\/umecit.edu.pa\/wp-content\/uploads\/2026\/08\/IMG_2349-scaled.jpg","datePublished":"2026-08-31T20:29:57+00:00","dateModified":"2026-08-31T20:31:48+00:00","description":"On August 27, 2026, students from different majors from the Panama and La Chorrera campuses of the Metropolitan University of Education, Science and Technology -UMECIT- participated in the International Book Fair, held at the ATLAPA Convention Center.","breadcrumb":{"@id":"https:\/\/umecit.edu.pa\/estudiantes-de-umecit-participaron-en-la-feria-internacional-del-libro\/#breadcrumb"},"inLanguage":"en-US","potentialAction":[{"@type":"ReadAction","target":["https:\/\/umecit.edu.pa\/estudiantes-de-umecit-participaron-en-la-feria-internacional-del-libro\/"]}]},{"@type":"ImageObject","inLanguage":"en-US","@id":"https:\/\/umecit.edu.pa\/estudiantes-de-umecit-participaron-en-la-feria-internacional-del-libro\/#primaryimage","url":"https:\/\/umecit.edu.pa\/wp-content\/uploads\/2026\/08\/IMG_2349-scaled.jpg","contentUrl":"https:\/\/umecit.edu.pa\/wp-content\/uploads\/2026\/08\/IMG_2349-scaled.jpg","width":2560,"height":1922},{"@type":"BreadcrumbList","@id":"https:\/\/umecit.edu.pa\/estudiantes-de-umecit-participaron-en-la-feria-internacional-del-libro\/#breadcrumb","itemListElement":[{"@type":"ListItem","position":1,"name":"Portada","item":"https:\/\/44.206.156.148\/en\/"},{"@type":"ListItem","position":2,"name":"Estudiantes de UMECIT participaron en la Feria Internacional del Libro"}]},{"@type":"WebSite","@id":"https:\/\/44.206.156.148\/en\/#website","url":"https:\/\/44.206.156.148\/en\/","name":"Umecit - University in Panama","description":"Metropolitan University of Education, Science and Technology","publisher":{"@id":"https:\/\/44.206.156.148\/en\/#organization"},"potentialAction":[{"@type":"SearchAction","target":{"@type":"EntryPoint","urlTemplate":"https:\/\/44.206.156.148\/en\/?s={search_term_string}"},"query-input":{"@type":"PropertyValueSpecification","valueRequired":true,"valueName":"search_term_string"}}],"inLanguage":"en-US"},{"@type":"Organization","@id":"https:\/\/44.206.156.148\/en\/#organization","name":"Umecit - University in Panama","url":"https:\/\/44.206.156.148\/en\/","logo":{"@type":"ImageObject","inLanguage":"en-US","@id":"https:\/\/44.206.156.148\/en\/#\/schema\/logo\/image\/","url":"https:\/\/umecit.edu.pa\/wp-content\/uploads\/2022\/06\/panama-7.jpg","contentUrl":"https:\/\/umecit.edu.pa\/wp-content\/uploads\/2022\/06\/panama-7.jpg","width":1200,"height":800,"caption":"Umecit - Universidad en Panam\u00e1"},"image":{"@id":"https:\/\/44.206.156.148\/en\/#\/schema\/logo\/image\/"},"sameAs":["https:\/\/www.facebook.com\/umecitpanama\/","https:\/\/x.com\/umecitpanama","https:\/\/www.tiktok.com\/@umecit","https:\/\/www.instagram.com\/umecit\/","https:\/\/www.youtube.com\/channel\/UCP9iXFXi4p_EW_p9p6lprhg"]},{"@type":"Person","@id":"https:\/\/44.206.156.148\/en\/#\/schema\/person\/8f0dbcfe39a176af37579f60f14139d3","name":"Social networks","image":{"@type":"ImageObject","inLanguage":"en-US","@id":"https:\/\/secure.gravatar.com\/avatar\/09b10f971238019e9a50f61eaf59122699509138db9f2d8187eeef80b5cd1266?s=96&d=mm&r=g","url":"https:\/\/secure.gravatar.com\/avatar\/09b10f971238019e9a50f61eaf59122699509138db9f2d8187eeef80b5cd1266?s=96&d=mm&r=g","contentUrl":"https:\/\/secure.gravatar.com\/avatar\/09b10f971238019e9a50f61eaf59122699509138db9f2d8187eeef80b5cd1266?s=96&d=mm&r=g","caption":"Redes Sociales"},"url":"https:\/\/umecit.edu.pa\/en\/author\/redes-sociales\/"}]}},"_links":{"self":[{"href":"https:\/\/umecit.edu.pa\/en\/wp-json\/wp\/v2\/posts\/136540","targetHints":{"allow":["GET"]}}],"collection":[{"href":"https:\/\/umecit.edu.pa\/en\/wp-json\/wp\/v2\/posts"}],"about":[{"href":"https:\/\/umecit.edu.pa\/en\/wp-json\/wp\/v2\/types\/post"}],"author":[{"embeddable":true,"href":"https:\/\/umecit.edu.pa\/en\/wp-json\/wp\/v2\/users\/831"}],"replies":[{"embeddable":true,"href":"https:\/\/umecit.edu.pa\/en\/wp-json\/wp\/v2\/comments?post=136540"}],"version-history":[{"count":7,"href":"https:\/\/umecit.edu.pa\/en\/wp-json\/wp\/v2\/posts\/136540\/revisions"}],"predecessor-version":[{"id":136548,"href":"https:\/\/umecit.edu.pa\/en\/wp-json\/wp\/v2\/posts\/136540\/revisions\/136548"}],"wp:featuredmedia":[{"embeddable":true,"href":"https:\/\/umecit.edu.pa\/en\/wp-json\/wp\/v2\/media\/136541"}],"wp:attachment":[{"href":"https:\/\/umecit.edu.pa\/en\/wp-json\/wp\/v2\/media?parent=136540"}],"wp:term":[{"taxonomy":"category","embeddable":true,"href":"https:\/\/umecit.edu.pa\/en\/wp-json\/wp\/v2\/categories?post=136540"},{"taxonomy":"post_tag","embeddable":true,"href":"https:\/\/umecit.edu.pa\/en\/wp-json\/wp\/v2\/tags?post=136540"}],"curies":[{"name":"wp","href":"https:\/\/api.w.org\/{rel}","templated":true}]}}