{"id":136505,"date":"2026-08-31T15:02:12","date_gmt":"2026-08-31T20:02:12","guid":{"rendered":"https:\/\/umecit.edu.pa\/?p=136505"},"modified":"2026-08-31T15:26:44","modified_gmt":"2026-08-31T20:26:44","slug":"recibimos-con-carino-a-alison-martinez-su-ahijada-de-relevo-por-la-vida","status":"publish","type":"post","link":"https:\/\/umecit.edu.pa\/en\/recibimos-con-carino-a-alison-martinez-su-ahijada-de-relevo-por-la-vida\/","title":{"rendered":"We warmly welcome Alison Martinez, her goddaughter from Relay For Life."},"content":{"rendered":"<div data-elementor-type=\"wp-post\" data-elementor-id=\"136505\" class=\"elementor elementor-136505\" data-elementor-post-type=\"post\">\n\t\t\t\t\t\t<section class=\"elementor-section elementor-top-section elementor-element elementor-element-a396382 elementor-section-boxed elementor-section-height-default elementor-section-height-default row-top\" data-id=\"a396382\" data-element_type=\"section\" data-e-type=\"section\">\n\t\t\t\t\t\t<div class=\"elementor-container elementor-column-gap-default\">\n\t\t\t\t\t<div class=\"elementor-column elementor-col-100 elementor-top-column elementor-element elementor-element-3161a1c9 column-style-top\" data-id=\"3161a1c9\" data-element_type=\"column\" data-e-type=\"column\">\n\t\t\t<div class=\"elementor-widget-wrap elementor-element-populated\">\n\t\t\t\t\t\t<div class=\"elementor-element elementor-element-4fe7300a elementor-widget elementor-widget-text-editor\" data-id=\"4fe7300a\" data-element_type=\"widget\" data-e-type=\"widget\" data-widget_type=\"text-editor.default\">\n\t\t\t\t<div class=\"elementor-widget-container\">\n\t\t\t\t\t\t\t\t\t<p><span style=\"font-weight: 400;\">Recently, the Metropolitan University of Education, Science and Technology -UMECIT- had the privilege of receiving Alison Mart\u00ednez, our goddaughter of this year within the framework of Relay for Life, an initiative of the Friends of Children with Leukemia and Cancer Foundation (FANLYC).<\/span><\/p><p><span style=\"font-weight: 400;\">Alison arrived at our University accompanied by her mother and brother, and was received with enthusiasm, affection and sensitivity by students, teachers and administrative staff, who shared with her a day full of smiles, hugs and special moments that will remain in the heart of our university community.<\/span><\/p><p><span style=\"font-weight: 400;\">Relay for Life is an initiative that seeks to raise awareness and unite society in support of children with cancer and their families, promoting solidarity and helping them to continue their treatments and face this process with greater opportunities and support.<\/span><\/p><p><span style=\"font-weight: 400;\">For UMECIT, being part of this initiative represents much more than participating in an activity: it means accompanying, listening and walking alongside Alison and her family, reminding them that they are not alone.<\/span><\/p><p><span style=\"font-weight: 400;\">Their visit allowed us to reaffirm a lesson that transcends the classroom: behind every diagnosis there is a story, a family, dreams and a girl who deserves to keep smiling, playing, learning and building hope.<\/span><\/p><p><span style=\"font-weight: 400;\">Alison&#039;s presence at our University reminded us that solidarity transforms into hope when we choose to stand by others. Every kind gesture, every shared smile, and every act of support has the power to make a difference.<\/span><\/p><p><span style=\"font-weight: 400;\">As part of this commitment, we invite our entire university community to join the FANLYC cause through donations. UMECIT already has a designated donation fee. When making a payment at the cashier, students should indicate that the payment reference is \u201cFANLYC Relay Race for Life.\u201d Those who wish to contribute can also make donations through Yappy UMECIT, available in the Yappy directory. Every donation represents an opportunity to support the children and families facing this reality.<\/span><\/p><p><span style=\"font-weight: 400;\">As a university community, we embrace Alison and her family and reaffirm our commitment to building a more humane, empathetic, and supportive society.<\/span><\/p><p><span style=\"font-weight: 400;\">Alison, thank you for visiting us and allowing us to share a little piece of your story with you. At UMECIT, you have a community that supports you, embraces you, and believes in you throughout your life.<\/span><\/p><p><span style=\"font-weight: 400;\">UMECIT | Education that transforms lives.<\/span><span style=\"font-weight: 400;\"><br \/><\/span><span style=\"font-weight: 400;\">Relay for Life | FANLYC<\/span><\/p>\t\t\t\t\t\t\t\t<\/div>\n\t\t\t\t<\/div>\n\t\t\t\t\t<\/div>\n\t\t<\/div>\n\t\t\t\t\t<\/div>\n\t\t<\/section>\n\t\t\t\t<section class=\"elementor-section elementor-top-section elementor-element elementor-element-9d38e26 elementor-section-boxed elementor-section-height-default elementor-section-height-default row-top\" data-id=\"9d38e26\" data-element_type=\"section\" data-e-type=\"section\">\n\t\t\t\t\t\t<div class=\"elementor-container elementor-column-gap-default\">\n\t\t\t\t\t<div class=\"elementor-column elementor-col-100 elementor-top-column elementor-element elementor-element-f42e549 column-style-top\" data-id=\"f42e549\" data-element_type=\"column\" data-e-type=\"column\">\n\t\t\t<div class=\"elementor-widget-wrap elementor-element-populated\">\n\t\t\t\t\t\t<div class=\"elementor-element elementor-element-0808de5 elementor-widget__width-initial elementor-widget elementor-widget-gallery\" data-id=\"0808de5\" data-element_type=\"widget\" data-e-type=\"widget\" data-settings=\"{&quot;lazyload&quot;:&quot;yes&quot;,&quot;gallery_layout&quot;:&quot;grid&quot;,&quot;columns&quot;:4,&quot;columns_tablet&quot;:2,&quot;columns_mobile&quot;:1,&quot;gap&quot;:{&quot;unit&quot;:&quot;px&quot;,&quot;size&quot;:10,&quot;sizes&quot;:[]},&quot;gap_tablet&quot;:{&quot;unit&quot;:&quot;px&quot;,&quot;size&quot;:10,&quot;sizes&quot;:[]},&quot;gap_mobile&quot;:{&quot;unit&quot;:&quot;px&quot;,&quot;size&quot;:10,&quot;sizes&quot;:[]},&quot;link_to&quot;:&quot;file&quot;,&quot;aspect_ratio&quot;:&quot;3:2&quot;,&quot;overlay_background&quot;:&quot;yes&quot;,&quot;content_hover_animation&quot;:&quot;fade-in&quot;}\" data-widget_type=\"gallery.default\">\n\t\t\t\t<div class=\"elementor-widget-container\">\n\t\t\t\t\t\t\t<div class=\"elementor-gallery__container\">\n\t\t\t\t\t\t\t<a class=\"e-gallery-item elementor-gallery-item elementor-animated-content\" href=\"https:\/\/umecit.edu.pa\/wp-content\/uploads\/2026\/08\/WhatsApp-Image-2026-08-29-at-8.21.06-AM-4.jpeg\" data-elementor-open-lightbox=\"yes\" data-elementor-lightbox-slideshow=\"0808de5\" data-elementor-lightbox-title=\"WhatsApp Image 2026-08-29 at 8.21.06 AM\" data-e-action-hash=\"#elementor-action%3Aaction%3Dlightbox%26settings%3DeyJpZCI6MTM2NTIwLCJ1cmwiOiJodHRwczpcL1wvdW1lY2l0LmVkdS5wYVwvd3AtY29udGVudFwvdXBsb2Fkc1wvMjAyNlwvMDhcL1doYXRzQXBwLUltYWdlLTIwMjYtMDgtMjktYXQtOC4yMS4wNi1BTS00LmpwZWciLCJzbGlkZXNob3ciOiIwODA4ZGU1In0%3D\">\n\t\t\t\t\t<div class=\"e-gallery-image elementor-gallery-item__image\" data-thumbnail=\"https:\/\/umecit.edu.pa\/wp-content\/uploads\/2026\/08\/WhatsApp-Image-2026-08-29-at-8.21.06-AM-4-600x600.jpeg\" data-width=\"600\" data-height=\"600\" aria-label=\"\" role=\"img\" ><\/div>\n\t\t\t\t\t\t\t\t\t\t\t<div class=\"elementor-gallery-item__overlay\"><\/div>\n\t\t\t\t\t\t\t\t\t\t\t\t\t\t<\/a>\n\t\t\t\t\t\t\t<a class=\"e-gallery-item elementor-gallery-item elementor-animated-content\" href=\"https:\/\/umecit.edu.pa\/wp-content\/uploads\/2026\/08\/WhatsApp-Image-2026-08-29-at-8.21.06-AM-1-1.jpeg\" data-elementor-open-lightbox=\"yes\" data-elementor-lightbox-slideshow=\"0808de5\" data-elementor-lightbox-title=\"WhatsApp Image 2026-08-29 at 8.21.06 AM (1)\" data-e-action-hash=\"#elementor-action%3Aaction%3Dlightbox%26settings%3DeyJpZCI6MTM2NTIxLCJ1cmwiOiJodHRwczpcL1wvdW1lY2l0LmVkdS5wYVwvd3AtY29udGVudFwvdXBsb2Fkc1wvMjAyNlwvMDhcL1doYXRzQXBwLUltYWdlLTIwMjYtMDgtMjktYXQtOC4yMS4wNi1BTS0xLTEuanBlZyIsInNsaWRlc2hvdyI6IjA4MDhkZTUifQ%3D%3D\">\n\t\t\t\t\t<div class=\"e-gallery-image elementor-gallery-item__image\" data-thumbnail=\"https:\/\/umecit.edu.pa\/wp-content\/uploads\/2026\/08\/WhatsApp-Image-2026-08-29-at-8.21.06-AM-1-1-600x600.jpeg\" data-width=\"600\" data-height=\"600\" aria-label=\"\" role=\"img\" ><\/div>\n\t\t\t\t\t\t\t\t\t\t\t<div class=\"elementor-gallery-item__overlay\"><\/div>\n\t\t\t\t\t\t\t\t\t\t\t\t\t\t<\/a>\n\t\t\t\t\t\t\t<a class=\"e-gallery-item elementor-gallery-item elementor-animated-content\" href=\"https:\/\/umecit.edu.pa\/wp-content\/uploads\/2026\/08\/WhatsApp-Image-2026-08-29-at-8.21.07-AM-3-1.jpeg\" data-elementor-open-lightbox=\"yes\" data-elementor-lightbox-slideshow=\"0808de5\" data-elementor-lightbox-title=\"WhatsApp Image 2026-08-29 at 8.21.07 AM (3)\" data-e-action-hash=\"#elementor-action%3Aaction%3Dlightbox%26settings%3DeyJpZCI6MTM2NTIyLCJ1cmwiOiJodHRwczpcL1wvdW1lY2l0LmVkdS5wYVwvd3AtY29udGVudFwvdXBsb2Fkc1wvMjAyNlwvMDhcL1doYXRzQXBwLUltYWdlLTIwMjYtMDgtMjktYXQtOC4yMS4wNy1BTS0zLTEuanBlZyIsInNsaWRlc2hvdyI6IjA4MDhkZTUifQ%3D%3D\">\n\t\t\t\t\t<div class=\"e-gallery-image elementor-gallery-item__image\" data-thumbnail=\"https:\/\/umecit.edu.pa\/wp-content\/uploads\/2026\/08\/WhatsApp-Image-2026-08-29-at-8.21.07-AM-3-1-600x600.jpeg\" data-width=\"600\" data-height=\"600\" aria-label=\"\" role=\"img\" ><\/div>\n\t\t\t\t\t\t\t\t\t\t\t<div class=\"elementor-gallery-item__overlay\"><\/div>\n\t\t\t\t\t\t\t\t\t\t\t\t\t\t<\/a>\n\t\t\t\t\t\t\t<a class=\"e-gallery-item elementor-gallery-item elementor-animated-content\" href=\"https:\/\/umecit.edu.pa\/wp-content\/uploads\/2026\/08\/WhatsApp-Image-2026-08-29-at-8.21.06-AM-3-1.jpeg\" data-elementor-open-lightbox=\"yes\" data-elementor-lightbox-slideshow=\"0808de5\" data-elementor-lightbox-title=\"WhatsApp Image 2026-08-29 at 8.21.06 AM (3)\" data-e-action-hash=\"#elementor-action%3Aaction%3Dlightbox%26settings%3DeyJpZCI6MTM2NTIzLCJ1cmwiOiJodHRwczpcL1wvdW1lY2l0LmVkdS5wYVwvd3AtY29udGVudFwvdXBsb2Fkc1wvMjAyNlwvMDhcL1doYXRzQXBwLUltYWdlLTIwMjYtMDgtMjktYXQtOC4yMS4wNi1BTS0zLTEuanBlZyIsInNsaWRlc2hvdyI6IjA4MDhkZTUifQ%3D%3D\">\n\t\t\t\t\t<div class=\"e-gallery-image elementor-gallery-item__image\" data-thumbnail=\"https:\/\/umecit.edu.pa\/wp-content\/uploads\/2026\/08\/WhatsApp-Image-2026-08-29-at-8.21.06-AM-3-1-589x600.jpeg\" data-width=\"589\" data-height=\"600\" aria-label=\"\" role=\"img\" ><\/div>\n\t\t\t\t\t\t\t\t\t\t\t<div class=\"elementor-gallery-item__overlay\"><\/div>\n\t\t\t\t\t\t\t\t\t\t\t\t\t\t<\/a>\n\t\t\t\t\t\t\t<a class=\"e-gallery-item elementor-gallery-item elementor-animated-content\" href=\"https:\/\/umecit.edu.pa\/wp-content\/uploads\/2026\/08\/WhatsApp-Image-2026-08-29-at-8.21.07-AM-2-1.jpeg\" data-elementor-open-lightbox=\"yes\" data-elementor-lightbox-slideshow=\"0808de5\" data-elementor-lightbox-title=\"WhatsApp Image 2026-08-29 at 8.21.07 AM (2)\" data-e-action-hash=\"#elementor-action%3Aaction%3Dlightbox%26settings%3DeyJpZCI6MTM2NTI0LCJ1cmwiOiJodHRwczpcL1wvdW1lY2l0LmVkdS5wYVwvd3AtY29udGVudFwvdXBsb2Fkc1wvMjAyNlwvMDhcL1doYXRzQXBwLUltYWdlLTIwMjYtMDgtMjktYXQtOC4yMS4wNy1BTS0yLTEuanBlZyIsInNsaWRlc2hvdyI6IjA4MDhkZTUifQ%3D%3D\">\n\t\t\t\t\t<div class=\"e-gallery-image elementor-gallery-item__image\" data-thumbnail=\"https:\/\/umecit.edu.pa\/wp-content\/uploads\/2026\/08\/WhatsApp-Image-2026-08-29-at-8.21.07-AM-2-1-600x600.jpeg\" data-width=\"600\" data-height=\"600\" aria-label=\"\" role=\"img\" ><\/div>\n\t\t\t\t\t\t\t\t\t\t\t<div class=\"elementor-gallery-item__overlay\"><\/div>\n\t\t\t\t\t\t\t\t\t\t\t\t\t\t<\/a>\n\t\t\t\t\t\t\t<a class=\"e-gallery-item elementor-gallery-item elementor-animated-content\" href=\"https:\/\/umecit.edu.pa\/wp-content\/uploads\/2026\/08\/WhatsApp-Image-2026-08-29-at-8.21.09-AM-1.jpeg\" data-elementor-open-lightbox=\"yes\" data-elementor-lightbox-slideshow=\"0808de5\" data-elementor-lightbox-title=\"WhatsApp Image 2026-08-29 at 8.21.09 AM\" data-e-action-hash=\"#elementor-action%3Aaction%3Dlightbox%26settings%3DeyJpZCI6MTM2NTI1LCJ1cmwiOiJodHRwczpcL1wvdW1lY2l0LmVkdS5wYVwvd3AtY29udGVudFwvdXBsb2Fkc1wvMjAyNlwvMDhcL1doYXRzQXBwLUltYWdlLTIwMjYtMDgtMjktYXQtOC4yMS4wOS1BTS0xLmpwZWciLCJzbGlkZXNob3ciOiIwODA4ZGU1In0%3D\">\n\t\t\t\t\t<div class=\"e-gallery-image elementor-gallery-item__image\" data-thumbnail=\"https:\/\/umecit.edu.pa\/wp-content\/uploads\/2026\/08\/WhatsApp-Image-2026-08-29-at-8.21.09-AM-1-600x600.jpeg\" data-width=\"600\" data-height=\"600\" aria-label=\"\" role=\"img\" ><\/div>\n\t\t\t\t\t\t\t\t\t\t\t<div class=\"elementor-gallery-item__overlay\"><\/div>\n\t\t\t\t\t\t\t\t\t\t\t\t\t\t<\/a>\n\t\t\t\t\t\t\t<a class=\"e-gallery-item elementor-gallery-item elementor-animated-content\" href=\"https:\/\/umecit.edu.pa\/wp-content\/uploads\/2026\/08\/WhatsApp-Image-2026-08-29-at-8.21.08-AM-2-1.jpeg\" data-elementor-open-lightbox=\"yes\" data-elementor-lightbox-slideshow=\"0808de5\" data-elementor-lightbox-title=\"WhatsApp Image 2026-08-29 at 8.21.08 AM (2)\" data-e-action-hash=\"#elementor-action%3Aaction%3Dlightbox%26settings%3DeyJpZCI6MTM2NTI2LCJ1cmwiOiJodHRwczpcL1wvdW1lY2l0LmVkdS5wYVwvd3AtY29udGVudFwvdXBsb2Fkc1wvMjAyNlwvMDhcL1doYXRzQXBwLUltYWdlLTIwMjYtMDgtMjktYXQtOC4yMS4wOC1BTS0yLTEuanBlZyIsInNsaWRlc2hvdyI6IjA4MDhkZTUifQ%3D%3D\">\n\t\t\t\t\t<div class=\"e-gallery-image elementor-gallery-item__image\" data-thumbnail=\"https:\/\/umecit.edu.pa\/wp-content\/uploads\/2026\/08\/WhatsApp-Image-2026-08-29-at-8.21.08-AM-2-1-600x600.jpeg\" data-width=\"600\" data-height=\"600\" aria-label=\"\" role=\"img\" ><\/div>\n\t\t\t\t\t\t\t\t\t\t\t<div class=\"elementor-gallery-item__overlay\"><\/div>\n\t\t\t\t\t\t\t\t\t\t\t\t\t\t<\/a>\n\t\t\t\t\t\t\t<a class=\"e-gallery-item elementor-gallery-item elementor-animated-content\" href=\"https:\/\/umecit.edu.pa\/wp-content\/uploads\/2026\/08\/WhatsApp-Image-2026-08-29-at-8.21.08-AM-3.jpeg\" data-elementor-open-lightbox=\"yes\" data-elementor-lightbox-slideshow=\"0808de5\" data-elementor-lightbox-title=\"WhatsApp Image 2026-08-29 at 8.21.08 AM\" data-e-action-hash=\"#elementor-action%3Aaction%3Dlightbox%26settings%3DeyJpZCI6MTM2NTI3LCJ1cmwiOiJodHRwczpcL1wvdW1lY2l0LmVkdS5wYVwvd3AtY29udGVudFwvdXBsb2Fkc1wvMjAyNlwvMDhcL1doYXRzQXBwLUltYWdlLTIwMjYtMDgtMjktYXQtOC4yMS4wOC1BTS0zLmpwZWciLCJzbGlkZXNob3ciOiIwODA4ZGU1In0%3D\">\n\t\t\t\t\t<div class=\"e-gallery-image elementor-gallery-item__image\" data-thumbnail=\"https:\/\/umecit.edu.pa\/wp-content\/uploads\/2026\/08\/WhatsApp-Image-2026-08-29-at-8.21.08-AM-3-600x600.jpeg\" data-width=\"600\" data-height=\"600\" aria-label=\"\" role=\"img\" ><\/div>\n\t\t\t\t\t\t\t\t\t\t\t<div class=\"elementor-gallery-item__overlay\"><\/div>\n\t\t\t\t\t\t\t\t\t\t\t\t\t\t<\/a>\n\t\t\t\t\t\t\t<a class=\"e-gallery-item elementor-gallery-item elementor-animated-content\" href=\"https:\/\/umecit.edu.pa\/wp-content\/uploads\/2026\/08\/WhatsApp-Image-2026-08-29-at-8.21.08-AM-1-1.jpeg\" data-elementor-open-lightbox=\"yes\" data-elementor-lightbox-slideshow=\"0808de5\" data-elementor-lightbox-title=\"WhatsApp Image 2026-08-29 at 8.21.08 AM (1)\" data-e-action-hash=\"#elementor-action%3Aaction%3Dlightbox%26settings%3DeyJpZCI6MTM2NTI4LCJ1cmwiOiJodHRwczpcL1wvdW1lY2l0LmVkdS5wYVwvd3AtY29udGVudFwvdXBsb2Fkc1wvMjAyNlwvMDhcL1doYXRzQXBwLUltYWdlLTIwMjYtMDgtMjktYXQtOC4yMS4wOC1BTS0xLTEuanBlZyIsInNsaWRlc2hvdyI6IjA4MDhkZTUifQ%3D%3D\">\n\t\t\t\t\t<div class=\"e-gallery-image elementor-gallery-item__image\" data-thumbnail=\"https:\/\/umecit.edu.pa\/wp-content\/uploads\/2026\/08\/WhatsApp-Image-2026-08-29-at-8.21.08-AM-1-1-600x600.jpeg\" data-width=\"600\" data-height=\"600\" aria-label=\"\" role=\"img\" ><\/div>\n\t\t\t\t\t\t\t\t\t\t\t<div class=\"elementor-gallery-item__overlay\"><\/div>\n\t\t\t\t\t\t\t\t\t\t\t\t\t\t<\/a>\n\t\t\t\t\t\t\t<a class=\"e-gallery-item elementor-gallery-item elementor-animated-content\" href=\"https:\/\/umecit.edu.pa\/wp-content\/uploads\/2026\/08\/WhatsApp-Image-2026-08-29-at-8.21.07-AM-5.jpeg\" data-elementor-open-lightbox=\"yes\" data-elementor-lightbox-slideshow=\"0808de5\" data-elementor-lightbox-title=\"WhatsApp Image 2026-08-29 at 8.21.07 AM\" data-e-action-hash=\"#elementor-action%3Aaction%3Dlightbox%26settings%3DeyJpZCI6MTM2NTI5LCJ1cmwiOiJodHRwczpcL1wvdW1lY2l0LmVkdS5wYVwvd3AtY29udGVudFwvdXBsb2Fkc1wvMjAyNlwvMDhcL1doYXRzQXBwLUltYWdlLTIwMjYtMDgtMjktYXQtOC4yMS4wNy1BTS01LmpwZWciLCJzbGlkZXNob3ciOiIwODA4ZGU1In0%3D\">\n\t\t\t\t\t<div class=\"e-gallery-image elementor-gallery-item__image\" data-thumbnail=\"https:\/\/umecit.edu.pa\/wp-content\/uploads\/2026\/08\/WhatsApp-Image-2026-08-29-at-8.21.07-AM-5-600x600.jpeg\" data-width=\"600\" data-height=\"600\" aria-label=\"\" role=\"img\" ><\/div>\n\t\t\t\t\t\t\t\t\t\t\t<div class=\"elementor-gallery-item__overlay\"><\/div>\n\t\t\t\t\t\t\t\t\t\t\t\t\t\t<\/a>\n\t\t\t\t\t\t\t<a class=\"e-gallery-item elementor-gallery-item elementor-animated-content\" href=\"https:\/\/umecit.edu.pa\/wp-content\/uploads\/2026\/08\/WhatsApp-Image-2026-08-29-at-8.21.07-AM-4-1.jpeg\" data-elementor-open-lightbox=\"yes\" data-elementor-lightbox-slideshow=\"0808de5\" data-elementor-lightbox-title=\"WhatsApp Image 2026-08-29 at 8.21.07 AM (4)\" data-e-action-hash=\"#elementor-action%3Aaction%3Dlightbox%26settings%3DeyJpZCI6MTM2NTMwLCJ1cmwiOiJodHRwczpcL1wvdW1lY2l0LmVkdS5wYVwvd3AtY29udGVudFwvdXBsb2Fkc1wvMjAyNlwvMDhcL1doYXRzQXBwLUltYWdlLTIwMjYtMDgtMjktYXQtOC4yMS4wNy1BTS00LTEuanBlZyIsInNsaWRlc2hvdyI6IjA4MDhkZTUifQ%3D%3D\">\n\t\t\t\t\t<div class=\"e-gallery-image elementor-gallery-item__image\" data-thumbnail=\"https:\/\/umecit.edu.pa\/wp-content\/uploads\/2026\/08\/WhatsApp-Image-2026-08-29-at-8.21.07-AM-4-1-600x600.jpeg\" data-width=\"600\" data-height=\"600\" aria-label=\"\" role=\"img\" ><\/div>\n\t\t\t\t\t\t\t\t\t\t\t<div class=\"elementor-gallery-item__overlay\"><\/div>\n\t\t\t\t\t\t\t\t\t\t\t\t\t\t<\/a>\n\t\t\t\t\t\t\t<a class=\"e-gallery-item elementor-gallery-item elementor-animated-content\" href=\"https:\/\/umecit.edu.pa\/wp-content\/uploads\/2026\/08\/WhatsApp-Image-2026-08-29-at-8.21.07-AM-1-1.jpeg\" data-elementor-open-lightbox=\"yes\" data-elementor-lightbox-slideshow=\"0808de5\" data-elementor-lightbox-title=\"WhatsApp Image 2026-08-29 at 8.21.07 AM (1)\" data-e-action-hash=\"#elementor-action%3Aaction%3Dlightbox%26settings%3DeyJpZCI6MTM2NTMxLCJ1cmwiOiJodHRwczpcL1wvdW1lY2l0LmVkdS5wYVwvd3AtY29udGVudFwvdXBsb2Fkc1wvMjAyNlwvMDhcL1doYXRzQXBwLUltYWdlLTIwMjYtMDgtMjktYXQtOC4yMS4wNy1BTS0xLTEuanBlZyIsInNsaWRlc2hvdyI6IjA4MDhkZTUifQ%3D%3D\">\n\t\t\t\t\t<div class=\"e-gallery-image elementor-gallery-item__image\" data-thumbnail=\"https:\/\/umecit.edu.pa\/wp-content\/uploads\/2026\/08\/WhatsApp-Image-2026-08-29-at-8.21.07-AM-1-1-600x600.jpeg\" data-width=\"600\" data-height=\"600\" aria-label=\"\" role=\"img\" ><\/div>\n\t\t\t\t\t\t\t\t\t\t\t<div class=\"elementor-gallery-item__overlay\"><\/div>\n\t\t\t\t\t\t\t\t\t\t\t\t\t\t<\/a>\n\t\t\t\t\t<\/div>\n\t\t\t\t\t<\/div>\n\t\t\t\t<\/div>\n\t\t\t\t\t<\/div>\n\t\t<\/div>\n\t\t\t\t\t<\/div>\n\t\t<\/section>\n\t\t\t\t<\/div>","protected":false},"excerpt":{"rendered":"<p>En d\u00edas pasados la Universidad Metropolitana de Educaci\u00f3n, Ciencia y Tecnolog\u00eda -UMECIT- tuvo el privilegio de recibir a Alison Mart\u00ednez, nuestra ahijada de este a\u00f1o en el marco de Relevo por la Vida, iniciativa de la Fundaci\u00f3n Amigos del Ni\u00f1o con Leucemia y C\u00e1ncer (FANLYC). Alison lleg\u00f3 a nuestra Universidad acompa\u00f1ada de su mam\u00e1 y [&hellip;]<\/p>\n","protected":false},"author":831,"featured_media":136506,"comment_status":"closed","ping_status":"closed","sticky":false,"template":"","format":"standard","meta":{"footnotes":""},"categories":[73,109,174],"tags":[],"class_list":["post-136505","post","type-post","status-publish","format-standard","has-post-thumbnail","hentry","category-educacion","category-noticias","category-universidad"],"yoast_head":"<!-- This site is optimized with the Yoast SEO plugin v28.2 - https:\/\/yoast.com\/product\/yoast-seo-wordpress\/ -->\n<title>Recibimos con cari\u00f1o a Alison Mart\u00ednez su ahijada de Relevo por la Vida<\/title>\n<meta name=\"description\" content=\"En d\u00edas pasados la Universidad Metropolitana de Educaci\u00f3n, Ciencia y Tecnolog\u00eda -UMECIT- tuvo el privilegio de recibir a Alison Mart\u00ednez, nuestra ahijada de este a\u00f1o en el marco de Relevo por la Vida, iniciativa de la Fundaci\u00f3n Amigos del Ni\u00f1o con Leucemia y C\u00e1ncer (FANLYC).\" \/>\n<meta name=\"robots\" content=\"index, follow, max-snippet:-1, max-image-preview:large, max-video-preview:-1\" \/>\n<link rel=\"canonical\" href=\"https:\/\/umecit.edu.pa\/en\/recibimos-con-carino-a-alison-martinez-su-ahijada-de-relevo-por-la-vida\/\" \/>\n<meta property=\"og:locale\" content=\"en_US\" \/>\n<meta property=\"og:type\" content=\"article\" \/>\n<meta property=\"og:title\" content=\"Recibimos con cari\u00f1o a Alison Mart\u00ednez su ahijada de Relevo por la Vida\" \/>\n<meta property=\"og:description\" content=\"En d\u00edas pasados la Universidad Metropolitana de Educaci\u00f3n, Ciencia y Tecnolog\u00eda -UMECIT- tuvo el privilegio de recibir a Alison Mart\u00ednez, nuestra ahijada de este a\u00f1o en el marco de Relevo por la Vida, iniciativa de la Fundaci\u00f3n Amigos del Ni\u00f1o con Leucemia y C\u00e1ncer (FANLYC).\" \/>\n<meta property=\"og:url\" content=\"https:\/\/umecit.edu.pa\/en\/recibimos-con-carino-a-alison-martinez-su-ahijada-de-relevo-por-la-vida\/\" \/>\n<meta property=\"og:site_name\" content=\"Umecit - Universidad en Panam\u00e1\" \/>\n<meta property=\"article:publisher\" content=\"https:\/\/www.facebook.com\/umecitpanama\/\" \/>\n<meta property=\"article:published_time\" content=\"2026-08-31T20:02:12+00:00\" \/>\n<meta property=\"article:modified_time\" content=\"2026-08-31T20:26:44+00:00\" \/>\n<meta property=\"og:image\" content=\"https:\/\/umecit.edu.pa\/wp-content\/uploads\/2026\/08\/WhatsApp-Image-2026-08-29-at-8.21.07-AM-2.jpeg\" \/>\n\t<meta property=\"og:image:width\" content=\"960\" \/>\n\t<meta property=\"og:image:height\" content=\"824\" \/>\n\t<meta property=\"og:image:type\" content=\"image\/jpeg\" \/>\n<meta name=\"author\" content=\"Redes Sociales\" \/>\n<meta name=\"twitter:card\" content=\"summary_large_image\" \/>\n<meta name=\"twitter:creator\" content=\"@umecitpanama\" \/>\n<meta name=\"twitter:site\" content=\"@umecitpanama\" \/>\n<meta name=\"twitter:label1\" content=\"Written by\" \/>\n\t<meta name=\"twitter:data1\" content=\"Redes Sociales\" \/>\n\t<meta name=\"twitter:label2\" content=\"Est. reading time\" \/>\n\t<meta name=\"twitter:data2\" content=\"3 minutes\" \/>\n<script type=\"application\/ld+json\" class=\"yoast-schema-graph\">{\"@context\":\"https:\\\/\\\/schema.org\",\"@graph\":[{\"@type\":\"Article\",\"@id\":\"https:\\\/\\\/umecit.edu.pa\\\/recibimos-con-carino-a-alison-martinez-su-ahijada-de-relevo-por-la-vida\\\/#article\",\"isPartOf\":{\"@id\":\"https:\\\/\\\/umecit.edu.pa\\\/recibimos-con-carino-a-alison-martinez-su-ahijada-de-relevo-por-la-vida\\\/\"},\"author\":{\"name\":\"Redes Sociales\",\"@id\":\"https:\\\/\\\/44.206.156.148\\\/en\\\/#\\\/schema\\\/person\\\/8f0dbcfe39a176af37579f60f14139d3\"},\"headline\":\"Recibimos con cari\u00f1o a Alison Mart\u00ednez su ahijada de Relevo por la Vida\",\"datePublished\":\"2026-08-31T20:02:12+00:00\",\"dateModified\":\"2026-08-31T20:26:44+00:00\",\"mainEntityOfPage\":{\"@id\":\"https:\\\/\\\/umecit.edu.pa\\\/recibimos-con-carino-a-alison-martinez-su-ahijada-de-relevo-por-la-vida\\\/\"},\"wordCount\":451,\"publisher\":{\"@id\":\"https:\\\/\\\/44.206.156.148\\\/en\\\/#organization\"},\"image\":{\"@id\":\"https:\\\/\\\/umecit.edu.pa\\\/recibimos-con-carino-a-alison-martinez-su-ahijada-de-relevo-por-la-vida\\\/#primaryimage\"},\"thumbnailUrl\":\"https:\\\/\\\/umecit.edu.pa\\\/wp-content\\\/uploads\\\/2026\\\/08\\\/WhatsApp-Image-2026-08-29-at-8.21.07-AM-2.jpeg\",\"articleSection\":[\"Educaci\u00f3n\",\"Noticias\",\"Universidad\"],\"inLanguage\":\"en-US\"},{\"@type\":\"WebPage\",\"@id\":\"https:\\\/\\\/umecit.edu.pa\\\/recibimos-con-carino-a-alison-martinez-su-ahijada-de-relevo-por-la-vida\\\/\",\"url\":\"https:\\\/\\\/umecit.edu.pa\\\/recibimos-con-carino-a-alison-martinez-su-ahijada-de-relevo-por-la-vida\\\/\",\"name\":\"Recibimos con cari\u00f1o a Alison Mart\u00ednez su ahijada de Relevo por la Vida\",\"isPartOf\":{\"@id\":\"https:\\\/\\\/44.206.156.148\\\/en\\\/#website\"},\"primaryImageOfPage\":{\"@id\":\"https:\\\/\\\/umecit.edu.pa\\\/recibimos-con-carino-a-alison-martinez-su-ahijada-de-relevo-por-la-vida\\\/#primaryimage\"},\"image\":{\"@id\":\"https:\\\/\\\/umecit.edu.pa\\\/recibimos-con-carino-a-alison-martinez-su-ahijada-de-relevo-por-la-vida\\\/#primaryimage\"},\"thumbnailUrl\":\"https:\\\/\\\/umecit.edu.pa\\\/wp-content\\\/uploads\\\/2026\\\/08\\\/WhatsApp-Image-2026-08-29-at-8.21.07-AM-2.jpeg\",\"datePublished\":\"2026-08-31T20:02:12+00:00\",\"dateModified\":\"2026-08-31T20:26:44+00:00\",\"description\":\"En d\u00edas pasados la Universidad Metropolitana de Educaci\u00f3n, Ciencia y Tecnolog\u00eda -UMECIT- tuvo el privilegio de recibir a Alison Mart\u00ednez, nuestra ahijada de este a\u00f1o en el marco de Relevo por la Vida, iniciativa de la Fundaci\u00f3n Amigos del Ni\u00f1o con Leucemia y C\u00e1ncer (FANLYC).\",\"breadcrumb\":{\"@id\":\"https:\\\/\\\/umecit.edu.pa\\\/recibimos-con-carino-a-alison-martinez-su-ahijada-de-relevo-por-la-vida\\\/#breadcrumb\"},\"inLanguage\":\"en-US\",\"potentialAction\":[{\"@type\":\"ReadAction\",\"target\":[\"https:\\\/\\\/umecit.edu.pa\\\/recibimos-con-carino-a-alison-martinez-su-ahijada-de-relevo-por-la-vida\\\/\"]}]},{\"@type\":\"ImageObject\",\"inLanguage\":\"en-US\",\"@id\":\"https:\\\/\\\/umecit.edu.pa\\\/recibimos-con-carino-a-alison-martinez-su-ahijada-de-relevo-por-la-vida\\\/#primaryimage\",\"url\":\"https:\\\/\\\/umecit.edu.pa\\\/wp-content\\\/uploads\\\/2026\\\/08\\\/WhatsApp-Image-2026-08-29-at-8.21.07-AM-2.jpeg\",\"contentUrl\":\"https:\\\/\\\/umecit.edu.pa\\\/wp-content\\\/uploads\\\/2026\\\/08\\\/WhatsApp-Image-2026-08-29-at-8.21.07-AM-2.jpeg\",\"width\":960,\"height\":824},{\"@type\":\"BreadcrumbList\",\"@id\":\"https:\\\/\\\/umecit.edu.pa\\\/recibimos-con-carino-a-alison-martinez-su-ahijada-de-relevo-por-la-vida\\\/#breadcrumb\",\"itemListElement\":[{\"@type\":\"ListItem\",\"position\":1,\"name\":\"Portada\",\"item\":\"https:\\\/\\\/44.206.156.148\\\/en\\\/\"},{\"@type\":\"ListItem\",\"position\":2,\"name\":\"Recibimos con cari\u00f1o a Alison Mart\u00ednez su ahijada de Relevo por la Vida\"}]},{\"@type\":\"WebSite\",\"@id\":\"https:\\\/\\\/44.206.156.148\\\/en\\\/#website\",\"url\":\"https:\\\/\\\/44.206.156.148\\\/en\\\/\",\"name\":\"Umecit - Universidad en Panam\u00e1\",\"description\":\"Universidad Metropolitana de Educaci\u00f3n, Ciencia y Tecnolog\u00eda\",\"publisher\":{\"@id\":\"https:\\\/\\\/44.206.156.148\\\/en\\\/#organization\"},\"potentialAction\":[{\"@type\":\"SearchAction\",\"target\":{\"@type\":\"EntryPoint\",\"urlTemplate\":\"https:\\\/\\\/44.206.156.148\\\/en\\\/?s={search_term_string}\"},\"query-input\":{\"@type\":\"PropertyValueSpecification\",\"valueRequired\":true,\"valueName\":\"search_term_string\"}}],\"inLanguage\":\"en-US\"},{\"@type\":\"Organization\",\"@id\":\"https:\\\/\\\/44.206.156.148\\\/en\\\/#organization\",\"name\":\"Umecit - Universidad en Panam\u00e1\",\"url\":\"https:\\\/\\\/44.206.156.148\\\/en\\\/\",\"logo\":{\"@type\":\"ImageObject\",\"inLanguage\":\"en-US\",\"@id\":\"https:\\\/\\\/44.206.156.148\\\/en\\\/#\\\/schema\\\/logo\\\/image\\\/\",\"url\":\"https:\\\/\\\/umecit.edu.pa\\\/wp-content\\\/uploads\\\/2022\\\/06\\\/panama-7.jpg\",\"contentUrl\":\"https:\\\/\\\/umecit.edu.pa\\\/wp-content\\\/uploads\\\/2022\\\/06\\\/panama-7.jpg\",\"width\":1200,\"height\":800,\"caption\":\"Umecit - Universidad en Panam\u00e1\"},\"image\":{\"@id\":\"https:\\\/\\\/44.206.156.148\\\/en\\\/#\\\/schema\\\/logo\\\/image\\\/\"},\"sameAs\":[\"https:\\\/\\\/www.facebook.com\\\/umecitpanama\\\/\",\"https:\\\/\\\/x.com\\\/umecitpanama\",\"https:\\\/\\\/www.tiktok.com\\\/@umecit\",\"https:\\\/\\\/www.instagram.com\\\/umecit\\\/\",\"https:\\\/\\\/www.youtube.com\\\/channel\\\/UCP9iXFXi4p_EW_p9p6lprhg\"]},{\"@type\":\"Person\",\"@id\":\"https:\\\/\\\/44.206.156.148\\\/en\\\/#\\\/schema\\\/person\\\/8f0dbcfe39a176af37579f60f14139d3\",\"name\":\"Redes Sociales\",\"image\":{\"@type\":\"ImageObject\",\"inLanguage\":\"en-US\",\"@id\":\"https:\\\/\\\/secure.gravatar.com\\\/avatar\\\/09b10f971238019e9a50f61eaf59122699509138db9f2d8187eeef80b5cd1266?s=96&d=mm&r=g\",\"url\":\"https:\\\/\\\/secure.gravatar.com\\\/avatar\\\/09b10f971238019e9a50f61eaf59122699509138db9f2d8187eeef80b5cd1266?s=96&d=mm&r=g\",\"contentUrl\":\"https:\\\/\\\/secure.gravatar.com\\\/avatar\\\/09b10f971238019e9a50f61eaf59122699509138db9f2d8187eeef80b5cd1266?s=96&d=mm&r=g\",\"caption\":\"Redes Sociales\"},\"url\":\"https:\\\/\\\/umecit.edu.pa\\\/en\\\/author\\\/redes-sociales\\\/\"}]}<\/script>\n<!-- \/ Yoast SEO plugin. -->","yoast_head_json":{"title":"We warmly welcome Alison Martinez, her goddaughter from Relay For Life.","description":"Recently, the Metropolitan University of Education, Science and Technology -UMECIT- had the privilege of receiving Alison Mart\u00ednez, our goddaughter of this year within the framework of Relay for Life, an initiative of the Friends of Children with Leukemia and Cancer Foundation (FANLYC).","robots":{"index":"index","follow":"follow","max-snippet":"max-snippet:-1","max-image-preview":"max-image-preview:large","max-video-preview":"max-video-preview:-1"},"canonical":"https:\/\/umecit.edu.pa\/en\/recibimos-con-carino-a-alison-martinez-su-ahijada-de-relevo-por-la-vida\/","og_locale":"en_US","og_type":"article","og_title":"Recibimos con cari\u00f1o a Alison Mart\u00ednez su ahijada de Relevo por la Vida","og_description":"En d\u00edas pasados la Universidad Metropolitana de Educaci\u00f3n, Ciencia y Tecnolog\u00eda -UMECIT- tuvo el privilegio de recibir a Alison Mart\u00ednez, nuestra ahijada de este a\u00f1o en el marco de Relevo por la Vida, iniciativa de la Fundaci\u00f3n Amigos del Ni\u00f1o con Leucemia y C\u00e1ncer (FANLYC).","og_url":"https:\/\/umecit.edu.pa\/en\/recibimos-con-carino-a-alison-martinez-su-ahijada-de-relevo-por-la-vida\/","og_site_name":"Umecit - Universidad en Panam\u00e1","article_publisher":"https:\/\/www.facebook.com\/umecitpanama\/","article_published_time":"2026-08-31T20:02:12+00:00","article_modified_time":"2026-08-31T20:26:44+00:00","og_image":[{"width":960,"height":824,"url":"https:\/\/umecit.edu.pa\/wp-content\/uploads\/2026\/08\/WhatsApp-Image-2026-08-29-at-8.21.07-AM-2.jpeg","type":"image\/jpeg"}],"author":"Redes Sociales","twitter_card":"summary_large_image","twitter_creator":"@umecitpanama","twitter_site":"@umecitpanama","twitter_misc":{"Written by":"Redes Sociales","Est. reading time":"3 minutes"},"schema":{"@context":"https:\/\/schema.org","@graph":[{"@type":"Article","@id":"https:\/\/umecit.edu.pa\/recibimos-con-carino-a-alison-martinez-su-ahijada-de-relevo-por-la-vida\/#article","isPartOf":{"@id":"https:\/\/umecit.edu.pa\/recibimos-con-carino-a-alison-martinez-su-ahijada-de-relevo-por-la-vida\/"},"author":{"name":"Redes Sociales","@id":"https:\/\/44.206.156.148\/en\/#\/schema\/person\/8f0dbcfe39a176af37579f60f14139d3"},"headline":"Recibimos con cari\u00f1o a Alison Mart\u00ednez su ahijada de Relevo por la Vida","datePublished":"2026-08-31T20:02:12+00:00","dateModified":"2026-08-31T20:26:44+00:00","mainEntityOfPage":{"@id":"https:\/\/umecit.edu.pa\/recibimos-con-carino-a-alison-martinez-su-ahijada-de-relevo-por-la-vida\/"},"wordCount":451,"publisher":{"@id":"https:\/\/44.206.156.148\/en\/#organization"},"image":{"@id":"https:\/\/umecit.edu.pa\/recibimos-con-carino-a-alison-martinez-su-ahijada-de-relevo-por-la-vida\/#primaryimage"},"thumbnailUrl":"https:\/\/umecit.edu.pa\/wp-content\/uploads\/2026\/08\/WhatsApp-Image-2026-08-29-at-8.21.07-AM-2.jpeg","articleSection":["Educaci\u00f3n","Noticias","Universidad"],"inLanguage":"en-US"},{"@type":"WebPage","@id":"https:\/\/umecit.edu.pa\/recibimos-con-carino-a-alison-martinez-su-ahijada-de-relevo-por-la-vida\/","url":"https:\/\/umecit.edu.pa\/recibimos-con-carino-a-alison-martinez-su-ahijada-de-relevo-por-la-vida\/","name":"We warmly welcome Alison Martinez, her goddaughter from Relay For Life.","isPartOf":{"@id":"https:\/\/44.206.156.148\/en\/#website"},"primaryImageOfPage":{"@id":"https:\/\/umecit.edu.pa\/recibimos-con-carino-a-alison-martinez-su-ahijada-de-relevo-por-la-vida\/#primaryimage"},"image":{"@id":"https:\/\/umecit.edu.pa\/recibimos-con-carino-a-alison-martinez-su-ahijada-de-relevo-por-la-vida\/#primaryimage"},"thumbnailUrl":"https:\/\/umecit.edu.pa\/wp-content\/uploads\/2026\/08\/WhatsApp-Image-2026-08-29-at-8.21.07-AM-2.jpeg","datePublished":"2026-08-31T20:02:12+00:00","dateModified":"2026-08-31T20:26:44+00:00","description":"Recently, the Metropolitan University of Education, Science and Technology -UMECIT- had the privilege of receiving Alison Mart\u00ednez, our goddaughter of this year within the framework of Relay for Life, an initiative of the Friends of Children with Leukemia and Cancer Foundation (FANLYC).","breadcrumb":{"@id":"https:\/\/umecit.edu.pa\/recibimos-con-carino-a-alison-martinez-su-ahijada-de-relevo-por-la-vida\/#breadcrumb"},"inLanguage":"en-US","potentialAction":[{"@type":"ReadAction","target":["https:\/\/umecit.edu.pa\/recibimos-con-carino-a-alison-martinez-su-ahijada-de-relevo-por-la-vida\/"]}]},{"@type":"ImageObject","inLanguage":"en-US","@id":"https:\/\/umecit.edu.pa\/recibimos-con-carino-a-alison-martinez-su-ahijada-de-relevo-por-la-vida\/#primaryimage","url":"https:\/\/umecit.edu.pa\/wp-content\/uploads\/2026\/08\/WhatsApp-Image-2026-08-29-at-8.21.07-AM-2.jpeg","contentUrl":"https:\/\/umecit.edu.pa\/wp-content\/uploads\/2026\/08\/WhatsApp-Image-2026-08-29-at-8.21.07-AM-2.jpeg","width":960,"height":824},{"@type":"BreadcrumbList","@id":"https:\/\/umecit.edu.pa\/recibimos-con-carino-a-alison-martinez-su-ahijada-de-relevo-por-la-vida\/#breadcrumb","itemListElement":[{"@type":"ListItem","position":1,"name":"Portada","item":"https:\/\/44.206.156.148\/en\/"},{"@type":"ListItem","position":2,"name":"Recibimos con cari\u00f1o a Alison Mart\u00ednez su ahijada de Relevo por la Vida"}]},{"@type":"WebSite","@id":"https:\/\/44.206.156.148\/en\/#website","url":"https:\/\/44.206.156.148\/en\/","name":"Umecit - University in Panama","description":"Metropolitan University of Education, Science and Technology","publisher":{"@id":"https:\/\/44.206.156.148\/en\/#organization"},"potentialAction":[{"@type":"SearchAction","target":{"@type":"EntryPoint","urlTemplate":"https:\/\/44.206.156.148\/en\/?s={search_term_string}"},"query-input":{"@type":"PropertyValueSpecification","valueRequired":true,"valueName":"search_term_string"}}],"inLanguage":"en-US"},{"@type":"Organization","@id":"https:\/\/44.206.156.148\/en\/#organization","name":"Umecit - University in Panama","url":"https:\/\/44.206.156.148\/en\/","logo":{"@type":"ImageObject","inLanguage":"en-US","@id":"https:\/\/44.206.156.148\/en\/#\/schema\/logo\/image\/","url":"https:\/\/umecit.edu.pa\/wp-content\/uploads\/2022\/06\/panama-7.jpg","contentUrl":"https:\/\/umecit.edu.pa\/wp-content\/uploads\/2022\/06\/panama-7.jpg","width":1200,"height":800,"caption":"Umecit - Universidad en Panam\u00e1"},"image":{"@id":"https:\/\/44.206.156.148\/en\/#\/schema\/logo\/image\/"},"sameAs":["https:\/\/www.facebook.com\/umecitpanama\/","https:\/\/x.com\/umecitpanama","https:\/\/www.tiktok.com\/@umecit","https:\/\/www.instagram.com\/umecit\/","https:\/\/www.youtube.com\/channel\/UCP9iXFXi4p_EW_p9p6lprhg"]},{"@type":"Person","@id":"https:\/\/44.206.156.148\/en\/#\/schema\/person\/8f0dbcfe39a176af37579f60f14139d3","name":"Social networks","image":{"@type":"ImageObject","inLanguage":"en-US","@id":"https:\/\/secure.gravatar.com\/avatar\/09b10f971238019e9a50f61eaf59122699509138db9f2d8187eeef80b5cd1266?s=96&d=mm&r=g","url":"https:\/\/secure.gravatar.com\/avatar\/09b10f971238019e9a50f61eaf59122699509138db9f2d8187eeef80b5cd1266?s=96&d=mm&r=g","contentUrl":"https:\/\/secure.gravatar.com\/avatar\/09b10f971238019e9a50f61eaf59122699509138db9f2d8187eeef80b5cd1266?s=96&d=mm&r=g","caption":"Redes Sociales"},"url":"https:\/\/umecit.edu.pa\/en\/author\/redes-sociales\/"}]}},"_links":{"self":[{"href":"https:\/\/umecit.edu.pa\/en\/wp-json\/wp\/v2\/posts\/136505","targetHints":{"allow":["GET"]}}],"collection":[{"href":"https:\/\/umecit.edu.pa\/en\/wp-json\/wp\/v2\/posts"}],"about":[{"href":"https:\/\/umecit.edu.pa\/en\/wp-json\/wp\/v2\/types\/post"}],"author":[{"embeddable":true,"href":"https:\/\/umecit.edu.pa\/en\/wp-json\/wp\/v2\/users\/831"}],"replies":[{"embeddable":true,"href":"https:\/\/umecit.edu.pa\/en\/wp-json\/wp\/v2\/comments?post=136505"}],"version-history":[{"count":9,"href":"https:\/\/umecit.edu.pa\/en\/wp-json\/wp\/v2\/posts\/136505\/revisions"}],"predecessor-version":[{"id":136539,"href":"https:\/\/umecit.edu.pa\/en\/wp-json\/wp\/v2\/posts\/136505\/revisions\/136539"}],"wp:featuredmedia":[{"embeddable":true,"href":"https:\/\/umecit.edu.pa\/en\/wp-json\/wp\/v2\/media\/136506"}],"wp:attachment":[{"href":"https:\/\/umecit.edu.pa\/en\/wp-json\/wp\/v2\/media?parent=136505"}],"wp:term":[{"taxonomy":"category","embeddable":true,"href":"https:\/\/umecit.edu.pa\/en\/wp-json\/wp\/v2\/categories?post=136505"},{"taxonomy":"post_tag","embeddable":true,"href":"https:\/\/umecit.edu.pa\/en\/wp-json\/wp\/v2\/tags?post=136505"}],"curies":[{"name":"wp","href":"https:\/\/api.w.org\/{rel}","templated":true}]}}