{"id":135163,"date":"2026-07-22T17:11:00","date_gmt":"2026-07-22T22:11:00","guid":{"rendered":"https:\/\/umecit.edu.pa\/?p=135163"},"modified":"2026-08-25T13:01:57","modified_gmt":"2026-08-25T18:01:57","slug":"2do-congreso-internacional-de-semilleros-de-investigacion","status":"publish","type":"post","link":"https:\/\/umecit.edu.pa\/en\/2do-congreso-internacional-de-semilleros-de-investigacion\/","title":{"rendered":"2ND INTERNATIONAL CONGRESS OF RESEARCH SEEDBEDS"},"content":{"rendered":"<div data-elementor-type=\"wp-post\" data-elementor-id=\"135163\" class=\"elementor elementor-135163\" data-elementor-post-type=\"post\">\n\t\t\t\t\t\t<section class=\"elementor-section elementor-top-section elementor-element elementor-element-a396382 elementor-section-boxed elementor-section-height-default elementor-section-height-default row-top\" data-id=\"a396382\" data-element_type=\"section\" data-e-type=\"section\">\n\t\t\t\t\t\t<div class=\"elementor-container elementor-column-gap-default\">\n\t\t\t\t\t<div class=\"elementor-column elementor-col-100 elementor-top-column elementor-element elementor-element-3161a1c9 column-style-top\" data-id=\"3161a1c9\" data-element_type=\"column\" data-e-type=\"column\">\n\t\t\t<div class=\"elementor-widget-wrap elementor-element-populated\">\n\t\t\t\t\t\t<div class=\"elementor-element elementor-element-5ca646c elementor-headline--style-highlight elementor-widget elementor-widget-animated-headline\" data-id=\"5ca646c\" data-element_type=\"widget\" data-e-type=\"widget\" data-settings=\"{&quot;highlighted_text&quot;:&quot;transforman.&quot;,&quot;headline_style&quot;:&quot;highlight&quot;,&quot;marker&quot;:&quot;circle&quot;,&quot;loop&quot;:&quot;yes&quot;,&quot;highlight_animation_duration&quot;:1200,&quot;highlight_iteration_delay&quot;:8000}\" data-widget_type=\"animated-headline.default\">\n\t\t\t\t<div class=\"elementor-widget-container\">\n\t\t\t\t\t\t\t<h3 class=\"elementor-headline\">\n\t\t\t\t\t<span class=\"elementor-headline-plain-text elementor-headline-text-wrapper\">Science that inspires, talents that <\/span>\n\t\t\t\t<span class=\"elementor-headline-dynamic-wrapper elementor-headline-text-wrapper\">\n\t\t\t\t\t<span class=\"elementor-headline-dynamic-text elementor-headline-text-active\">transform.<\/span>\n\t\t\t\t<\/span>\n\t\t\t\t<\/h3>\n\t\t\t\t\t\t<\/div>\n\t\t\t\t<\/div>\n\t\t\t\t<div class=\"elementor-element elementor-element-4fe7300a elementor-widget elementor-widget-text-editor\" data-id=\"4fe7300a\" data-element_type=\"widget\" data-e-type=\"widget\" data-widget_type=\"text-editor.default\">\n\t\t\t\t<div class=\"elementor-widget-container\">\n\t\t\t\t\t\t\t\t\t<p><span style=\"font-weight: 400;\">With the participation of <\/span><b>Roberto Hern\u00e1ndez Sampieri and Christiane Pauline Mendoza<\/b><span style=\"font-weight: 400;\">, two of the most recognized Ibero-American references in research methodology and training of researchers.<\/span><\/p><p><strong>Date: <\/strong><span style=\"font-weight: 400;\">\u00a0September 14 and 15, 2026<\/span><span style=\"font-weight: 400;\"><br \/><\/span><span style=\"font-weight: 400;\"><strong>Place<\/strong>Hotel Sortis. 56th and 57th Streets East, Obarrio, Bella Vista. Panama City, Panama<\/span><\/p><p><span style=\"font-weight: 400;\"><strong>Organizes<\/strong>Metropolitan University of Education, Science and Technology \u2013 UMECIT, Panama<\/span><\/p>\t\t\t\t\t\t\t\t<\/div>\n\t\t\t\t<\/div>\n\t\t\t\t\t<\/div>\n\t\t<\/div>\n\t\t\t\t\t<\/div>\n\t\t<\/section>\n\t\t\t\t<section class=\"elementor-section elementor-top-section elementor-element elementor-element-ca4954e elementor-section-boxed elementor-section-height-default elementor-section-height-default row-top\" data-id=\"ca4954e\" data-element_type=\"section\" data-e-type=\"section\">\n\t\t\t\t\t\t<div class=\"elementor-container elementor-column-gap-default\">\n\t\t\t\t\t<div class=\"elementor-column elementor-col-100 elementor-top-column elementor-element elementor-element-dc2e6ea column-style-top\" data-id=\"dc2e6ea\" data-element_type=\"column\" data-e-type=\"column\">\n\t\t\t<div class=\"elementor-widget-wrap elementor-element-populated\">\n\t\t\t\t\t\t<div class=\"elementor-element elementor-element-fc1ebe6 elementor-testimonial--skin-default elementor-testimonial--layout-image_inline elementor-testimonial--align-center elementor-arrows-yes elementor-pagination-type-bullets elementor-widget elementor-widget-testimonial-carousel\" data-id=\"fc1ebe6\" data-element_type=\"widget\" data-e-type=\"widget\" data-settings=\"{&quot;space_between&quot;:{&quot;unit&quot;:&quot;px&quot;,&quot;size&quot;:4,&quot;sizes&quot;:[]},&quot;show_arrows&quot;:&quot;yes&quot;,&quot;pagination&quot;:&quot;bullets&quot;,&quot;speed&quot;:500,&quot;autoplay&quot;:&quot;yes&quot;,&quot;autoplay_speed&quot;:5000,&quot;loop&quot;:&quot;yes&quot;,&quot;pause_on_hover&quot;:&quot;yes&quot;,&quot;pause_on_interaction&quot;:&quot;yes&quot;,&quot;space_between_tablet&quot;:{&quot;unit&quot;:&quot;px&quot;,&quot;size&quot;:10,&quot;sizes&quot;:[]},&quot;space_between_mobile&quot;:{&quot;unit&quot;:&quot;px&quot;,&quot;size&quot;:10,&quot;sizes&quot;:[]}}\" data-widget_type=\"testimonial-carousel.default\">\n\t\t\t\t<div class=\"elementor-widget-container\">\n\t\t\t\t\t\t\t\t\t<div class=\"elementor-swiper\">\n\t\t\t\t\t<div class=\"elementor-main-swiper swiper\" role=\"region\" aria-roledescription=\"carousel\" aria-label=\"Slides\">\n\t\t\t\t<div class=\"swiper-wrapper\">\n\t\t\t\t\t\t\t\t\t\t\t<div class=\"swiper-slide\" role=\"group\" aria-roledescription=\"slide\">\n\t\t\t\t\t\t\t\t\t<div class=\"elementor-testimonial\">\n\t\t\t\t\t\t\t<div class=\"elementor-testimonial__content\">\n\t\t\t\t\t<div class=\"elementor-testimonial__text\">\n\t\t\t\t\t\tThe 2nd International Congress of Research Seedbeds is an international academic forum designed to inspire, strengthen, and showcase the research talent of university students. Over two days, participants will enjoy a formative experience that includes keynote lectures by internationally renowned researchers, disciplinary workshops, academic exchange, and student scientific outreach through the presentation of scientific posters. The congress promotes research as a fundamental pillar of professional development and as an opportunity to cultivate skills that enable students to understand, innovate, and transform reality from within their respective disciplines.\n\t\t\t\t\t<\/div>\n\t\t\t\t\t\t\t\t\t<\/div>\n\t\t\t\t\t\t<div class=\"elementor-testimonial__footer\">\n\t\t\t\t\t\t\t\t\t\t\t<\/div>\n\t\t<\/div>\n\t\t\t\t\t\t\t\t<\/div>\n\t\t\t\t\t\t\t\t\t<\/div>\n\t\t\t\t\t\t\t<\/div>\n\t\t\t\t<\/div>\n\t\t\t\t\t\t\t\t<\/div>\n\t\t\t\t<\/div>\n\t\t\t\t<div class=\"elementor-element elementor-element-f31c076 elementor-widget elementor-widget-text-editor\" data-id=\"f31c076\" data-element_type=\"widget\" data-e-type=\"widget\" data-widget_type=\"text-editor.default\">\n\t\t\t\t<div class=\"elementor-widget-container\">\n\t\t\t\t\t\t\t\t\t<p><b>Aim<\/b><\/p><p><span style=\"font-weight: 400;\">To strengthen the research culture in university students through academic experiences that promote scientific thinking, the development of research skills, participation in research groups and the dissemination of student scientific production.<\/span><\/p><p><b>Why participate?<\/b><\/p><p><span style=\"font-weight: 400;\">Because you will have the opportunity to:<\/span><\/p><ul><li><span style=\"font-weight: 400;\"> Learn alongside renowned international and national leaders in research and scientific training.<\/span><\/li><li><span style=\"font-weight: 400;\">Discover how research strengthens your professional and personal development.<\/span><\/li><li><span style=\"font-weight: 400;\">Participate in workshops designed specifically for your area of training.<\/span><\/li><li><span style=\"font-weight: 400;\">Sharing experiences with national and international students, teachers, and researchers.<\/span><\/li><li><span style=\"font-weight: 400;\">Present your research in the form of a scientific poster.<\/span><\/li><li><span style=\"font-weight: 400;\">Strengthen your skills to integrate into research groups and projects.<\/span><\/li><\/ul>\t\t\t\t\t\t\t\t<\/div>\n\t\t\t\t<\/div>\n\t\t\t\t<div class=\"elementor-element elementor-element-d4290a9 elementor-widget elementor-widget-heading\" data-id=\"d4290a9\" data-element_type=\"widget\" data-e-type=\"widget\" data-widget_type=\"heading.default\">\n\t\t\t\t<div class=\"elementor-widget-container\">\n\t\t\t\t\t<h2 class=\"elementor-heading-title elementor-size-default\">International Keynote Speakers:<\/h2>\t\t\t\t<\/div>\n\t\t\t\t<\/div>\n\t\t\t\t\t<\/div>\n\t\t<\/div>\n\t\t\t\t\t<\/div>\n\t\t<\/section>\n\t\t\t\t<section class=\"elementor-section elementor-top-section elementor-element elementor-element-f8538e1 elementor-section-boxed elementor-section-height-default elementor-section-height-default row-top\" data-id=\"f8538e1\" data-element_type=\"section\" data-e-type=\"section\">\n\t\t\t\t\t\t<div class=\"elementor-container elementor-column-gap-default\">\n\t\t\t\t\t<div class=\"elementor-column elementor-col-50 elementor-top-column elementor-element elementor-element-ecb3a5c column-style-top\" data-id=\"ecb3a5c\" data-element_type=\"column\" data-e-type=\"column\">\n\t\t\t<div class=\"elementor-widget-wrap elementor-element-populated\">\n\t\t\t\t\t\t<div class=\"elementor-element elementor-element-3444db5 elementor-widget elementor-widget-text-editor\" data-id=\"3444db5\" data-element_type=\"widget\" data-e-type=\"widget\" data-widget_type=\"text-editor.default\">\n\t\t\t\t<div class=\"elementor-widget-container\">\n\t\t\t\t\t\t\t\t\t<p><b>Dr. Roberto Hern\u00e1ndez Sampieri, Mexico<\/b><\/p><p><span style=\"font-weight: 400;\">A renowned researcher, academic, and author of one of the most influential works on research methodology in Latin America. His career has contributed to the training of thousands of researchers and professors, making him a leading figure in Latin American higher education and scientific production.<\/span><\/p>\t\t\t\t\t\t\t\t<\/div>\n\t\t\t\t<\/div>\n\t\t\t\t\t<\/div>\n\t\t<\/div>\n\t\t\t\t<div class=\"elementor-column elementor-col-50 elementor-top-column elementor-element elementor-element-cde6d54 column-style-top\" data-id=\"cde6d54\" data-element_type=\"column\" data-e-type=\"column\">\n\t\t\t<div class=\"elementor-widget-wrap elementor-element-populated\">\n\t\t\t\t\t\t<div class=\"elementor-element elementor-element-17d9223 elementor-widget elementor-widget-text-editor\" data-id=\"17d9223\" data-element_type=\"widget\" data-e-type=\"widget\" data-widget_type=\"text-editor.default\">\n\t\t\t\t<div class=\"elementor-widget-container\">\n\t\t\t\t\t\t\t\t\t<p><b>Dr. Christiane Pauline Mendoza, Mexico<\/b><\/p><p><span style=\"font-weight: 400;\">Researcher, academic, and co-author of the work Fundamentals of Research. Her experience focuses on strengthening research skills, training researchers, and consolidating a scientific culture in higher education.<\/span><\/p>\t\t\t\t\t\t\t\t<\/div>\n\t\t\t\t<\/div>\n\t\t\t\t\t<\/div>\n\t\t<\/div>\n\t\t\t\t\t<\/div>\n\t\t<\/section>\n\t\t\t\t<section class=\"elementor-section elementor-top-section elementor-element elementor-element-eaadb0b elementor-section-boxed elementor-section-height-default elementor-section-height-default row-top\" data-id=\"eaadb0b\" data-element_type=\"section\" data-e-type=\"section\">\n\t\t\t\t\t\t<div class=\"elementor-container elementor-column-gap-default\">\n\t\t\t\t\t<div class=\"elementor-column elementor-col-100 elementor-top-column elementor-element elementor-element-3b8eaea column-style-top\" data-id=\"3b8eaea\" data-element_type=\"column\" data-e-type=\"column\">\n\t\t\t<div class=\"elementor-widget-wrap elementor-element-populated\">\n\t\t\t\t\t\t<div class=\"elementor-element elementor-element-2c9fd9d elementor-widget elementor-widget-text-editor\" data-id=\"2c9fd9d\" data-element_type=\"widget\" data-e-type=\"widget\" data-widget_type=\"text-editor.default\">\n\t\t\t\t<div class=\"elementor-widget-container\">\n\t\t\t\t\t\t\t\t\t<p><b>Disciplinary workshops<\/b><\/p><p><span style=\"font-weight: 400;\">The congress will offer specialized workshops aimed at strengthening research from each discipline, promoting critical thinking, innovation and the construction of solutions for the challenges specific to each professional field.<\/span><\/p><p><span style=\"font-weight: 400;\">Areas:<\/span><\/p><ul><li><span style=\"font-weight: 400;\"> Health Sciences.<\/span><\/li><li><span style=\"font-weight: 400;\"> Law and Forensic Sciences.<\/span><\/li><li><span style=\"font-weight: 400;\"> Social Sciences and Education.<\/span><\/li><li><span style=\"font-weight: 400;\"> Administrative Sciences\u00a0<\/span><\/li><li><span style=\"font-weight: 400;\"> Technology, Construction and Environment.<\/span><\/li><\/ul><p><b>Participation modalities<\/b><\/p><p><b>Assistant: <\/b><span style=\"font-weight: 400;\">Participate in the keynote lectures, disciplinary workshops, and other academic activities scheduled during the congress.<\/span><\/p><p><b>Speaker: <\/b><span style=\"font-weight: 400;\">Present research progress or results through a scientific poster in the \u201cStudent Research Scientific Gallery\u201d<\/span><\/p>\t\t\t\t\t\t\t\t<\/div>\n\t\t\t\t<\/div>\n\t\t\t\t<div class=\"elementor-element elementor-element-6de3920 elementor-widget-divider--view-line elementor-widget elementor-widget-divider\" data-id=\"6de3920\" data-element_type=\"widget\" data-e-type=\"widget\" data-widget_type=\"divider.default\">\n\t\t\t\t<div class=\"elementor-widget-container\">\n\t\t\t\t\t\t\t<div class=\"elementor-divider\">\n\t\t\t<span class=\"elementor-divider-separator\">\n\t\t\t\t\t\t<\/span>\n\t\t<\/div>\n\t\t\t\t\t\t<\/div>\n\t\t\t\t<\/div>\n\t\t\t\t\t<\/div>\n\t\t<\/div>\n\t\t\t\t\t<\/div>\n\t\t<\/section>\n\t\t\t\t<section class=\"elementor-section elementor-top-section elementor-element elementor-element-2e76950 elementor-section-boxed elementor-section-height-default elementor-section-height-default row-top\" data-id=\"2e76950\" data-element_type=\"section\" data-e-type=\"section\">\n\t\t\t\t\t\t<div class=\"elementor-container elementor-column-gap-default\">\n\t\t\t\t\t<div class=\"elementor-column elementor-col-100 elementor-top-column elementor-element elementor-element-580f707 column-style-top\" data-id=\"580f707\" data-element_type=\"column\" data-e-type=\"column\">\n\t\t\t<div class=\"elementor-widget-wrap elementor-element-populated\">\n\t\t\t\t\t\t<div class=\"elementor-element elementor-element-0c1b56b elementor-widget elementor-widget-heading\" data-id=\"0c1b56b\" data-element_type=\"widget\" data-e-type=\"widget\" data-widget_type=\"heading.default\">\n\t\t\t\t<div class=\"elementor-widget-container\">\n\t\t\t\t\t<h2 class=\"elementor-heading-title elementor-size-default\">Information for participation as presenters in the Scientific Poster format: \n<\/h2>\t\t\t\t<\/div>\n\t\t\t\t<\/div>\n\t\t\t\t<div class=\"elementor-element elementor-element-a14b04e elementor-widget elementor-widget-text-editor\" data-id=\"a14b04e\" data-element_type=\"widget\" data-e-type=\"widget\" data-widget_type=\"text-editor.default\">\n\t\t\t\t<div class=\"elementor-widget-container\">\n\t\t\t\t\t\t\t\t\t<p><span style=\"font-weight: 400;\">To the UMECIT academic community: Those interested in participating as a PRESENTER in SCIENTIFIC POSTER mode (the only way to participate as a presenter), at the time of registration, must upload along with proof of payment, the abstract of their presentation, the content of the poster in word format and the letter of acceptance issued by the research coordination corresponding to each campus or career or through the substantive functions linking teacher; whose contents are detailed in this section.<\/span><\/p><p><span style=\"font-weight: 400;\">Participants who wish to register as poster presenters and who are <\/span><b>External to UMECIT<\/b><span style=\"font-weight: 400;\">, They must initially send their abstract and poster content to the email address <\/span><a href=\"mailto:congresodesemilleros@umecit.edu.pa\"><span style=\"font-weight: 400;\">congresodesemilleros@umecit.edu.pa<\/span><\/a><span style=\"font-weight: 400;\">; From there, they will receive an acceptance letter, so they can proceed to register at the corresponding link.<\/span><\/p>\t\t\t\t\t\t\t\t<\/div>\n\t\t\t\t<\/div>\n\t\t\t\t<div class=\"elementor-element elementor-element-cb0ae97 elementor-widget elementor-widget-heading\" data-id=\"cb0ae97\" data-element_type=\"widget\" data-e-type=\"widget\" data-widget_type=\"heading.default\">\n\t\t\t\t<div class=\"elementor-widget-container\">\n\t\t\t\t\t<h2 class=\"elementor-heading-title elementor-size-default\">Guidelines for submitting abstracts<\/h2>\t\t\t\t<\/div>\n\t\t\t\t<\/div>\n\t\t\t\t<div class=\"elementor-element elementor-element-6c21494 elementor-widget elementor-widget-text-editor\" data-id=\"6c21494\" data-element_type=\"widget\" data-e-type=\"widget\" data-widget_type=\"text-editor.default\">\n\t\t\t\t<div class=\"elementor-widget-container\">\n\t\t\t\t\t\t\t\t\t<p><span style=\"font-weight: 400;\">The congress allows participation as a speaker with research results or advances.<\/span><\/p><p><span style=\"font-weight: 400;\">Therefore, they must use the corresponding structure for sending the abstract to the scientific committee\u00a0<\/span><\/p><p><b>The summaries should include the following information<\/b><\/p><ul><li style=\"font-weight: 400;\" aria-level=\"1\"><span style=\"font-weight: 400;\">The title should be in capital letters with a maximum length of 15 words.<\/span><\/li><li style=\"font-weight: 400;\" aria-level=\"1\"><span style=\"font-weight: 400;\">Author&#039;s name and surname(s)\u00a0<\/span><\/li><li style=\"font-weight: 400;\" aria-level=\"1\"><span style=\"font-weight: 400;\">Entity or institution to which they belong.<\/span><\/li><li style=\"font-weight: 400;\" aria-level=\"1\"><span style=\"font-weight: 400;\">Country of residence.<\/span><\/li><li style=\"font-weight: 400;\" aria-level=\"1\"><span style=\"font-weight: 400;\">Abstract in Spanish, between 250 and 300 words. It should include introduction, objectives, methodology, results, and conclusions.<\/span><\/li><li style=\"font-weight: 400;\" aria-level=\"1\"><span style=\"font-weight: 400;\">Keywords: 3 to 5, separated by commas.<\/span><\/li><\/ul>\t\t\t\t\t\t\t\t<\/div>\n\t\t\t\t<\/div>\n\t\t\t\t<div class=\"elementor-element elementor-element-212284a elementor-widget elementor-widget-text-editor\" data-id=\"212284a\" data-element_type=\"widget\" data-e-type=\"widget\" data-widget_type=\"text-editor.default\">\n\t\t\t\t<div class=\"elementor-widget-container\">\n\t\t\t\t\t\t\t\t\t<p><b>ABSTRACT PRESENTATION MODEL<\/b><\/p><h5><b>Title of the work, centered alignment, Arial 12pt, bold\u00a0<\/b><\/h5><ul><li>Title of the work, centered alignment, 12pt font, bold<\/li><li><strong>Author&#039;s last name and first name 1<\/strong><\/li><li>Institutional Affiliation<\/li><li><span style=\"font-weight: 400;\">City, Country, <\/span><span style=\"font-weight: 400;\">author&#039;s email and ORCID code<\/span><\/li><li><strong>Author&#039;s last name and first name 2<\/strong><\/li><li>Institutional Affiliation<\/li><li><span style=\"font-weight: 400;\">City, Country, <\/span><span style=\"font-weight: 400;\">author&#039;s email and ORCID code<\/span><\/li><li><strong>Author&#039;s last name and first name 3<\/strong><\/li><li>Institutional Affiliation<\/li><li><span style=\"font-weight: 400;\">City, Country, <\/span><span style=\"font-weight: 400;\">author&#039;s email and ORCID code<\/span><b>\u00a0<\/b><\/li><\/ul>\t\t\t\t\t\t\t\t<\/div>\n\t\t\t\t<\/div>\n\t\t\t\t<div class=\"elementor-element elementor-element-540071c elementor-widget elementor-widget-text-editor\" data-id=\"540071c\" data-element_type=\"widget\" data-e-type=\"widget\" data-widget_type=\"text-editor.default\">\n\t\t\t\t<div class=\"elementor-widget-container\">\n\t\t\t\t\t\t\t\t\t<p><b>SUMMARY<\/b><\/p><ul><li style=\"font-weight: 400;\" aria-level=\"1\"><span style=\"font-weight: 400;\">The abstract will be written in Spanish and will be between 250 and 300 words long. It should include an introduction, objectives, materials and methods, results, and conclusions. Use Arial 12pt font.<\/span><\/li><li style=\"font-weight: 400;\" aria-level=\"1\"><b>Keywords: <\/b><span style=\"font-weight: 400;\">Three to<\/span> <span style=\"font-weight: 400;\">Five keywords separated by commas, in the same language as the document. Arial 12pt<\/span><\/li><\/ul><p><b>ABSTRACT<\/b><\/p><ul><li style=\"font-weight: 400;\" aria-level=\"1\"><span style=\"font-weight: 400;\">The abstract will be written in English as the main text and will be between 250 and 300 words. It should include the introduction, objectives, materials and methods, results, and conclusions. Use Arial 12pt font.<\/span><b>\u00a0<\/b><\/li><li style=\"font-weight: 400;\" aria-level=\"1\"><b>Keywords: <\/b><span style=\"font-weight: 400;\">Five keywords separated by commas, written in English. Arial 12pt.<\/span><\/li><\/ul>\t\t\t\t\t\t\t\t<\/div>\n\t\t\t\t<\/div>\n\t\t\t\t<div class=\"elementor-element elementor-element-11c00d7 elementor-widget-divider--view-line elementor-widget elementor-widget-divider\" data-id=\"11c00d7\" data-element_type=\"widget\" data-e-type=\"widget\" data-widget_type=\"divider.default\">\n\t\t\t\t<div class=\"elementor-widget-container\">\n\t\t\t\t\t\t\t<div class=\"elementor-divider\">\n\t\t\t<span class=\"elementor-divider-separator\">\n\t\t\t\t\t\t<\/span>\n\t\t<\/div>\n\t\t\t\t\t\t<\/div>\n\t\t\t\t<\/div>\n\t\t\t\t\t<\/div>\n\t\t<\/div>\n\t\t\t\t\t<\/div>\n\t\t<\/section>\n\t\t\t\t<section class=\"elementor-section elementor-top-section elementor-element elementor-element-6b4983d elementor-section-boxed elementor-section-height-default elementor-section-height-default row-top\" data-id=\"6b4983d\" data-element_type=\"section\" data-e-type=\"section\">\n\t\t\t\t\t\t<div class=\"elementor-container elementor-column-gap-default\">\n\t\t\t\t\t<div class=\"elementor-column elementor-col-100 elementor-top-column elementor-element elementor-element-f56506b column-style-top\" data-id=\"f56506b\" data-element_type=\"column\" data-e-type=\"column\">\n\t\t\t<div class=\"elementor-widget-wrap elementor-element-populated\">\n\t\t\t\t\t\t<div class=\"elementor-element elementor-element-797d723 elementor-widget elementor-widget-heading\" data-id=\"797d723\" data-element_type=\"widget\" data-e-type=\"widget\" data-widget_type=\"heading.default\">\n\t\t\t\t<div class=\"elementor-widget-container\">\n\t\t\t\t\t<h2 class=\"elementor-heading-title elementor-size-default\">Guidelines for the scientific poster:<\/h2>\t\t\t\t<\/div>\n\t\t\t\t<\/div>\n\t\t\t\t<div class=\"elementor-element elementor-element-16d1adc elementor-widget elementor-widget-text-editor\" data-id=\"16d1adc\" data-element_type=\"widget\" data-e-type=\"widget\" data-widget_type=\"text-editor.default\">\n\t\t\t\t<div class=\"elementor-widget-container\">\n\t\t\t\t\t\t\t\t\t<p><span style=\"font-weight: 400;\">Participants in the PRESENTER category must upload the information corresponding to their research project, in Word format, to the registration link.<\/span><\/p><p><span style=\"font-weight: 400;\">The poster should include the following elements: title, authors and institutional affiliation, introduction (problem statement, research question, objectives or purpose, and contributions of the study), methodology, final results or progress, and conclusions. You may add one or two images, photographs, or tables in JPG format.<\/span><\/p><p><span style=\"font-weight: 400;\">With that information, the university is responsible for designing and printing the poster to be displayed at the congress.<\/span><\/p>\t\t\t\t\t\t\t\t<\/div>\n\t\t\t\t<\/div>\n\t\t\t\t<div class=\"elementor-element elementor-element-05e2f59 elementor-widget-divider--view-line elementor-widget elementor-widget-divider\" data-id=\"05e2f59\" data-element_type=\"widget\" data-e-type=\"widget\" data-widget_type=\"divider.default\">\n\t\t\t\t<div class=\"elementor-widget-container\">\n\t\t\t\t\t\t\t<div class=\"elementor-divider\">\n\t\t\t<span class=\"elementor-divider-separator\">\n\t\t\t\t\t\t<\/span>\n\t\t<\/div>\n\t\t\t\t\t\t<\/div>\n\t\t\t\t<\/div>\n\t\t\t\t<div class=\"elementor-element elementor-element-58789c2 elementor-widget elementor-widget-heading\" data-id=\"58789c2\" data-element_type=\"widget\" data-e-type=\"widget\" data-widget_type=\"heading.default\">\n\t\t\t\t<div class=\"elementor-widget-container\">\n\t\t\t\t\t<h2 class=\"elementor-heading-title elementor-size-default\">Student Research Science Gallery<\/h2>\t\t\t\t<\/div>\n\t\t\t\t<\/div>\n\t\t\t\t\t<\/div>\n\t\t<\/div>\n\t\t\t\t\t<\/div>\n\t\t<\/section>\n\t\t\t\t<section class=\"elementor-section elementor-top-section elementor-element elementor-element-0f148bb elementor-section-boxed elementor-section-height-default elementor-section-height-default row-top\" data-id=\"0f148bb\" data-element_type=\"section\" data-e-type=\"section\">\n\t\t\t\t\t\t<div class=\"elementor-container elementor-column-gap-default\">\n\t\t\t\t\t<div class=\"elementor-column elementor-col-100 elementor-top-column elementor-element elementor-element-996e972 column-style-top\" data-id=\"996e972\" data-element_type=\"column\" data-e-type=\"column\">\n\t\t\t<div class=\"elementor-widget-wrap elementor-element-populated\">\n\t\t\t\t\t\t<div class=\"elementor-element elementor-element-9830da5 elementor-widget elementor-widget-text-editor\" data-id=\"9830da5\" data-element_type=\"widget\" data-e-type=\"widget\" data-widget_type=\"text-editor.default\">\n\t\t\t\t<div class=\"elementor-widget-container\">\n\t\t\t\t\t\t\t\t\t<p><span style=\"font-weight: 400;\">Space intended for the presentation and socialization of scientific posters prepared by university students, promoting the exchange of research experiences, the dissemination of knowledge and the strengthening of scientific culture.<\/span><\/p><p><b>Addressed to:<\/b><\/p><ul><li><span style=\"font-weight: 400;\"> Undergraduate university students.<\/span><\/li><li><span style=\"font-weight: 400;\"> Members of research groups.<\/span><\/li><li><span style=\"font-weight: 400;\"> Students interested in starting their research career.<\/span><\/li><li><span style=\"font-weight: 400;\"> Teachers and research tutors.<\/span><\/li><li><span style=\"font-weight: 400;\"> Young researchers.<\/span><\/li><li><span style=\"font-weight: 400;\"> National and international academic community.<\/span><\/li><\/ul><p><b>The congress includes:<\/b><\/p><p><span style=\"font-weight: 400;\">\u2714<\/span><span style=\"font-weight: 400;\"> International keynote lectures.<\/span><\/p><p><span style=\"font-weight: 400;\">\u2714<\/span><span style=\"font-weight: 400;\"> Disciplinary workshops.<\/span><\/p><p><span style=\"font-weight: 400;\">\u2714<\/span><span style=\"font-weight: 400;\"> Student Research Science Gallery.<\/span><\/p><p><span style=\"font-weight: 400;\">\u2714<\/span><span style=\"font-weight: 400;\"> Digital certificate of participation as a speaker or attendee<\/span><\/p><p><span style=\"font-weight: 400;\">\u2714<\/span><span style=\"font-weight: 400;\"> Digital certificate of participation in the disciplinary workshop<\/span><\/p><p><span style=\"font-weight: 400;\">\u2714<\/span><span style=\"font-weight: 400;\"> Academic networking spaces.<\/span><\/p><p><span style=\"font-weight: 400;\">\u2714<\/span><span style=\"font-weight: 400;\"> Exchange of experiences with national and international researchers.<\/span><\/p><p><span style=\"font-weight: 400;\">\u2714<\/span><span style=\"font-weight: 400;\"> Coffee Break morning and afternoon. .<\/span><\/p><p><b>By participating in the congress you will receive:<\/b><\/p><p><span style=\"font-weight: 400;\">\u2714<\/span><span style=\"font-weight: 400;\"> Event backpack.<\/span><span style=\"font-weight: 400;\"><br \/><\/span><span style=\"font-weight: 400;\">\u2714<\/span><span style=\"font-weight: 400;\"> Copy of the book <\/span><b>\u00ab&quot;Fundamentals of the research<\/b><span style=\"font-weight: 400;\">\u00ab&quot;, by international speakers Roberto Hern\u00e1ndez Sampieri and Christiane Pauline Mendoza. Time will be set aside in the schedule for the authors to sign books.&quot;<\/span><span style=\"font-weight: 400;\"><br \/><\/span><span style=\"font-weight: 400;\">\u2714<\/span><span style=\"font-weight: 400;\"> Pop material.<\/span><\/p>\t\t\t\t\t\t\t\t<\/div>\n\t\t\t\t<\/div>\n\t\t\t\t<div class=\"elementor-element elementor-element-02d0cf9 elementor-widget elementor-widget-heading\" data-id=\"02d0cf9\" data-element_type=\"widget\" data-e-type=\"widget\" data-widget_type=\"heading.default\">\n\t\t\t\t<div class=\"elementor-widget-container\">\n\t\t\t\t\t<h5 class=\"elementor-heading-title elementor-size-default\">Registration fees<\/h5>\t\t\t\t<\/div>\n\t\t\t\t<\/div>\n\t\t\t\t<div class=\"elementor-element elementor-element-6a97e10 elementor-widget elementor-widget-price-list\" data-id=\"6a97e10\" data-element_type=\"widget\" data-e-type=\"widget\" data-widget_type=\"price-list.default\">\n\t\t\t\t<div class=\"elementor-widget-container\">\n\t\t\t\t\t\n\t\t<ul class=\"elementor-price-list\">\n\n\t\t\t\t\t\t\t\t\t<li><a class=\"elementor-price-list-item\" href=\"#\">\t\t\t\t\n\t\t\t\t<div class=\"elementor-price-list-text\">\n\t\t\t\t\t\t\t\t\t<div class=\"elementor-price-list-header\">\n\t\t\t\t\t\t\t\t\t\t\t<span class=\"elementor-price-list-title\">\n\t\t\t\t\t\t\tUMECIT Assistant or Speaker\t\t\t\t\t\t<\/span>\n\t\t\t\t\t\t\t\t\t\t\t\t\t\t\t\t\t\t<span class=\"elementor-price-list-separator\"><\/span>\n\t\t\t\t\t\t\t\t\t\t\t\t\t\t\t\t\t\t\t<span class=\"elementor-price-list-price\">B\/.190<\/span>\n\t\t\t\t\t\t\t\t\t\t<\/div>\n\t\t\t\t\t\t\t\t\t\t\t\t<\/div>\n\t\t\t\t<\/a><\/li>\t\t\t\t\t\t\t\t\t\t\t\t<li><a class=\"elementor-price-list-item\" href=\"#\">\t\t\t\t\n\t\t\t\t<div class=\"elementor-price-list-text\">\n\t\t\t\t\t\t\t\t\t<div class=\"elementor-price-list-header\">\n\t\t\t\t\t\t\t\t\t\t\t<span class=\"elementor-price-list-title\">\n\t\t\t\t\t\t\tExternal Assistant (Speaker or attendee)\t\t\t\t\t\t<\/span>\n\t\t\t\t\t\t\t\t\t\t\t\t\t\t\t\t\t\t<span class=\"elementor-price-list-separator\"><\/span>\n\t\t\t\t\t\t\t\t\t\t\t\t\t\t\t\t\t\t\t<span class=\"elementor-price-list-price\">B\/. 200<\/span>\n\t\t\t\t\t\t\t\t\t\t<\/div>\n\t\t\t\t\t\t\t\t\t\t\t\t<\/div>\n\t\t\t\t<\/a><\/li>\t\t\t\t\t\n\t\t<\/ul>\n\n\t\t\t\t\t\t<\/div>\n\t\t\t\t<\/div>\n\t\t\t\t<div class=\"elementor-element elementor-element-9b4475e elementor-widget elementor-widget-text-editor\" data-id=\"9b4475e\" data-element_type=\"widget\" data-e-type=\"widget\" data-widget_type=\"text-editor.default\">\n\t\t\t\t<div class=\"elementor-widget-container\">\n\t\t\t\t\t\t\t\t\t<p><b>Important Dates<\/b><\/p><p><span style=\"font-weight: 400;\">Final date for receipt of scientific posters: August 23, 2026\u00a0<\/span><\/p><p><span style=\"font-weight: 400;\">Registration closes: September 5, 2026. <\/span><b>LIMITED SPACES AVAILABLE!<\/b><span style=\"font-weight: 400;\"> Reserve your spot with 50%<\/span><\/p>\t\t\t\t\t\t\t\t<\/div>\n\t\t\t\t<\/div>\n\t\t\t\t<div class=\"elementor-element elementor-element-89d8555 elementor-widget elementor-widget-heading\" data-id=\"89d8555\" data-element_type=\"widget\" data-e-type=\"widget\" data-widget_type=\"heading.default\">\n\t\t\t\t<div class=\"elementor-widget-container\">\n\t\t\t\t\t<h2 class=\"elementor-heading-title elementor-size-default\">Registration and Enrollment in the event: <\/h2>\t\t\t\t<\/div>\n\t\t\t\t<\/div>\n\t\t\t\t<div class=\"elementor-element elementor-element-5c7ff33 elementor-align-center elementor-widget elementor-widget-button\" data-id=\"5c7ff33\" data-element_type=\"widget\" data-e-type=\"widget\" data-widget_type=\"button.default\">\n\t\t\t\t<div class=\"elementor-widget-container\">\n\t\t\t\t\t\t\t\t\t<div class=\"elementor-button-wrapper\">\n\t\t\t\t\t<a class=\"elementor-button elementor-button-link elementor-size-sm\" href=\"https:\/\/docs.google.com\/forms\/d\/e\/1FAIpQLScrzuXb8nq0oKMPYMUQd6fOWPMWnVax5e2bLkYeWLtHTsT3Aw\/viewform\">\n\t\t\t\t\t\t<span class=\"elementor-button-content-wrapper\">\n\t\t\t\t\t\t\t\t\t<span class=\"elementor-button-text\">CLICK HERE<\/span>\n\t\t\t\t\t<\/span>\n\t\t\t\t\t<\/a>\n\t\t\t\t<\/div>\n\t\t\t\t\t\t\t\t<\/div>\n\t\t\t\t<\/div>\n\t\t\t\t<div class=\"elementor-element elementor-element-acf74a9 elementor-widget elementor-widget-text-editor\" data-id=\"acf74a9\" data-element_type=\"widget\" data-e-type=\"widget\" data-widget_type=\"text-editor.default\">\n\t\t\t\t<div class=\"elementor-widget-container\">\n\t\t\t\t\t\t\t\t\t<p><b>DON&#039;T FORGET: ONCE YOU MAKE THE PAYMENT, YOU MUST REGISTER VIA THE REGISTRATION LINK<\/b><\/p>\t\t\t\t\t\t\t\t<\/div>\n\t\t\t\t<\/div>\n\t\t\t\t<div class=\"elementor-element elementor-element-9c341d3 elementor-widget elementor-widget-text-editor\" data-id=\"9c341d3\" data-element_type=\"widget\" data-e-type=\"widget\" data-widget_type=\"text-editor.default\">\n\t\t\t\t<div class=\"elementor-widget-container\">\n\t\t\t\t\t\t\t\t\t<h4>Payment methods:\u00a0<\/h4><ul><li>Direct payment at any of the UMECIT cashiers, indicating: 2nd Congress of Research Seedbeds\u00a0\u00a0<\/li><li>Bank Deposit \u2013 Banco General: Name: UMECIT \u2013 (Current Account) \u2013 No.: 0371011018159<\/li><li>Yappy Directory: You only need to: Write (@UMECIT) and complete the payment information, indicating in the concept: 2nd Congress of Research Seedbeds\u00a0\u00a0<\/li><li><b>International orders via the payment button:\u00a0<\/b><\/li><\/ul>\t\t\t\t\t\t\t\t<\/div>\n\t\t\t\t<\/div>\n\t\t\t\t<div class=\"elementor-element elementor-element-2d5921a elementor-align-center elementor-widget elementor-widget-button\" data-id=\"2d5921a\" data-element_type=\"widget\" data-e-type=\"widget\" data-widget_type=\"button.default\">\n\t\t\t\t<div class=\"elementor-widget-container\">\n\t\t\t\t\t\t\t\t\t<div class=\"elementor-button-wrapper\">\n\t\t\t\t\t<a class=\"elementor-button elementor-button-link elementor-size-sm\" href=\"https:\/\/checkout.baccredomatic.com\/MDVhNmMuMWQzZjIyNTg5Mjc5MDY4NmExNzg0NzU3NDU4\">\n\t\t\t\t\t\t<span class=\"elementor-button-content-wrapper\">\n\t\t\t\t\t\t\t\t\t<span class=\"elementor-button-text\">CLICK HERE<\/span>\n\t\t\t\t\t<\/span>\n\t\t\t\t\t<\/a>\n\t\t\t\t<\/div>\n\t\t\t\t\t\t\t\t<\/div>\n\t\t\t\t<\/div>\n\t\t\t\t<div class=\"elementor-element elementor-element-20cdddd elementor-widget elementor-widget-heading\" data-id=\"20cdddd\" data-element_type=\"widget\" data-e-type=\"widget\" data-widget_type=\"heading.default\">\n\t\t\t\t<div class=\"elementor-widget-container\">\n\t\t\t\t\t<h2 class=\"elementor-heading-title elementor-size-default\">\nFINAL PROGRAM\n\n<\/h2>\t\t\t\t<\/div>\n\t\t\t\t<\/div>\n\t\t\t\t<div class=\"elementor-element elementor-element-81434a7 elementor-widget elementor-widget-heading\" data-id=\"81434a7\" data-element_type=\"widget\" data-e-type=\"widget\" data-widget_type=\"heading.default\">\n\t\t\t\t<div class=\"elementor-widget-container\">\n\t\t\t\t\t<h6 class=\"elementor-heading-title elementor-size-default\">2nd International Congress of Research Seedbeds: \u201cEmpowering talents through research\u201d<\/h6>\t\t\t\t<\/div>\n\t\t\t\t<\/div>\n\t\t\t\t<div class=\"elementor-element elementor-element-564492d elementor-widget elementor-widget-image\" data-id=\"564492d\" data-element_type=\"widget\" data-e-type=\"widget\" data-widget_type=\"image.default\">\n\t\t\t\t<div class=\"elementor-widget-container\">\n\t\t\t\t\t\t\t\t\t\t\t\t\t\t\t<img fetchpriority=\"high\" decoding=\"async\" width=\"819\" height=\"1024\" src=\"https:\/\/umecit.edu.pa\/wp-content\/uploads\/2026\/07\/ChatGPT-Image-22-jul-2026-05_05_37-p.m-819x1024.png\" class=\"attachment-large size-large wp-image-135171\" alt=\"\" srcset=\"https:\/\/umecit.edu.pa\/wp-content\/uploads\/2026\/07\/ChatGPT-Image-22-jul-2026-05_05_37-p.m-819x1024.png 819w, https:\/\/umecit.edu.pa\/wp-content\/uploads\/2026\/07\/ChatGPT-Image-22-jul-2026-05_05_37-p.m-768x960.png 768w, https:\/\/umecit.edu.pa\/wp-content\/uploads\/2026\/07\/ChatGPT-Image-22-jul-2026-05_05_37-p.m-10x12.png 10w, https:\/\/umecit.edu.pa\/wp-content\/uploads\/2026\/07\/ChatGPT-Image-22-jul-2026-05_05_37-p.m.png 975w\" sizes=\"(max-width: 819px) 100vw, 819px\" \/>\t\t\t\t\t\t\t\t\t\t\t\t\t\t\t<\/div>\n\t\t\t\t<\/div>\n\t\t\t\t<div class=\"elementor-element elementor-element-08df5cf elementor-widget elementor-widget-image\" data-id=\"08df5cf\" data-element_type=\"widget\" data-e-type=\"widget\" data-widget_type=\"image.default\">\n\t\t\t\t<div class=\"elementor-widget-container\">\n\t\t\t\t\t\t\t\t\t\t\t\t\t\t\t<img decoding=\"async\" width=\"867\" height=\"1024\" src=\"https:\/\/umecit.edu.pa\/wp-content\/uploads\/2026\/07\/ChatGPT-Image-22-jul-2026-05_07_02-p.m-867x1024.png\" class=\"attachment-large size-large wp-image-135172\" alt=\"\" srcset=\"https:\/\/umecit.edu.pa\/wp-content\/uploads\/2026\/07\/ChatGPT-Image-22-jul-2026-05_07_02-p.m-867x1024.png 867w, https:\/\/umecit.edu.pa\/wp-content\/uploads\/2026\/07\/ChatGPT-Image-22-jul-2026-05_07_02-p.m-768x907.png 768w, https:\/\/umecit.edu.pa\/wp-content\/uploads\/2026\/07\/ChatGPT-Image-22-jul-2026-05_07_02-p.m-10x12.png 10w, https:\/\/umecit.edu.pa\/wp-content\/uploads\/2026\/07\/ChatGPT-Image-22-jul-2026-05_07_02-p.m.png 1011w\" sizes=\"(max-width: 867px) 100vw, 867px\" \/>\t\t\t\t\t\t\t\t\t\t\t\t\t\t\t<\/div>\n\t\t\t\t<\/div>\n\t\t\t\t<div class=\"elementor-element elementor-element-975ccd6 elementor-widget elementor-widget-image\" data-id=\"975ccd6\" data-element_type=\"widget\" data-e-type=\"widget\" data-widget_type=\"image.default\">\n\t\t\t\t<div class=\"elementor-widget-container\">\n\t\t\t\t\t\t\t\t\t\t\t\t\t\t\t<img decoding=\"async\" width=\"900\" height=\"430\" src=\"https:\/\/umecit.edu.pa\/wp-content\/uploads\/2026\/07\/ChatGPT-Image-22-jul-2026-05_08_54-p.m-1-1024x489.png\" class=\"attachment-large size-large wp-image-135174\" alt=\"\" srcset=\"https:\/\/umecit.edu.pa\/wp-content\/uploads\/2026\/07\/ChatGPT-Image-22-jul-2026-05_08_54-p.m-1-1024x489.png 1024w, https:\/\/umecit.edu.pa\/wp-content\/uploads\/2026\/07\/ChatGPT-Image-22-jul-2026-05_08_54-p.m-1-768x367.png 768w, https:\/\/umecit.edu.pa\/wp-content\/uploads\/2026\/07\/ChatGPT-Image-22-jul-2026-05_08_54-p.m-1-18x9.png 18w, https:\/\/umecit.edu.pa\/wp-content\/uploads\/2026\/07\/ChatGPT-Image-22-jul-2026-05_08_54-p.m-1.png 1475w\" sizes=\"(max-width: 900px) 100vw, 900px\" \/>\t\t\t\t\t\t\t\t\t\t\t\t\t\t\t<\/div>\n\t\t\t\t<\/div>\n\t\t\t\t\t<\/div>\n\t\t<\/div>\n\t\t\t\t\t<\/div>\n\t\t<\/section>\n\t\t\t\t<\/div>","protected":false},"excerpt":{"rendered":"<p>Ciencia que inspira, talentos que transforman. Con la participaci\u00f3n de Roberto Hern\u00e1ndez Sampieri y Christiane Pauline Mendoza, dos de los referentes iberoamericanos m\u00e1s reconocidos en metodolog\u00eda de la investigaci\u00f3n y formaci\u00f3n de investigadores. Fecha: \u00a014 y 15 de septiembre de 2026Lugar: Hotel Sortis. Calle 56 y 57 Este, Obarrio, Bella Vista. Ciudad de Panam\u00e1, Panam\u00e1 [&hellip;]<\/p>\n","protected":false},"author":827,"featured_media":135168,"comment_status":"closed","ping_status":"closed","sticky":false,"template":"","format":"standard","meta":{"footnotes":""},"categories":[73,244,256,68,109,174],"tags":[],"class_list":["post-135163","post","type-post","status-publish","format-standard","has-post-thumbnail","hentry","category-educacion","category-graduados","category-internacionalizacion","category-investigacion","category-noticias","category-universidad"],"yoast_head":"<!-- This site is optimized with the Yoast SEO plugin v28.2 - https:\/\/yoast.com\/product\/yoast-seo-wordpress\/ -->\n<title>2DO CONGRESO INTERNACIONAL DE SEMILLEROS DE INVESTIGACI\u00d3N<\/title>\n<meta name=\"description\" content=\"El 2do. Congreso Internacional de Semilleros de Investigaci\u00f3n constituye un espacio acad\u00e9mico internacional dise\u00f1ado para inspirar, fortalecer y proyectar el talento investigativo de los estudiantes universitarios. Durante dos jornadas, los participantes vivir\u00e1n una experiencia formativa que integra conferencias magistrales con referentes internacionales de la investigaci\u00f3n, talleres disciplinares, intercambio acad\u00e9mico y divulgaci\u00f3n cient\u00edfica estudiantil mediante la presentaci\u00f3n de p\u00f3steres cient\u00edficos.\" \/>\n<meta name=\"robots\" content=\"index, follow, max-snippet:-1, max-image-preview:large, max-video-preview:-1\" \/>\n<link rel=\"canonical\" href=\"https:\/\/ec2-44-206-156-148.compute-1.amazonaws.com\/en\/2do-congreso-internacional-de-semilleros-de-investigacion\/\" \/>\n<meta property=\"og:locale\" content=\"en_US\" \/>\n<meta property=\"og:type\" content=\"article\" \/>\n<meta property=\"og:title\" content=\"2DO CONGRESO INTERNACIONAL DE SEMILLEROS DE INVESTIGACI\u00d3N\" \/>\n<meta property=\"og:description\" content=\"El 2do. Congreso Internacional de Semilleros de Investigaci\u00f3n constituye un espacio acad\u00e9mico internacional dise\u00f1ado para inspirar, fortalecer y proyectar el talento investigativo de los estudiantes universitarios. Durante dos jornadas, los participantes vivir\u00e1n una experiencia formativa que integra conferencias magistrales con referentes internacionales de la investigaci\u00f3n, talleres disciplinares, intercambio acad\u00e9mico y divulgaci\u00f3n cient\u00edfica estudiantil mediante la presentaci\u00f3n de p\u00f3steres cient\u00edficos.\" \/>\n<meta property=\"og:url\" content=\"https:\/\/ec2-44-206-156-148.compute-1.amazonaws.com\/en\/2do-congreso-internacional-de-semilleros-de-investigacion\/\" \/>\n<meta property=\"og:site_name\" content=\"Umecit - Universidad en Panam\u00e1\" \/>\n<meta property=\"article:publisher\" content=\"https:\/\/www.facebook.com\/umecitpanama\/\" \/>\n<meta property=\"article:published_time\" content=\"2026-07-22T22:11:00+00:00\" \/>\n<meta property=\"article:modified_time\" content=\"2026-08-25T18:01:57+00:00\" \/>\n<meta property=\"og:image\" content=\"https:\/\/ec2-44-206-156-148.compute-1.amazonaws.com\/wp-content\/uploads\/2026\/07\/WhatsApp-Image-2026-07-22-at-15.17.23.jpeg\" \/>\n\t<meta property=\"og:image:width\" content=\"1600\" \/>\n\t<meta property=\"og:image:height\" content=\"595\" \/>\n\t<meta property=\"og:image:type\" content=\"image\/jpeg\" \/>\n<meta name=\"author\" content=\"UM\" \/>\n<meta name=\"twitter:card\" content=\"summary_large_image\" \/>\n<meta name=\"twitter:creator\" content=\"@umecitpanama\" \/>\n<meta name=\"twitter:site\" content=\"@umecitpanama\" \/>\n<meta name=\"twitter:label1\" content=\"Written by\" \/>\n\t<meta name=\"twitter:data1\" content=\"UM\" \/>\n\t<meta name=\"twitter:label2\" content=\"Est. reading time\" \/>\n\t<meta name=\"twitter:data2\" content=\"7 minutes\" \/>\n<script type=\"application\/ld+json\" class=\"yoast-schema-graph\">{\"@context\":\"https:\\\/\\\/schema.org\",\"@graph\":[{\"@type\":\"Article\",\"@id\":\"https:\\\/\\\/ec2-44-206-156-148.compute-1.amazonaws.com\\\/en\\\/2do-congreso-internacional-de-semilleros-de-investigacion\\\/#article\",\"isPartOf\":{\"@id\":\"https:\\\/\\\/ec2-44-206-156-148.compute-1.amazonaws.com\\\/en\\\/2do-congreso-internacional-de-semilleros-de-investigacion\\\/\"},\"author\":{\"name\":\"UM\",\"@id\":\"https:\\\/\\\/umecit.edu.pa\\\/#\\\/schema\\\/person\\\/40099dc83e5be57ddf08048ddb57d348\"},\"headline\":\"2DO CONGRESO INTERNACIONAL DE SEMILLEROS DE INVESTIGACI\u00d3N\",\"datePublished\":\"2026-07-22T22:11:00+00:00\",\"dateModified\":\"2026-08-25T18:01:57+00:00\",\"mainEntityOfPage\":{\"@id\":\"https:\\\/\\\/ec2-44-206-156-148.compute-1.amazonaws.com\\\/en\\\/2do-congreso-internacional-de-semilleros-de-investigacion\\\/\"},\"wordCount\":1415,\"publisher\":{\"@id\":\"https:\\\/\\\/umecit.edu.pa\\\/#organization\"},\"image\":{\"@id\":\"https:\\\/\\\/ec2-44-206-156-148.compute-1.amazonaws.com\\\/en\\\/2do-congreso-internacional-de-semilleros-de-investigacion\\\/#primaryimage\"},\"thumbnailUrl\":\"https:\\\/\\\/umecit.edu.pa\\\/wp-content\\\/uploads\\\/2026\\\/07\\\/WhatsApp-Image-2026-07-22-at-15.17.23.jpeg\",\"articleSection\":[\"Educaci\u00f3n\",\"Graduados\",\"Internacionalizaci\u00f3n\",\"Investigaci\u00f3n\",\"Noticias\",\"Universidad\"],\"inLanguage\":\"en-US\"},{\"@type\":\"WebPage\",\"@id\":\"https:\\\/\\\/ec2-44-206-156-148.compute-1.amazonaws.com\\\/en\\\/2do-congreso-internacional-de-semilleros-de-investigacion\\\/\",\"url\":\"https:\\\/\\\/ec2-44-206-156-148.compute-1.amazonaws.com\\\/en\\\/2do-congreso-internacional-de-semilleros-de-investigacion\\\/\",\"name\":\"2DO CONGRESO INTERNACIONAL DE SEMILLEROS DE INVESTIGACI\u00d3N\",\"isPartOf\":{\"@id\":\"https:\\\/\\\/umecit.edu.pa\\\/#website\"},\"primaryImageOfPage\":{\"@id\":\"https:\\\/\\\/ec2-44-206-156-148.compute-1.amazonaws.com\\\/en\\\/2do-congreso-internacional-de-semilleros-de-investigacion\\\/#primaryimage\"},\"image\":{\"@id\":\"https:\\\/\\\/ec2-44-206-156-148.compute-1.amazonaws.com\\\/en\\\/2do-congreso-internacional-de-semilleros-de-investigacion\\\/#primaryimage\"},\"thumbnailUrl\":\"https:\\\/\\\/umecit.edu.pa\\\/wp-content\\\/uploads\\\/2026\\\/07\\\/WhatsApp-Image-2026-07-22-at-15.17.23.jpeg\",\"datePublished\":\"2026-07-22T22:11:00+00:00\",\"dateModified\":\"2026-08-25T18:01:57+00:00\",\"description\":\"El 2do. Congreso Internacional de Semilleros de Investigaci\u00f3n constituye un espacio acad\u00e9mico internacional dise\u00f1ado para inspirar, fortalecer y proyectar el talento investigativo de los estudiantes universitarios. Durante dos jornadas, los participantes vivir\u00e1n una experiencia formativa que integra conferencias magistrales con referentes internacionales de la investigaci\u00f3n, talleres disciplinares, intercambio acad\u00e9mico y divulgaci\u00f3n cient\u00edfica estudiantil mediante la presentaci\u00f3n de p\u00f3steres cient\u00edficos.\",\"breadcrumb\":{\"@id\":\"https:\\\/\\\/ec2-44-206-156-148.compute-1.amazonaws.com\\\/en\\\/2do-congreso-internacional-de-semilleros-de-investigacion\\\/#breadcrumb\"},\"inLanguage\":\"en-US\",\"potentialAction\":[{\"@type\":\"ReadAction\",\"target\":[\"https:\\\/\\\/ec2-44-206-156-148.compute-1.amazonaws.com\\\/en\\\/2do-congreso-internacional-de-semilleros-de-investigacion\\\/\"]}]},{\"@type\":\"ImageObject\",\"inLanguage\":\"en-US\",\"@id\":\"https:\\\/\\\/ec2-44-206-156-148.compute-1.amazonaws.com\\\/en\\\/2do-congreso-internacional-de-semilleros-de-investigacion\\\/#primaryimage\",\"url\":\"https:\\\/\\\/umecit.edu.pa\\\/wp-content\\\/uploads\\\/2026\\\/07\\\/WhatsApp-Image-2026-07-22-at-15.17.23.jpeg\",\"contentUrl\":\"https:\\\/\\\/umecit.edu.pa\\\/wp-content\\\/uploads\\\/2026\\\/07\\\/WhatsApp-Image-2026-07-22-at-15.17.23.jpeg\",\"width\":1600,\"height\":595},{\"@type\":\"BreadcrumbList\",\"@id\":\"https:\\\/\\\/ec2-44-206-156-148.compute-1.amazonaws.com\\\/en\\\/2do-congreso-internacional-de-semilleros-de-investigacion\\\/#breadcrumb\",\"itemListElement\":[{\"@type\":\"ListItem\",\"position\":1,\"name\":\"Portada\",\"item\":\"https:\\\/\\\/umecit.edu.pa\\\/en\\\/\"},{\"@type\":\"ListItem\",\"position\":2,\"name\":\"2DO CONGRESO INTERNACIONAL DE SEMILLEROS DE INVESTIGACI\u00d3N\"}]},{\"@type\":\"WebSite\",\"@id\":\"https:\\\/\\\/umecit.edu.pa\\\/#website\",\"url\":\"https:\\\/\\\/umecit.edu.pa\\\/\",\"name\":\"Umecit - Universidad en Panam\u00e1\",\"description\":\"Universidad Metropolitana de Educaci\u00f3n, Ciencia y Tecnolog\u00eda\",\"publisher\":{\"@id\":\"https:\\\/\\\/umecit.edu.pa\\\/#organization\"},\"potentialAction\":[{\"@type\":\"SearchAction\",\"target\":{\"@type\":\"EntryPoint\",\"urlTemplate\":\"https:\\\/\\\/umecit.edu.pa\\\/?s={search_term_string}\"},\"query-input\":{\"@type\":\"PropertyValueSpecification\",\"valueRequired\":true,\"valueName\":\"search_term_string\"}}],\"inLanguage\":\"en-US\"},{\"@type\":\"Organization\",\"@id\":\"https:\\\/\\\/umecit.edu.pa\\\/#organization\",\"name\":\"Umecit - Universidad en Panam\u00e1\",\"url\":\"https:\\\/\\\/umecit.edu.pa\\\/\",\"logo\":{\"@type\":\"ImageObject\",\"inLanguage\":\"en-US\",\"@id\":\"https:\\\/\\\/umecit.edu.pa\\\/#\\\/schema\\\/logo\\\/image\\\/\",\"url\":\"https:\\\/\\\/umecit.edu.pa\\\/wp-content\\\/uploads\\\/2022\\\/06\\\/panama-7.jpg\",\"contentUrl\":\"https:\\\/\\\/umecit.edu.pa\\\/wp-content\\\/uploads\\\/2022\\\/06\\\/panama-7.jpg\",\"width\":1200,\"height\":800,\"caption\":\"Umecit - Universidad en Panam\u00e1\"},\"image\":{\"@id\":\"https:\\\/\\\/umecit.edu.pa\\\/#\\\/schema\\\/logo\\\/image\\\/\"},\"sameAs\":[\"https:\\\/\\\/www.facebook.com\\\/umecitpanama\\\/\",\"https:\\\/\\\/x.com\\\/umecitpanama\",\"https:\\\/\\\/www.tiktok.com\\\/@umecit\",\"https:\\\/\\\/www.instagram.com\\\/umecit\\\/\",\"https:\\\/\\\/www.youtube.com\\\/channel\\\/UCP9iXFXi4p_EW_p9p6lprhg\"]},{\"@type\":\"Person\",\"@id\":\"https:\\\/\\\/umecit.edu.pa\\\/#\\\/schema\\\/person\\\/40099dc83e5be57ddf08048ddb57d348\",\"name\":\"UM\",\"image\":{\"@type\":\"ImageObject\",\"inLanguage\":\"en-US\",\"@id\":\"https:\\\/\\\/secure.gravatar.com\\\/avatar\\\/289b3ee8719ed036c744d5f50cde880741926cea9aeae4e17bdf2b4febc9d3c7?s=96&d=mm&r=g\",\"url\":\"https:\\\/\\\/secure.gravatar.com\\\/avatar\\\/289b3ee8719ed036c744d5f50cde880741926cea9aeae4e17bdf2b4febc9d3c7?s=96&d=mm&r=g\",\"contentUrl\":\"https:\\\/\\\/secure.gravatar.com\\\/avatar\\\/289b3ee8719ed036c744d5f50cde880741926cea9aeae4e17bdf2b4febc9d3c7?s=96&d=mm&r=g\",\"caption\":\"UM\"},\"url\":\"https:\\\/\\\/umecit.edu.pa\\\/en\\\/author\\\/dp\\\/\"}]}<\/script>\n<!-- \/ Yoast SEO plugin. -->","yoast_head_json":{"title":"2ND INTERNATIONAL CONGRESS OF RESEARCH SEEDBEDS","description":"The 2nd International Congress of Research Seedbeds is an international academic forum designed to inspire, strengthen, and promote the research talent of university students. Over two days, participants will enjoy a formative experience that includes keynote lectures by internationally renowned researchers, disciplinary workshops, academic exchange, and student science outreach through the presentation of scientific posters.","robots":{"index":"index","follow":"follow","max-snippet":"max-snippet:-1","max-image-preview":"max-image-preview:large","max-video-preview":"max-video-preview:-1"},"canonical":"https:\/\/ec2-44-206-156-148.compute-1.amazonaws.com\/en\/2do-congreso-internacional-de-semilleros-de-investigacion\/","og_locale":"en_US","og_type":"article","og_title":"2DO CONGRESO INTERNACIONAL DE SEMILLEROS DE INVESTIGACI\u00d3N","og_description":"El 2do. Congreso Internacional de Semilleros de Investigaci\u00f3n constituye un espacio acad\u00e9mico internacional dise\u00f1ado para inspirar, fortalecer y proyectar el talento investigativo de los estudiantes universitarios. Durante dos jornadas, los participantes vivir\u00e1n una experiencia formativa que integra conferencias magistrales con referentes internacionales de la investigaci\u00f3n, talleres disciplinares, intercambio acad\u00e9mico y divulgaci\u00f3n cient\u00edfica estudiantil mediante la presentaci\u00f3n de p\u00f3steres cient\u00edficos.","og_url":"https:\/\/ec2-44-206-156-148.compute-1.amazonaws.com\/en\/2do-congreso-internacional-de-semilleros-de-investigacion\/","og_site_name":"Umecit - Universidad en Panam\u00e1","article_publisher":"https:\/\/www.facebook.com\/umecitpanama\/","article_published_time":"2026-07-22T22:11:00+00:00","article_modified_time":"2026-08-25T18:01:57+00:00","og_image":[{"width":1600,"height":595,"url":"https:\/\/ec2-44-206-156-148.compute-1.amazonaws.com\/wp-content\/uploads\/2026\/07\/WhatsApp-Image-2026-07-22-at-15.17.23.jpeg","type":"image\/jpeg"}],"author":"UM","twitter_card":"summary_large_image","twitter_creator":"@umecitpanama","twitter_site":"@umecitpanama","twitter_misc":{"Written by":"UM","Est. reading time":"7 minutes"},"schema":{"@context":"https:\/\/schema.org","@graph":[{"@type":"Article","@id":"https:\/\/ec2-44-206-156-148.compute-1.amazonaws.com\/en\/2do-congreso-internacional-de-semilleros-de-investigacion\/#article","isPartOf":{"@id":"https:\/\/ec2-44-206-156-148.compute-1.amazonaws.com\/en\/2do-congreso-internacional-de-semilleros-de-investigacion\/"},"author":{"name":"UM","@id":"https:\/\/umecit.edu.pa\/#\/schema\/person\/40099dc83e5be57ddf08048ddb57d348"},"headline":"2DO CONGRESO INTERNACIONAL DE SEMILLEROS DE INVESTIGACI\u00d3N","datePublished":"2026-07-22T22:11:00+00:00","dateModified":"2026-08-25T18:01:57+00:00","mainEntityOfPage":{"@id":"https:\/\/ec2-44-206-156-148.compute-1.amazonaws.com\/en\/2do-congreso-internacional-de-semilleros-de-investigacion\/"},"wordCount":1415,"publisher":{"@id":"https:\/\/umecit.edu.pa\/#organization"},"image":{"@id":"https:\/\/ec2-44-206-156-148.compute-1.amazonaws.com\/en\/2do-congreso-internacional-de-semilleros-de-investigacion\/#primaryimage"},"thumbnailUrl":"https:\/\/umecit.edu.pa\/wp-content\/uploads\/2026\/07\/WhatsApp-Image-2026-07-22-at-15.17.23.jpeg","articleSection":["Educaci\u00f3n","Graduados","Internacionalizaci\u00f3n","Investigaci\u00f3n","Noticias","Universidad"],"inLanguage":"en-US"},{"@type":"WebPage","@id":"https:\/\/ec2-44-206-156-148.compute-1.amazonaws.com\/en\/2do-congreso-internacional-de-semilleros-de-investigacion\/","url":"https:\/\/ec2-44-206-156-148.compute-1.amazonaws.com\/en\/2do-congreso-internacional-de-semilleros-de-investigacion\/","name":"2ND INTERNATIONAL CONGRESS OF RESEARCH SEEDBEDS","isPartOf":{"@id":"https:\/\/umecit.edu.pa\/#website"},"primaryImageOfPage":{"@id":"https:\/\/ec2-44-206-156-148.compute-1.amazonaws.com\/en\/2do-congreso-internacional-de-semilleros-de-investigacion\/#primaryimage"},"image":{"@id":"https:\/\/ec2-44-206-156-148.compute-1.amazonaws.com\/en\/2do-congreso-internacional-de-semilleros-de-investigacion\/#primaryimage"},"thumbnailUrl":"https:\/\/umecit.edu.pa\/wp-content\/uploads\/2026\/07\/WhatsApp-Image-2026-07-22-at-15.17.23.jpeg","datePublished":"2026-07-22T22:11:00+00:00","dateModified":"2026-08-25T18:01:57+00:00","description":"The 2nd International Congress of Research Seedbeds is an international academic forum designed to inspire, strengthen, and promote the research talent of university students. Over two days, participants will enjoy a formative experience that includes keynote lectures by internationally renowned researchers, disciplinary workshops, academic exchange, and student science outreach through the presentation of scientific posters.","breadcrumb":{"@id":"https:\/\/ec2-44-206-156-148.compute-1.amazonaws.com\/en\/2do-congreso-internacional-de-semilleros-de-investigacion\/#breadcrumb"},"inLanguage":"en-US","potentialAction":[{"@type":"ReadAction","target":["https:\/\/ec2-44-206-156-148.compute-1.amazonaws.com\/en\/2do-congreso-internacional-de-semilleros-de-investigacion\/"]}]},{"@type":"ImageObject","inLanguage":"en-US","@id":"https:\/\/ec2-44-206-156-148.compute-1.amazonaws.com\/en\/2do-congreso-internacional-de-semilleros-de-investigacion\/#primaryimage","url":"https:\/\/umecit.edu.pa\/wp-content\/uploads\/2026\/07\/WhatsApp-Image-2026-07-22-at-15.17.23.jpeg","contentUrl":"https:\/\/umecit.edu.pa\/wp-content\/uploads\/2026\/07\/WhatsApp-Image-2026-07-22-at-15.17.23.jpeg","width":1600,"height":595},{"@type":"BreadcrumbList","@id":"https:\/\/ec2-44-206-156-148.compute-1.amazonaws.com\/en\/2do-congreso-internacional-de-semilleros-de-investigacion\/#breadcrumb","itemListElement":[{"@type":"ListItem","position":1,"name":"Portada","item":"https:\/\/umecit.edu.pa\/en\/"},{"@type":"ListItem","position":2,"name":"2DO CONGRESO INTERNACIONAL DE SEMILLEROS DE INVESTIGACI\u00d3N"}]},{"@type":"WebSite","@id":"https:\/\/umecit.edu.pa\/#website","url":"https:\/\/umecit.edu.pa\/","name":"Umecit - University in Panama","description":"Metropolitan University of Education, Science and Technology","publisher":{"@id":"https:\/\/umecit.edu.pa\/#organization"},"potentialAction":[{"@type":"SearchAction","target":{"@type":"EntryPoint","urlTemplate":"https:\/\/umecit.edu.pa\/?s={search_term_string}"},"query-input":{"@type":"PropertyValueSpecification","valueRequired":true,"valueName":"search_term_string"}}],"inLanguage":"en-US"},{"@type":"Organization","@id":"https:\/\/umecit.edu.pa\/#organization","name":"Umecit - University in Panama","url":"https:\/\/umecit.edu.pa\/","logo":{"@type":"ImageObject","inLanguage":"en-US","@id":"https:\/\/umecit.edu.pa\/#\/schema\/logo\/image\/","url":"https:\/\/umecit.edu.pa\/wp-content\/uploads\/2022\/06\/panama-7.jpg","contentUrl":"https:\/\/umecit.edu.pa\/wp-content\/uploads\/2022\/06\/panama-7.jpg","width":1200,"height":800,"caption":"Umecit - Universidad en Panam\u00e1"},"image":{"@id":"https:\/\/umecit.edu.pa\/#\/schema\/logo\/image\/"},"sameAs":["https:\/\/www.facebook.com\/umecitpanama\/","https:\/\/x.com\/umecitpanama","https:\/\/www.tiktok.com\/@umecit","https:\/\/www.instagram.com\/umecit\/","https:\/\/www.youtube.com\/channel\/UCP9iXFXi4p_EW_p9p6lprhg"]},{"@type":"Person","@id":"https:\/\/umecit.edu.pa\/#\/schema\/person\/40099dc83e5be57ddf08048ddb57d348","name":"UM","image":{"@type":"ImageObject","inLanguage":"en-US","@id":"https:\/\/secure.gravatar.com\/avatar\/289b3ee8719ed036c744d5f50cde880741926cea9aeae4e17bdf2b4febc9d3c7?s=96&d=mm&r=g","url":"https:\/\/secure.gravatar.com\/avatar\/289b3ee8719ed036c744d5f50cde880741926cea9aeae4e17bdf2b4febc9d3c7?s=96&d=mm&r=g","contentUrl":"https:\/\/secure.gravatar.com\/avatar\/289b3ee8719ed036c744d5f50cde880741926cea9aeae4e17bdf2b4febc9d3c7?s=96&d=mm&r=g","caption":"UM"},"url":"https:\/\/umecit.edu.pa\/en\/author\/dp\/"}]}},"_links":{"self":[{"href":"https:\/\/umecit.edu.pa\/en\/wp-json\/wp\/v2\/posts\/135163","targetHints":{"allow":["GET"]}}],"collection":[{"href":"https:\/\/umecit.edu.pa\/en\/wp-json\/wp\/v2\/posts"}],"about":[{"href":"https:\/\/umecit.edu.pa\/en\/wp-json\/wp\/v2\/types\/post"}],"author":[{"embeddable":true,"href":"https:\/\/umecit.edu.pa\/en\/wp-json\/wp\/v2\/users\/827"}],"replies":[{"embeddable":true,"href":"https:\/\/umecit.edu.pa\/en\/wp-json\/wp\/v2\/comments?post=135163"}],"version-history":[{"count":0,"href":"https:\/\/umecit.edu.pa\/en\/wp-json\/wp\/v2\/posts\/135163\/revisions"}],"wp:featuredmedia":[{"embeddable":true,"href":"https:\/\/umecit.edu.pa\/en\/wp-json\/wp\/v2\/media\/135168"}],"wp:attachment":[{"href":"https:\/\/umecit.edu.pa\/en\/wp-json\/wp\/v2\/media?parent=135163"}],"wp:term":[{"taxonomy":"category","embeddable":true,"href":"https:\/\/umecit.edu.pa\/en\/wp-json\/wp\/v2\/categories?post=135163"},{"taxonomy":"post_tag","embeddable":true,"href":"https:\/\/umecit.edu.pa\/en\/wp-json\/wp\/v2\/tags?post=135163"}],"curies":[{"name":"wp","href":"https:\/\/api.w.org\/{rel}","templated":true}]}}