{"id":133567,"date":"2026-04-30T16:35:29","date_gmt":"2026-04-30T21:35:29","guid":{"rendered":"https:\/\/umecit.edu.pa\/?p=133567"},"modified":"2026-04-30T16:36:46","modified_gmt":"2026-04-30T21:36:46","slug":"impulsamos-el-dialogo-entre-educacion-empleo-y-desarrollo-regional-en-veraguas","status":"publish","type":"post","link":"https:\/\/umecit.edu.pa\/en\/impulsamos-el-dialogo-entre-educacion-empleo-y-desarrollo-regional-en-veraguas\/","title":{"rendered":"We promote dialogue between education, employment and regional development in Veraguas"},"content":{"rendered":"<div data-elementor-type=\"wp-post\" data-elementor-id=\"133567\" class=\"elementor elementor-133567\" data-elementor-post-type=\"post\">\n\t\t\t\t\t\t<section class=\"elementor-section elementor-top-section elementor-element elementor-element-22b206f elementor-section-boxed elementor-section-height-default elementor-section-height-default row-top\" data-id=\"22b206f\" data-element_type=\"section\" data-e-type=\"section\">\n\t\t\t\t\t\t<div class=\"elementor-container elementor-column-gap-default\">\n\t\t\t\t\t<div class=\"elementor-column elementor-col-100 elementor-top-column elementor-element elementor-element-e26aeec column-style-top\" data-id=\"e26aeec\" data-element_type=\"column\" data-e-type=\"column\">\n\t\t\t<div class=\"elementor-widget-wrap\">\n\t\t\t\t\t\t\t<\/div>\n\t\t<\/div>\n\t\t\t\t\t<\/div>\n\t\t<\/section>\n\t\t\t\t<section class=\"elementor-section elementor-top-section elementor-element elementor-element-bb9eae8 elementor-section-boxed elementor-section-height-default elementor-section-height-default row-top\" data-id=\"bb9eae8\" data-element_type=\"section\" data-e-type=\"section\">\n\t\t\t\t\t\t<div class=\"elementor-container elementor-column-gap-default\">\n\t\t\t\t\t<div class=\"elementor-column elementor-col-100 elementor-top-column elementor-element elementor-element-75e0061 column-style-top\" data-id=\"75e0061\" data-element_type=\"column\" data-e-type=\"column\">\n\t\t\t<div class=\"elementor-widget-wrap elementor-element-populated\">\n\t\t\t\t\t\t<div class=\"elementor-element elementor-element-7ef8c36 elementor-widget elementor-widget-text-editor\" data-id=\"7ef8c36\" data-element_type=\"widget\" data-e-type=\"widget\" data-widget_type=\"text-editor.default\">\n\t\t\t\t<div class=\"elementor-widget-container\">\n\t\t\t\t\t\t\t\t\t<p><span style=\"font-weight: 400;\">The Santiago branch of UMECIT held the meeting on April 29th <\/span><i><span style=\"font-weight: 400;\">\u201cConnecting Education and Employment: Talent, Opportunity and Science\u201d<\/span><\/i><span style=\"font-weight: 400;\">, an initiative that brought together more than 50 participants including teachers, students, graduates, representatives of the private sector and State entities.<\/span><\/p><p><span style=\"font-weight: 400;\">The event established itself as a space for dialogue, reflection, and collective construction around one of the main current challenges: the effective articulation between academic training and the dynamics of the labor market in the Veraguas region.<\/span><\/p><p><span style=\"font-weight: 400;\">The event included the participation of Eng. Erick Ja\u00e9n, mayor of the district of Santiago, and Lic. Hernando Alfonso Santacoloma, provincial director of the Ministry of Commerce and Industries (MICI), who highlighted the importance of these spaces for the economic and social development of the territory.<\/span><\/p><p><span style=\"font-weight: 400;\">As part of the academic agenda, a keynote address was given by Mrs. Fulvia de Vargas, president of the Chamber of Commerce, Industries, Agriculture and Livestock of Veraguas, who addressed the relationship between the productive sector and the training of human talent, highlighting the current challenges in terms of employability in the region.<\/span><\/p><p><span style=\"font-weight: 400;\">Subsequently, the participants joined multidisciplinary working groups, where contributions were generated around strategic axes such as employment trends in the region, relevant curricular adjustments, key skills for employability, innovation in university-business articulation and strategies to strengthen labor market insertion and local entrepreneurship.<\/span><\/p><p><span style=\"font-weight: 400;\">This dynamic allowed for an enriching exchange of experiences and perspectives, aimed at the growth of the province and the strengthening of its regional development.<\/span><\/p><p><span style=\"font-weight: 400;\">With this activity, UMECIT reaffirms its commitment to linking academia, the productive sector and the State, promoting a more relevant, equitable education aligned with the needs of the environment.<\/span><\/p>\t\t\t\t\t\t\t\t<\/div>\n\t\t\t\t<\/div>\n\t\t\t\t\t<\/div>\n\t\t<\/div>\n\t\t\t\t\t<\/div>\n\t\t<\/section>\n\t\t\t\t<section class=\"elementor-section elementor-top-section elementor-element elementor-element-945a5ac elementor-section-boxed elementor-section-height-default elementor-section-height-default row-top\" data-id=\"945a5ac\" data-element_type=\"section\" data-e-type=\"section\">\n\t\t\t\t\t\t<div class=\"elementor-container elementor-column-gap-default\">\n\t\t\t\t\t<div class=\"elementor-column elementor-col-100 elementor-top-column elementor-element elementor-element-2f8ad08 column-style-top\" data-id=\"2f8ad08\" data-element_type=\"column\" data-e-type=\"column\">\n\t\t\t<div class=\"elementor-widget-wrap elementor-element-populated\">\n\t\t\t\t\t\t<section class=\"elementor-section elementor-inner-section elementor-element elementor-element-3b34648 elementor-section-boxed elementor-section-height-default elementor-section-height-default row-top\" data-id=\"3b34648\" data-element_type=\"section\" data-e-type=\"section\">\n\t\t\t\t\t\t<div class=\"elementor-container elementor-column-gap-default\">\n\t\t\t\t\t<div class=\"elementor-column elementor-col-50 elementor-inner-column elementor-element elementor-element-68327a4 column-style-top\" data-id=\"68327a4\" data-element_type=\"column\" data-e-type=\"column\">\n\t\t\t<div class=\"elementor-widget-wrap\">\n\t\t\t\t\t\t\t<\/div>\n\t\t<\/div>\n\t\t\t\t<div class=\"elementor-column elementor-col-50 elementor-inner-column elementor-element elementor-element-22f9de2 column-style-top\" data-id=\"22f9de2\" data-element_type=\"column\" data-e-type=\"column\">\n\t\t\t<div class=\"elementor-widget-wrap\">\n\t\t\t\t\t\t\t<\/div>\n\t\t<\/div>\n\t\t\t\t\t<\/div>\n\t\t<\/section>\n\t\t\t\t\t<\/div>\n\t\t<\/div>\n\t\t\t\t\t<\/div>\n\t\t<\/section>\n\t\t\t\t<section class=\"elementor-section elementor-top-section elementor-element elementor-element-876cb5b elementor-section-boxed elementor-section-height-default elementor-section-height-default row-top\" data-id=\"876cb5b\" data-element_type=\"section\" data-e-type=\"section\">\n\t\t\t\t\t\t<div class=\"elementor-container elementor-column-gap-default\">\n\t\t\t\t\t<div class=\"elementor-column elementor-col-100 elementor-top-column elementor-element elementor-element-059a49f column-style-top\" data-id=\"059a49f\" data-element_type=\"column\" data-e-type=\"column\">\n\t\t\t<div class=\"elementor-widget-wrap elementor-element-populated\">\n\t\t\t\t\t\t<div class=\"elementor-element elementor-element-6bb4b9c elementor-arrows-position-inside elementor-pagination-position-outside elementor-widget elementor-widget-image-carousel\" data-id=\"6bb4b9c\" data-element_type=\"widget\" data-e-type=\"widget\" data-settings=\"{&quot;slides_to_show&quot;:&quot;1&quot;,&quot;navigation&quot;:&quot;both&quot;,&quot;autoplay&quot;:&quot;yes&quot;,&quot;pause_on_hover&quot;:&quot;yes&quot;,&quot;pause_on_interaction&quot;:&quot;yes&quot;,&quot;autoplay_speed&quot;:5000,&quot;infinite&quot;:&quot;yes&quot;,&quot;effect&quot;:&quot;slide&quot;,&quot;speed&quot;:500}\" data-widget_type=\"image-carousel.default\">\n\t\t\t\t<div class=\"elementor-widget-container\">\n\t\t\t\t\t\t\t<div class=\"elementor-image-carousel-wrapper swiper\" role=\"region\" aria-roledescription=\"carousel\" aria-label=\"Carousel of images\" dir=\"ltr\">\n\t\t\t<div class=\"elementor-image-carousel swiper-wrapper\" aria-live=\"off\">\n\t\t\t\t\t\t\t\t<div class=\"swiper-slide\" role=\"group\" aria-roledescription=\"slide\" aria-label=\"1 of 7\" data-no-translation-aria-label=\"\"><figure class=\"swiper-slide-inner\"><img decoding=\"async\" class=\"swiper-slide-image\" src=\"https:\/\/umecit.edu.pa\/wp-content\/uploads\/2026\/04\/IMG_9235-768x432.jpg\" alt=\"IMG_9235\" \/><\/figure><\/div><div class=\"swiper-slide\" role=\"group\" aria-roledescription=\"slide\" aria-label=\"2 of 7\" data-no-translation-aria-label=\"\"><figure class=\"swiper-slide-inner\"><img decoding=\"async\" class=\"swiper-slide-image\" src=\"https:\/\/umecit.edu.pa\/wp-content\/uploads\/2026\/04\/IMG_9280-768x432.jpg\" alt=\"IMG_9280\" \/><\/figure><\/div><div class=\"swiper-slide\" role=\"group\" aria-roledescription=\"slide\" aria-label=\"3 of 7\" data-no-translation-aria-label=\"\"><figure class=\"swiper-slide-inner\"><img decoding=\"async\" class=\"swiper-slide-image\" src=\"https:\/\/umecit.edu.pa\/wp-content\/uploads\/2026\/04\/IMG_9259-768x432.jpg\" alt=\"IMG_9259\" \/><\/figure><\/div><div class=\"swiper-slide\" role=\"group\" aria-roledescription=\"slide\" aria-label=\"4 of 7\" data-no-translation-aria-label=\"\"><figure class=\"swiper-slide-inner\"><img decoding=\"async\" class=\"swiper-slide-image\" src=\"https:\/\/umecit.edu.pa\/wp-content\/uploads\/2026\/04\/IMG_9197-768x432.jpg\" alt=\"IMG_9197\" \/><\/figure><\/div><div class=\"swiper-slide\" role=\"group\" aria-roledescription=\"slide\" aria-label=\"5 of 7\" data-no-translation-aria-label=\"\"><figure class=\"swiper-slide-inner\"><img decoding=\"async\" class=\"swiper-slide-image\" src=\"https:\/\/umecit.edu.pa\/wp-content\/uploads\/2026\/04\/IMG_9269-768x432.jpg\" alt=\"IMG_9269\" \/><\/figure><\/div><div class=\"swiper-slide\" role=\"group\" aria-roledescription=\"slide\" aria-label=\"6 of 7\" data-no-translation-aria-label=\"\"><figure class=\"swiper-slide-inner\"><img decoding=\"async\" class=\"swiper-slide-image\" src=\"https:\/\/umecit.edu.pa\/wp-content\/uploads\/2026\/04\/IMG_9205-768x432.jpg\" alt=\"IMG_9205\" \/><\/figure><\/div><div class=\"swiper-slide\" role=\"group\" aria-roledescription=\"slide\" aria-label=\"7 of 7\" data-no-translation-aria-label=\"\"><figure class=\"swiper-slide-inner\"><img decoding=\"async\" class=\"swiper-slide-image\" src=\"https:\/\/umecit.edu.pa\/wp-content\/uploads\/2026\/04\/IMG_9223-768x432.jpg\" alt=\"IMG_9223\" \/><\/figure><\/div>\t\t\t<\/div>\n\t\t\t\t\t\t\t\t\t\t\t\t<div class=\"elementor-swiper-button elementor-swiper-button-prev\" role=\"button\" tabindex=\"0\">\n\t\t\t\t\t\t<i aria-hidden=\"true\" class=\"eicon-chevron-left\"><\/i>\t\t\t\t\t<\/div>\n\t\t\t\t\t<div class=\"elementor-swiper-button elementor-swiper-button-next\" role=\"button\" tabindex=\"0\">\n\t\t\t\t\t\t<i aria-hidden=\"true\" class=\"eicon-chevron-right\"><\/i>\t\t\t\t\t<\/div>\n\t\t\t\t\n\t\t\t\t\t\t\t\t\t<div class=\"swiper-pagination\"><\/div>\n\t\t\t\t\t\t\t\t\t<\/div>\n\t\t\t\t\t\t<\/div>\n\t\t\t\t<\/div>\n\t\t\t\t\t<\/div>\n\t\t<\/div>\n\t\t\t\t\t<\/div>\n\t\t<\/section>\n\t\t\t\t<\/div>","protected":false},"excerpt":{"rendered":"<p>La sede Santiago de UMECIT desarroll\u00f3 el pasado 29 de abril el encuentro \u201cConectemos Educaci\u00f3n y Empleo: Talento, Oportunidad y Ciencia\u201d, una iniciativa que reuni\u00f3 a m\u00e1s de 50 participantes entre docentes, estudiantes, graduados, representantes del sector privado y entidades del Estado. El evento se consolid\u00f3 como un espacio de di\u00e1logo, reflexi\u00f3n y construcci\u00f3n colectiva [&hellip;]<\/p>\n","protected":false},"author":830,"featured_media":133576,"comment_status":"closed","ping_status":"closed","sticky":false,"template":"","format":"standard","meta":{"footnotes":""},"categories":[73,107,109,174],"tags":[],"class_list":["post-133567","post","type-post","status-publish","format-standard","has-post-thumbnail","hentry","category-educacion","category-extension","category-noticias","category-universidad"],"yoast_head":"<!-- This site is optimized with the Yoast SEO plugin v27.1.1 - https:\/\/yoast.com\/product\/yoast-seo-wordpress\/ -->\n<title>Impulsamos el di\u00e1logo entre educaci\u00f3n, empleo y desarrollo regional en Veraguas<\/title>\n<meta name=\"description\" content=\"La sede Santiago de UMECIT desarroll\u00f3 el pasado 29 de abril el encuentro \u201cConectemos Educaci\u00f3n y Empleo: Talento, Oportunidad y Ciencia\u201d, una iniciativa que reuni\u00f3 a m\u00e1s de 50 participantes entre docentes, estudiantes, graduados, representantes del sector privado y entidades del Estado.\" \/>\n<meta name=\"robots\" content=\"index, follow, max-snippet:-1, max-image-preview:large, max-video-preview:-1\" \/>\n<link rel=\"canonical\" href=\"https:\/\/umecit.edu.pa\/en\/impulsamos-el-dialogo-entre-educacion-empleo-y-desarrollo-regional-en-veraguas\/\" \/>\n<meta property=\"og:locale\" content=\"en_US\" \/>\n<meta property=\"og:type\" content=\"article\" \/>\n<meta property=\"og:title\" content=\"Impulsamos el di\u00e1logo entre educaci\u00f3n, empleo y desarrollo regional en Veraguas\" \/>\n<meta property=\"og:description\" content=\"La sede Santiago de UMECIT desarroll\u00f3 el pasado 29 de abril el encuentro \u201cConectemos Educaci\u00f3n y Empleo: Talento, Oportunidad y Ciencia\u201d, una iniciativa que reuni\u00f3 a m\u00e1s de 50 participantes entre docentes, estudiantes, graduados, representantes del sector privado y entidades del Estado.\" \/>\n<meta property=\"og:url\" content=\"https:\/\/umecit.edu.pa\/en\/impulsamos-el-dialogo-entre-educacion-empleo-y-desarrollo-regional-en-veraguas\/\" \/>\n<meta property=\"og:site_name\" content=\"Umecit - Universidad en Panam\u00e1\" \/>\n<meta property=\"article:publisher\" content=\"https:\/\/www.facebook.com\/umecitpanama\/\" \/>\n<meta property=\"article:published_time\" content=\"2026-04-30T21:35:29+00:00\" \/>\n<meta property=\"article:modified_time\" content=\"2026-04-30T21:36:46+00:00\" \/>\n<meta property=\"og:image\" content=\"https:\/\/umecit.edu.pa\/wp-content\/uploads\/2026\/04\/IMG_9271-scaled.jpg\" \/>\n\t<meta property=\"og:image:width\" content=\"2560\" \/>\n\t<meta property=\"og:image:height\" content=\"1440\" \/>\n\t<meta property=\"og:image:type\" content=\"image\/jpeg\" \/>\n<meta name=\"author\" content=\"Redes Sociales\" \/>\n<meta name=\"twitter:card\" content=\"summary_large_image\" \/>\n<meta name=\"twitter:creator\" content=\"@umecitpanama\" \/>\n<meta name=\"twitter:site\" content=\"@umecitpanama\" \/>\n<meta name=\"twitter:label1\" content=\"Written by\" \/>\n\t<meta name=\"twitter:data1\" content=\"Redes Sociales\" \/>\n\t<meta name=\"twitter:label2\" content=\"Est. reading time\" \/>\n\t<meta name=\"twitter:data2\" content=\"4 minutes\" \/>\n<script type=\"application\/ld+json\" class=\"yoast-schema-graph\">{\"@context\":\"https:\/\/schema.org\",\"@graph\":[{\"@type\":\"Article\",\"@id\":\"https:\/\/umecit.edu.pa\/impulsamos-el-dialogo-entre-educacion-empleo-y-desarrollo-regional-en-veraguas\/#article\",\"isPartOf\":{\"@id\":\"https:\/\/umecit.edu.pa\/impulsamos-el-dialogo-entre-educacion-empleo-y-desarrollo-regional-en-veraguas\/\"},\"author\":{\"name\":\"Redes Sociales\",\"@id\":\"https:\/\/umecit.edu.pa\/#\/schema\/person\/d5a70189459e738214aa90e301931824\"},\"headline\":\"Impulsamos el di\u00e1logo entre educaci\u00f3n, empleo y desarrollo regional en Veraguas\",\"datePublished\":\"2026-04-30T21:35:29+00:00\",\"dateModified\":\"2026-04-30T21:36:46+00:00\",\"mainEntityOfPage\":{\"@id\":\"https:\/\/umecit.edu.pa\/impulsamos-el-dialogo-entre-educacion-empleo-y-desarrollo-regional-en-veraguas\/\"},\"wordCount\":330,\"publisher\":{\"@id\":\"https:\/\/umecit.edu.pa\/#organization\"},\"image\":{\"@id\":\"https:\/\/umecit.edu.pa\/impulsamos-el-dialogo-entre-educacion-empleo-y-desarrollo-regional-en-veraguas\/#primaryimage\"},\"thumbnailUrl\":\"https:\/\/umecit.edu.pa\/wp-content\/uploads\/2026\/04\/IMG_9271-scaled.jpg\",\"articleSection\":[\"Educaci\u00f3n\",\"Extensi\u00f3n\",\"Noticias\",\"Universidad\"],\"inLanguage\":\"en-US\"},{\"@type\":\"WebPage\",\"@id\":\"https:\/\/umecit.edu.pa\/impulsamos-el-dialogo-entre-educacion-empleo-y-desarrollo-regional-en-veraguas\/\",\"url\":\"https:\/\/umecit.edu.pa\/impulsamos-el-dialogo-entre-educacion-empleo-y-desarrollo-regional-en-veraguas\/\",\"name\":\"Impulsamos el di\u00e1logo entre educaci\u00f3n, empleo y desarrollo regional en Veraguas\",\"isPartOf\":{\"@id\":\"https:\/\/umecit.edu.pa\/#website\"},\"primaryImageOfPage\":{\"@id\":\"https:\/\/umecit.edu.pa\/impulsamos-el-dialogo-entre-educacion-empleo-y-desarrollo-regional-en-veraguas\/#primaryimage\"},\"image\":{\"@id\":\"https:\/\/umecit.edu.pa\/impulsamos-el-dialogo-entre-educacion-empleo-y-desarrollo-regional-en-veraguas\/#primaryimage\"},\"thumbnailUrl\":\"https:\/\/umecit.edu.pa\/wp-content\/uploads\/2026\/04\/IMG_9271-scaled.jpg\",\"datePublished\":\"2026-04-30T21:35:29+00:00\",\"dateModified\":\"2026-04-30T21:36:46+00:00\",\"description\":\"La sede Santiago de UMECIT desarroll\u00f3 el pasado 29 de abril el encuentro \u201cConectemos Educaci\u00f3n y Empleo: Talento, Oportunidad y Ciencia\u201d, una iniciativa que reuni\u00f3 a m\u00e1s de 50 participantes entre docentes, estudiantes, graduados, representantes del sector privado y entidades del Estado.\",\"breadcrumb\":{\"@id\":\"https:\/\/umecit.edu.pa\/impulsamos-el-dialogo-entre-educacion-empleo-y-desarrollo-regional-en-veraguas\/#breadcrumb\"},\"inLanguage\":\"en-US\",\"potentialAction\":[{\"@type\":\"ReadAction\",\"target\":[\"https:\/\/umecit.edu.pa\/impulsamos-el-dialogo-entre-educacion-empleo-y-desarrollo-regional-en-veraguas\/\"]}]},{\"@type\":\"ImageObject\",\"inLanguage\":\"en-US\",\"@id\":\"https:\/\/umecit.edu.pa\/impulsamos-el-dialogo-entre-educacion-empleo-y-desarrollo-regional-en-veraguas\/#primaryimage\",\"url\":\"https:\/\/umecit.edu.pa\/wp-content\/uploads\/2026\/04\/IMG_9271-scaled.jpg\",\"contentUrl\":\"https:\/\/umecit.edu.pa\/wp-content\/uploads\/2026\/04\/IMG_9271-scaled.jpg\",\"width\":2560,\"height\":1440},{\"@type\":\"BreadcrumbList\",\"@id\":\"https:\/\/umecit.edu.pa\/impulsamos-el-dialogo-entre-educacion-empleo-y-desarrollo-regional-en-veraguas\/#breadcrumb\",\"itemListElement\":[{\"@type\":\"ListItem\",\"position\":1,\"name\":\"Portada\",\"item\":\"https:\/\/44.206.156.148\/\"},{\"@type\":\"ListItem\",\"position\":2,\"name\":\"Impulsamos el di\u00e1logo entre educaci\u00f3n, empleo y desarrollo regional en Veraguas\"}]},{\"@type\":\"WebSite\",\"@id\":\"https:\/\/umecit.edu.pa\/#website\",\"url\":\"https:\/\/umecit.edu.pa\/\",\"name\":\"Umecit - Universidad en Panam\u00e1\",\"description\":\"Universidad Metropolitana de Educaci\u00f3n, Ciencia y Tecnolog\u00eda\",\"publisher\":{\"@id\":\"https:\/\/umecit.edu.pa\/#organization\"},\"potentialAction\":[{\"@type\":\"SearchAction\",\"target\":{\"@type\":\"EntryPoint\",\"urlTemplate\":\"https:\/\/umecit.edu.pa\/?s={search_term_string}\"},\"query-input\":{\"@type\":\"PropertyValueSpecification\",\"valueRequired\":true,\"valueName\":\"search_term_string\"}}],\"inLanguage\":\"en-US\"},{\"@type\":\"Organization\",\"@id\":\"https:\/\/umecit.edu.pa\/#organization\",\"name\":\"Umecit - Universidad en Panam\u00e1\",\"url\":\"https:\/\/umecit.edu.pa\/\",\"logo\":{\"@type\":\"ImageObject\",\"inLanguage\":\"en-US\",\"@id\":\"https:\/\/umecit.edu.pa\/#\/schema\/logo\/image\/\",\"url\":\"https:\/\/umecit.edu.pa\/wp-content\/uploads\/2022\/06\/panama-7.jpg\",\"contentUrl\":\"https:\/\/umecit.edu.pa\/wp-content\/uploads\/2022\/06\/panama-7.jpg\",\"width\":1200,\"height\":800,\"caption\":\"Umecit - Universidad en Panam\u00e1\"},\"image\":{\"@id\":\"https:\/\/umecit.edu.pa\/#\/schema\/logo\/image\/\"},\"sameAs\":[\"https:\/\/www.facebook.com\/umecitpanama\/\",\"https:\/\/x.com\/umecitpanama\",\"https:\/\/www.tiktok.com\/@umecit\",\"https:\/\/www.instagram.com\/umecit\/\",\"https:\/\/www.youtube.com\/channel\/UCP9iXFXi4p_EW_p9p6lprhg\"]},{\"@type\":\"Person\",\"@id\":\"https:\/\/umecit.edu.pa\/#\/schema\/person\/d5a70189459e738214aa90e301931824\",\"name\":\"Redes Sociales\",\"image\":{\"@type\":\"ImageObject\",\"inLanguage\":\"en-US\",\"@id\":\"https:\/\/umecit.edu.pa\/#\/schema\/person\/image\/\",\"url\":\"https:\/\/secure.gravatar.com\/avatar\/09b10f971238019e9a50f61eaf59122699509138db9f2d8187eeef80b5cd1266?s=96&d=mm&r=g\",\"contentUrl\":\"https:\/\/secure.gravatar.com\/avatar\/09b10f971238019e9a50f61eaf59122699509138db9f2d8187eeef80b5cd1266?s=96&d=mm&r=g\",\"caption\":\"Redes Sociales\"},\"url\":\"https:\/\/umecit.edu.pa\/en\/author\/redes-sociales\/\"}]}<\/script>\n<!-- \/ Yoast SEO plugin. -->","yoast_head_json":{"title":"We promote dialogue between education, employment and regional development in Veraguas","description":"La sede Santiago de UMECIT desarroll\u00f3 el pasado 29 de abril el encuentro \u201cConectemos Educaci\u00f3n y Empleo: Talento, Oportunidad y Ciencia\u201d, una iniciativa que reuni\u00f3 a m\u00e1s de 50 participantes entre docentes, estudiantes, graduados, representantes del sector privado y entidades del Estado.","robots":{"index":"index","follow":"follow","max-snippet":"max-snippet:-1","max-image-preview":"max-image-preview:large","max-video-preview":"max-video-preview:-1"},"canonical":"https:\/\/umecit.edu.pa\/en\/impulsamos-el-dialogo-entre-educacion-empleo-y-desarrollo-regional-en-veraguas\/","og_locale":"en_US","og_type":"article","og_title":"Impulsamos el di\u00e1logo entre educaci\u00f3n, empleo y desarrollo regional en Veraguas","og_description":"La sede Santiago de UMECIT desarroll\u00f3 el pasado 29 de abril el encuentro \u201cConectemos Educaci\u00f3n y Empleo: Talento, Oportunidad y Ciencia\u201d, una iniciativa que reuni\u00f3 a m\u00e1s de 50 participantes entre docentes, estudiantes, graduados, representantes del sector privado y entidades del Estado.","og_url":"https:\/\/umecit.edu.pa\/en\/impulsamos-el-dialogo-entre-educacion-empleo-y-desarrollo-regional-en-veraguas\/","og_site_name":"Umecit - Universidad en Panam\u00e1","article_publisher":"https:\/\/www.facebook.com\/umecitpanama\/","article_published_time":"2026-04-30T21:35:29+00:00","article_modified_time":"2026-04-30T21:36:46+00:00","og_image":[{"width":2560,"height":1440,"url":"https:\/\/umecit.edu.pa\/wp-content\/uploads\/2026\/04\/IMG_9271-scaled.jpg","type":"image\/jpeg"}],"author":"Redes Sociales","twitter_card":"summary_large_image","twitter_creator":"@umecitpanama","twitter_site":"@umecitpanama","twitter_misc":{"Written by":"Redes Sociales","Est. reading time":"4 minutes"},"schema":{"@context":"https:\/\/schema.org","@graph":[{"@type":"Article","@id":"https:\/\/umecit.edu.pa\/impulsamos-el-dialogo-entre-educacion-empleo-y-desarrollo-regional-en-veraguas\/#article","isPartOf":{"@id":"https:\/\/umecit.edu.pa\/impulsamos-el-dialogo-entre-educacion-empleo-y-desarrollo-regional-en-veraguas\/"},"author":{"name":"Redes Sociales","@id":"https:\/\/umecit.edu.pa\/#\/schema\/person\/d5a70189459e738214aa90e301931824"},"headline":"Impulsamos el di\u00e1logo entre educaci\u00f3n, empleo y desarrollo regional en Veraguas","datePublished":"2026-04-30T21:35:29+00:00","dateModified":"2026-04-30T21:36:46+00:00","mainEntityOfPage":{"@id":"https:\/\/umecit.edu.pa\/impulsamos-el-dialogo-entre-educacion-empleo-y-desarrollo-regional-en-veraguas\/"},"wordCount":330,"publisher":{"@id":"https:\/\/umecit.edu.pa\/#organization"},"image":{"@id":"https:\/\/umecit.edu.pa\/impulsamos-el-dialogo-entre-educacion-empleo-y-desarrollo-regional-en-veraguas\/#primaryimage"},"thumbnailUrl":"https:\/\/umecit.edu.pa\/wp-content\/uploads\/2026\/04\/IMG_9271-scaled.jpg","articleSection":["Educaci\u00f3n","Extensi\u00f3n","Noticias","Universidad"],"inLanguage":"en-US"},{"@type":"WebPage","@id":"https:\/\/umecit.edu.pa\/impulsamos-el-dialogo-entre-educacion-empleo-y-desarrollo-regional-en-veraguas\/","url":"https:\/\/umecit.edu.pa\/impulsamos-el-dialogo-entre-educacion-empleo-y-desarrollo-regional-en-veraguas\/","name":"We promote dialogue between education, employment and regional development in Veraguas","isPartOf":{"@id":"https:\/\/umecit.edu.pa\/#website"},"primaryImageOfPage":{"@id":"https:\/\/umecit.edu.pa\/impulsamos-el-dialogo-entre-educacion-empleo-y-desarrollo-regional-en-veraguas\/#primaryimage"},"image":{"@id":"https:\/\/umecit.edu.pa\/impulsamos-el-dialogo-entre-educacion-empleo-y-desarrollo-regional-en-veraguas\/#primaryimage"},"thumbnailUrl":"https:\/\/umecit.edu.pa\/wp-content\/uploads\/2026\/04\/IMG_9271-scaled.jpg","datePublished":"2026-04-30T21:35:29+00:00","dateModified":"2026-04-30T21:36:46+00:00","description":"La sede Santiago de UMECIT desarroll\u00f3 el pasado 29 de abril el encuentro \u201cConectemos Educaci\u00f3n y Empleo: Talento, Oportunidad y Ciencia\u201d, una iniciativa que reuni\u00f3 a m\u00e1s de 50 participantes entre docentes, estudiantes, graduados, representantes del sector privado y entidades del Estado.","breadcrumb":{"@id":"https:\/\/umecit.edu.pa\/impulsamos-el-dialogo-entre-educacion-empleo-y-desarrollo-regional-en-veraguas\/#breadcrumb"},"inLanguage":"en-US","potentialAction":[{"@type":"ReadAction","target":["https:\/\/umecit.edu.pa\/impulsamos-el-dialogo-entre-educacion-empleo-y-desarrollo-regional-en-veraguas\/"]}]},{"@type":"ImageObject","inLanguage":"en-US","@id":"https:\/\/umecit.edu.pa\/impulsamos-el-dialogo-entre-educacion-empleo-y-desarrollo-regional-en-veraguas\/#primaryimage","url":"https:\/\/umecit.edu.pa\/wp-content\/uploads\/2026\/04\/IMG_9271-scaled.jpg","contentUrl":"https:\/\/umecit.edu.pa\/wp-content\/uploads\/2026\/04\/IMG_9271-scaled.jpg","width":2560,"height":1440},{"@type":"BreadcrumbList","@id":"https:\/\/umecit.edu.pa\/impulsamos-el-dialogo-entre-educacion-empleo-y-desarrollo-regional-en-veraguas\/#breadcrumb","itemListElement":[{"@type":"ListItem","position":1,"name":"Portada","item":"https:\/\/44.206.156.148\/"},{"@type":"ListItem","position":2,"name":"Impulsamos el di\u00e1logo entre educaci\u00f3n, empleo y desarrollo regional en Veraguas"}]},{"@type":"WebSite","@id":"https:\/\/umecit.edu.pa\/#website","url":"https:\/\/umecit.edu.pa\/","name":"Umecit - University in Panama","description":"Metropolitan University of Education, Science and Technology","publisher":{"@id":"https:\/\/umecit.edu.pa\/#organization"},"potentialAction":[{"@type":"SearchAction","target":{"@type":"EntryPoint","urlTemplate":"https:\/\/umecit.edu.pa\/?s={search_term_string}"},"query-input":{"@type":"PropertyValueSpecification","valueRequired":true,"valueName":"search_term_string"}}],"inLanguage":"en-US"},{"@type":"Organization","@id":"https:\/\/umecit.edu.pa\/#organization","name":"Umecit - University in Panama","url":"https:\/\/umecit.edu.pa\/","logo":{"@type":"ImageObject","inLanguage":"en-US","@id":"https:\/\/umecit.edu.pa\/#\/schema\/logo\/image\/","url":"https:\/\/umecit.edu.pa\/wp-content\/uploads\/2022\/06\/panama-7.jpg","contentUrl":"https:\/\/umecit.edu.pa\/wp-content\/uploads\/2022\/06\/panama-7.jpg","width":1200,"height":800,"caption":"Umecit - Universidad en Panam\u00e1"},"image":{"@id":"https:\/\/umecit.edu.pa\/#\/schema\/logo\/image\/"},"sameAs":["https:\/\/www.facebook.com\/umecitpanama\/","https:\/\/x.com\/umecitpanama","https:\/\/www.tiktok.com\/@umecit","https:\/\/www.instagram.com\/umecit\/","https:\/\/www.youtube.com\/channel\/UCP9iXFXi4p_EW_p9p6lprhg"]},{"@type":"Person","@id":"https:\/\/umecit.edu.pa\/#\/schema\/person\/d5a70189459e738214aa90e301931824","name":"Social networks","image":{"@type":"ImageObject","inLanguage":"en-US","@id":"https:\/\/umecit.edu.pa\/#\/schema\/person\/image\/","url":"https:\/\/secure.gravatar.com\/avatar\/09b10f971238019e9a50f61eaf59122699509138db9f2d8187eeef80b5cd1266?s=96&d=mm&r=g","contentUrl":"https:\/\/secure.gravatar.com\/avatar\/09b10f971238019e9a50f61eaf59122699509138db9f2d8187eeef80b5cd1266?s=96&d=mm&r=g","caption":"Redes Sociales"},"url":"https:\/\/umecit.edu.pa\/en\/author\/redes-sociales\/"}]}},"_links":{"self":[{"href":"https:\/\/umecit.edu.pa\/en\/wp-json\/wp\/v2\/posts\/133567","targetHints":{"allow":["GET"]}}],"collection":[{"href":"https:\/\/umecit.edu.pa\/en\/wp-json\/wp\/v2\/posts"}],"about":[{"href":"https:\/\/umecit.edu.pa\/en\/wp-json\/wp\/v2\/types\/post"}],"author":[{"embeddable":true,"href":"https:\/\/umecit.edu.pa\/en\/wp-json\/wp\/v2\/users\/830"}],"replies":[{"embeddable":true,"href":"https:\/\/umecit.edu.pa\/en\/wp-json\/wp\/v2\/comments?post=133567"}],"version-history":[{"count":4,"href":"https:\/\/umecit.edu.pa\/en\/wp-json\/wp\/v2\/posts\/133567\/revisions"}],"predecessor-version":[{"id":133580,"href":"https:\/\/umecit.edu.pa\/en\/wp-json\/wp\/v2\/posts\/133567\/revisions\/133580"}],"wp:featuredmedia":[{"embeddable":true,"href":"https:\/\/umecit.edu.pa\/en\/wp-json\/wp\/v2\/media\/133576"}],"wp:attachment":[{"href":"https:\/\/umecit.edu.pa\/en\/wp-json\/wp\/v2\/media?parent=133567"}],"wp:term":[{"taxonomy":"category","embeddable":true,"href":"https:\/\/umecit.edu.pa\/en\/wp-json\/wp\/v2\/categories?post=133567"},{"taxonomy":"post_tag","embeddable":true,"href":"https:\/\/umecit.edu.pa\/en\/wp-json\/wp\/v2\/tags?post=133567"}],"curies":[{"name":"wp","href":"https:\/\/api.w.org\/{rel}","templated":true}]}}