{"id":133558,"date":"2026-04-30T16:25:46","date_gmt":"2026-04-30T21:25:46","guid":{"rendered":"https:\/\/umecit.edu.pa\/?p=133558"},"modified":"2026-04-30T16:26:40","modified_gmt":"2026-04-30T21:26:40","slug":"formacion-practica-en-criminalistica-con-panel-academico-sobre-violencia-laboral","status":"publish","type":"post","link":"https:\/\/umecit.edu.pa\/en\/formacion-practica-en-criminalistica-con-panel-academico-sobre-violencia-laboral\/","title":{"rendered":"Practical training in Criminalistics with an academic panel on workplace violence"},"content":{"rendered":"<div data-elementor-type=\"wp-post\" data-elementor-id=\"133558\" class=\"elementor elementor-133558\" data-elementor-post-type=\"post\">\n\t\t\t\t\t\t<section class=\"elementor-section elementor-top-section elementor-element elementor-element-22b206f elementor-section-boxed elementor-section-height-default elementor-section-height-default row-top\" data-id=\"22b206f\" data-element_type=\"section\" data-e-type=\"section\">\n\t\t\t\t\t\t<div class=\"elementor-container elementor-column-gap-default\">\n\t\t\t\t\t<div class=\"elementor-column elementor-col-100 elementor-top-column elementor-element elementor-element-e26aeec column-style-top\" data-id=\"e26aeec\" data-element_type=\"column\" data-e-type=\"column\">\n\t\t\t<div class=\"elementor-widget-wrap\">\n\t\t\t\t\t\t\t<\/div>\n\t\t<\/div>\n\t\t\t\t\t<\/div>\n\t\t<\/section>\n\t\t\t\t<section class=\"elementor-section elementor-top-section elementor-element elementor-element-bb9eae8 elementor-section-boxed elementor-section-height-default elementor-section-height-default row-top\" data-id=\"bb9eae8\" data-element_type=\"section\" data-e-type=\"section\">\n\t\t\t\t\t\t<div class=\"elementor-container elementor-column-gap-default\">\n\t\t\t\t\t<div class=\"elementor-column elementor-col-100 elementor-top-column elementor-element elementor-element-75e0061 column-style-top\" data-id=\"75e0061\" data-element_type=\"column\" data-e-type=\"column\">\n\t\t\t<div class=\"elementor-widget-wrap elementor-element-populated\">\n\t\t\t\t\t\t<div class=\"elementor-element elementor-element-7ef8c36 elementor-widget elementor-widget-text-editor\" data-id=\"7ef8c36\" data-element_type=\"widget\" data-e-type=\"widget\" data-widget_type=\"text-editor.default\">\n\t\t\t\t<div class=\"elementor-widget-container\">\n\t\t\t\t\t\t\t\t\t<p><span style=\"font-weight: 400;\">As part of its commitment to a comprehensive and contextualized education, the University developed an academic panel on <\/span><b>workplace violence<\/b><span style=\"font-weight: 400;\">, organized by students of the Bachelor&#039;s Degree in Criminalistics and Forensic Sciences.<\/span><\/p><p><span style=\"font-weight: 400;\">This outreach activity, conceived from the subject of <\/span><b>Victimology<\/b><span style=\"font-weight: 400;\">, Its main objective was to analyze the dynamics of power, risk and vulnerability present in contemporary work environments, promoting critical reflection from a forensic and ethical perspective.<\/span><\/p><p><span style=\"font-weight: 400;\">The panel was conducted under the guidance of the master&#039;s degree holder <\/span><b>Jill Manuel<\/b><span style=\"font-weight: 400;\">, who strategically guided the development of the academic space, fostering a scenario of dialogue and meaningful learning.<\/span><\/p><p><span style=\"font-weight: 400;\">The event also included the participation of the invited teachers. <\/span><b>Mario Brathwaite<\/b><span style=\"font-weight: 400;\"> and <\/span><b>Alexis Prescott<\/b><span style=\"font-weight: 400;\">, who provided a specialized and critical view on the problem of workplace violence, enriching the students&#039; training with practical tools and applied knowledge.<\/span><\/p><p><span style=\"font-weight: 400;\">This type of initiative allows future professionals to face real-life situations, strengthening their analytical, ethical, and technical skills, which are fundamental to their performance in the field of criminalistics and forensic science.<\/span><\/p><p><span style=\"font-weight: 400;\">With these actions, UMECIT reaffirms its commitment to educational quality, promoting academic experiences that transcend the classroom and contribute to the training of professionals capable of responding to the needs of the social environment.<\/span><\/p>\t\t\t\t\t\t\t\t<\/div>\n\t\t\t\t<\/div>\n\t\t\t\t\t<\/div>\n\t\t<\/div>\n\t\t\t\t\t<\/div>\n\t\t<\/section>\n\t\t\t\t<section class=\"elementor-section elementor-top-section elementor-element elementor-element-945a5ac elementor-section-boxed elementor-section-height-default elementor-section-height-default row-top\" data-id=\"945a5ac\" data-element_type=\"section\" data-e-type=\"section\">\n\t\t\t\t\t\t<div class=\"elementor-container elementor-column-gap-default\">\n\t\t\t\t\t<div class=\"elementor-column elementor-col-100 elementor-top-column elementor-element elementor-element-2f8ad08 column-style-top\" data-id=\"2f8ad08\" data-element_type=\"column\" data-e-type=\"column\">\n\t\t\t<div class=\"elementor-widget-wrap elementor-element-populated\">\n\t\t\t\t\t\t<section class=\"elementor-section elementor-inner-section elementor-element elementor-element-3b34648 elementor-section-boxed elementor-section-height-default elementor-section-height-default row-top\" data-id=\"3b34648\" data-element_type=\"section\" data-e-type=\"section\">\n\t\t\t\t\t\t<div class=\"elementor-container elementor-column-gap-default\">\n\t\t\t\t\t<div class=\"elementor-column elementor-col-50 elementor-inner-column elementor-element elementor-element-68327a4 column-style-top\" data-id=\"68327a4\" data-element_type=\"column\" data-e-type=\"column\">\n\t\t\t<div class=\"elementor-widget-wrap\">\n\t\t\t\t\t\t\t<\/div>\n\t\t<\/div>\n\t\t\t\t<div class=\"elementor-column elementor-col-50 elementor-inner-column elementor-element elementor-element-22f9de2 column-style-top\" data-id=\"22f9de2\" data-element_type=\"column\" data-e-type=\"column\">\n\t\t\t<div class=\"elementor-widget-wrap\">\n\t\t\t\t\t\t\t<\/div>\n\t\t<\/div>\n\t\t\t\t\t<\/div>\n\t\t<\/section>\n\t\t\t\t\t<\/div>\n\t\t<\/div>\n\t\t\t\t\t<\/div>\n\t\t<\/section>\n\t\t\t\t<section class=\"elementor-section elementor-top-section elementor-element elementor-element-876cb5b elementor-section-boxed elementor-section-height-default elementor-section-height-default row-top\" data-id=\"876cb5b\" data-element_type=\"section\" data-e-type=\"section\">\n\t\t\t\t\t\t<div class=\"elementor-container elementor-column-gap-default\">\n\t\t\t\t\t<div class=\"elementor-column elementor-col-100 elementor-top-column elementor-element elementor-element-059a49f column-style-top\" data-id=\"059a49f\" data-element_type=\"column\" data-e-type=\"column\">\n\t\t\t<div class=\"elementor-widget-wrap elementor-element-populated\">\n\t\t\t\t\t\t<div class=\"elementor-element elementor-element-6bb4b9c elementor-arrows-position-inside elementor-pagination-position-outside elementor-widget elementor-widget-image-carousel\" data-id=\"6bb4b9c\" data-element_type=\"widget\" data-e-type=\"widget\" data-settings=\"{&quot;slides_to_show&quot;:&quot;1&quot;,&quot;navigation&quot;:&quot;both&quot;,&quot;autoplay&quot;:&quot;yes&quot;,&quot;pause_on_hover&quot;:&quot;yes&quot;,&quot;pause_on_interaction&quot;:&quot;yes&quot;,&quot;autoplay_speed&quot;:5000,&quot;infinite&quot;:&quot;yes&quot;,&quot;effect&quot;:&quot;slide&quot;,&quot;speed&quot;:500}\" data-widget_type=\"image-carousel.default\">\n\t\t\t\t<div class=\"elementor-widget-container\">\n\t\t\t\t\t\t\t<div class=\"elementor-image-carousel-wrapper swiper\" role=\"region\" aria-roledescription=\"carousel\" aria-label=\"Carousel of images\" dir=\"ltr\">\n\t\t\t<div class=\"elementor-image-carousel swiper-wrapper\" aria-live=\"off\">\n\t\t\t\t\t\t\t\t<div class=\"swiper-slide\" role=\"group\" aria-roledescription=\"slide\" aria-label=\"1 of 3\" data-no-translation-aria-label=\"\"><figure class=\"swiper-slide-inner\"><img decoding=\"async\" class=\"swiper-slide-image\" src=\"https:\/\/umecit.edu.pa\/wp-content\/uploads\/2026\/04\/fe679deb-d3bd-48dc-ab50-6644f158e523-768x1024.jpg\" alt=\"fe679deb-d3bd-48dc-ab50-6644f158e523\" \/><\/figure><\/div><div class=\"swiper-slide\" role=\"group\" aria-roledescription=\"slide\" aria-label=\"2 of 3\" data-no-translation-aria-label=\"\"><figure class=\"swiper-slide-inner\"><img decoding=\"async\" class=\"swiper-slide-image\" src=\"https:\/\/umecit.edu.pa\/wp-content\/uploads\/2026\/04\/65e52b35-6e67-49c4-97f8-735a5a175446-768x576.jpg\" alt=\"65e52b35-6e67-49c4-97f8-735a5a175446\" \/><\/figure><\/div><div class=\"swiper-slide\" role=\"group\" aria-roledescription=\"slide\" aria-label=\"3 of 3\" data-no-translation-aria-label=\"\"><figure class=\"swiper-slide-inner\"><img decoding=\"async\" class=\"swiper-slide-image\" src=\"https:\/\/umecit.edu.pa\/wp-content\/uploads\/2026\/04\/1e5689cd-b23b-4211-8efe-bd10862ce5b5-1-768x1024.jpg\" alt=\"1e5689cd-b23b-4211-8efe-bd10862ce5b5\" \/><\/figure><\/div>\t\t\t<\/div>\n\t\t\t\t\t\t\t\t\t\t\t\t<div class=\"elementor-swiper-button elementor-swiper-button-prev\" role=\"button\" tabindex=\"0\">\n\t\t\t\t\t\t<i aria-hidden=\"true\" class=\"eicon-chevron-left\"><\/i>\t\t\t\t\t<\/div>\n\t\t\t\t\t<div class=\"elementor-swiper-button elementor-swiper-button-next\" role=\"button\" tabindex=\"0\">\n\t\t\t\t\t\t<i aria-hidden=\"true\" class=\"eicon-chevron-right\"><\/i>\t\t\t\t\t<\/div>\n\t\t\t\t\n\t\t\t\t\t\t\t\t\t<div class=\"swiper-pagination\"><\/div>\n\t\t\t\t\t\t\t\t\t<\/div>\n\t\t\t\t\t\t<\/div>\n\t\t\t\t<\/div>\n\t\t\t\t\t<\/div>\n\t\t<\/div>\n\t\t\t\t\t<\/div>\n\t\t<\/section>\n\t\t\t\t<\/div>","protected":false},"excerpt":{"rendered":"<p>En el marco de su compromiso con una formaci\u00f3n integral y contextualizada, la Universidad desarroll\u00f3 un panel acad\u00e9mico sobre violencia laboral, organizado por estudiantes de la Licenciatura en Criminal\u00edstica y Ciencias Forenses. Esta actividad de extensi\u00f3n, gestada desde la asignatura de Victimolog\u00eda, tuvo como objetivo principal analizar las din\u00e1micas de poder, riesgo y vulnerabilidad presentes [&hellip;]<\/p>\n","protected":false},"author":830,"featured_media":133561,"comment_status":"closed","ping_status":"closed","sticky":false,"template":"","format":"standard","meta":{"footnotes":""},"categories":[73,247,109,174],"tags":[],"class_list":["post-133558","post","type-post","status-publish","format-standard","has-post-thumbnail","hentry","category-educacion","category-facultad-de-derecho-y-ciencias-forenses","category-noticias","category-universidad"],"yoast_head":"<!-- This site is optimized with the Yoast SEO plugin v27.1.1 - https:\/\/yoast.com\/product\/yoast-seo-wordpress\/ -->\n<title>Formaci\u00f3n pr\u00e1ctica en Criminal\u00edstica con panel acad\u00e9mico sobre violencia laboral<\/title>\n<meta name=\"description\" content=\"En el marco de su compromiso con una formaci\u00f3n integral y contextualizada, la Universidad desarroll\u00f3 un panel acad\u00e9mico sobre violencia laboral, organizado por estudiantes de la Licenciatura en Criminal\u00edstica y Ciencias Forenses.\" \/>\n<meta name=\"robots\" content=\"index, follow, max-snippet:-1, max-image-preview:large, max-video-preview:-1\" \/>\n<link rel=\"canonical\" href=\"https:\/\/umecit.edu.pa\/en\/formacion-practica-en-criminalistica-con-panel-academico-sobre-violencia-laboral\/\" \/>\n<meta property=\"og:locale\" content=\"en_US\" \/>\n<meta property=\"og:type\" content=\"article\" \/>\n<meta property=\"og:title\" content=\"Formaci\u00f3n pr\u00e1ctica en Criminal\u00edstica con panel acad\u00e9mico sobre violencia laboral\" \/>\n<meta property=\"og:description\" content=\"En el marco de su compromiso con una formaci\u00f3n integral y contextualizada, la Universidad desarroll\u00f3 un panel acad\u00e9mico sobre violencia laboral, organizado por estudiantes de la Licenciatura en Criminal\u00edstica y Ciencias Forenses.\" \/>\n<meta property=\"og:url\" content=\"https:\/\/umecit.edu.pa\/en\/formacion-practica-en-criminalistica-con-panel-academico-sobre-violencia-laboral\/\" \/>\n<meta property=\"og:site_name\" content=\"Umecit - Universidad en Panam\u00e1\" \/>\n<meta property=\"article:publisher\" content=\"https:\/\/www.facebook.com\/umecitpanama\/\" \/>\n<meta property=\"article:published_time\" content=\"2026-04-30T21:25:46+00:00\" \/>\n<meta property=\"article:modified_time\" content=\"2026-04-30T21:26:40+00:00\" \/>\n<meta property=\"og:image\" content=\"https:\/\/umecit.edu.pa\/wp-content\/uploads\/2026\/04\/d30cb516-68cc-4c19-b3e6-54742f9c44de-1.jpg\" \/>\n\t<meta property=\"og:image:width\" content=\"1030\" \/>\n\t<meta property=\"og:image:height\" content=\"1600\" \/>\n\t<meta property=\"og:image:type\" content=\"image\/jpeg\" \/>\n<meta name=\"author\" content=\"Redes Sociales\" \/>\n<meta name=\"twitter:card\" content=\"summary_large_image\" \/>\n<meta name=\"twitter:creator\" content=\"@umecitpanama\" \/>\n<meta name=\"twitter:site\" content=\"@umecitpanama\" \/>\n<meta name=\"twitter:label1\" content=\"Written by\" \/>\n\t<meta name=\"twitter:data1\" content=\"Redes Sociales\" \/>\n\t<meta name=\"twitter:label2\" content=\"Est. reading time\" \/>\n\t<meta name=\"twitter:data2\" content=\"2 minutes\" \/>\n<script type=\"application\/ld+json\" class=\"yoast-schema-graph\">{\"@context\":\"https:\/\/schema.org\",\"@graph\":[{\"@type\":\"Article\",\"@id\":\"https:\/\/umecit.edu.pa\/formacion-practica-en-criminalistica-con-panel-academico-sobre-violencia-laboral\/#article\",\"isPartOf\":{\"@id\":\"https:\/\/umecit.edu.pa\/formacion-practica-en-criminalistica-con-panel-academico-sobre-violencia-laboral\/\"},\"author\":{\"name\":\"Redes Sociales\",\"@id\":\"https:\/\/umecit.edu.pa\/#\/schema\/person\/d5a70189459e738214aa90e301931824\"},\"headline\":\"Formaci\u00f3n pr\u00e1ctica en Criminal\u00edstica con panel acad\u00e9mico sobre violencia laboral\",\"datePublished\":\"2026-04-30T21:25:46+00:00\",\"dateModified\":\"2026-04-30T21:26:40+00:00\",\"mainEntityOfPage\":{\"@id\":\"https:\/\/umecit.edu.pa\/formacion-practica-en-criminalistica-con-panel-academico-sobre-violencia-laboral\/\"},\"wordCount\":250,\"publisher\":{\"@id\":\"https:\/\/umecit.edu.pa\/#organization\"},\"image\":{\"@id\":\"https:\/\/umecit.edu.pa\/formacion-practica-en-criminalistica-con-panel-academico-sobre-violencia-laboral\/#primaryimage\"},\"thumbnailUrl\":\"https:\/\/umecit.edu.pa\/wp-content\/uploads\/2026\/04\/d30cb516-68cc-4c19-b3e6-54742f9c44de-1.jpg\",\"articleSection\":[\"Educaci\u00f3n\",\"Facultad de Derecho y Ciencias Forenses\",\"Noticias\",\"Universidad\"],\"inLanguage\":\"en-US\"},{\"@type\":\"WebPage\",\"@id\":\"https:\/\/umecit.edu.pa\/formacion-practica-en-criminalistica-con-panel-academico-sobre-violencia-laboral\/\",\"url\":\"https:\/\/umecit.edu.pa\/formacion-practica-en-criminalistica-con-panel-academico-sobre-violencia-laboral\/\",\"name\":\"Formaci\u00f3n pr\u00e1ctica en Criminal\u00edstica con panel acad\u00e9mico sobre violencia laboral\",\"isPartOf\":{\"@id\":\"https:\/\/umecit.edu.pa\/#website\"},\"primaryImageOfPage\":{\"@id\":\"https:\/\/umecit.edu.pa\/formacion-practica-en-criminalistica-con-panel-academico-sobre-violencia-laboral\/#primaryimage\"},\"image\":{\"@id\":\"https:\/\/umecit.edu.pa\/formacion-practica-en-criminalistica-con-panel-academico-sobre-violencia-laboral\/#primaryimage\"},\"thumbnailUrl\":\"https:\/\/umecit.edu.pa\/wp-content\/uploads\/2026\/04\/d30cb516-68cc-4c19-b3e6-54742f9c44de-1.jpg\",\"datePublished\":\"2026-04-30T21:25:46+00:00\",\"dateModified\":\"2026-04-30T21:26:40+00:00\",\"description\":\"En el marco de su compromiso con una formaci\u00f3n integral y contextualizada, la Universidad desarroll\u00f3 un panel acad\u00e9mico sobre violencia laboral, organizado por estudiantes de la Licenciatura en Criminal\u00edstica y Ciencias Forenses.\",\"breadcrumb\":{\"@id\":\"https:\/\/umecit.edu.pa\/formacion-practica-en-criminalistica-con-panel-academico-sobre-violencia-laboral\/#breadcrumb\"},\"inLanguage\":\"en-US\",\"potentialAction\":[{\"@type\":\"ReadAction\",\"target\":[\"https:\/\/umecit.edu.pa\/formacion-practica-en-criminalistica-con-panel-academico-sobre-violencia-laboral\/\"]}]},{\"@type\":\"ImageObject\",\"inLanguage\":\"en-US\",\"@id\":\"https:\/\/umecit.edu.pa\/formacion-practica-en-criminalistica-con-panel-academico-sobre-violencia-laboral\/#primaryimage\",\"url\":\"https:\/\/umecit.edu.pa\/wp-content\/uploads\/2026\/04\/d30cb516-68cc-4c19-b3e6-54742f9c44de-1.jpg\",\"contentUrl\":\"https:\/\/umecit.edu.pa\/wp-content\/uploads\/2026\/04\/d30cb516-68cc-4c19-b3e6-54742f9c44de-1.jpg\",\"width\":1030,\"height\":1600},{\"@type\":\"BreadcrumbList\",\"@id\":\"https:\/\/umecit.edu.pa\/formacion-practica-en-criminalistica-con-panel-academico-sobre-violencia-laboral\/#breadcrumb\",\"itemListElement\":[{\"@type\":\"ListItem\",\"position\":1,\"name\":\"Portada\",\"item\":\"https:\/\/44.206.156.148\/\"},{\"@type\":\"ListItem\",\"position\":2,\"name\":\"Formaci\u00f3n pr\u00e1ctica en Criminal\u00edstica con panel acad\u00e9mico sobre violencia laboral\"}]},{\"@type\":\"WebSite\",\"@id\":\"https:\/\/umecit.edu.pa\/#website\",\"url\":\"https:\/\/umecit.edu.pa\/\",\"name\":\"Umecit - Universidad en Panam\u00e1\",\"description\":\"Universidad Metropolitana de Educaci\u00f3n, Ciencia y Tecnolog\u00eda\",\"publisher\":{\"@id\":\"https:\/\/umecit.edu.pa\/#organization\"},\"potentialAction\":[{\"@type\":\"SearchAction\",\"target\":{\"@type\":\"EntryPoint\",\"urlTemplate\":\"https:\/\/umecit.edu.pa\/?s={search_term_string}\"},\"query-input\":{\"@type\":\"PropertyValueSpecification\",\"valueRequired\":true,\"valueName\":\"search_term_string\"}}],\"inLanguage\":\"en-US\"},{\"@type\":\"Organization\",\"@id\":\"https:\/\/umecit.edu.pa\/#organization\",\"name\":\"Umecit - Universidad en Panam\u00e1\",\"url\":\"https:\/\/umecit.edu.pa\/\",\"logo\":{\"@type\":\"ImageObject\",\"inLanguage\":\"en-US\",\"@id\":\"https:\/\/umecit.edu.pa\/#\/schema\/logo\/image\/\",\"url\":\"https:\/\/umecit.edu.pa\/wp-content\/uploads\/2022\/06\/panama-7.jpg\",\"contentUrl\":\"https:\/\/umecit.edu.pa\/wp-content\/uploads\/2022\/06\/panama-7.jpg\",\"width\":1200,\"height\":800,\"caption\":\"Umecit - Universidad en Panam\u00e1\"},\"image\":{\"@id\":\"https:\/\/umecit.edu.pa\/#\/schema\/logo\/image\/\"},\"sameAs\":[\"https:\/\/www.facebook.com\/umecitpanama\/\",\"https:\/\/x.com\/umecitpanama\",\"https:\/\/www.tiktok.com\/@umecit\",\"https:\/\/www.instagram.com\/umecit\/\",\"https:\/\/www.youtube.com\/channel\/UCP9iXFXi4p_EW_p9p6lprhg\"]},{\"@type\":\"Person\",\"@id\":\"https:\/\/umecit.edu.pa\/#\/schema\/person\/d5a70189459e738214aa90e301931824\",\"name\":\"Redes Sociales\",\"image\":{\"@type\":\"ImageObject\",\"inLanguage\":\"en-US\",\"@id\":\"https:\/\/umecit.edu.pa\/#\/schema\/person\/image\/\",\"url\":\"https:\/\/secure.gravatar.com\/avatar\/09b10f971238019e9a50f61eaf59122699509138db9f2d8187eeef80b5cd1266?s=96&d=mm&r=g\",\"contentUrl\":\"https:\/\/secure.gravatar.com\/avatar\/09b10f971238019e9a50f61eaf59122699509138db9f2d8187eeef80b5cd1266?s=96&d=mm&r=g\",\"caption\":\"Redes Sociales\"},\"url\":\"https:\/\/umecit.edu.pa\/en\/author\/redes-sociales\/\"}]}<\/script>\n<!-- \/ Yoast SEO plugin. -->","yoast_head_json":{"title":"Practical training in Criminalistics with an academic panel on workplace violence","description":"En el marco de su compromiso con una formaci\u00f3n integral y contextualizada, la Universidad desarroll\u00f3 un panel acad\u00e9mico sobre violencia laboral, organizado por estudiantes de la Licenciatura en Criminal\u00edstica y Ciencias Forenses.","robots":{"index":"index","follow":"follow","max-snippet":"max-snippet:-1","max-image-preview":"max-image-preview:large","max-video-preview":"max-video-preview:-1"},"canonical":"https:\/\/umecit.edu.pa\/en\/formacion-practica-en-criminalistica-con-panel-academico-sobre-violencia-laboral\/","og_locale":"en_US","og_type":"article","og_title":"Formaci\u00f3n pr\u00e1ctica en Criminal\u00edstica con panel acad\u00e9mico sobre violencia laboral","og_description":"En el marco de su compromiso con una formaci\u00f3n integral y contextualizada, la Universidad desarroll\u00f3 un panel acad\u00e9mico sobre violencia laboral, organizado por estudiantes de la Licenciatura en Criminal\u00edstica y Ciencias Forenses.","og_url":"https:\/\/umecit.edu.pa\/en\/formacion-practica-en-criminalistica-con-panel-academico-sobre-violencia-laboral\/","og_site_name":"Umecit - Universidad en Panam\u00e1","article_publisher":"https:\/\/www.facebook.com\/umecitpanama\/","article_published_time":"2026-04-30T21:25:46+00:00","article_modified_time":"2026-04-30T21:26:40+00:00","og_image":[{"width":1030,"height":1600,"url":"https:\/\/umecit.edu.pa\/wp-content\/uploads\/2026\/04\/d30cb516-68cc-4c19-b3e6-54742f9c44de-1.jpg","type":"image\/jpeg"}],"author":"Redes Sociales","twitter_card":"summary_large_image","twitter_creator":"@umecitpanama","twitter_site":"@umecitpanama","twitter_misc":{"Written by":"Redes Sociales","Est. reading time":"2 minutes"},"schema":{"@context":"https:\/\/schema.org","@graph":[{"@type":"Article","@id":"https:\/\/umecit.edu.pa\/formacion-practica-en-criminalistica-con-panel-academico-sobre-violencia-laboral\/#article","isPartOf":{"@id":"https:\/\/umecit.edu.pa\/formacion-practica-en-criminalistica-con-panel-academico-sobre-violencia-laboral\/"},"author":{"name":"Redes Sociales","@id":"https:\/\/umecit.edu.pa\/#\/schema\/person\/d5a70189459e738214aa90e301931824"},"headline":"Formaci\u00f3n pr\u00e1ctica en Criminal\u00edstica con panel acad\u00e9mico sobre violencia laboral","datePublished":"2026-04-30T21:25:46+00:00","dateModified":"2026-04-30T21:26:40+00:00","mainEntityOfPage":{"@id":"https:\/\/umecit.edu.pa\/formacion-practica-en-criminalistica-con-panel-academico-sobre-violencia-laboral\/"},"wordCount":250,"publisher":{"@id":"https:\/\/umecit.edu.pa\/#organization"},"image":{"@id":"https:\/\/umecit.edu.pa\/formacion-practica-en-criminalistica-con-panel-academico-sobre-violencia-laboral\/#primaryimage"},"thumbnailUrl":"https:\/\/umecit.edu.pa\/wp-content\/uploads\/2026\/04\/d30cb516-68cc-4c19-b3e6-54742f9c44de-1.jpg","articleSection":["Educaci\u00f3n","Facultad de Derecho y Ciencias Forenses","Noticias","Universidad"],"inLanguage":"en-US"},{"@type":"WebPage","@id":"https:\/\/umecit.edu.pa\/formacion-practica-en-criminalistica-con-panel-academico-sobre-violencia-laboral\/","url":"https:\/\/umecit.edu.pa\/formacion-practica-en-criminalistica-con-panel-academico-sobre-violencia-laboral\/","name":"Practical training in Criminalistics with an academic panel on workplace violence","isPartOf":{"@id":"https:\/\/umecit.edu.pa\/#website"},"primaryImageOfPage":{"@id":"https:\/\/umecit.edu.pa\/formacion-practica-en-criminalistica-con-panel-academico-sobre-violencia-laboral\/#primaryimage"},"image":{"@id":"https:\/\/umecit.edu.pa\/formacion-practica-en-criminalistica-con-panel-academico-sobre-violencia-laboral\/#primaryimage"},"thumbnailUrl":"https:\/\/umecit.edu.pa\/wp-content\/uploads\/2026\/04\/d30cb516-68cc-4c19-b3e6-54742f9c44de-1.jpg","datePublished":"2026-04-30T21:25:46+00:00","dateModified":"2026-04-30T21:26:40+00:00","description":"En el marco de su compromiso con una formaci\u00f3n integral y contextualizada, la Universidad desarroll\u00f3 un panel acad\u00e9mico sobre violencia laboral, organizado por estudiantes de la Licenciatura en Criminal\u00edstica y Ciencias Forenses.","breadcrumb":{"@id":"https:\/\/umecit.edu.pa\/formacion-practica-en-criminalistica-con-panel-academico-sobre-violencia-laboral\/#breadcrumb"},"inLanguage":"en-US","potentialAction":[{"@type":"ReadAction","target":["https:\/\/umecit.edu.pa\/formacion-practica-en-criminalistica-con-panel-academico-sobre-violencia-laboral\/"]}]},{"@type":"ImageObject","inLanguage":"en-US","@id":"https:\/\/umecit.edu.pa\/formacion-practica-en-criminalistica-con-panel-academico-sobre-violencia-laboral\/#primaryimage","url":"https:\/\/umecit.edu.pa\/wp-content\/uploads\/2026\/04\/d30cb516-68cc-4c19-b3e6-54742f9c44de-1.jpg","contentUrl":"https:\/\/umecit.edu.pa\/wp-content\/uploads\/2026\/04\/d30cb516-68cc-4c19-b3e6-54742f9c44de-1.jpg","width":1030,"height":1600},{"@type":"BreadcrumbList","@id":"https:\/\/umecit.edu.pa\/formacion-practica-en-criminalistica-con-panel-academico-sobre-violencia-laboral\/#breadcrumb","itemListElement":[{"@type":"ListItem","position":1,"name":"Portada","item":"https:\/\/44.206.156.148\/"},{"@type":"ListItem","position":2,"name":"Formaci\u00f3n pr\u00e1ctica en Criminal\u00edstica con panel acad\u00e9mico sobre violencia laboral"}]},{"@type":"WebSite","@id":"https:\/\/umecit.edu.pa\/#website","url":"https:\/\/umecit.edu.pa\/","name":"Umecit - University in Panama","description":"Metropolitan University of Education, Science and Technology","publisher":{"@id":"https:\/\/umecit.edu.pa\/#organization"},"potentialAction":[{"@type":"SearchAction","target":{"@type":"EntryPoint","urlTemplate":"https:\/\/umecit.edu.pa\/?s={search_term_string}"},"query-input":{"@type":"PropertyValueSpecification","valueRequired":true,"valueName":"search_term_string"}}],"inLanguage":"en-US"},{"@type":"Organization","@id":"https:\/\/umecit.edu.pa\/#organization","name":"Umecit - University in Panama","url":"https:\/\/umecit.edu.pa\/","logo":{"@type":"ImageObject","inLanguage":"en-US","@id":"https:\/\/umecit.edu.pa\/#\/schema\/logo\/image\/","url":"https:\/\/umecit.edu.pa\/wp-content\/uploads\/2022\/06\/panama-7.jpg","contentUrl":"https:\/\/umecit.edu.pa\/wp-content\/uploads\/2022\/06\/panama-7.jpg","width":1200,"height":800,"caption":"Umecit - Universidad en Panam\u00e1"},"image":{"@id":"https:\/\/umecit.edu.pa\/#\/schema\/logo\/image\/"},"sameAs":["https:\/\/www.facebook.com\/umecitpanama\/","https:\/\/x.com\/umecitpanama","https:\/\/www.tiktok.com\/@umecit","https:\/\/www.instagram.com\/umecit\/","https:\/\/www.youtube.com\/channel\/UCP9iXFXi4p_EW_p9p6lprhg"]},{"@type":"Person","@id":"https:\/\/umecit.edu.pa\/#\/schema\/person\/d5a70189459e738214aa90e301931824","name":"Social networks","image":{"@type":"ImageObject","inLanguage":"en-US","@id":"https:\/\/umecit.edu.pa\/#\/schema\/person\/image\/","url":"https:\/\/secure.gravatar.com\/avatar\/09b10f971238019e9a50f61eaf59122699509138db9f2d8187eeef80b5cd1266?s=96&d=mm&r=g","contentUrl":"https:\/\/secure.gravatar.com\/avatar\/09b10f971238019e9a50f61eaf59122699509138db9f2d8187eeef80b5cd1266?s=96&d=mm&r=g","caption":"Redes Sociales"},"url":"https:\/\/umecit.edu.pa\/en\/author\/redes-sociales\/"}]}},"_links":{"self":[{"href":"https:\/\/umecit.edu.pa\/en\/wp-json\/wp\/v2\/posts\/133558","targetHints":{"allow":["GET"]}}],"collection":[{"href":"https:\/\/umecit.edu.pa\/en\/wp-json\/wp\/v2\/posts"}],"about":[{"href":"https:\/\/umecit.edu.pa\/en\/wp-json\/wp\/v2\/types\/post"}],"author":[{"embeddable":true,"href":"https:\/\/umecit.edu.pa\/en\/wp-json\/wp\/v2\/users\/830"}],"replies":[{"embeddable":true,"href":"https:\/\/umecit.edu.pa\/en\/wp-json\/wp\/v2\/comments?post=133558"}],"version-history":[{"count":4,"href":"https:\/\/umecit.edu.pa\/en\/wp-json\/wp\/v2\/posts\/133558\/revisions"}],"predecessor-version":[{"id":133566,"href":"https:\/\/umecit.edu.pa\/en\/wp-json\/wp\/v2\/posts\/133558\/revisions\/133566"}],"wp:featuredmedia":[{"embeddable":true,"href":"https:\/\/umecit.edu.pa\/en\/wp-json\/wp\/v2\/media\/133561"}],"wp:attachment":[{"href":"https:\/\/umecit.edu.pa\/en\/wp-json\/wp\/v2\/media?parent=133558"}],"wp:term":[{"taxonomy":"category","embeddable":true,"href":"https:\/\/umecit.edu.pa\/en\/wp-json\/wp\/v2\/categories?post=133558"},{"taxonomy":"post_tag","embeddable":true,"href":"https:\/\/umecit.edu.pa\/en\/wp-json\/wp\/v2\/tags?post=133558"}],"curies":[{"name":"wp","href":"https:\/\/api.w.org\/{rel}","templated":true}]}}