{"id":133515,"date":"2026-04-29T14:56:56","date_gmt":"2026-04-29T19:56:56","guid":{"rendered":"https:\/\/umecit.edu.pa\/?p=133515"},"modified":"2026-04-29T15:07:41","modified_gmt":"2026-04-29T20:07:41","slug":"foro-por-el-dia-mundial-del-agua-promueve-la-proteccion-de-cuencas-hidricas-y-la-sostenibilidad","status":"publish","type":"post","link":"https:\/\/umecit.edu.pa\/en\/foro-por-el-dia-mundial-del-agua-promueve-la-proteccion-de-cuencas-hidricas-y-la-sostenibilidad\/","title":{"rendered":"World Water Day forum promotes watershed protection and sustainability"},"content":{"rendered":"<div data-elementor-type=\"wp-post\" data-elementor-id=\"133515\" class=\"elementor elementor-133515\" data-elementor-post-type=\"post\">\n\t\t\t\t\t\t<section class=\"elementor-section elementor-top-section elementor-element elementor-element-22b206f elementor-section-boxed elementor-section-height-default elementor-section-height-default row-top\" data-id=\"22b206f\" data-element_type=\"section\" data-e-type=\"section\">\n\t\t\t\t\t\t<div class=\"elementor-container elementor-column-gap-default\">\n\t\t\t\t\t<div class=\"elementor-column elementor-col-100 elementor-top-column elementor-element elementor-element-e26aeec column-style-top\" data-id=\"e26aeec\" data-element_type=\"column\" data-e-type=\"column\">\n\t\t\t<div class=\"elementor-widget-wrap\">\n\t\t\t\t\t\t\t<\/div>\n\t\t<\/div>\n\t\t\t\t\t<\/div>\n\t\t<\/section>\n\t\t\t\t<section class=\"elementor-section elementor-top-section elementor-element elementor-element-bb9eae8 elementor-section-boxed elementor-section-height-default elementor-section-height-default row-top\" data-id=\"bb9eae8\" data-element_type=\"section\" data-e-type=\"section\">\n\t\t\t\t\t\t<div class=\"elementor-container elementor-column-gap-default\">\n\t\t\t\t\t<div class=\"elementor-column elementor-col-100 elementor-top-column elementor-element elementor-element-75e0061 column-style-top\" data-id=\"75e0061\" data-element_type=\"column\" data-e-type=\"column\">\n\t\t\t<div class=\"elementor-widget-wrap elementor-element-populated\">\n\t\t\t\t\t\t<div class=\"elementor-element elementor-element-7ef8c36 elementor-widget elementor-widget-text-editor\" data-id=\"7ef8c36\" data-element_type=\"widget\" data-e-type=\"widget\" data-widget_type=\"text-editor.default\">\n\t\t\t\t<div class=\"elementor-widget-container\">\n\t\t\t\t\t\t\t\t\t<p><span style=\"font-weight: 400;\">Within the framework of World Water Day, UMECIT developed the forum \u201cWorld Water Day: protecting watersheds, we protect life\u201d, consolidating itself as a key space for awareness and learning about the sustainable management of one of the most vital resources on the planet.<\/span><\/p><p><span style=\"font-weight: 400;\">The event brought together experts from Panama&#039;s Ministry of Environment and the Panama Canal Hydrological Program, who shared knowledge on watershed management, highlighting its relationship with planning, sustainable development and poverty reduction.<\/span><\/p><p><span style=\"font-weight: 400;\">During the presentations, current challenges were addressed, such as intervention in the Indio River basin, integrating social, environmental and technical perspectives that promoted the active participation of the attendees.<\/span><\/p><p><span style=\"font-weight: 400;\">The activity was organized by Mgtr. Krissel Sandoval, professor of the Bachelor&#039;s Degree in Environmental Management Administration, and included the participation of Mgtr. Emet Herrera, head in charge of Water Security; as well as specialists Licdo. Jorge Lezcano and Licdo. Raimundo Campbell.<\/span><\/p><p><span style=\"font-weight: 400;\">This forum not only strengthened students&#039; academic training but also fostered critical thinking, debate, and applied research on water-related issues. The interaction between specialists and participants created an enriching space that reaffirms UMECIT&#039;s commitment to environmental sustainability and the development of collective solutions for the protection of watersheds.<\/span><\/p>\t\t\t\t\t\t\t\t<\/div>\n\t\t\t\t<\/div>\n\t\t\t\t\t<\/div>\n\t\t<\/div>\n\t\t\t\t\t<\/div>\n\t\t<\/section>\n\t\t\t\t<section class=\"elementor-section elementor-top-section elementor-element elementor-element-945a5ac elementor-section-boxed elementor-section-height-default elementor-section-height-default row-top\" data-id=\"945a5ac\" data-element_type=\"section\" data-e-type=\"section\">\n\t\t\t\t\t\t<div class=\"elementor-container elementor-column-gap-default\">\n\t\t\t\t\t<div class=\"elementor-column elementor-col-100 elementor-top-column elementor-element elementor-element-2f8ad08 column-style-top\" data-id=\"2f8ad08\" data-element_type=\"column\" data-e-type=\"column\">\n\t\t\t<div class=\"elementor-widget-wrap elementor-element-populated\">\n\t\t\t\t\t\t<section class=\"elementor-section elementor-inner-section elementor-element elementor-element-3b34648 elementor-section-boxed elementor-section-height-default elementor-section-height-default row-top\" data-id=\"3b34648\" data-element_type=\"section\" data-e-type=\"section\">\n\t\t\t\t\t\t<div class=\"elementor-container elementor-column-gap-default\">\n\t\t\t\t\t<div class=\"elementor-column elementor-col-50 elementor-inner-column elementor-element elementor-element-68327a4 column-style-top\" data-id=\"68327a4\" data-element_type=\"column\" data-e-type=\"column\">\n\t\t\t<div class=\"elementor-widget-wrap\">\n\t\t\t\t\t\t\t<\/div>\n\t\t<\/div>\n\t\t\t\t<div class=\"elementor-column elementor-col-50 elementor-inner-column elementor-element elementor-element-22f9de2 column-style-top\" data-id=\"22f9de2\" data-element_type=\"column\" data-e-type=\"column\">\n\t\t\t<div class=\"elementor-widget-wrap\">\n\t\t\t\t\t\t\t<\/div>\n\t\t<\/div>\n\t\t\t\t\t<\/div>\n\t\t<\/section>\n\t\t\t\t\t<\/div>\n\t\t<\/div>\n\t\t\t\t\t<\/div>\n\t\t<\/section>\n\t\t\t\t<section class=\"elementor-section elementor-top-section elementor-element elementor-element-876cb5b elementor-section-boxed elementor-section-height-default elementor-section-height-default row-top\" data-id=\"876cb5b\" data-element_type=\"section\" data-e-type=\"section\">\n\t\t\t\t\t\t<div class=\"elementor-container elementor-column-gap-default\">\n\t\t\t\t\t<div class=\"elementor-column elementor-col-100 elementor-top-column elementor-element elementor-element-059a49f column-style-top\" data-id=\"059a49f\" data-element_type=\"column\" data-e-type=\"column\">\n\t\t\t<div class=\"elementor-widget-wrap elementor-element-populated\">\n\t\t\t\t\t\t<div class=\"elementor-element elementor-element-6bb4b9c elementor-arrows-position-inside elementor-pagination-position-outside elementor-widget elementor-widget-image-carousel\" data-id=\"6bb4b9c\" data-element_type=\"widget\" data-e-type=\"widget\" data-settings=\"{&quot;slides_to_show&quot;:&quot;1&quot;,&quot;navigation&quot;:&quot;both&quot;,&quot;autoplay&quot;:&quot;yes&quot;,&quot;pause_on_hover&quot;:&quot;yes&quot;,&quot;pause_on_interaction&quot;:&quot;yes&quot;,&quot;autoplay_speed&quot;:5000,&quot;infinite&quot;:&quot;yes&quot;,&quot;effect&quot;:&quot;slide&quot;,&quot;speed&quot;:500}\" data-widget_type=\"image-carousel.default\">\n\t\t\t\t<div class=\"elementor-widget-container\">\n\t\t\t\t\t\t\t<div class=\"elementor-image-carousel-wrapper swiper\" role=\"region\" aria-roledescription=\"carousel\" aria-label=\"Carousel of images\" dir=\"ltr\">\n\t\t\t<div class=\"elementor-image-carousel swiper-wrapper\" aria-live=\"off\">\n\t\t\t\t\t\t\t\t<div class=\"swiper-slide\" role=\"group\" aria-roledescription=\"slide\" aria-label=\"1 of 4\" data-no-translation-aria-label=\"\"><figure class=\"swiper-slide-inner\"><img decoding=\"async\" class=\"swiper-slide-image\" src=\"https:\/\/mail.umecit.edu.pa\/wp-content\/uploads\/2026\/04\/IMG-20260321-WA0119-768x599.jpg\" alt=\"IMG-20260321-WA0119\" \/><\/figure><\/div><div class=\"swiper-slide\" role=\"group\" aria-roledescription=\"slide\" aria-label=\"2 of 4\" data-no-translation-aria-label=\"\"><figure class=\"swiper-slide-inner\"><img decoding=\"async\" class=\"swiper-slide-image\" src=\"https:\/\/mail.umecit.edu.pa\/wp-content\/uploads\/2026\/04\/IMG-20260321-WA0120-768x421.jpg\" alt=\"IMG-20260321-WA0120\" \/><\/figure><\/div><div class=\"swiper-slide\" role=\"group\" aria-roledescription=\"slide\" aria-label=\"3 of 4\" data-no-translation-aria-label=\"\"><figure class=\"swiper-slide-inner\"><img decoding=\"async\" class=\"swiper-slide-image\" src=\"https:\/\/mail.umecit.edu.pa\/wp-content\/uploads\/2026\/04\/IMG-20260321-WA0091-768x516.jpg\" alt=\"IMG-20260321-WA0091\" \/><\/figure><\/div><div class=\"swiper-slide\" role=\"group\" aria-roledescription=\"slide\" aria-label=\"4 of 4\" data-no-translation-aria-label=\"\"><figure class=\"swiper-slide-inner\"><img decoding=\"async\" class=\"swiper-slide-image\" src=\"https:\/\/mail.umecit.edu.pa\/wp-content\/uploads\/2026\/04\/IMG-20260321-WA0107-768x615.jpg\" alt=\"IMG-20260321-WA0107\" \/><\/figure><\/div>\t\t\t<\/div>\n\t\t\t\t\t\t\t\t\t\t\t\t<div class=\"elementor-swiper-button elementor-swiper-button-prev\" role=\"button\" tabindex=\"0\">\n\t\t\t\t\t\t<i aria-hidden=\"true\" class=\"eicon-chevron-left\"><\/i>\t\t\t\t\t<\/div>\n\t\t\t\t\t<div class=\"elementor-swiper-button elementor-swiper-button-next\" role=\"button\" tabindex=\"0\">\n\t\t\t\t\t\t<i aria-hidden=\"true\" class=\"eicon-chevron-right\"><\/i>\t\t\t\t\t<\/div>\n\t\t\t\t\n\t\t\t\t\t\t\t\t\t<div class=\"swiper-pagination\"><\/div>\n\t\t\t\t\t\t\t\t\t<\/div>\n\t\t\t\t\t\t<\/div>\n\t\t\t\t<\/div>\n\t\t\t\t\t<\/div>\n\t\t<\/div>\n\t\t\t\t\t<\/div>\n\t\t<\/section>\n\t\t\t\t<\/div>","protected":false},"excerpt":{"rendered":"<p>En el marco del D\u00eda Mundial del Agua, UMECIT desarroll\u00f3 el foro \u201cD\u00eda Mundial del Agua: protegiendo las cuencas h\u00eddricas, protegemos la vida\u201d, consolid\u00e1ndose como un espacio clave de sensibilizaci\u00f3n y aprendizaje sobre la gesti\u00f3n sostenible de uno de los recursos m\u00e1s vitales del planeta. El evento reuni\u00f3 a expertos del Ministerio de Ambiente de [&hellip;]<\/p>\n","protected":false},"author":830,"featured_media":133511,"comment_status":"closed","ping_status":"closed","sticky":false,"template":"","format":"standard","meta":{"footnotes":""},"categories":[73,109,174],"tags":[],"class_list":["post-133515","post","type-post","status-publish","format-standard","has-post-thumbnail","hentry","category-educacion","category-noticias","category-universidad"],"yoast_head":"<!-- This site is optimized with the Yoast SEO plugin v27.1.1 - https:\/\/yoast.com\/product\/yoast-seo-wordpress\/ -->\n<title>Foro por el D\u00eda Mundial del Agua promueve la protecci\u00f3n de cuencas h\u00eddricas y la sostenibilidad<\/title>\n<meta name=\"description\" content=\"En el marco del D\u00eda Mundial del Agua, UMECIT desarroll\u00f3 el foro \u201cD\u00eda Mundial del Agua: protegiendo las cuencas h\u00eddricas, protegemos la vida\u201d, consolid\u00e1ndose como un espacio clave de sensibilizaci\u00f3n y aprendizaje sobre la gesti\u00f3n sostenible de uno de los recursos m\u00e1s vitales del planeta.\" \/>\n<meta name=\"robots\" content=\"index, follow, max-snippet:-1, max-image-preview:large, max-video-preview:-1\" \/>\n<link rel=\"canonical\" href=\"https:\/\/umecit.edu.pa\/en\/foro-por-el-dia-mundial-del-agua-promueve-la-proteccion-de-cuencas-hidricas-y-la-sostenibilidad\/\" \/>\n<meta property=\"og:locale\" content=\"en_US\" \/>\n<meta property=\"og:type\" content=\"article\" \/>\n<meta property=\"og:title\" content=\"Foro por el D\u00eda Mundial del Agua promueve la protecci\u00f3n de cuencas h\u00eddricas y la sostenibilidad\" \/>\n<meta property=\"og:description\" content=\"En el marco del D\u00eda Mundial del Agua, UMECIT desarroll\u00f3 el foro \u201cD\u00eda Mundial del Agua: protegiendo las cuencas h\u00eddricas, protegemos la vida\u201d, consolid\u00e1ndose como un espacio clave de sensibilizaci\u00f3n y aprendizaje sobre la gesti\u00f3n sostenible de uno de los recursos m\u00e1s vitales del planeta.\" \/>\n<meta property=\"og:url\" content=\"https:\/\/umecit.edu.pa\/en\/foro-por-el-dia-mundial-del-agua-promueve-la-proteccion-de-cuencas-hidricas-y-la-sostenibilidad\/\" \/>\n<meta property=\"og:site_name\" content=\"Umecit - Universidad en Panam\u00e1\" \/>\n<meta property=\"article:publisher\" content=\"https:\/\/www.facebook.com\/umecitpanama\/\" \/>\n<meta property=\"article:published_time\" content=\"2026-04-29T19:56:56+00:00\" \/>\n<meta property=\"article:modified_time\" content=\"2026-04-29T20:07:41+00:00\" \/>\n<meta property=\"og:image\" content=\"https:\/\/umecit.edu.pa\/wp-content\/uploads\/2026\/04\/IMG-20260321-WA0105.jpg\" \/>\n\t<meta property=\"og:image:width\" content=\"921\" \/>\n\t<meta property=\"og:image:height\" content=\"644\" \/>\n\t<meta property=\"og:image:type\" content=\"image\/jpeg\" \/>\n<meta name=\"author\" content=\"Redes Sociales\" \/>\n<meta name=\"twitter:card\" content=\"summary_large_image\" \/>\n<meta name=\"twitter:creator\" content=\"@umecitpanama\" \/>\n<meta name=\"twitter:site\" content=\"@umecitpanama\" \/>\n<meta name=\"twitter:label1\" content=\"Written by\" \/>\n\t<meta name=\"twitter:data1\" content=\"Redes Sociales\" \/>\n\t<meta name=\"twitter:label2\" content=\"Est. reading time\" \/>\n\t<meta name=\"twitter:data2\" content=\"3 minutes\" \/>\n<script type=\"application\/ld+json\" class=\"yoast-schema-graph\">{\"@context\":\"https:\/\/schema.org\",\"@graph\":[{\"@type\":\"Article\",\"@id\":\"https:\/\/umecit.edu.pa\/en\/foro-por-el-dia-mundial-del-agua-promueve-la-proteccion-de-cuencas-hidricas-y-la-sostenibilidad\/#article\",\"isPartOf\":{\"@id\":\"https:\/\/umecit.edu.pa\/en\/foro-por-el-dia-mundial-del-agua-promueve-la-proteccion-de-cuencas-hidricas-y-la-sostenibilidad\/\"},\"author\":{\"name\":\"Redes Sociales\",\"@id\":\"https:\/\/umecit.edu.pa\/#\/schema\/person\/d5a70189459e738214aa90e301931824\"},\"headline\":\"Foro por el D\u00eda Mundial del Agua promueve la protecci\u00f3n de cuencas h\u00eddricas y la sostenibilidad\",\"datePublished\":\"2026-04-29T19:56:56+00:00\",\"dateModified\":\"2026-04-29T20:07:41+00:00\",\"mainEntityOfPage\":{\"@id\":\"https:\/\/umecit.edu.pa\/en\/foro-por-el-dia-mundial-del-agua-promueve-la-proteccion-de-cuencas-hidricas-y-la-sostenibilidad\/\"},\"wordCount\":273,\"publisher\":{\"@id\":\"https:\/\/umecit.edu.pa\/#organization\"},\"image\":{\"@id\":\"https:\/\/umecit.edu.pa\/en\/foro-por-el-dia-mundial-del-agua-promueve-la-proteccion-de-cuencas-hidricas-y-la-sostenibilidad\/#primaryimage\"},\"thumbnailUrl\":\"https:\/\/umecit.edu.pa\/wp-content\/uploads\/2026\/04\/IMG-20260321-WA0105.jpg\",\"articleSection\":[\"Educaci\u00f3n\",\"Noticias\",\"Universidad\"],\"inLanguage\":\"en-US\"},{\"@type\":\"WebPage\",\"@id\":\"https:\/\/umecit.edu.pa\/en\/foro-por-el-dia-mundial-del-agua-promueve-la-proteccion-de-cuencas-hidricas-y-la-sostenibilidad\/\",\"url\":\"https:\/\/umecit.edu.pa\/en\/foro-por-el-dia-mundial-del-agua-promueve-la-proteccion-de-cuencas-hidricas-y-la-sostenibilidad\/\",\"name\":\"Foro por el D\u00eda Mundial del Agua promueve la protecci\u00f3n de cuencas h\u00eddricas y la sostenibilidad\",\"isPartOf\":{\"@id\":\"https:\/\/umecit.edu.pa\/#website\"},\"primaryImageOfPage\":{\"@id\":\"https:\/\/umecit.edu.pa\/en\/foro-por-el-dia-mundial-del-agua-promueve-la-proteccion-de-cuencas-hidricas-y-la-sostenibilidad\/#primaryimage\"},\"image\":{\"@id\":\"https:\/\/umecit.edu.pa\/en\/foro-por-el-dia-mundial-del-agua-promueve-la-proteccion-de-cuencas-hidricas-y-la-sostenibilidad\/#primaryimage\"},\"thumbnailUrl\":\"https:\/\/umecit.edu.pa\/wp-content\/uploads\/2026\/04\/IMG-20260321-WA0105.jpg\",\"datePublished\":\"2026-04-29T19:56:56+00:00\",\"dateModified\":\"2026-04-29T20:07:41+00:00\",\"description\":\"En el marco del D\u00eda Mundial del Agua, UMECIT desarroll\u00f3 el foro \u201cD\u00eda Mundial del Agua: protegiendo las cuencas h\u00eddricas, protegemos la vida\u201d, consolid\u00e1ndose como un espacio clave de sensibilizaci\u00f3n y aprendizaje sobre la gesti\u00f3n sostenible de uno de los recursos m\u00e1s vitales del planeta.\",\"breadcrumb\":{\"@id\":\"https:\/\/umecit.edu.pa\/en\/foro-por-el-dia-mundial-del-agua-promueve-la-proteccion-de-cuencas-hidricas-y-la-sostenibilidad\/#breadcrumb\"},\"inLanguage\":\"en-US\",\"potentialAction\":[{\"@type\":\"ReadAction\",\"target\":[\"https:\/\/umecit.edu.pa\/en\/foro-por-el-dia-mundial-del-agua-promueve-la-proteccion-de-cuencas-hidricas-y-la-sostenibilidad\/\"]}]},{\"@type\":\"ImageObject\",\"inLanguage\":\"en-US\",\"@id\":\"https:\/\/umecit.edu.pa\/en\/foro-por-el-dia-mundial-del-agua-promueve-la-proteccion-de-cuencas-hidricas-y-la-sostenibilidad\/#primaryimage\",\"url\":\"https:\/\/umecit.edu.pa\/wp-content\/uploads\/2026\/04\/IMG-20260321-WA0105.jpg\",\"contentUrl\":\"https:\/\/umecit.edu.pa\/wp-content\/uploads\/2026\/04\/IMG-20260321-WA0105.jpg\",\"width\":921,\"height\":644},{\"@type\":\"BreadcrumbList\",\"@id\":\"https:\/\/umecit.edu.pa\/en\/foro-por-el-dia-mundial-del-agua-promueve-la-proteccion-de-cuencas-hidricas-y-la-sostenibilidad\/#breadcrumb\",\"itemListElement\":[{\"@type\":\"ListItem\",\"position\":1,\"name\":\"Portada\",\"item\":\"https:\/\/44.206.156.148\/\"},{\"@type\":\"ListItem\",\"position\":2,\"name\":\"Foro por el D\u00eda Mundial del Agua promueve la protecci\u00f3n de cuencas h\u00eddricas y la sostenibilidad\"}]},{\"@type\":\"WebSite\",\"@id\":\"https:\/\/umecit.edu.pa\/#website\",\"url\":\"https:\/\/umecit.edu.pa\/\",\"name\":\"Umecit - Universidad en Panam\u00e1\",\"description\":\"Universidad Metropolitana de Educaci\u00f3n, Ciencia y Tecnolog\u00eda\",\"publisher\":{\"@id\":\"https:\/\/umecit.edu.pa\/#organization\"},\"potentialAction\":[{\"@type\":\"SearchAction\",\"target\":{\"@type\":\"EntryPoint\",\"urlTemplate\":\"https:\/\/umecit.edu.pa\/?s={search_term_string}\"},\"query-input\":{\"@type\":\"PropertyValueSpecification\",\"valueRequired\":true,\"valueName\":\"search_term_string\"}}],\"inLanguage\":\"en-US\"},{\"@type\":\"Organization\",\"@id\":\"https:\/\/umecit.edu.pa\/#organization\",\"name\":\"Umecit - Universidad en Panam\u00e1\",\"url\":\"https:\/\/umecit.edu.pa\/\",\"logo\":{\"@type\":\"ImageObject\",\"inLanguage\":\"en-US\",\"@id\":\"https:\/\/umecit.edu.pa\/#\/schema\/logo\/image\/\",\"url\":\"https:\/\/umecit.edu.pa\/wp-content\/uploads\/2022\/06\/panama-7.jpg\",\"contentUrl\":\"https:\/\/umecit.edu.pa\/wp-content\/uploads\/2022\/06\/panama-7.jpg\",\"width\":1200,\"height\":800,\"caption\":\"Umecit - Universidad en Panam\u00e1\"},\"image\":{\"@id\":\"https:\/\/umecit.edu.pa\/#\/schema\/logo\/image\/\"},\"sameAs\":[\"https:\/\/www.facebook.com\/umecitpanama\/\",\"https:\/\/x.com\/umecitpanama\",\"https:\/\/www.tiktok.com\/@umecit\",\"https:\/\/www.instagram.com\/umecit\/\",\"https:\/\/www.youtube.com\/channel\/UCP9iXFXi4p_EW_p9p6lprhg\"]},{\"@type\":\"Person\",\"@id\":\"https:\/\/umecit.edu.pa\/#\/schema\/person\/d5a70189459e738214aa90e301931824\",\"name\":\"Redes Sociales\",\"image\":{\"@type\":\"ImageObject\",\"inLanguage\":\"en-US\",\"@id\":\"https:\/\/umecit.edu.pa\/#\/schema\/person\/image\/\",\"url\":\"https:\/\/secure.gravatar.com\/avatar\/09b10f971238019e9a50f61eaf59122699509138db9f2d8187eeef80b5cd1266?s=96&d=mm&r=g\",\"contentUrl\":\"https:\/\/secure.gravatar.com\/avatar\/09b10f971238019e9a50f61eaf59122699509138db9f2d8187eeef80b5cd1266?s=96&d=mm&r=g\",\"caption\":\"Redes Sociales\"},\"url\":\"https:\/\/umecit.edu.pa\/en\/author\/redes-sociales\/\"}]}<\/script>\n<!-- \/ Yoast SEO plugin. -->","yoast_head_json":{"title":"World Water Day forum promotes watershed protection and sustainability","description":"Within the framework of World Water Day, UMECIT developed the forum \u201cWorld Water Day: protecting watersheds, we protect life\u201d, consolidating itself as a key space for awareness and learning about the sustainable management of one of the most vital resources on the planet.","robots":{"index":"index","follow":"follow","max-snippet":"max-snippet:-1","max-image-preview":"max-image-preview:large","max-video-preview":"max-video-preview:-1"},"canonical":"https:\/\/umecit.edu.pa\/en\/foro-por-el-dia-mundial-del-agua-promueve-la-proteccion-de-cuencas-hidricas-y-la-sostenibilidad\/","og_locale":"en_US","og_type":"article","og_title":"Foro por el D\u00eda Mundial del Agua promueve la protecci\u00f3n de cuencas h\u00eddricas y la sostenibilidad","og_description":"En el marco del D\u00eda Mundial del Agua, UMECIT desarroll\u00f3 el foro \u201cD\u00eda Mundial del Agua: protegiendo las cuencas h\u00eddricas, protegemos la vida\u201d, consolid\u00e1ndose como un espacio clave de sensibilizaci\u00f3n y aprendizaje sobre la gesti\u00f3n sostenible de uno de los recursos m\u00e1s vitales del planeta.","og_url":"https:\/\/umecit.edu.pa\/en\/foro-por-el-dia-mundial-del-agua-promueve-la-proteccion-de-cuencas-hidricas-y-la-sostenibilidad\/","og_site_name":"Umecit - Universidad en Panam\u00e1","article_publisher":"https:\/\/www.facebook.com\/umecitpanama\/","article_published_time":"2026-04-29T19:56:56+00:00","article_modified_time":"2026-04-29T20:07:41+00:00","og_image":[{"width":921,"height":644,"url":"https:\/\/umecit.edu.pa\/wp-content\/uploads\/2026\/04\/IMG-20260321-WA0105.jpg","type":"image\/jpeg"}],"author":"Redes Sociales","twitter_card":"summary_large_image","twitter_creator":"@umecitpanama","twitter_site":"@umecitpanama","twitter_misc":{"Written by":"Redes Sociales","Est. reading time":"3 minutes"},"schema":{"@context":"https:\/\/schema.org","@graph":[{"@type":"Article","@id":"https:\/\/umecit.edu.pa\/en\/foro-por-el-dia-mundial-del-agua-promueve-la-proteccion-de-cuencas-hidricas-y-la-sostenibilidad\/#article","isPartOf":{"@id":"https:\/\/umecit.edu.pa\/en\/foro-por-el-dia-mundial-del-agua-promueve-la-proteccion-de-cuencas-hidricas-y-la-sostenibilidad\/"},"author":{"name":"Redes Sociales","@id":"https:\/\/umecit.edu.pa\/#\/schema\/person\/d5a70189459e738214aa90e301931824"},"headline":"Foro por el D\u00eda Mundial del Agua promueve la protecci\u00f3n de cuencas h\u00eddricas y la sostenibilidad","datePublished":"2026-04-29T19:56:56+00:00","dateModified":"2026-04-29T20:07:41+00:00","mainEntityOfPage":{"@id":"https:\/\/umecit.edu.pa\/en\/foro-por-el-dia-mundial-del-agua-promueve-la-proteccion-de-cuencas-hidricas-y-la-sostenibilidad\/"},"wordCount":273,"publisher":{"@id":"https:\/\/umecit.edu.pa\/#organization"},"image":{"@id":"https:\/\/umecit.edu.pa\/en\/foro-por-el-dia-mundial-del-agua-promueve-la-proteccion-de-cuencas-hidricas-y-la-sostenibilidad\/#primaryimage"},"thumbnailUrl":"https:\/\/umecit.edu.pa\/wp-content\/uploads\/2026\/04\/IMG-20260321-WA0105.jpg","articleSection":["Educaci\u00f3n","Noticias","Universidad"],"inLanguage":"en-US"},{"@type":"WebPage","@id":"https:\/\/umecit.edu.pa\/en\/foro-por-el-dia-mundial-del-agua-promueve-la-proteccion-de-cuencas-hidricas-y-la-sostenibilidad\/","url":"https:\/\/umecit.edu.pa\/en\/foro-por-el-dia-mundial-del-agua-promueve-la-proteccion-de-cuencas-hidricas-y-la-sostenibilidad\/","name":"World Water Day forum promotes watershed protection and sustainability","isPartOf":{"@id":"https:\/\/umecit.edu.pa\/#website"},"primaryImageOfPage":{"@id":"https:\/\/umecit.edu.pa\/en\/foro-por-el-dia-mundial-del-agua-promueve-la-proteccion-de-cuencas-hidricas-y-la-sostenibilidad\/#primaryimage"},"image":{"@id":"https:\/\/umecit.edu.pa\/en\/foro-por-el-dia-mundial-del-agua-promueve-la-proteccion-de-cuencas-hidricas-y-la-sostenibilidad\/#primaryimage"},"thumbnailUrl":"https:\/\/umecit.edu.pa\/wp-content\/uploads\/2026\/04\/IMG-20260321-WA0105.jpg","datePublished":"2026-04-29T19:56:56+00:00","dateModified":"2026-04-29T20:07:41+00:00","description":"Within the framework of World Water Day, UMECIT developed the forum \u201cWorld Water Day: protecting watersheds, we protect life\u201d, consolidating itself as a key space for awareness and learning about the sustainable management of one of the most vital resources on the planet.","breadcrumb":{"@id":"https:\/\/umecit.edu.pa\/en\/foro-por-el-dia-mundial-del-agua-promueve-la-proteccion-de-cuencas-hidricas-y-la-sostenibilidad\/#breadcrumb"},"inLanguage":"en-US","potentialAction":[{"@type":"ReadAction","target":["https:\/\/umecit.edu.pa\/en\/foro-por-el-dia-mundial-del-agua-promueve-la-proteccion-de-cuencas-hidricas-y-la-sostenibilidad\/"]}]},{"@type":"ImageObject","inLanguage":"en-US","@id":"https:\/\/umecit.edu.pa\/en\/foro-por-el-dia-mundial-del-agua-promueve-la-proteccion-de-cuencas-hidricas-y-la-sostenibilidad\/#primaryimage","url":"https:\/\/umecit.edu.pa\/wp-content\/uploads\/2026\/04\/IMG-20260321-WA0105.jpg","contentUrl":"https:\/\/umecit.edu.pa\/wp-content\/uploads\/2026\/04\/IMG-20260321-WA0105.jpg","width":921,"height":644},{"@type":"BreadcrumbList","@id":"https:\/\/umecit.edu.pa\/en\/foro-por-el-dia-mundial-del-agua-promueve-la-proteccion-de-cuencas-hidricas-y-la-sostenibilidad\/#breadcrumb","itemListElement":[{"@type":"ListItem","position":1,"name":"Portada","item":"https:\/\/44.206.156.148\/"},{"@type":"ListItem","position":2,"name":"Foro por el D\u00eda Mundial del Agua promueve la protecci\u00f3n de cuencas h\u00eddricas y la sostenibilidad"}]},{"@type":"WebSite","@id":"https:\/\/umecit.edu.pa\/#website","url":"https:\/\/umecit.edu.pa\/","name":"Umecit - University in Panama","description":"Metropolitan University of Education, Science and Technology","publisher":{"@id":"https:\/\/umecit.edu.pa\/#organization"},"potentialAction":[{"@type":"SearchAction","target":{"@type":"EntryPoint","urlTemplate":"https:\/\/umecit.edu.pa\/?s={search_term_string}"},"query-input":{"@type":"PropertyValueSpecification","valueRequired":true,"valueName":"search_term_string"}}],"inLanguage":"en-US"},{"@type":"Organization","@id":"https:\/\/umecit.edu.pa\/#organization","name":"Umecit - University in Panama","url":"https:\/\/umecit.edu.pa\/","logo":{"@type":"ImageObject","inLanguage":"en-US","@id":"https:\/\/umecit.edu.pa\/#\/schema\/logo\/image\/","url":"https:\/\/umecit.edu.pa\/wp-content\/uploads\/2022\/06\/panama-7.jpg","contentUrl":"https:\/\/umecit.edu.pa\/wp-content\/uploads\/2022\/06\/panama-7.jpg","width":1200,"height":800,"caption":"Umecit - Universidad en Panam\u00e1"},"image":{"@id":"https:\/\/umecit.edu.pa\/#\/schema\/logo\/image\/"},"sameAs":["https:\/\/www.facebook.com\/umecitpanama\/","https:\/\/x.com\/umecitpanama","https:\/\/www.tiktok.com\/@umecit","https:\/\/www.instagram.com\/umecit\/","https:\/\/www.youtube.com\/channel\/UCP9iXFXi4p_EW_p9p6lprhg"]},{"@type":"Person","@id":"https:\/\/umecit.edu.pa\/#\/schema\/person\/d5a70189459e738214aa90e301931824","name":"Social networks","image":{"@type":"ImageObject","inLanguage":"en-US","@id":"https:\/\/umecit.edu.pa\/#\/schema\/person\/image\/","url":"https:\/\/secure.gravatar.com\/avatar\/09b10f971238019e9a50f61eaf59122699509138db9f2d8187eeef80b5cd1266?s=96&d=mm&r=g","contentUrl":"https:\/\/secure.gravatar.com\/avatar\/09b10f971238019e9a50f61eaf59122699509138db9f2d8187eeef80b5cd1266?s=96&d=mm&r=g","caption":"Redes Sociales"},"url":"https:\/\/umecit.edu.pa\/en\/author\/redes-sociales\/"}]}},"_links":{"self":[{"href":"https:\/\/umecit.edu.pa\/en\/wp-json\/wp\/v2\/posts\/133515","targetHints":{"allow":["GET"]}}],"collection":[{"href":"https:\/\/umecit.edu.pa\/en\/wp-json\/wp\/v2\/posts"}],"about":[{"href":"https:\/\/umecit.edu.pa\/en\/wp-json\/wp\/v2\/types\/post"}],"author":[{"embeddable":true,"href":"https:\/\/umecit.edu.pa\/en\/wp-json\/wp\/v2\/users\/830"}],"replies":[{"embeddable":true,"href":"https:\/\/umecit.edu.pa\/en\/wp-json\/wp\/v2\/comments?post=133515"}],"version-history":[{"count":7,"href":"https:\/\/umecit.edu.pa\/en\/wp-json\/wp\/v2\/posts\/133515\/revisions"}],"predecessor-version":[{"id":133523,"href":"https:\/\/umecit.edu.pa\/en\/wp-json\/wp\/v2\/posts\/133515\/revisions\/133523"}],"wp:featuredmedia":[{"embeddable":true,"href":"https:\/\/umecit.edu.pa\/en\/wp-json\/wp\/v2\/media\/133511"}],"wp:attachment":[{"href":"https:\/\/umecit.edu.pa\/en\/wp-json\/wp\/v2\/media?parent=133515"}],"wp:term":[{"taxonomy":"category","embeddable":true,"href":"https:\/\/umecit.edu.pa\/en\/wp-json\/wp\/v2\/categories?post=133515"},{"taxonomy":"post_tag","embeddable":true,"href":"https:\/\/umecit.edu.pa\/en\/wp-json\/wp\/v2\/tags?post=133515"}],"curies":[{"name":"wp","href":"https:\/\/api.w.org\/{rel}","templated":true}]}}