{"id":133475,"date":"2026-04-29T12:47:32","date_gmt":"2026-04-29T17:47:32","guid":{"rendered":"https:\/\/umecit.edu.pa\/?p=133475"},"modified":"2026-04-29T12:51:27","modified_gmt":"2026-04-29T17:51:27","slug":"etnia-negra","status":"publish","type":"post","link":"https:\/\/umecit.edu.pa\/en\/etnia-negra\/","title":{"rendered":"Black History Month 2026: Identity, Culture and Education at UMECIT"},"content":{"rendered":"<div data-elementor-type=\"wp-post\" data-elementor-id=\"133475\" class=\"elementor elementor-133475\" data-elementor-post-type=\"post\">\n\t\t\t\t\t\t<section class=\"elementor-section elementor-top-section elementor-element elementor-element-22b206f elementor-section-boxed elementor-section-height-default elementor-section-height-default row-top\" data-id=\"22b206f\" data-element_type=\"section\" data-e-type=\"section\">\n\t\t\t\t\t\t<div class=\"elementor-container elementor-column-gap-default\">\n\t\t\t\t\t<div class=\"elementor-column elementor-col-100 elementor-top-column elementor-element elementor-element-e26aeec column-style-top\" data-id=\"e26aeec\" data-element_type=\"column\" data-e-type=\"column\">\n\t\t\t<div class=\"elementor-widget-wrap\">\n\t\t\t\t\t\t\t<\/div>\n\t\t<\/div>\n\t\t\t\t\t<\/div>\n\t\t<\/section>\n\t\t\t\t<section class=\"elementor-section elementor-top-section elementor-element elementor-element-bb9eae8 elementor-section-boxed elementor-section-height-default elementor-section-height-default row-top\" data-id=\"bb9eae8\" data-element_type=\"section\" data-e-type=\"section\">\n\t\t\t\t\t\t<div class=\"elementor-container elementor-column-gap-default\">\n\t\t\t\t\t<div class=\"elementor-column elementor-col-100 elementor-top-column elementor-element elementor-element-75e0061 column-style-top\" data-id=\"75e0061\" data-element_type=\"column\" data-e-type=\"column\">\n\t\t\t<div class=\"elementor-widget-wrap elementor-element-populated\">\n\t\t\t\t\t\t<div class=\"elementor-element elementor-element-7ef8c36 elementor-widget elementor-widget-text-editor\" data-id=\"7ef8c36\" data-element_type=\"widget\" data-e-type=\"widget\" data-widget_type=\"text-editor.default\">\n\t\t\t\t<div class=\"elementor-widget-container\">\n\t\t\t\t\t\t\t\t\t<p>The Metropolitan University of Education, Science and Technology -UMECIT- commemorates Black Ethnicity Month through an institutional agenda that integrates academic, cultural and participatory spaces, oriented towards the recognition and appreciation of the Afro-descendant contribution in Panama.<\/p>\n<p>It&#039;s not just a color. It&#039;s identity, history, and cultural heritage that unites us as a society.<\/p>\n<p>As part of this recognition, it is important to consider the historical background that has led to this commemoration.<\/p>\n<p>May 30th was declared in Panama as Black Ethnicity Day through Law 9 of 2000, as official recognition of the contribution of the Afro-descendant population in the construction of the country.<\/p>\n<p>The Afro-descendant presence in Panama dates back to the 16th century, with their participation in key historical processes such as the development of trade routes and, later, in the construction of the Panama Railroad and Canal. This legacy forms part of the country&#039;s cultural, social, and educational identity.<\/p>\n<p>Afro-descendant cultural expressions, such as music, dance, gastronomy, the use of the turban, the Kufi (cofi) and practices associated with hair care, constitute living manifestations of a heritage that has been transmitted from generation to generation.<\/p>\n<p>Recognizing this history is part of comprehensive university training and the institutional commitment to inclusive education.<\/p>\n<p><strong>Institutional Agenda<\/strong><\/p>\n<ol>\n<li><strong>Tuesday, May 19, 2026<br><\/strong>National Day: Wear your turban or Kufi (cofi) with pride.<br>The entire university community is invited to join in this cultural expression, which represents identity, history and deep roots in the Afro-descendant tradition.<\/li>\n<li><strong>Wednesday, May 20, 2026<br><\/strong>Day: Wear your braids or natural style with your own identity.<br>A space to recognize Afro hair as a symbol of cultural heritage, identity, and expression.<\/li>\n<li><strong>Thursday, May 21, 2026<br><\/strong>Institutional Forum: Roots and Routes.<br>Academic meeting focused on reflection on Afro-descendant identity, its contributions and its relevance in today&#039;s society.<\/li>\n<li><strong>Friday, May 22, 2026<br><\/strong>Turban and headdress workshop.<br>Educational space to learn about the cultural meaning and techniques of use.<\/li>\n<li><strong>Saturday, May 23, 2026<br><\/strong>Afro hair care workshop.<br>Activity aimed at the recognition, care and appreciation of Afro-descendant hair as part of cultural identity.<\/li>\n<li><strong>Thursday, May 28, 2026<br><\/strong>Visit to the Afro-Antillean Museum of Panama.<br>Cultural experience aimed at recognizing the historical legacy of Afro-descendants in the country.<\/li>\n<li><strong>Saturday, May 30, 2026 Grand National Closing.<br><\/strong>The closing day will integrate cultural and participatory activities at the national level, including the reign of the Black Ethnicity, the Afro-descendant cultural bazaar and artistic presentations that represent the Afro cultural richness.<\/li>\n<\/ol>\n<p><strong>Participation in the reign<\/strong><\/p>\n<p>To participate in the Black Ethnicity pageant (queen and king), you must contact your career coordinator and\/or campus, who will provide you with the corresponding information about the selection process and participation of queen and king by faculty.<\/p>\n<p><strong>Inscription<\/strong><\/p>\n<p>If you would like to participate in any of the scheduled activities, we invite you to register using the button below to obtain more information and secure your participation:<\/p>\t\t\t\t\t\t\t\t<\/div>\n\t\t\t\t<\/div>\n\t\t\t\t<div class=\"elementor-element elementor-element-43b352b elementor-align-left elementor-widget elementor-widget-button\" data-id=\"43b352b\" data-element_type=\"widget\" data-e-type=\"widget\" data-widget_type=\"button.default\">\n\t\t\t\t<div class=\"elementor-widget-container\">\n\t\t\t\t\t\t\t\t\t<div class=\"elementor-button-wrapper\">\n\t\t\t\t\t<a class=\"elementor-button elementor-button-link elementor-size-md\" href=\"https:\/\/forms.zohopublic.com\/universidadmetropolitanadeed\/form\/MESDELAEtniaNegra2026\/formperma\/MO5OgS2TFnunqB_Rg4Es7HiVr4sLu-ss7x0S6CPxPP0\">\n\t\t\t\t\t\t<span class=\"elementor-button-content-wrapper\">\n\t\t\t\t\t\t\t\t\t<span class=\"elementor-button-text\">REGISTER HERE<\/span>\n\t\t\t\t\t<\/span>\n\t\t\t\t\t<\/a>\n\t\t\t\t<\/div>\n\t\t\t\t\t\t\t\t<\/div>\n\t\t\t\t<\/div>\n\t\t\t\t<div class=\"elementor-element elementor-element-c254801 elementor-widget elementor-widget-text-editor\" data-id=\"c254801\" data-element_type=\"widget\" data-e-type=\"widget\" data-widget_type=\"text-editor.default\">\n\t\t\t\t<div class=\"elementor-widget-container\">\n\t\t\t\t\t\t\t\t\t<p>Once your registration is complete, you will receive details regarding the selected activities at least 48 hours prior to their taking place.<\/p><p>We appreciate you registering in advance to facilitate organization and guarantee your participation.<\/p><p>This is an initiative of the University Welfare Program, from the Inclusive Education Program, in collaborative work with the Academic Directorate, the Human Talent Management Directorate and the University Extension and Social Linkage Directorate, as part of the transversal approach that is developed for the benefit of the university community.<\/p><p>History unites us in this melting pot of cultures. It&#039;s not just a color; it&#039;s the identity of generations, a blend of cultures, songs, faith, and traditions that form part of our society.<\/p><p>Recognizing this also means training professionals with awareness, respect, and a sense of belonging.<\/p>\t\t\t\t\t\t\t\t<\/div>\n\t\t\t\t<\/div>\n\t\t\t\t\t<\/div>\n\t\t<\/div>\n\t\t\t\t\t<\/div>\n\t\t<\/section>\n\t\t\t\t<\/div>","protected":false},"excerpt":{"rendered":"<p>La Universidad Metropolitana de Educaci\u00f3n, Ciencia y Tecnolog\u00eda -UMECIT- conmemora el Mes de la Etnia Negra a trav\u00e9s de una agenda institucional que integra espacios acad\u00e9micos, culturales y de participaci\u00f3n, orientados al reconocimiento y valoraci\u00f3n del aporte afrodescendiente en Panam\u00e1. No es solo un color. Es identidad, historia y herencia cultural que nos une como [&hellip;]<\/p>\n","protected":false},"author":695,"featured_media":133482,"comment_status":"closed","ping_status":"closed","sticky":false,"template":"","format":"standard","meta":{"footnotes":""},"categories":[73,109,174],"tags":[],"class_list":["post-133475","post","type-post","status-publish","format-standard","has-post-thumbnail","hentry","category-educacion","category-noticias","category-universidad"],"yoast_head":"<!-- This site is optimized with the Yoast SEO plugin v27.1.1 - https:\/\/yoast.com\/product\/yoast-seo-wordpress\/ -->\n<title>Mes de la Etnia Negra 2026: identidad, cultura y formaci\u00f3n en UMECIT %<\/title>\n<meta name=\"description\" content=\"La Universidad Metropolitana de Educaci\u00f3n, Ciencia y Tecnolog\u00eda -UMECIT- conmemora el Mes de la Etnia Negra a trav\u00e9s de una agenda institucional que integra espacios acad\u00e9micos, culturales y de participaci\u00f3n, orientados al reconocimiento y valoraci\u00f3n del aporte afrodescendiente en Panam\u00e1. %\" \/>\n<meta name=\"robots\" content=\"index, follow, max-snippet:-1, max-image-preview:large, max-video-preview:-1\" \/>\n<link rel=\"canonical\" href=\"https:\/\/umecit.edu.pa\/en\/etnia-negra\/\" \/>\n<meta property=\"og:locale\" content=\"en_US\" \/>\n<meta property=\"og:type\" content=\"article\" \/>\n<meta property=\"og:title\" content=\"Mes de la Etnia Negra 2026: identidad, cultura y formaci\u00f3n en UMECIT %\" \/>\n<meta property=\"og:description\" content=\"La Universidad Metropolitana de Educaci\u00f3n, Ciencia y Tecnolog\u00eda -UMECIT- conmemora el Mes de la Etnia Negra a trav\u00e9s de una agenda institucional que integra espacios acad\u00e9micos, culturales y de participaci\u00f3n, orientados al reconocimiento y valoraci\u00f3n del aporte afrodescendiente en Panam\u00e1. %\" \/>\n<meta property=\"og:url\" content=\"https:\/\/umecit.edu.pa\/en\/etnia-negra\/\" \/>\n<meta property=\"og:site_name\" content=\"Umecit - Universidad en Panam\u00e1\" \/>\n<meta property=\"article:publisher\" content=\"https:\/\/www.facebook.com\/umecitpanama\/\" \/>\n<meta property=\"article:published_time\" content=\"2026-04-29T17:47:32+00:00\" \/>\n<meta property=\"article:modified_time\" content=\"2026-04-29T17:51:27+00:00\" \/>\n<meta property=\"og:image\" content=\"https:\/\/umecit.edu.pa\/wp-content\/uploads\/2026\/04\/BANNER-MES-DE-LA-ETNIA-NEGRA.jpg\" \/>\n\t<meta property=\"og:image:width\" content=\"1366\" \/>\n\t<meta property=\"og:image:height\" content=\"768\" \/>\n\t<meta property=\"og:image:type\" content=\"image\/jpeg\" \/>\n<meta name=\"author\" content=\"mercadeo umecit\" \/>\n<meta name=\"twitter:card\" content=\"summary_large_image\" \/>\n<meta name=\"twitter:creator\" content=\"@umecitpanama\" \/>\n<meta name=\"twitter:site\" content=\"@umecitpanama\" \/>\n<meta name=\"twitter:label1\" content=\"Written by\" \/>\n\t<meta name=\"twitter:data1\" content=\"mercadeo umecit\" \/>\n\t<meta name=\"twitter:label2\" content=\"Est. reading time\" \/>\n\t<meta name=\"twitter:data2\" content=\"3 minutes\" \/>\n<script type=\"application\/ld+json\" class=\"yoast-schema-graph\">{\"@context\":\"https:\/\/schema.org\",\"@graph\":[{\"@type\":\"Article\",\"@id\":\"https:\/\/umecit.edu.pa\/etnia-negra\/#article\",\"isPartOf\":{\"@id\":\"https:\/\/umecit.edu.pa\/etnia-negra\/\"},\"author\":{\"name\":\"mercadeo umecit\",\"@id\":\"https:\/\/44.206.156.148\/#\/schema\/person\/b2c0d29c839513d3464f9c9e1f3e6f69\"},\"headline\":\"Mes de la Etnia Negra 2026: identidad, cultura y formaci\u00f3n en UMECIT\",\"datePublished\":\"2026-04-29T17:47:32+00:00\",\"dateModified\":\"2026-04-29T17:51:27+00:00\",\"mainEntityOfPage\":{\"@id\":\"https:\/\/umecit.edu.pa\/etnia-negra\/\"},\"wordCount\":695,\"publisher\":{\"@id\":\"https:\/\/44.206.156.148\/#organization\"},\"image\":{\"@id\":\"https:\/\/umecit.edu.pa\/etnia-negra\/#primaryimage\"},\"thumbnailUrl\":\"https:\/\/umecit.edu.pa\/wp-content\/uploads\/2026\/04\/BANNER-MES-DE-LA-ETNIA-NEGRA.jpg\",\"articleSection\":[\"Educaci\u00f3n\",\"Noticias\",\"Universidad\"],\"inLanguage\":\"en-US\"},{\"@type\":\"WebPage\",\"@id\":\"https:\/\/umecit.edu.pa\/etnia-negra\/\",\"url\":\"https:\/\/umecit.edu.pa\/etnia-negra\/\",\"name\":\"Mes de la Etnia Negra 2026: identidad, cultura y formaci\u00f3n en UMECIT %\",\"isPartOf\":{\"@id\":\"https:\/\/44.206.156.148\/#website\"},\"primaryImageOfPage\":{\"@id\":\"https:\/\/umecit.edu.pa\/etnia-negra\/#primaryimage\"},\"image\":{\"@id\":\"https:\/\/umecit.edu.pa\/etnia-negra\/#primaryimage\"},\"thumbnailUrl\":\"https:\/\/umecit.edu.pa\/wp-content\/uploads\/2026\/04\/BANNER-MES-DE-LA-ETNIA-NEGRA.jpg\",\"datePublished\":\"2026-04-29T17:47:32+00:00\",\"dateModified\":\"2026-04-29T17:51:27+00:00\",\"description\":\"La Universidad Metropolitana de Educaci\u00f3n, Ciencia y Tecnolog\u00eda -UMECIT- conmemora el Mes de la Etnia Negra a trav\u00e9s de una agenda institucional que integra espacios acad\u00e9micos, culturales y de participaci\u00f3n, orientados al reconocimiento y valoraci\u00f3n del aporte afrodescendiente en Panam\u00e1. %\",\"breadcrumb\":{\"@id\":\"https:\/\/umecit.edu.pa\/etnia-negra\/#breadcrumb\"},\"inLanguage\":\"en-US\",\"potentialAction\":[{\"@type\":\"ReadAction\",\"target\":[\"https:\/\/umecit.edu.pa\/etnia-negra\/\"]}]},{\"@type\":\"ImageObject\",\"inLanguage\":\"en-US\",\"@id\":\"https:\/\/umecit.edu.pa\/etnia-negra\/#primaryimage\",\"url\":\"https:\/\/umecit.edu.pa\/wp-content\/uploads\/2026\/04\/BANNER-MES-DE-LA-ETNIA-NEGRA.jpg\",\"contentUrl\":\"https:\/\/umecit.edu.pa\/wp-content\/uploads\/2026\/04\/BANNER-MES-DE-LA-ETNIA-NEGRA.jpg\",\"width\":1366,\"height\":768},{\"@type\":\"BreadcrumbList\",\"@id\":\"https:\/\/umecit.edu.pa\/etnia-negra\/#breadcrumb\",\"itemListElement\":[{\"@type\":\"ListItem\",\"position\":1,\"name\":\"Portada\",\"item\":\"https:\/\/umecit.edu.pa\/\"},{\"@type\":\"ListItem\",\"position\":2,\"name\":\"Mes de la Etnia Negra 2026: identidad, cultura y formaci\u00f3n en UMECIT\"}]},{\"@type\":\"WebSite\",\"@id\":\"https:\/\/44.206.156.148\/#website\",\"url\":\"https:\/\/44.206.156.148\/\",\"name\":\"Umecit - Universidad en Panam\u00e1\",\"description\":\"Universidad Metropolitana de Educaci\u00f3n, Ciencia y Tecnolog\u00eda\",\"publisher\":{\"@id\":\"https:\/\/44.206.156.148\/#organization\"},\"potentialAction\":[{\"@type\":\"SearchAction\",\"target\":{\"@type\":\"EntryPoint\",\"urlTemplate\":\"https:\/\/44.206.156.148\/?s={search_term_string}\"},\"query-input\":{\"@type\":\"PropertyValueSpecification\",\"valueRequired\":true,\"valueName\":\"search_term_string\"}}],\"inLanguage\":\"en-US\"},{\"@type\":\"Organization\",\"@id\":\"https:\/\/44.206.156.148\/#organization\",\"name\":\"Umecit - Universidad en Panam\u00e1\",\"url\":\"https:\/\/44.206.156.148\/\",\"logo\":{\"@type\":\"ImageObject\",\"inLanguage\":\"en-US\",\"@id\":\"https:\/\/44.206.156.148\/#\/schema\/logo\/image\/\",\"url\":\"https:\/\/umecit.edu.pa\/wp-content\/uploads\/2022\/06\/panama-7.jpg\",\"contentUrl\":\"https:\/\/umecit.edu.pa\/wp-content\/uploads\/2022\/06\/panama-7.jpg\",\"width\":1200,\"height\":800,\"caption\":\"Umecit - Universidad en Panam\u00e1\"},\"image\":{\"@id\":\"https:\/\/44.206.156.148\/#\/schema\/logo\/image\/\"},\"sameAs\":[\"https:\/\/www.facebook.com\/umecitpanama\/\",\"https:\/\/x.com\/umecitpanama\",\"https:\/\/www.tiktok.com\/@umecit\",\"https:\/\/www.instagram.com\/umecit\/\",\"https:\/\/www.youtube.com\/channel\/UCP9iXFXi4p_EW_p9p6lprhg\"]},{\"@type\":\"Person\",\"@id\":\"https:\/\/44.206.156.148\/#\/schema\/person\/b2c0d29c839513d3464f9c9e1f3e6f69\",\"name\":\"mercadeo umecit\",\"image\":{\"@type\":\"ImageObject\",\"inLanguage\":\"en-US\",\"@id\":\"https:\/\/44.206.156.148\/#\/schema\/person\/image\/\",\"url\":\"https:\/\/secure.gravatar.com\/avatar\/4bd79a51f57922b8709c7f62c99ce71611fc5526021ce2d15534b9ae452e6a1c?s=96&d=mm&r=g\",\"contentUrl\":\"https:\/\/secure.gravatar.com\/avatar\/4bd79a51f57922b8709c7f62c99ce71611fc5526021ce2d15534b9ae452e6a1c?s=96&d=mm&r=g\",\"caption\":\"mercadeo umecit\"},\"url\":\"https:\/\/umecit.edu.pa\/en\/author\/mercadeo\/\"}]}<\/script>\n<!-- \/ Yoast SEO plugin. -->","yoast_head_json":{"title":"Mes de la Etnia Negra 2026: identidad, cultura y formaci\u00f3n en UMECIT %","description":"La Universidad Metropolitana de Educaci\u00f3n, Ciencia y Tecnolog\u00eda -UMECIT- conmemora el Mes de la Etnia Negra a trav\u00e9s de una agenda institucional que integra espacios acad\u00e9micos, culturales y de participaci\u00f3n, orientados al reconocimiento y valoraci\u00f3n del aporte afrodescendiente en Panam\u00e1. %","robots":{"index":"index","follow":"follow","max-snippet":"max-snippet:-1","max-image-preview":"max-image-preview:large","max-video-preview":"max-video-preview:-1"},"canonical":"https:\/\/umecit.edu.pa\/en\/etnia-negra\/","og_locale":"en_US","og_type":"article","og_title":"Mes de la Etnia Negra 2026: identidad, cultura y formaci\u00f3n en UMECIT %","og_description":"La Universidad Metropolitana de Educaci\u00f3n, Ciencia y Tecnolog\u00eda -UMECIT- conmemora el Mes de la Etnia Negra a trav\u00e9s de una agenda institucional que integra espacios acad\u00e9micos, culturales y de participaci\u00f3n, orientados al reconocimiento y valoraci\u00f3n del aporte afrodescendiente en Panam\u00e1. %","og_url":"https:\/\/umecit.edu.pa\/en\/etnia-negra\/","og_site_name":"Umecit - Universidad en Panam\u00e1","article_publisher":"https:\/\/www.facebook.com\/umecitpanama\/","article_published_time":"2026-04-29T17:47:32+00:00","article_modified_time":"2026-04-29T17:51:27+00:00","og_image":[{"width":1366,"height":768,"url":"https:\/\/umecit.edu.pa\/wp-content\/uploads\/2026\/04\/BANNER-MES-DE-LA-ETNIA-NEGRA.jpg","type":"image\/jpeg"}],"author":"mercadeo umecit","twitter_card":"summary_large_image","twitter_creator":"@umecitpanama","twitter_site":"@umecitpanama","twitter_misc":{"Written by":"mercadeo umecit","Est. reading time":"3 minutes"},"schema":{"@context":"https:\/\/schema.org","@graph":[{"@type":"Article","@id":"https:\/\/umecit.edu.pa\/etnia-negra\/#article","isPartOf":{"@id":"https:\/\/umecit.edu.pa\/etnia-negra\/"},"author":{"name":"mercadeo umecit","@id":"https:\/\/44.206.156.148\/#\/schema\/person\/b2c0d29c839513d3464f9c9e1f3e6f69"},"headline":"Mes de la Etnia Negra 2026: identidad, cultura y formaci\u00f3n en UMECIT","datePublished":"2026-04-29T17:47:32+00:00","dateModified":"2026-04-29T17:51:27+00:00","mainEntityOfPage":{"@id":"https:\/\/umecit.edu.pa\/etnia-negra\/"},"wordCount":695,"publisher":{"@id":"https:\/\/44.206.156.148\/#organization"},"image":{"@id":"https:\/\/umecit.edu.pa\/etnia-negra\/#primaryimage"},"thumbnailUrl":"https:\/\/umecit.edu.pa\/wp-content\/uploads\/2026\/04\/BANNER-MES-DE-LA-ETNIA-NEGRA.jpg","articleSection":["Educaci\u00f3n","Noticias","Universidad"],"inLanguage":"en-US"},{"@type":"WebPage","@id":"https:\/\/umecit.edu.pa\/etnia-negra\/","url":"https:\/\/umecit.edu.pa\/etnia-negra\/","name":"Mes de la Etnia Negra 2026: identidad, cultura y formaci\u00f3n en UMECIT %","isPartOf":{"@id":"https:\/\/44.206.156.148\/#website"},"primaryImageOfPage":{"@id":"https:\/\/umecit.edu.pa\/etnia-negra\/#primaryimage"},"image":{"@id":"https:\/\/umecit.edu.pa\/etnia-negra\/#primaryimage"},"thumbnailUrl":"https:\/\/umecit.edu.pa\/wp-content\/uploads\/2026\/04\/BANNER-MES-DE-LA-ETNIA-NEGRA.jpg","datePublished":"2026-04-29T17:47:32+00:00","dateModified":"2026-04-29T17:51:27+00:00","description":"La Universidad Metropolitana de Educaci\u00f3n, Ciencia y Tecnolog\u00eda -UMECIT- conmemora el Mes de la Etnia Negra a trav\u00e9s de una agenda institucional que integra espacios acad\u00e9micos, culturales y de participaci\u00f3n, orientados al reconocimiento y valoraci\u00f3n del aporte afrodescendiente en Panam\u00e1. %","breadcrumb":{"@id":"https:\/\/umecit.edu.pa\/etnia-negra\/#breadcrumb"},"inLanguage":"en-US","potentialAction":[{"@type":"ReadAction","target":["https:\/\/umecit.edu.pa\/etnia-negra\/"]}]},{"@type":"ImageObject","inLanguage":"en-US","@id":"https:\/\/umecit.edu.pa\/etnia-negra\/#primaryimage","url":"https:\/\/umecit.edu.pa\/wp-content\/uploads\/2026\/04\/BANNER-MES-DE-LA-ETNIA-NEGRA.jpg","contentUrl":"https:\/\/umecit.edu.pa\/wp-content\/uploads\/2026\/04\/BANNER-MES-DE-LA-ETNIA-NEGRA.jpg","width":1366,"height":768},{"@type":"BreadcrumbList","@id":"https:\/\/umecit.edu.pa\/etnia-negra\/#breadcrumb","itemListElement":[{"@type":"ListItem","position":1,"name":"Portada","item":"https:\/\/umecit.edu.pa\/"},{"@type":"ListItem","position":2,"name":"Mes de la Etnia Negra 2026: identidad, cultura y formaci\u00f3n en UMECIT"}]},{"@type":"WebSite","@id":"https:\/\/44.206.156.148\/#website","url":"https:\/\/44.206.156.148\/","name":"Umecit - University in Panama","description":"Metropolitan University of Education, Science and Technology","publisher":{"@id":"https:\/\/44.206.156.148\/#organization"},"potentialAction":[{"@type":"SearchAction","target":{"@type":"EntryPoint","urlTemplate":"https:\/\/44.206.156.148\/?s={search_term_string}"},"query-input":{"@type":"PropertyValueSpecification","valueRequired":true,"valueName":"search_term_string"}}],"inLanguage":"en-US"},{"@type":"Organization","@id":"https:\/\/44.206.156.148\/#organization","name":"Umecit - University in Panama","url":"https:\/\/44.206.156.148\/","logo":{"@type":"ImageObject","inLanguage":"en-US","@id":"https:\/\/44.206.156.148\/#\/schema\/logo\/image\/","url":"https:\/\/umecit.edu.pa\/wp-content\/uploads\/2022\/06\/panama-7.jpg","contentUrl":"https:\/\/umecit.edu.pa\/wp-content\/uploads\/2022\/06\/panama-7.jpg","width":1200,"height":800,"caption":"Umecit - Universidad en Panam\u00e1"},"image":{"@id":"https:\/\/44.206.156.148\/#\/schema\/logo\/image\/"},"sameAs":["https:\/\/www.facebook.com\/umecitpanama\/","https:\/\/x.com\/umecitpanama","https:\/\/www.tiktok.com\/@umecit","https:\/\/www.instagram.com\/umecit\/","https:\/\/www.youtube.com\/channel\/UCP9iXFXi4p_EW_p9p6lprhg"]},{"@type":"Person","@id":"https:\/\/44.206.156.148\/#\/schema\/person\/b2c0d29c839513d3464f9c9e1f3e6f69","name":"umecit marketing","image":{"@type":"ImageObject","inLanguage":"en-US","@id":"https:\/\/44.206.156.148\/#\/schema\/person\/image\/","url":"https:\/\/secure.gravatar.com\/avatar\/4bd79a51f57922b8709c7f62c99ce71611fc5526021ce2d15534b9ae452e6a1c?s=96&d=mm&r=g","contentUrl":"https:\/\/secure.gravatar.com\/avatar\/4bd79a51f57922b8709c7f62c99ce71611fc5526021ce2d15534b9ae452e6a1c?s=96&d=mm&r=g","caption":"mercadeo umecit"},"url":"https:\/\/umecit.edu.pa\/en\/author\/mercadeo\/"}]}},"_links":{"self":[{"href":"https:\/\/umecit.edu.pa\/en\/wp-json\/wp\/v2\/posts\/133475","targetHints":{"allow":["GET"]}}],"collection":[{"href":"https:\/\/umecit.edu.pa\/en\/wp-json\/wp\/v2\/posts"}],"about":[{"href":"https:\/\/umecit.edu.pa\/en\/wp-json\/wp\/v2\/types\/post"}],"author":[{"embeddable":true,"href":"https:\/\/umecit.edu.pa\/en\/wp-json\/wp\/v2\/users\/695"}],"replies":[{"embeddable":true,"href":"https:\/\/umecit.edu.pa\/en\/wp-json\/wp\/v2\/comments?post=133475"}],"version-history":[{"count":8,"href":"https:\/\/umecit.edu.pa\/en\/wp-json\/wp\/v2\/posts\/133475\/revisions"}],"predecessor-version":[{"id":133498,"href":"https:\/\/umecit.edu.pa\/en\/wp-json\/wp\/v2\/posts\/133475\/revisions\/133498"}],"wp:featuredmedia":[{"embeddable":true,"href":"https:\/\/umecit.edu.pa\/en\/wp-json\/wp\/v2\/media\/133482"}],"wp:attachment":[{"href":"https:\/\/umecit.edu.pa\/en\/wp-json\/wp\/v2\/media?parent=133475"}],"wp:term":[{"taxonomy":"category","embeddable":true,"href":"https:\/\/umecit.edu.pa\/en\/wp-json\/wp\/v2\/categories?post=133475"},{"taxonomy":"post_tag","embeddable":true,"href":"https:\/\/umecit.edu.pa\/en\/wp-json\/wp\/v2\/tags?post=133475"}],"curies":[{"name":"wp","href":"https:\/\/api.w.org\/{rel}","templated":true}]}}