{"id":133436,"date":"2026-04-28T14:58:59","date_gmt":"2026-04-28T19:58:59","guid":{"rendered":"https:\/\/umecit.edu.pa\/?p=133436"},"modified":"2026-04-28T15:00:35","modified_gmt":"2026-04-28T20:00:35","slug":"estudiantes-de-gestion-ambiental-lideran-jornada-por-el-dia-internacional-de-la-madre-tierra","status":"publish","type":"post","link":"https:\/\/umecit.edu.pa\/en\/estudiantes-de-gestion-ambiental-lideran-jornada-por-el-dia-internacional-de-la-madre-tierra\/","title":{"rendered":"Environmental Management students lead events for International Mother Earth Day"},"content":{"rendered":"<div data-elementor-type=\"wp-post\" data-elementor-id=\"133436\" class=\"elementor elementor-133436\" data-elementor-post-type=\"post\">\n\t\t\t\t\t\t<section class=\"elementor-section elementor-top-section elementor-element elementor-element-22b206f elementor-section-boxed elementor-section-height-default elementor-section-height-default row-top\" data-id=\"22b206f\" data-element_type=\"section\" data-e-type=\"section\">\n\t\t\t\t\t\t<div class=\"elementor-container elementor-column-gap-default\">\n\t\t\t\t\t<div class=\"elementor-column elementor-col-100 elementor-top-column elementor-element elementor-element-e26aeec column-style-top\" data-id=\"e26aeec\" data-element_type=\"column\" data-e-type=\"column\">\n\t\t\t<div class=\"elementor-widget-wrap\">\n\t\t\t\t\t\t\t<\/div>\n\t\t<\/div>\n\t\t\t\t\t<\/div>\n\t\t<\/section>\n\t\t\t\t<section class=\"elementor-section elementor-top-section elementor-element elementor-element-bb9eae8 elementor-section-boxed elementor-section-height-default elementor-section-height-default row-top\" data-id=\"bb9eae8\" data-element_type=\"section\" data-e-type=\"section\">\n\t\t\t\t\t\t<div class=\"elementor-container elementor-column-gap-default\">\n\t\t\t\t\t<div class=\"elementor-column elementor-col-100 elementor-top-column elementor-element elementor-element-75e0061 column-style-top\" data-id=\"75e0061\" data-element_type=\"column\" data-e-type=\"column\">\n\t\t\t<div class=\"elementor-widget-wrap elementor-element-populated\">\n\t\t\t\t\t\t<div class=\"elementor-element elementor-element-7ef8c36 elementor-widget elementor-widget-text-editor\" data-id=\"7ef8c36\" data-element_type=\"widget\" data-e-type=\"widget\" data-widget_type=\"text-editor.default\">\n\t\t\t\t<div class=\"elementor-widget-container\">\n\t\t\t\t\t\t\t\t\t<p><span style=\"font-weight: 400;\">In the context of International Mother Earth Day, first-year students of the semi-presential Bachelor&#039;s Degree in Environmental Management Administration at UMECIT starred in an outstanding academic day focused on ecological awareness and sustainability.<\/span><\/p><p><span style=\"font-weight: 400;\">With leadership and commitment, the students developed a knowledge transfer space in which they shared sustainable practices, including the production of organic fertilizer and the implementation of strategic recycling systems.<\/span><\/p><p><span style=\"font-weight: 400;\">Through outreach activities and technical training, they managed to capture the attention of a wide audience, also promoting the use of reusable products as part of an environmentally responsible lifestyle.<\/span><\/p><p><span style=\"font-weight: 400;\">This initiative demonstrated not only their solid academic background, but also their role as agents of change, promoting an environmental awareness that transcends the classroom and strengthens the link between education and the preservation of natural resources.<\/span><\/p><p><span style=\"font-weight: 400;\">UMECIT thus reaffirms its commitment to training professionals capable of contributing to sustainable development and the overall well-being of society.<\/span><\/p>\t\t\t\t\t\t\t\t<\/div>\n\t\t\t\t<\/div>\n\t\t\t\t\t<\/div>\n\t\t<\/div>\n\t\t\t\t\t<\/div>\n\t\t<\/section>\n\t\t\t\t<section class=\"elementor-section elementor-top-section elementor-element elementor-element-945a5ac elementor-section-boxed elementor-section-height-default elementor-section-height-default row-top\" data-id=\"945a5ac\" data-element_type=\"section\" data-e-type=\"section\">\n\t\t\t\t\t\t<div class=\"elementor-container elementor-column-gap-default\">\n\t\t\t\t\t<div class=\"elementor-column elementor-col-100 elementor-top-column elementor-element elementor-element-2f8ad08 column-style-top\" data-id=\"2f8ad08\" data-element_type=\"column\" data-e-type=\"column\">\n\t\t\t<div class=\"elementor-widget-wrap elementor-element-populated\">\n\t\t\t\t\t\t<section class=\"elementor-section elementor-inner-section elementor-element elementor-element-3b34648 elementor-section-boxed elementor-section-height-default elementor-section-height-default row-top\" data-id=\"3b34648\" data-element_type=\"section\" data-e-type=\"section\">\n\t\t\t\t\t\t<div class=\"elementor-container elementor-column-gap-default\">\n\t\t\t\t\t<div class=\"elementor-column elementor-col-50 elementor-inner-column elementor-element elementor-element-68327a4 column-style-top\" data-id=\"68327a4\" data-element_type=\"column\" data-e-type=\"column\">\n\t\t\t<div class=\"elementor-widget-wrap\">\n\t\t\t\t\t\t\t<\/div>\n\t\t<\/div>\n\t\t\t\t<div class=\"elementor-column elementor-col-50 elementor-inner-column elementor-element elementor-element-22f9de2 column-style-top\" data-id=\"22f9de2\" data-element_type=\"column\" data-e-type=\"column\">\n\t\t\t<div class=\"elementor-widget-wrap\">\n\t\t\t\t\t\t\t<\/div>\n\t\t<\/div>\n\t\t\t\t\t<\/div>\n\t\t<\/section>\n\t\t\t\t\t<\/div>\n\t\t<\/div>\n\t\t\t\t\t<\/div>\n\t\t<\/section>\n\t\t\t\t<section class=\"elementor-section elementor-top-section elementor-element elementor-element-876cb5b elementor-section-boxed elementor-section-height-default elementor-section-height-default row-top\" data-id=\"876cb5b\" data-element_type=\"section\" data-e-type=\"section\">\n\t\t\t\t\t\t<div class=\"elementor-container elementor-column-gap-default\">\n\t\t\t\t\t<div class=\"elementor-column elementor-col-100 elementor-top-column elementor-element elementor-element-059a49f column-style-top\" data-id=\"059a49f\" data-element_type=\"column\" data-e-type=\"column\">\n\t\t\t<div class=\"elementor-widget-wrap elementor-element-populated\">\n\t\t\t\t\t\t<div class=\"elementor-element elementor-element-6bb4b9c elementor-arrows-position-inside elementor-pagination-position-outside elementor-widget elementor-widget-image-carousel\" data-id=\"6bb4b9c\" data-element_type=\"widget\" data-e-type=\"widget\" data-settings=\"{&quot;slides_to_show&quot;:&quot;1&quot;,&quot;navigation&quot;:&quot;both&quot;,&quot;autoplay&quot;:&quot;yes&quot;,&quot;pause_on_hover&quot;:&quot;yes&quot;,&quot;pause_on_interaction&quot;:&quot;yes&quot;,&quot;autoplay_speed&quot;:5000,&quot;infinite&quot;:&quot;yes&quot;,&quot;effect&quot;:&quot;slide&quot;,&quot;speed&quot;:500}\" data-widget_type=\"image-carousel.default\">\n\t\t\t\t<div class=\"elementor-widget-container\">\n\t\t\t\t\t\t\t<div class=\"elementor-image-carousel-wrapper swiper\" role=\"region\" aria-roledescription=\"carousel\" aria-label=\"Carousel of images\" dir=\"ltr\">\n\t\t\t<div class=\"elementor-image-carousel swiper-wrapper\" aria-live=\"off\">\n\t\t\t\t\t\t\t\t<div class=\"swiper-slide\" role=\"group\" aria-roledescription=\"slide\" aria-label=\"1 of 2\"><figure class=\"swiper-slide-inner\"><img decoding=\"async\" class=\"swiper-slide-image\" src=\"https:\/\/umecit.edu.pa\/wp-content\/uploads\/2026\/04\/WhatsApp-Image-2026-04-25-at-7.40.40-PM-1-768x576.jpeg\" alt=\"WhatsApp Image 2026-04-25 at 7.40.40 PM (1)\" \/><\/figure><\/div><div class=\"swiper-slide\" role=\"group\" aria-roledescription=\"slide\" aria-label=\"2 of 2\"><figure class=\"swiper-slide-inner\"><img decoding=\"async\" class=\"swiper-slide-image\" src=\"https:\/\/umecit.edu.pa\/wp-content\/uploads\/2026\/04\/WhatsApp-Image-2026-04-25-at-7.40.42-PM-1-768x432.jpeg\" alt=\"WhatsApp Image 2026-04-25 at 7.40.42 PM (1)\" \/><\/figure><\/div>\t\t\t<\/div>\n\t\t\t\t\t\t\t\t\t\t\t\t<div class=\"elementor-swiper-button elementor-swiper-button-prev\" role=\"button\" tabindex=\"0\">\n\t\t\t\t\t\t<i aria-hidden=\"true\" class=\"eicon-chevron-left\"><\/i>\t\t\t\t\t<\/div>\n\t\t\t\t\t<div class=\"elementor-swiper-button elementor-swiper-button-next\" role=\"button\" tabindex=\"0\">\n\t\t\t\t\t\t<i aria-hidden=\"true\" class=\"eicon-chevron-right\"><\/i>\t\t\t\t\t<\/div>\n\t\t\t\t\n\t\t\t\t\t\t\t\t\t<div class=\"swiper-pagination\"><\/div>\n\t\t\t\t\t\t\t\t\t<\/div>\n\t\t\t\t\t\t<\/div>\n\t\t\t\t<\/div>\n\t\t\t\t\t<\/div>\n\t\t<\/div>\n\t\t\t\t\t<\/div>\n\t\t<\/section>\n\t\t\t\t<\/div>","protected":false},"excerpt":{"rendered":"<p>En el marco del D\u00eda Internacional de la Madre Tierra, estudiantes de primer ingreso semipresencial de la Licenciatura en Administraci\u00f3n de la Gesti\u00f3n Ambiental de UMECIT protagonizaron una destacada jornada acad\u00e9mica orientada a la concienciaci\u00f3n ecol\u00f3gica y la sostenibilidad. Con liderazgo y compromiso, los estudiantes desarrollaron un espacio de transferencia de conocimiento en el que [&hellip;]<\/p>\n","protected":false},"author":830,"featured_media":133439,"comment_status":"closed","ping_status":"closed","sticky":false,"template":"","format":"standard","meta":{"footnotes":""},"categories":[73,109,174],"tags":[],"class_list":["post-133436","post","type-post","status-publish","format-standard","has-post-thumbnail","hentry","category-educacion","category-noticias","category-universidad"],"yoast_head":"<!-- This site is optimized with the Yoast SEO plugin v27.1.1 - https:\/\/yoast.com\/product\/yoast-seo-wordpress\/ -->\n<title>Estudiantes de Gesti\u00f3n Ambiental lideran jornada por el D\u00eda Internacional de la Madre Tierra<\/title>\n<meta name=\"description\" content=\"En el marco del D\u00eda Internacional de la Madre Tierra, estudiantes de primer ingreso semipresencial de la Licenciatura en Administraci\u00f3n de la Gesti\u00f3n Ambiental de UMECIT protagonizaron una destacada jornada acad\u00e9mica orientada a la concienciaci\u00f3n ecol\u00f3gica y la sostenibilidad.\" \/>\n<meta name=\"robots\" content=\"index, follow, max-snippet:-1, max-image-preview:large, max-video-preview:-1\" \/>\n<link rel=\"canonical\" href=\"https:\/\/umecit.edu.pa\/en\/estudiantes-de-gestion-ambiental-lideran-jornada-por-el-dia-internacional-de-la-madre-tierra\/\" \/>\n<meta property=\"og:locale\" content=\"en_US\" \/>\n<meta property=\"og:type\" content=\"article\" \/>\n<meta property=\"og:title\" content=\"Estudiantes de Gesti\u00f3n Ambiental lideran jornada por el D\u00eda Internacional de la Madre Tierra\" \/>\n<meta property=\"og:description\" content=\"En el marco del D\u00eda Internacional de la Madre Tierra, estudiantes de primer ingreso semipresencial de la Licenciatura en Administraci\u00f3n de la Gesti\u00f3n Ambiental de UMECIT protagonizaron una destacada jornada acad\u00e9mica orientada a la concienciaci\u00f3n ecol\u00f3gica y la sostenibilidad.\" \/>\n<meta property=\"og:url\" content=\"https:\/\/umecit.edu.pa\/en\/estudiantes-de-gestion-ambiental-lideran-jornada-por-el-dia-internacional-de-la-madre-tierra\/\" \/>\n<meta property=\"og:site_name\" content=\"Umecit - Universidad en Panam\u00e1\" \/>\n<meta property=\"article:publisher\" content=\"https:\/\/www.facebook.com\/umecitpanama\/\" \/>\n<meta property=\"article:published_time\" content=\"2026-04-28T19:58:59+00:00\" \/>\n<meta property=\"article:modified_time\" content=\"2026-04-28T20:00:35+00:00\" \/>\n<meta property=\"og:image\" content=\"https:\/\/umecit.edu.pa\/wp-content\/uploads\/2026\/04\/WhatsApp-Image-2026-04-25-at-7.40.41-PM.jpeg\" \/>\n\t<meta property=\"og:image:width\" content=\"1600\" \/>\n\t<meta property=\"og:image:height\" content=\"1200\" \/>\n\t<meta property=\"og:image:type\" content=\"image\/jpeg\" \/>\n<meta name=\"author\" content=\"Redes Sociales\" \/>\n<meta name=\"twitter:card\" content=\"summary_large_image\" \/>\n<meta name=\"twitter:creator\" content=\"@umecitpanama\" \/>\n<meta name=\"twitter:site\" content=\"@umecitpanama\" \/>\n<meta name=\"twitter:label1\" content=\"Written by\" \/>\n\t<meta name=\"twitter:data1\" content=\"Redes Sociales\" \/>\n\t<meta name=\"twitter:label2\" content=\"Est. reading time\" \/>\n\t<meta name=\"twitter:data2\" content=\"2 minutes\" \/>\n<script type=\"application\/ld+json\" class=\"yoast-schema-graph\">{\"@context\":\"https:\/\/schema.org\",\"@graph\":[{\"@type\":\"Article\",\"@id\":\"https:\/\/umecit.edu.pa\/estudiantes-de-gestion-ambiental-lideran-jornada-por-el-dia-internacional-de-la-madre-tierra\/#article\",\"isPartOf\":{\"@id\":\"https:\/\/umecit.edu.pa\/estudiantes-de-gestion-ambiental-lideran-jornada-por-el-dia-internacional-de-la-madre-tierra\/\"},\"author\":{\"name\":\"Redes Sociales\",\"@id\":\"https:\/\/Umecit.edu.pa\/#\/schema\/person\/d5a70189459e738214aa90e301931824\"},\"headline\":\"Estudiantes de Gesti\u00f3n Ambiental lideran jornada por el D\u00eda Internacional de la Madre Tierra\",\"datePublished\":\"2026-04-28T19:58:59+00:00\",\"dateModified\":\"2026-04-28T20:00:35+00:00\",\"mainEntityOfPage\":{\"@id\":\"https:\/\/umecit.edu.pa\/estudiantes-de-gestion-ambiental-lideran-jornada-por-el-dia-internacional-de-la-madre-tierra\/\"},\"wordCount\":211,\"publisher\":{\"@id\":\"https:\/\/Umecit.edu.pa\/#organization\"},\"image\":{\"@id\":\"https:\/\/umecit.edu.pa\/estudiantes-de-gestion-ambiental-lideran-jornada-por-el-dia-internacional-de-la-madre-tierra\/#primaryimage\"},\"thumbnailUrl\":\"https:\/\/umecit.edu.pa\/wp-content\/uploads\/2026\/04\/WhatsApp-Image-2026-04-25-at-7.40.41-PM.jpeg\",\"articleSection\":[\"Educaci\u00f3n\",\"Noticias\",\"Universidad\"],\"inLanguage\":\"en-US\"},{\"@type\":\"WebPage\",\"@id\":\"https:\/\/umecit.edu.pa\/estudiantes-de-gestion-ambiental-lideran-jornada-por-el-dia-internacional-de-la-madre-tierra\/\",\"url\":\"https:\/\/umecit.edu.pa\/estudiantes-de-gestion-ambiental-lideran-jornada-por-el-dia-internacional-de-la-madre-tierra\/\",\"name\":\"Estudiantes de Gesti\u00f3n Ambiental lideran jornada por el D\u00eda Internacional de la Madre Tierra\",\"isPartOf\":{\"@id\":\"https:\/\/Umecit.edu.pa\/#website\"},\"primaryImageOfPage\":{\"@id\":\"https:\/\/umecit.edu.pa\/estudiantes-de-gestion-ambiental-lideran-jornada-por-el-dia-internacional-de-la-madre-tierra\/#primaryimage\"},\"image\":{\"@id\":\"https:\/\/umecit.edu.pa\/estudiantes-de-gestion-ambiental-lideran-jornada-por-el-dia-internacional-de-la-madre-tierra\/#primaryimage\"},\"thumbnailUrl\":\"https:\/\/umecit.edu.pa\/wp-content\/uploads\/2026\/04\/WhatsApp-Image-2026-04-25-at-7.40.41-PM.jpeg\",\"datePublished\":\"2026-04-28T19:58:59+00:00\",\"dateModified\":\"2026-04-28T20:00:35+00:00\",\"description\":\"En el marco del D\u00eda Internacional de la Madre Tierra, estudiantes de primer ingreso semipresencial de la Licenciatura en Administraci\u00f3n de la Gesti\u00f3n Ambiental de UMECIT protagonizaron una destacada jornada acad\u00e9mica orientada a la concienciaci\u00f3n ecol\u00f3gica y la sostenibilidad.\",\"breadcrumb\":{\"@id\":\"https:\/\/umecit.edu.pa\/estudiantes-de-gestion-ambiental-lideran-jornada-por-el-dia-internacional-de-la-madre-tierra\/#breadcrumb\"},\"inLanguage\":\"en-US\",\"potentialAction\":[{\"@type\":\"ReadAction\",\"target\":[\"https:\/\/umecit.edu.pa\/estudiantes-de-gestion-ambiental-lideran-jornada-por-el-dia-internacional-de-la-madre-tierra\/\"]}]},{\"@type\":\"ImageObject\",\"inLanguage\":\"en-US\",\"@id\":\"https:\/\/umecit.edu.pa\/estudiantes-de-gestion-ambiental-lideran-jornada-por-el-dia-internacional-de-la-madre-tierra\/#primaryimage\",\"url\":\"https:\/\/umecit.edu.pa\/wp-content\/uploads\/2026\/04\/WhatsApp-Image-2026-04-25-at-7.40.41-PM.jpeg\",\"contentUrl\":\"https:\/\/umecit.edu.pa\/wp-content\/uploads\/2026\/04\/WhatsApp-Image-2026-04-25-at-7.40.41-PM.jpeg\",\"width\":1600,\"height\":1200},{\"@type\":\"BreadcrumbList\",\"@id\":\"https:\/\/umecit.edu.pa\/estudiantes-de-gestion-ambiental-lideran-jornada-por-el-dia-internacional-de-la-madre-tierra\/#breadcrumb\",\"itemListElement\":[{\"@type\":\"ListItem\",\"position\":1,\"name\":\"Portada\",\"item\":\"https:\/\/Umecit.edu.pa\/\"},{\"@type\":\"ListItem\",\"position\":2,\"name\":\"Estudiantes de Gesti\u00f3n Ambiental lideran jornada por el D\u00eda Internacional de la Madre Tierra\"}]},{\"@type\":\"WebSite\",\"@id\":\"https:\/\/Umecit.edu.pa\/#website\",\"url\":\"https:\/\/Umecit.edu.pa\/\",\"name\":\"Umecit - Universidad en Panam\u00e1\",\"description\":\"Universidad Metropolitana de Educaci\u00f3n, Ciencia y Tecnolog\u00eda\",\"publisher\":{\"@id\":\"https:\/\/Umecit.edu.pa\/#organization\"},\"potentialAction\":[{\"@type\":\"SearchAction\",\"target\":{\"@type\":\"EntryPoint\",\"urlTemplate\":\"https:\/\/Umecit.edu.pa\/?s={search_term_string}\"},\"query-input\":{\"@type\":\"PropertyValueSpecification\",\"valueRequired\":true,\"valueName\":\"search_term_string\"}}],\"inLanguage\":\"en-US\"},{\"@type\":\"Organization\",\"@id\":\"https:\/\/Umecit.edu.pa\/#organization\",\"name\":\"Umecit - Universidad en Panam\u00e1\",\"url\":\"https:\/\/Umecit.edu.pa\/\",\"logo\":{\"@type\":\"ImageObject\",\"inLanguage\":\"en-US\",\"@id\":\"https:\/\/Umecit.edu.pa\/#\/schema\/logo\/image\/\",\"url\":\"https:\/\/umecit.edu.pa\/wp-content\/uploads\/2022\/06\/panama-7.jpg\",\"contentUrl\":\"https:\/\/umecit.edu.pa\/wp-content\/uploads\/2022\/06\/panama-7.jpg\",\"width\":1200,\"height\":800,\"caption\":\"Umecit - Universidad en Panam\u00e1\"},\"image\":{\"@id\":\"https:\/\/Umecit.edu.pa\/#\/schema\/logo\/image\/\"},\"sameAs\":[\"https:\/\/www.facebook.com\/umecitpanama\/\",\"https:\/\/x.com\/umecitpanama\",\"https:\/\/www.tiktok.com\/@umecit\",\"https:\/\/www.instagram.com\/umecit\/\",\"https:\/\/www.youtube.com\/channel\/UCP9iXFXi4p_EW_p9p6lprhg\"]},{\"@type\":\"Person\",\"@id\":\"https:\/\/Umecit.edu.pa\/#\/schema\/person\/d5a70189459e738214aa90e301931824\",\"name\":\"Redes Sociales\",\"image\":{\"@type\":\"ImageObject\",\"inLanguage\":\"en-US\",\"@id\":\"https:\/\/Umecit.edu.pa\/#\/schema\/person\/image\/\",\"url\":\"https:\/\/secure.gravatar.com\/avatar\/09b10f971238019e9a50f61eaf59122699509138db9f2d8187eeef80b5cd1266?s=96&d=mm&r=g\",\"contentUrl\":\"https:\/\/secure.gravatar.com\/avatar\/09b10f971238019e9a50f61eaf59122699509138db9f2d8187eeef80b5cd1266?s=96&d=mm&r=g\",\"caption\":\"Redes Sociales\"},\"url\":\"https:\/\/umecit.edu.pa\/en\/author\/redes-sociales\/\"}]}<\/script>\n<!-- \/ Yoast SEO plugin. -->","yoast_head_json":{"title":"Environmental Management students lead events for International Mother Earth Day","description":"In the context of International Mother Earth Day, first-year students of the semi-presential Bachelor&#039;s Degree in Environmental Management Administration at UMECIT starred in an outstanding academic day focused on ecological awareness and sustainability.","robots":{"index":"index","follow":"follow","max-snippet":"max-snippet:-1","max-image-preview":"max-image-preview:large","max-video-preview":"max-video-preview:-1"},"canonical":"https:\/\/umecit.edu.pa\/en\/estudiantes-de-gestion-ambiental-lideran-jornada-por-el-dia-internacional-de-la-madre-tierra\/","og_locale":"en_US","og_type":"article","og_title":"Estudiantes de Gesti\u00f3n Ambiental lideran jornada por el D\u00eda Internacional de la Madre Tierra","og_description":"En el marco del D\u00eda Internacional de la Madre Tierra, estudiantes de primer ingreso semipresencial de la Licenciatura en Administraci\u00f3n de la Gesti\u00f3n Ambiental de UMECIT protagonizaron una destacada jornada acad\u00e9mica orientada a la concienciaci\u00f3n ecol\u00f3gica y la sostenibilidad.","og_url":"https:\/\/umecit.edu.pa\/en\/estudiantes-de-gestion-ambiental-lideran-jornada-por-el-dia-internacional-de-la-madre-tierra\/","og_site_name":"Umecit - Universidad en Panam\u00e1","article_publisher":"https:\/\/www.facebook.com\/umecitpanama\/","article_published_time":"2026-04-28T19:58:59+00:00","article_modified_time":"2026-04-28T20:00:35+00:00","og_image":[{"width":1600,"height":1200,"url":"https:\/\/umecit.edu.pa\/wp-content\/uploads\/2026\/04\/WhatsApp-Image-2026-04-25-at-7.40.41-PM.jpeg","type":"image\/jpeg"}],"author":"Redes Sociales","twitter_card":"summary_large_image","twitter_creator":"@umecitpanama","twitter_site":"@umecitpanama","twitter_misc":{"Written by":"Redes Sociales","Est. reading time":"2 minutes"},"schema":{"@context":"https:\/\/schema.org","@graph":[{"@type":"Article","@id":"https:\/\/umecit.edu.pa\/estudiantes-de-gestion-ambiental-lideran-jornada-por-el-dia-internacional-de-la-madre-tierra\/#article","isPartOf":{"@id":"https:\/\/umecit.edu.pa\/estudiantes-de-gestion-ambiental-lideran-jornada-por-el-dia-internacional-de-la-madre-tierra\/"},"author":{"name":"Redes Sociales","@id":"https:\/\/Umecit.edu.pa\/#\/schema\/person\/d5a70189459e738214aa90e301931824"},"headline":"Estudiantes de Gesti\u00f3n Ambiental lideran jornada por el D\u00eda Internacional de la Madre Tierra","datePublished":"2026-04-28T19:58:59+00:00","dateModified":"2026-04-28T20:00:35+00:00","mainEntityOfPage":{"@id":"https:\/\/umecit.edu.pa\/estudiantes-de-gestion-ambiental-lideran-jornada-por-el-dia-internacional-de-la-madre-tierra\/"},"wordCount":211,"publisher":{"@id":"https:\/\/Umecit.edu.pa\/#organization"},"image":{"@id":"https:\/\/umecit.edu.pa\/estudiantes-de-gestion-ambiental-lideran-jornada-por-el-dia-internacional-de-la-madre-tierra\/#primaryimage"},"thumbnailUrl":"https:\/\/umecit.edu.pa\/wp-content\/uploads\/2026\/04\/WhatsApp-Image-2026-04-25-at-7.40.41-PM.jpeg","articleSection":["Educaci\u00f3n","Noticias","Universidad"],"inLanguage":"en-US"},{"@type":"WebPage","@id":"https:\/\/umecit.edu.pa\/estudiantes-de-gestion-ambiental-lideran-jornada-por-el-dia-internacional-de-la-madre-tierra\/","url":"https:\/\/umecit.edu.pa\/estudiantes-de-gestion-ambiental-lideran-jornada-por-el-dia-internacional-de-la-madre-tierra\/","name":"Environmental Management students lead events for International Mother Earth Day","isPartOf":{"@id":"https:\/\/Umecit.edu.pa\/#website"},"primaryImageOfPage":{"@id":"https:\/\/umecit.edu.pa\/estudiantes-de-gestion-ambiental-lideran-jornada-por-el-dia-internacional-de-la-madre-tierra\/#primaryimage"},"image":{"@id":"https:\/\/umecit.edu.pa\/estudiantes-de-gestion-ambiental-lideran-jornada-por-el-dia-internacional-de-la-madre-tierra\/#primaryimage"},"thumbnailUrl":"https:\/\/umecit.edu.pa\/wp-content\/uploads\/2026\/04\/WhatsApp-Image-2026-04-25-at-7.40.41-PM.jpeg","datePublished":"2026-04-28T19:58:59+00:00","dateModified":"2026-04-28T20:00:35+00:00","description":"In the context of International Mother Earth Day, first-year students of the semi-presential Bachelor&#039;s Degree in Environmental Management Administration at UMECIT starred in an outstanding academic day focused on ecological awareness and sustainability.","breadcrumb":{"@id":"https:\/\/umecit.edu.pa\/estudiantes-de-gestion-ambiental-lideran-jornada-por-el-dia-internacional-de-la-madre-tierra\/#breadcrumb"},"inLanguage":"en-US","potentialAction":[{"@type":"ReadAction","target":["https:\/\/umecit.edu.pa\/estudiantes-de-gestion-ambiental-lideran-jornada-por-el-dia-internacional-de-la-madre-tierra\/"]}]},{"@type":"ImageObject","inLanguage":"en-US","@id":"https:\/\/umecit.edu.pa\/estudiantes-de-gestion-ambiental-lideran-jornada-por-el-dia-internacional-de-la-madre-tierra\/#primaryimage","url":"https:\/\/umecit.edu.pa\/wp-content\/uploads\/2026\/04\/WhatsApp-Image-2026-04-25-at-7.40.41-PM.jpeg","contentUrl":"https:\/\/umecit.edu.pa\/wp-content\/uploads\/2026\/04\/WhatsApp-Image-2026-04-25-at-7.40.41-PM.jpeg","width":1600,"height":1200},{"@type":"BreadcrumbList","@id":"https:\/\/umecit.edu.pa\/estudiantes-de-gestion-ambiental-lideran-jornada-por-el-dia-internacional-de-la-madre-tierra\/#breadcrumb","itemListElement":[{"@type":"ListItem","position":1,"name":"Portada","item":"https:\/\/Umecit.edu.pa\/"},{"@type":"ListItem","position":2,"name":"Estudiantes de Gesti\u00f3n Ambiental lideran jornada por el D\u00eda Internacional de la Madre Tierra"}]},{"@type":"WebSite","@id":"https:\/\/Umecit.edu.pa\/#website","url":"https:\/\/Umecit.edu.pa\/","name":"Umecit - University in Panama","description":"Metropolitan University of Education, Science and Technology","publisher":{"@id":"https:\/\/Umecit.edu.pa\/#organization"},"potentialAction":[{"@type":"SearchAction","target":{"@type":"EntryPoint","urlTemplate":"https:\/\/Umecit.edu.pa\/?s={search_term_string}"},"query-input":{"@type":"PropertyValueSpecification","valueRequired":true,"valueName":"search_term_string"}}],"inLanguage":"en-US"},{"@type":"Organization","@id":"https:\/\/Umecit.edu.pa\/#organization","name":"Umecit - University in Panama","url":"https:\/\/Umecit.edu.pa\/","logo":{"@type":"ImageObject","inLanguage":"en-US","@id":"https:\/\/Umecit.edu.pa\/#\/schema\/logo\/image\/","url":"https:\/\/umecit.edu.pa\/wp-content\/uploads\/2022\/06\/panama-7.jpg","contentUrl":"https:\/\/umecit.edu.pa\/wp-content\/uploads\/2022\/06\/panama-7.jpg","width":1200,"height":800,"caption":"Umecit - Universidad en Panam\u00e1"},"image":{"@id":"https:\/\/Umecit.edu.pa\/#\/schema\/logo\/image\/"},"sameAs":["https:\/\/www.facebook.com\/umecitpanama\/","https:\/\/x.com\/umecitpanama","https:\/\/www.tiktok.com\/@umecit","https:\/\/www.instagram.com\/umecit\/","https:\/\/www.youtube.com\/channel\/UCP9iXFXi4p_EW_p9p6lprhg"]},{"@type":"Person","@id":"https:\/\/Umecit.edu.pa\/#\/schema\/person\/d5a70189459e738214aa90e301931824","name":"Social networks","image":{"@type":"ImageObject","inLanguage":"en-US","@id":"https:\/\/Umecit.edu.pa\/#\/schema\/person\/image\/","url":"https:\/\/secure.gravatar.com\/avatar\/09b10f971238019e9a50f61eaf59122699509138db9f2d8187eeef80b5cd1266?s=96&d=mm&r=g","contentUrl":"https:\/\/secure.gravatar.com\/avatar\/09b10f971238019e9a50f61eaf59122699509138db9f2d8187eeef80b5cd1266?s=96&d=mm&r=g","caption":"Redes Sociales"},"url":"https:\/\/umecit.edu.pa\/en\/author\/redes-sociales\/"}]}},"_links":{"self":[{"href":"https:\/\/umecit.edu.pa\/en\/wp-json\/wp\/v2\/posts\/133436","targetHints":{"allow":["GET"]}}],"collection":[{"href":"https:\/\/umecit.edu.pa\/en\/wp-json\/wp\/v2\/posts"}],"about":[{"href":"https:\/\/umecit.edu.pa\/en\/wp-json\/wp\/v2\/types\/post"}],"author":[{"embeddable":true,"href":"https:\/\/umecit.edu.pa\/en\/wp-json\/wp\/v2\/users\/830"}],"replies":[{"embeddable":true,"href":"https:\/\/umecit.edu.pa\/en\/wp-json\/wp\/v2\/comments?post=133436"}],"version-history":[{"count":5,"href":"https:\/\/umecit.edu.pa\/en\/wp-json\/wp\/v2\/posts\/133436\/revisions"}],"predecessor-version":[{"id":133444,"href":"https:\/\/umecit.edu.pa\/en\/wp-json\/wp\/v2\/posts\/133436\/revisions\/133444"}],"wp:featuredmedia":[{"embeddable":true,"href":"https:\/\/umecit.edu.pa\/en\/wp-json\/wp\/v2\/media\/133439"}],"wp:attachment":[{"href":"https:\/\/umecit.edu.pa\/en\/wp-json\/wp\/v2\/media?parent=133436"}],"wp:term":[{"taxonomy":"category","embeddable":true,"href":"https:\/\/umecit.edu.pa\/en\/wp-json\/wp\/v2\/categories?post=133436"},{"taxonomy":"post_tag","embeddable":true,"href":"https:\/\/umecit.edu.pa\/en\/wp-json\/wp\/v2\/tags?post=133436"}],"curies":[{"name":"wp","href":"https:\/\/api.w.org\/{rel}","templated":true}]}}