{"id":133417,"date":"2026-04-28T14:16:28","date_gmt":"2026-04-28T19:16:28","guid":{"rendered":"https:\/\/umecit.edu.pa\/?p=133417"},"modified":"2026-04-28T14:17:37","modified_gmt":"2026-04-28T19:17:37","slug":"iii-jornada-de-seguridad-y-salud-ocupacional-reune-a-250-estudiantes-en-torno-a-la-cultura-de-prevencion","status":"publish","type":"post","link":"https:\/\/umecit.edu.pa\/en\/iii-jornada-de-seguridad-y-salud-ocupacional-reune-a-250-estudiantes-en-torno-a-la-cultura-de-prevencion\/","title":{"rendered":"The 3rd Occupational Safety and Health Conference brings together 250 students around the culture of prevention"},"content":{"rendered":"<div data-elementor-type=\"wp-post\" data-elementor-id=\"133417\" class=\"elementor elementor-133417\" data-elementor-post-type=\"post\">\n\t\t\t\t\t\t<section class=\"elementor-section elementor-top-section elementor-element elementor-element-22b206f elementor-section-boxed elementor-section-height-default elementor-section-height-default row-top\" data-id=\"22b206f\" data-element_type=\"section\" data-e-type=\"section\">\n\t\t\t\t\t\t<div class=\"elementor-container elementor-column-gap-default\">\n\t\t\t\t\t<div class=\"elementor-column elementor-col-100 elementor-top-column elementor-element elementor-element-e26aeec column-style-top\" data-id=\"e26aeec\" data-element_type=\"column\" data-e-type=\"column\">\n\t\t\t<div class=\"elementor-widget-wrap\">\n\t\t\t\t\t\t\t<\/div>\n\t\t<\/div>\n\t\t\t\t\t<\/div>\n\t\t<\/section>\n\t\t\t\t<section class=\"elementor-section elementor-top-section elementor-element elementor-element-bb9eae8 elementor-section-boxed elementor-section-height-default elementor-section-height-default row-top\" data-id=\"bb9eae8\" data-element_type=\"section\" data-e-type=\"section\">\n\t\t\t\t\t\t<div class=\"elementor-container elementor-column-gap-default\">\n\t\t\t\t\t<div class=\"elementor-column elementor-col-100 elementor-top-column elementor-element elementor-element-75e0061 column-style-top\" data-id=\"75e0061\" data-element_type=\"column\" data-e-type=\"column\">\n\t\t\t<div class=\"elementor-widget-wrap elementor-element-populated\">\n\t\t\t\t\t\t<div class=\"elementor-element elementor-element-7ef8c36 elementor-widget elementor-widget-text-editor\" data-id=\"7ef8c36\" data-element_type=\"widget\" data-e-type=\"widget\" data-widget_type=\"text-editor.default\">\n\t\t\t\t<div class=\"elementor-widget-container\">\n\t\t\t\t\t\t\t\t\t<p><span style=\"font-weight: 400;\">In commemoration of World Day for Safety and Health at Work, UMECIT celebrated the III Occupational Safety and Health Conference on April 25, consolidating itself as a high-impact academic event that brought together 250 students from various faculties.<\/span><\/p><p><span style=\"font-weight: 400;\">The event featured eight national and international speakers, including representatives from the International Labour Organization, who shared updated knowledge, best practices and global regulations aimed at strengthening workplace well-being and the culture of prevention.<\/span><\/p><p><span style=\"font-weight: 400;\">As part of the experience, an information booth fair was held where companies and entities in the sector presented tools, specialized services and opportunities for professional development, allowing students to link academic theory with practice in a dynamic and collaborative environment.<\/span><\/p><p><span style=\"font-weight: 400;\">This activity reaffirms UMECIT&#039;s commitment to the comprehensive education of its students, promoting spaces that strengthen preventive awareness and prepare future professionals to face the challenges of the work environment with responsibility and knowledge.<\/span><\/p>\t\t\t\t\t\t\t\t<\/div>\n\t\t\t\t<\/div>\n\t\t\t\t\t<\/div>\n\t\t<\/div>\n\t\t\t\t\t<\/div>\n\t\t<\/section>\n\t\t\t\t<section class=\"elementor-section elementor-top-section elementor-element elementor-element-945a5ac elementor-section-boxed elementor-section-height-default elementor-section-height-default row-top\" data-id=\"945a5ac\" data-element_type=\"section\" data-e-type=\"section\">\n\t\t\t\t\t\t<div class=\"elementor-container elementor-column-gap-default\">\n\t\t\t\t\t<div class=\"elementor-column elementor-col-100 elementor-top-column elementor-element elementor-element-2f8ad08 column-style-top\" data-id=\"2f8ad08\" data-element_type=\"column\" data-e-type=\"column\">\n\t\t\t<div class=\"elementor-widget-wrap elementor-element-populated\">\n\t\t\t\t\t\t<section class=\"elementor-section elementor-inner-section elementor-element elementor-element-3b34648 elementor-section-boxed elementor-section-height-default elementor-section-height-default row-top\" data-id=\"3b34648\" data-element_type=\"section\" data-e-type=\"section\">\n\t\t\t\t\t\t<div class=\"elementor-container elementor-column-gap-default\">\n\t\t\t\t\t<div class=\"elementor-column elementor-col-50 elementor-inner-column elementor-element elementor-element-68327a4 column-style-top\" data-id=\"68327a4\" data-element_type=\"column\" data-e-type=\"column\">\n\t\t\t<div class=\"elementor-widget-wrap\">\n\t\t\t\t\t\t\t<\/div>\n\t\t<\/div>\n\t\t\t\t<div class=\"elementor-column elementor-col-50 elementor-inner-column elementor-element elementor-element-22f9de2 column-style-top\" data-id=\"22f9de2\" data-element_type=\"column\" data-e-type=\"column\">\n\t\t\t<div class=\"elementor-widget-wrap\">\n\t\t\t\t\t\t\t<\/div>\n\t\t<\/div>\n\t\t\t\t\t<\/div>\n\t\t<\/section>\n\t\t\t\t\t<\/div>\n\t\t<\/div>\n\t\t\t\t\t<\/div>\n\t\t<\/section>\n\t\t\t\t<section class=\"elementor-section elementor-top-section elementor-element elementor-element-876cb5b elementor-section-boxed elementor-section-height-default elementor-section-height-default row-top\" data-id=\"876cb5b\" data-element_type=\"section\" data-e-type=\"section\">\n\t\t\t\t\t\t<div class=\"elementor-container elementor-column-gap-default\">\n\t\t\t\t\t<div class=\"elementor-column elementor-col-100 elementor-top-column elementor-element elementor-element-059a49f column-style-top\" data-id=\"059a49f\" data-element_type=\"column\" data-e-type=\"column\">\n\t\t\t<div class=\"elementor-widget-wrap elementor-element-populated\">\n\t\t\t\t\t\t<div class=\"elementor-element elementor-element-6bb4b9c elementor-arrows-position-inside elementor-pagination-position-outside elementor-widget elementor-widget-image-carousel\" data-id=\"6bb4b9c\" data-element_type=\"widget\" data-e-type=\"widget\" data-settings=\"{&quot;slides_to_show&quot;:&quot;1&quot;,&quot;navigation&quot;:&quot;both&quot;,&quot;autoplay&quot;:&quot;yes&quot;,&quot;pause_on_hover&quot;:&quot;yes&quot;,&quot;pause_on_interaction&quot;:&quot;yes&quot;,&quot;autoplay_speed&quot;:5000,&quot;infinite&quot;:&quot;yes&quot;,&quot;effect&quot;:&quot;slide&quot;,&quot;speed&quot;:500}\" data-widget_type=\"image-carousel.default\">\n\t\t\t\t<div class=\"elementor-widget-container\">\n\t\t\t\t\t\t\t<div class=\"elementor-image-carousel-wrapper swiper\" role=\"region\" aria-roledescription=\"carousel\" aria-label=\"Carousel of images\" dir=\"ltr\">\n\t\t\t<div class=\"elementor-image-carousel swiper-wrapper\" aria-live=\"off\">\n\t\t\t\t\t\t\t\t<div class=\"swiper-slide\" role=\"group\" aria-roledescription=\"slide\" aria-label=\"1 of 10\" data-no-translation-aria-label=\"\"><figure class=\"swiper-slide-inner\"><img decoding=\"async\" class=\"swiper-slide-image\" src=\"https:\/\/umecit.edu.pa\/wp-content\/uploads\/2026\/04\/WhatsApp-Image-2026-04-28-at-5.51.43-AM-768x1024.jpeg\" alt=\"WhatsApp Image 2026-04-28 at 5.51.43 AM\" \/><\/figure><\/div><div class=\"swiper-slide\" role=\"group\" aria-roledescription=\"slide\" aria-label=\"2 of 10\" data-no-translation-aria-label=\"\"><figure class=\"swiper-slide-inner\"><img decoding=\"async\" class=\"swiper-slide-image\" src=\"https:\/\/umecit.edu.pa\/wp-content\/uploads\/2026\/04\/WhatsApp-Image-2026-04-28-at-5.51.43-AM-3-768x1024.jpeg\" alt=\"WhatsApp Image 2026-04-28 at 5.51.43 AM (3)\" \/><\/figure><\/div><div class=\"swiper-slide\" role=\"group\" aria-roledescription=\"slide\" aria-label=\"3 of 10\" data-no-translation-aria-label=\"\"><figure class=\"swiper-slide-inner\"><img decoding=\"async\" class=\"swiper-slide-image\" src=\"https:\/\/umecit.edu.pa\/wp-content\/uploads\/2026\/04\/WhatsApp-Image-2026-04-28-at-5.51.43-AM-1-768x1024.jpeg\" alt=\"WhatsApp Image 2026-04-28 at 5.51.43 AM (1)\" \/><\/figure><\/div><div class=\"swiper-slide\" role=\"group\" aria-roledescription=\"slide\" aria-label=\"4 of 10\" data-no-translation-aria-label=\"\"><figure class=\"swiper-slide-inner\"><img decoding=\"async\" class=\"swiper-slide-image\" src=\"https:\/\/umecit.edu.pa\/wp-content\/uploads\/2026\/04\/WhatsApp-Image-2026-04-28-at-5.51.42-AM-768x1024.jpeg\" alt=\"WhatsApp Image 2026-04-28 at 5.51.42 AM\" \/><\/figure><\/div><div class=\"swiper-slide\" role=\"group\" aria-roledescription=\"slide\" aria-label=\"5 of 10\" data-no-translation-aria-label=\"\"><figure class=\"swiper-slide-inner\"><img decoding=\"async\" class=\"swiper-slide-image\" src=\"https:\/\/umecit.edu.pa\/wp-content\/uploads\/2026\/04\/WhatsApp-Image-2026-04-28-at-5.51.36-AM-1-768x1024.jpeg\" alt=\"WhatsApp Image 2026-04-28 at 5.51.36 AM (1)\" \/><\/figure><\/div><div class=\"swiper-slide\" role=\"group\" aria-roledescription=\"slide\" aria-label=\"6 of 10\" data-no-translation-aria-label=\"\"><figure class=\"swiper-slide-inner\"><img decoding=\"async\" class=\"swiper-slide-image\" src=\"https:\/\/umecit.edu.pa\/wp-content\/uploads\/2026\/04\/WhatsApp-Image-2026-04-25-at-3.21.04-PM-768x1024.jpeg\" alt=\"WhatsApp Image 2026-04-25 at 3.21.04 PM\" \/><\/figure><\/div><div class=\"swiper-slide\" role=\"group\" aria-roledescription=\"slide\" aria-label=\"7 of 10\" data-no-translation-aria-label=\"\"><figure class=\"swiper-slide-inner\"><img decoding=\"async\" class=\"swiper-slide-image\" src=\"https:\/\/umecit.edu.pa\/wp-content\/uploads\/2026\/04\/WhatsApp-Image-2026-04-28-at-5.51.37-AM-768x1024.jpeg\" alt=\"WhatsApp Image 2026-04-28 at 5.51.37 AM\" \/><\/figure><\/div><div class=\"swiper-slide\" role=\"group\" aria-roledescription=\"slide\" aria-label=\"8 of 10\" data-no-translation-aria-label=\"\"><figure class=\"swiper-slide-inner\"><img decoding=\"async\" class=\"swiper-slide-image\" src=\"https:\/\/umecit.edu.pa\/wp-content\/uploads\/2026\/04\/WhatsApp-Image-2026-04-28-at-5.51.39-AM-1-768x1024.jpeg\" alt=\"WhatsApp Image 2026-04-28 at 5.51.39 AM (1)\" \/><\/figure><\/div><div class=\"swiper-slide\" role=\"group\" aria-roledescription=\"slide\" aria-label=\"9 of 10\" data-no-translation-aria-label=\"\"><figure class=\"swiper-slide-inner\"><img decoding=\"async\" class=\"swiper-slide-image\" src=\"https:\/\/umecit.edu.pa\/wp-content\/uploads\/2026\/04\/WhatsApp-Image-2026-04-25-at-7.16.33-PM-768x1024.jpeg\" alt=\"WhatsApp Image 2026-04-25 at 7.16.33 PM\" \/><\/figure><\/div><div class=\"swiper-slide\" role=\"group\" aria-roledescription=\"slide\" aria-label=\"10 of 10\" data-no-translation-aria-label=\"\"><figure class=\"swiper-slide-inner\"><img decoding=\"async\" class=\"swiper-slide-image\" src=\"https:\/\/umecit.edu.pa\/wp-content\/uploads\/2026\/04\/WhatsApp-Image-2026-04-28-at-5.51.39-AM-768x1024.jpeg\" alt=\"WhatsApp Image 2026-04-28 at 5.51.39 AM\" \/><\/figure><\/div>\t\t\t<\/div>\n\t\t\t\t\t\t\t\t\t\t\t\t<div class=\"elementor-swiper-button elementor-swiper-button-prev\" role=\"button\" tabindex=\"0\">\n\t\t\t\t\t\t<i aria-hidden=\"true\" class=\"eicon-chevron-left\"><\/i>\t\t\t\t\t<\/div>\n\t\t\t\t\t<div class=\"elementor-swiper-button elementor-swiper-button-next\" role=\"button\" tabindex=\"0\">\n\t\t\t\t\t\t<i aria-hidden=\"true\" class=\"eicon-chevron-right\"><\/i>\t\t\t\t\t<\/div>\n\t\t\t\t\n\t\t\t\t\t\t\t\t\t<div class=\"swiper-pagination\"><\/div>\n\t\t\t\t\t\t\t\t\t<\/div>\n\t\t\t\t\t\t<\/div>\n\t\t\t\t<\/div>\n\t\t\t\t\t<\/div>\n\t\t<\/div>\n\t\t\t\t\t<\/div>\n\t\t<\/section>\n\t\t\t\t<\/div>","protected":false},"excerpt":{"rendered":"<p>En conmemoraci\u00f3n del D\u00eda Mundial de la Seguridad y Salud en el Trabajo, UMECIT celebr\u00f3 el pasado 25 de abril la III Jornada de Seguridad y Salud Ocupacional, consolid\u00e1ndose como un evento acad\u00e9mico de alto impacto que reuni\u00f3 a 250 estudiantes de diversas facultades. La jornada cont\u00f3 con la participaci\u00f3n de ocho expositores de talla [&hellip;]<\/p>\n","protected":false},"author":830,"featured_media":133425,"comment_status":"closed","ping_status":"closed","sticky":false,"template":"","format":"standard","meta":{"footnotes":""},"categories":[73,109,174],"tags":[],"class_list":["post-133417","post","type-post","status-publish","format-standard","has-post-thumbnail","hentry","category-educacion","category-noticias","category-universidad"],"yoast_head":"<!-- This site is optimized with the Yoast SEO plugin v27.1.1 - https:\/\/yoast.com\/product\/yoast-seo-wordpress\/ -->\n<title>III Jornada de Seguridad y Salud Ocupacional re\u00fane a 250 estudiantes en torno a la cultura de prevenci\u00f3n<\/title>\n<meta name=\"description\" content=\"En conmemoraci\u00f3n del D\u00eda Mundial de la Seguridad y Salud en el Trabajo, UMECIT celebr\u00f3 el pasado 25 de abril la III Jornada de Seguridad y Salud Ocupacional, consolid\u00e1ndose como un evento acad\u00e9mico de alto impacto que reuni\u00f3 a 250 estudiantes de diversas facultades.\" \/>\n<meta name=\"robots\" content=\"index, follow, max-snippet:-1, max-image-preview:large, max-video-preview:-1\" \/>\n<link rel=\"canonical\" href=\"https:\/\/umecit.edu.pa\/en\/iii-jornada-de-seguridad-y-salud-ocupacional-reune-a-250-estudiantes-en-torno-a-la-cultura-de-prevencion\/\" \/>\n<meta property=\"og:locale\" content=\"en_US\" \/>\n<meta property=\"og:type\" content=\"article\" \/>\n<meta property=\"og:title\" content=\"III Jornada de Seguridad y Salud Ocupacional re\u00fane a 250 estudiantes en torno a la cultura de prevenci\u00f3n\" \/>\n<meta property=\"og:description\" content=\"En conmemoraci\u00f3n del D\u00eda Mundial de la Seguridad y Salud en el Trabajo, UMECIT celebr\u00f3 el pasado 25 de abril la III Jornada de Seguridad y Salud Ocupacional, consolid\u00e1ndose como un evento acad\u00e9mico de alto impacto que reuni\u00f3 a 250 estudiantes de diversas facultades.\" \/>\n<meta property=\"og:url\" content=\"https:\/\/umecit.edu.pa\/en\/iii-jornada-de-seguridad-y-salud-ocupacional-reune-a-250-estudiantes-en-torno-a-la-cultura-de-prevencion\/\" \/>\n<meta property=\"og:site_name\" content=\"Umecit - Universidad en Panam\u00e1\" \/>\n<meta property=\"article:publisher\" content=\"https:\/\/www.facebook.com\/umecitpanama\/\" \/>\n<meta property=\"article:published_time\" content=\"2026-04-28T19:16:28+00:00\" \/>\n<meta property=\"article:modified_time\" content=\"2026-04-28T19:17:37+00:00\" \/>\n<meta property=\"og:image\" content=\"https:\/\/umecit.edu.pa\/wp-content\/uploads\/2026\/04\/WhatsApp-Image-2026-04-28-at-5.51.36-AM.jpeg\" \/>\n\t<meta property=\"og:image:width\" content=\"1200\" \/>\n\t<meta property=\"og:image:height\" content=\"1600\" \/>\n\t<meta property=\"og:image:type\" content=\"image\/jpeg\" \/>\n<meta name=\"author\" content=\"Redes Sociales\" \/>\n<meta name=\"twitter:card\" content=\"summary_large_image\" \/>\n<meta name=\"twitter:creator\" content=\"@umecitpanama\" \/>\n<meta name=\"twitter:site\" content=\"@umecitpanama\" \/>\n<meta name=\"twitter:label1\" content=\"Written by\" \/>\n\t<meta name=\"twitter:data1\" content=\"Redes Sociales\" \/>\n\t<meta name=\"twitter:label2\" content=\"Est. reading time\" \/>\n\t<meta name=\"twitter:data2\" content=\"4 minutes\" \/>\n<script type=\"application\/ld+json\" class=\"yoast-schema-graph\">{\"@context\":\"https:\/\/schema.org\",\"@graph\":[{\"@type\":\"Article\",\"@id\":\"https:\/\/umecit.edu.pa\/iii-jornada-de-seguridad-y-salud-ocupacional-reune-a-250-estudiantes-en-torno-a-la-cultura-de-prevencion\/#article\",\"isPartOf\":{\"@id\":\"https:\/\/umecit.edu.pa\/iii-jornada-de-seguridad-y-salud-ocupacional-reune-a-250-estudiantes-en-torno-a-la-cultura-de-prevencion\/\"},\"author\":{\"name\":\"Redes Sociales\",\"@id\":\"https:\/\/Umecit.edu.pa\/#\/schema\/person\/d5a70189459e738214aa90e301931824\"},\"headline\":\"III Jornada de Seguridad y Salud Ocupacional re\u00fane a 250 estudiantes en torno a la cultura de prevenci\u00f3n\",\"datePublished\":\"2026-04-28T19:16:28+00:00\",\"dateModified\":\"2026-04-28T19:17:37+00:00\",\"mainEntityOfPage\":{\"@id\":\"https:\/\/umecit.edu.pa\/iii-jornada-de-seguridad-y-salud-ocupacional-reune-a-250-estudiantes-en-torno-a-la-cultura-de-prevencion\/\"},\"wordCount\":200,\"publisher\":{\"@id\":\"https:\/\/Umecit.edu.pa\/#organization\"},\"image\":{\"@id\":\"https:\/\/umecit.edu.pa\/iii-jornada-de-seguridad-y-salud-ocupacional-reune-a-250-estudiantes-en-torno-a-la-cultura-de-prevencion\/#primaryimage\"},\"thumbnailUrl\":\"https:\/\/umecit.edu.pa\/wp-content\/uploads\/2026\/04\/WhatsApp-Image-2026-04-28-at-5.51.36-AM.jpeg\",\"articleSection\":[\"Educaci\u00f3n\",\"Noticias\",\"Universidad\"],\"inLanguage\":\"en-US\"},{\"@type\":\"WebPage\",\"@id\":\"https:\/\/umecit.edu.pa\/iii-jornada-de-seguridad-y-salud-ocupacional-reune-a-250-estudiantes-en-torno-a-la-cultura-de-prevencion\/\",\"url\":\"https:\/\/umecit.edu.pa\/iii-jornada-de-seguridad-y-salud-ocupacional-reune-a-250-estudiantes-en-torno-a-la-cultura-de-prevencion\/\",\"name\":\"III Jornada de Seguridad y Salud Ocupacional re\u00fane a 250 estudiantes en torno a la cultura de prevenci\u00f3n\",\"isPartOf\":{\"@id\":\"https:\/\/Umecit.edu.pa\/#website\"},\"primaryImageOfPage\":{\"@id\":\"https:\/\/umecit.edu.pa\/iii-jornada-de-seguridad-y-salud-ocupacional-reune-a-250-estudiantes-en-torno-a-la-cultura-de-prevencion\/#primaryimage\"},\"image\":{\"@id\":\"https:\/\/umecit.edu.pa\/iii-jornada-de-seguridad-y-salud-ocupacional-reune-a-250-estudiantes-en-torno-a-la-cultura-de-prevencion\/#primaryimage\"},\"thumbnailUrl\":\"https:\/\/umecit.edu.pa\/wp-content\/uploads\/2026\/04\/WhatsApp-Image-2026-04-28-at-5.51.36-AM.jpeg\",\"datePublished\":\"2026-04-28T19:16:28+00:00\",\"dateModified\":\"2026-04-28T19:17:37+00:00\",\"description\":\"En conmemoraci\u00f3n del D\u00eda Mundial de la Seguridad y Salud en el Trabajo, UMECIT celebr\u00f3 el pasado 25 de abril la III Jornada de Seguridad y Salud Ocupacional, consolid\u00e1ndose como un evento acad\u00e9mico de alto impacto que reuni\u00f3 a 250 estudiantes de diversas facultades.\",\"breadcrumb\":{\"@id\":\"https:\/\/umecit.edu.pa\/iii-jornada-de-seguridad-y-salud-ocupacional-reune-a-250-estudiantes-en-torno-a-la-cultura-de-prevencion\/#breadcrumb\"},\"inLanguage\":\"en-US\",\"potentialAction\":[{\"@type\":\"ReadAction\",\"target\":[\"https:\/\/umecit.edu.pa\/iii-jornada-de-seguridad-y-salud-ocupacional-reune-a-250-estudiantes-en-torno-a-la-cultura-de-prevencion\/\"]}]},{\"@type\":\"ImageObject\",\"inLanguage\":\"en-US\",\"@id\":\"https:\/\/umecit.edu.pa\/iii-jornada-de-seguridad-y-salud-ocupacional-reune-a-250-estudiantes-en-torno-a-la-cultura-de-prevencion\/#primaryimage\",\"url\":\"https:\/\/umecit.edu.pa\/wp-content\/uploads\/2026\/04\/WhatsApp-Image-2026-04-28-at-5.51.36-AM.jpeg\",\"contentUrl\":\"https:\/\/umecit.edu.pa\/wp-content\/uploads\/2026\/04\/WhatsApp-Image-2026-04-28-at-5.51.36-AM.jpeg\",\"width\":1200,\"height\":1600},{\"@type\":\"BreadcrumbList\",\"@id\":\"https:\/\/umecit.edu.pa\/iii-jornada-de-seguridad-y-salud-ocupacional-reune-a-250-estudiantes-en-torno-a-la-cultura-de-prevencion\/#breadcrumb\",\"itemListElement\":[{\"@type\":\"ListItem\",\"position\":1,\"name\":\"Portada\",\"item\":\"https:\/\/Umecit.edu.pa\/\"},{\"@type\":\"ListItem\",\"position\":2,\"name\":\"III Jornada de Seguridad y Salud Ocupacional re\u00fane a 250 estudiantes en torno a la cultura de prevenci\u00f3n\"}]},{\"@type\":\"WebSite\",\"@id\":\"https:\/\/Umecit.edu.pa\/#website\",\"url\":\"https:\/\/Umecit.edu.pa\/\",\"name\":\"Umecit - Universidad en Panam\u00e1\",\"description\":\"Universidad Metropolitana de Educaci\u00f3n, Ciencia y Tecnolog\u00eda\",\"publisher\":{\"@id\":\"https:\/\/Umecit.edu.pa\/#organization\"},\"potentialAction\":[{\"@type\":\"SearchAction\",\"target\":{\"@type\":\"EntryPoint\",\"urlTemplate\":\"https:\/\/Umecit.edu.pa\/?s={search_term_string}\"},\"query-input\":{\"@type\":\"PropertyValueSpecification\",\"valueRequired\":true,\"valueName\":\"search_term_string\"}}],\"inLanguage\":\"en-US\"},{\"@type\":\"Organization\",\"@id\":\"https:\/\/Umecit.edu.pa\/#organization\",\"name\":\"Umecit - Universidad en Panam\u00e1\",\"url\":\"https:\/\/Umecit.edu.pa\/\",\"logo\":{\"@type\":\"ImageObject\",\"inLanguage\":\"en-US\",\"@id\":\"https:\/\/Umecit.edu.pa\/#\/schema\/logo\/image\/\",\"url\":\"https:\/\/umecit.edu.pa\/wp-content\/uploads\/2022\/06\/panama-7.jpg\",\"contentUrl\":\"https:\/\/umecit.edu.pa\/wp-content\/uploads\/2022\/06\/panama-7.jpg\",\"width\":1200,\"height\":800,\"caption\":\"Umecit - Universidad en Panam\u00e1\"},\"image\":{\"@id\":\"https:\/\/Umecit.edu.pa\/#\/schema\/logo\/image\/\"},\"sameAs\":[\"https:\/\/www.facebook.com\/umecitpanama\/\",\"https:\/\/x.com\/umecitpanama\",\"https:\/\/www.tiktok.com\/@umecit\",\"https:\/\/www.instagram.com\/umecit\/\",\"https:\/\/www.youtube.com\/channel\/UCP9iXFXi4p_EW_p9p6lprhg\"]},{\"@type\":\"Person\",\"@id\":\"https:\/\/Umecit.edu.pa\/#\/schema\/person\/d5a70189459e738214aa90e301931824\",\"name\":\"Redes Sociales\",\"image\":{\"@type\":\"ImageObject\",\"inLanguage\":\"en-US\",\"@id\":\"https:\/\/Umecit.edu.pa\/#\/schema\/person\/image\/\",\"url\":\"https:\/\/secure.gravatar.com\/avatar\/09b10f971238019e9a50f61eaf59122699509138db9f2d8187eeef80b5cd1266?s=96&d=mm&r=g\",\"contentUrl\":\"https:\/\/secure.gravatar.com\/avatar\/09b10f971238019e9a50f61eaf59122699509138db9f2d8187eeef80b5cd1266?s=96&d=mm&r=g\",\"caption\":\"Redes Sociales\"},\"url\":\"https:\/\/umecit.edu.pa\/en\/author\/redes-sociales\/\"}]}<\/script>\n<!-- \/ Yoast SEO plugin. -->","yoast_head_json":{"title":"The 3rd Occupational Safety and Health Conference brings together 250 students around the culture of prevention","description":"In commemoration of World Day for Safety and Health at Work, UMECIT celebrated the III Occupational Safety and Health Conference on April 25, consolidating itself as a high-impact academic event that brought together 250 students from various faculties.","robots":{"index":"index","follow":"follow","max-snippet":"max-snippet:-1","max-image-preview":"max-image-preview:large","max-video-preview":"max-video-preview:-1"},"canonical":"https:\/\/umecit.edu.pa\/en\/iii-jornada-de-seguridad-y-salud-ocupacional-reune-a-250-estudiantes-en-torno-a-la-cultura-de-prevencion\/","og_locale":"en_US","og_type":"article","og_title":"III Jornada de Seguridad y Salud Ocupacional re\u00fane a 250 estudiantes en torno a la cultura de prevenci\u00f3n","og_description":"En conmemoraci\u00f3n del D\u00eda Mundial de la Seguridad y Salud en el Trabajo, UMECIT celebr\u00f3 el pasado 25 de abril la III Jornada de Seguridad y Salud Ocupacional, consolid\u00e1ndose como un evento acad\u00e9mico de alto impacto que reuni\u00f3 a 250 estudiantes de diversas facultades.","og_url":"https:\/\/umecit.edu.pa\/en\/iii-jornada-de-seguridad-y-salud-ocupacional-reune-a-250-estudiantes-en-torno-a-la-cultura-de-prevencion\/","og_site_name":"Umecit - Universidad en Panam\u00e1","article_publisher":"https:\/\/www.facebook.com\/umecitpanama\/","article_published_time":"2026-04-28T19:16:28+00:00","article_modified_time":"2026-04-28T19:17:37+00:00","og_image":[{"width":1200,"height":1600,"url":"https:\/\/umecit.edu.pa\/wp-content\/uploads\/2026\/04\/WhatsApp-Image-2026-04-28-at-5.51.36-AM.jpeg","type":"image\/jpeg"}],"author":"Redes Sociales","twitter_card":"summary_large_image","twitter_creator":"@umecitpanama","twitter_site":"@umecitpanama","twitter_misc":{"Written by":"Redes Sociales","Est. reading time":"4 minutes"},"schema":{"@context":"https:\/\/schema.org","@graph":[{"@type":"Article","@id":"https:\/\/umecit.edu.pa\/iii-jornada-de-seguridad-y-salud-ocupacional-reune-a-250-estudiantes-en-torno-a-la-cultura-de-prevencion\/#article","isPartOf":{"@id":"https:\/\/umecit.edu.pa\/iii-jornada-de-seguridad-y-salud-ocupacional-reune-a-250-estudiantes-en-torno-a-la-cultura-de-prevencion\/"},"author":{"name":"Redes Sociales","@id":"https:\/\/Umecit.edu.pa\/#\/schema\/person\/d5a70189459e738214aa90e301931824"},"headline":"III Jornada de Seguridad y Salud Ocupacional re\u00fane a 250 estudiantes en torno a la cultura de prevenci\u00f3n","datePublished":"2026-04-28T19:16:28+00:00","dateModified":"2026-04-28T19:17:37+00:00","mainEntityOfPage":{"@id":"https:\/\/umecit.edu.pa\/iii-jornada-de-seguridad-y-salud-ocupacional-reune-a-250-estudiantes-en-torno-a-la-cultura-de-prevencion\/"},"wordCount":200,"publisher":{"@id":"https:\/\/Umecit.edu.pa\/#organization"},"image":{"@id":"https:\/\/umecit.edu.pa\/iii-jornada-de-seguridad-y-salud-ocupacional-reune-a-250-estudiantes-en-torno-a-la-cultura-de-prevencion\/#primaryimage"},"thumbnailUrl":"https:\/\/umecit.edu.pa\/wp-content\/uploads\/2026\/04\/WhatsApp-Image-2026-04-28-at-5.51.36-AM.jpeg","articleSection":["Educaci\u00f3n","Noticias","Universidad"],"inLanguage":"en-US"},{"@type":"WebPage","@id":"https:\/\/umecit.edu.pa\/iii-jornada-de-seguridad-y-salud-ocupacional-reune-a-250-estudiantes-en-torno-a-la-cultura-de-prevencion\/","url":"https:\/\/umecit.edu.pa\/iii-jornada-de-seguridad-y-salud-ocupacional-reune-a-250-estudiantes-en-torno-a-la-cultura-de-prevencion\/","name":"The 3rd Occupational Safety and Health Conference brings together 250 students around the culture of prevention","isPartOf":{"@id":"https:\/\/Umecit.edu.pa\/#website"},"primaryImageOfPage":{"@id":"https:\/\/umecit.edu.pa\/iii-jornada-de-seguridad-y-salud-ocupacional-reune-a-250-estudiantes-en-torno-a-la-cultura-de-prevencion\/#primaryimage"},"image":{"@id":"https:\/\/umecit.edu.pa\/iii-jornada-de-seguridad-y-salud-ocupacional-reune-a-250-estudiantes-en-torno-a-la-cultura-de-prevencion\/#primaryimage"},"thumbnailUrl":"https:\/\/umecit.edu.pa\/wp-content\/uploads\/2026\/04\/WhatsApp-Image-2026-04-28-at-5.51.36-AM.jpeg","datePublished":"2026-04-28T19:16:28+00:00","dateModified":"2026-04-28T19:17:37+00:00","description":"In commemoration of World Day for Safety and Health at Work, UMECIT celebrated the III Occupational Safety and Health Conference on April 25, consolidating itself as a high-impact academic event that brought together 250 students from various faculties.","breadcrumb":{"@id":"https:\/\/umecit.edu.pa\/iii-jornada-de-seguridad-y-salud-ocupacional-reune-a-250-estudiantes-en-torno-a-la-cultura-de-prevencion\/#breadcrumb"},"inLanguage":"en-US","potentialAction":[{"@type":"ReadAction","target":["https:\/\/umecit.edu.pa\/iii-jornada-de-seguridad-y-salud-ocupacional-reune-a-250-estudiantes-en-torno-a-la-cultura-de-prevencion\/"]}]},{"@type":"ImageObject","inLanguage":"en-US","@id":"https:\/\/umecit.edu.pa\/iii-jornada-de-seguridad-y-salud-ocupacional-reune-a-250-estudiantes-en-torno-a-la-cultura-de-prevencion\/#primaryimage","url":"https:\/\/umecit.edu.pa\/wp-content\/uploads\/2026\/04\/WhatsApp-Image-2026-04-28-at-5.51.36-AM.jpeg","contentUrl":"https:\/\/umecit.edu.pa\/wp-content\/uploads\/2026\/04\/WhatsApp-Image-2026-04-28-at-5.51.36-AM.jpeg","width":1200,"height":1600},{"@type":"BreadcrumbList","@id":"https:\/\/umecit.edu.pa\/iii-jornada-de-seguridad-y-salud-ocupacional-reune-a-250-estudiantes-en-torno-a-la-cultura-de-prevencion\/#breadcrumb","itemListElement":[{"@type":"ListItem","position":1,"name":"Portada","item":"https:\/\/Umecit.edu.pa\/"},{"@type":"ListItem","position":2,"name":"III Jornada de Seguridad y Salud Ocupacional re\u00fane a 250 estudiantes en torno a la cultura de prevenci\u00f3n"}]},{"@type":"WebSite","@id":"https:\/\/Umecit.edu.pa\/#website","url":"https:\/\/Umecit.edu.pa\/","name":"Umecit - University in Panama","description":"Metropolitan University of Education, Science and Technology","publisher":{"@id":"https:\/\/Umecit.edu.pa\/#organization"},"potentialAction":[{"@type":"SearchAction","target":{"@type":"EntryPoint","urlTemplate":"https:\/\/Umecit.edu.pa\/?s={search_term_string}"},"query-input":{"@type":"PropertyValueSpecification","valueRequired":true,"valueName":"search_term_string"}}],"inLanguage":"en-US"},{"@type":"Organization","@id":"https:\/\/Umecit.edu.pa\/#organization","name":"Umecit - University in Panama","url":"https:\/\/Umecit.edu.pa\/","logo":{"@type":"ImageObject","inLanguage":"en-US","@id":"https:\/\/Umecit.edu.pa\/#\/schema\/logo\/image\/","url":"https:\/\/umecit.edu.pa\/wp-content\/uploads\/2022\/06\/panama-7.jpg","contentUrl":"https:\/\/umecit.edu.pa\/wp-content\/uploads\/2022\/06\/panama-7.jpg","width":1200,"height":800,"caption":"Umecit - Universidad en Panam\u00e1"},"image":{"@id":"https:\/\/Umecit.edu.pa\/#\/schema\/logo\/image\/"},"sameAs":["https:\/\/www.facebook.com\/umecitpanama\/","https:\/\/x.com\/umecitpanama","https:\/\/www.tiktok.com\/@umecit","https:\/\/www.instagram.com\/umecit\/","https:\/\/www.youtube.com\/channel\/UCP9iXFXi4p_EW_p9p6lprhg"]},{"@type":"Person","@id":"https:\/\/Umecit.edu.pa\/#\/schema\/person\/d5a70189459e738214aa90e301931824","name":"Social networks","image":{"@type":"ImageObject","inLanguage":"en-US","@id":"https:\/\/Umecit.edu.pa\/#\/schema\/person\/image\/","url":"https:\/\/secure.gravatar.com\/avatar\/09b10f971238019e9a50f61eaf59122699509138db9f2d8187eeef80b5cd1266?s=96&d=mm&r=g","contentUrl":"https:\/\/secure.gravatar.com\/avatar\/09b10f971238019e9a50f61eaf59122699509138db9f2d8187eeef80b5cd1266?s=96&d=mm&r=g","caption":"Redes Sociales"},"url":"https:\/\/umecit.edu.pa\/en\/author\/redes-sociales\/"}]}},"_links":{"self":[{"href":"https:\/\/umecit.edu.pa\/en\/wp-json\/wp\/v2\/posts\/133417","targetHints":{"allow":["GET"]}}],"collection":[{"href":"https:\/\/umecit.edu.pa\/en\/wp-json\/wp\/v2\/posts"}],"about":[{"href":"https:\/\/umecit.edu.pa\/en\/wp-json\/wp\/v2\/types\/post"}],"author":[{"embeddable":true,"href":"https:\/\/umecit.edu.pa\/en\/wp-json\/wp\/v2\/users\/830"}],"replies":[{"embeddable":true,"href":"https:\/\/umecit.edu.pa\/en\/wp-json\/wp\/v2\/comments?post=133417"}],"version-history":[{"count":4,"href":"https:\/\/umecit.edu.pa\/en\/wp-json\/wp\/v2\/posts\/133417\/revisions"}],"predecessor-version":[{"id":133435,"href":"https:\/\/umecit.edu.pa\/en\/wp-json\/wp\/v2\/posts\/133417\/revisions\/133435"}],"wp:featuredmedia":[{"embeddable":true,"href":"https:\/\/umecit.edu.pa\/en\/wp-json\/wp\/v2\/media\/133425"}],"wp:attachment":[{"href":"https:\/\/umecit.edu.pa\/en\/wp-json\/wp\/v2\/media?parent=133417"}],"wp:term":[{"taxonomy":"category","embeddable":true,"href":"https:\/\/umecit.edu.pa\/en\/wp-json\/wp\/v2\/categories?post=133417"},{"taxonomy":"post_tag","embeddable":true,"href":"https:\/\/umecit.edu.pa\/en\/wp-json\/wp\/v2\/tags?post=133417"}],"curies":[{"name":"wp","href":"https:\/\/api.w.org\/{rel}","templated":true}]}}