{"id":133401,"date":"2026-04-28T13:41:38","date_gmt":"2026-04-28T18:41:38","guid":{"rendered":"https:\/\/umecit.edu.pa\/?p=133401"},"modified":"2026-04-28T13:43:09","modified_gmt":"2026-04-28T18:43:09","slug":"umecit-fortalece-su-compromiso-social-con-entrega-de-utiles-escolares-en-capira","status":"publish","type":"post","link":"https:\/\/umecit.edu.pa\/en\/umecit-fortalece-su-compromiso-social-con-entrega-de-utiles-escolares-en-capira\/","title":{"rendered":"UMECIT strengthens its social commitment with the delivery of school supplies in Capira"},"content":{"rendered":"<div data-elementor-type=\"wp-post\" data-elementor-id=\"133401\" class=\"elementor elementor-133401\" data-elementor-post-type=\"post\">\n\t\t\t\t\t\t<section class=\"elementor-section elementor-top-section elementor-element elementor-element-22b206f elementor-section-boxed elementor-section-height-default elementor-section-height-default row-top\" data-id=\"22b206f\" data-element_type=\"section\" data-e-type=\"section\">\n\t\t\t\t\t\t<div class=\"elementor-container elementor-column-gap-default\">\n\t\t\t\t\t<div class=\"elementor-column elementor-col-100 elementor-top-column elementor-element elementor-element-e26aeec column-style-top\" data-id=\"e26aeec\" data-element_type=\"column\" data-e-type=\"column\">\n\t\t\t<div class=\"elementor-widget-wrap\">\n\t\t\t\t\t\t\t<\/div>\n\t\t<\/div>\n\t\t\t\t\t<\/div>\n\t\t<\/section>\n\t\t\t\t<section class=\"elementor-section elementor-top-section elementor-element elementor-element-bb9eae8 elementor-section-boxed elementor-section-height-default elementor-section-height-default row-top\" data-id=\"bb9eae8\" data-element_type=\"section\" data-e-type=\"section\">\n\t\t\t\t\t\t<div class=\"elementor-container elementor-column-gap-default\">\n\t\t\t\t\t<div class=\"elementor-column elementor-col-100 elementor-top-column elementor-element elementor-element-75e0061 column-style-top\" data-id=\"75e0061\" data-element_type=\"column\" data-e-type=\"column\">\n\t\t\t<div class=\"elementor-widget-wrap elementor-element-populated\">\n\t\t\t\t\t\t<div class=\"elementor-element elementor-element-7ef8c36 elementor-widget elementor-widget-text-editor\" data-id=\"7ef8c36\" data-element_type=\"widget\" data-e-type=\"widget\" data-widget_type=\"text-editor.default\">\n\t\t\t\t<div class=\"elementor-widget-container\">\n\t\t\t\t\t\t\t\t\t<p><span style=\"font-weight: 400;\">As part of community outreach and social action activities, volunteering <\/span><i><span style=\"font-weight: 400;\">Hands that Transform UMECIT<\/span><\/i><span style=\"font-weight: 400;\"> He successfully carried out the delivery of school supplies to boys and girls of the Hierba Buena School, located in the district of Capira.<\/span><\/p><p><span style=\"font-weight: 400;\">The initiative, managed by the Extension Coordination, directly benefited 19 students, who enthusiastically received educational materials that will contribute to improving their learning conditions.<\/span><\/p><p><span style=\"font-weight: 400;\">These donations were made possible thanks to the valuable solidarity of the student community and the faculty of the UMECIT La Chorrera campus, demonstrating a strong commitment to the educational development of communities with greater needs.<\/span><\/p><p><span style=\"font-weight: 400;\">Representing the institution were Ernesto Mart\u00ednez, Campus Coordinator; Manuel Mendieta, Graduation Coordinator; and Henyi Edghill, a volunteer student of General Psychology. The activity was coordinated by Alexis Del Cid, Extension Coordinator at the La Chorrera campus.<\/span><\/p><p><span style=\"font-weight: 400;\">During the day, the director of the educational center expressed his gratitude for this act of solidarity, highlighting the positive impact it will have on the educational process of the students who benefit.<\/span><\/p><p><span style=\"font-weight: 400;\">Beyond the delivery of materials, this initiative promotes values such as solidarity, empathy, and social commitment, strengthening the bond between the university and the community. It also reaffirms UMECIT&#039;s role as an agent of change, driving initiatives that transform lives and foster an education with a humanistic approach.<\/span><\/p><p>\u00a0<\/p>\t\t\t\t\t\t\t\t<\/div>\n\t\t\t\t<\/div>\n\t\t\t\t\t<\/div>\n\t\t<\/div>\n\t\t\t\t\t<\/div>\n\t\t<\/section>\n\t\t\t\t<section class=\"elementor-section elementor-top-section elementor-element elementor-element-945a5ac elementor-section-boxed elementor-section-height-default elementor-section-height-default row-top\" data-id=\"945a5ac\" data-element_type=\"section\" data-e-type=\"section\">\n\t\t\t\t\t\t<div class=\"elementor-container elementor-column-gap-default\">\n\t\t\t\t\t<div class=\"elementor-column elementor-col-100 elementor-top-column elementor-element elementor-element-2f8ad08 column-style-top\" data-id=\"2f8ad08\" data-element_type=\"column\" data-e-type=\"column\">\n\t\t\t<div class=\"elementor-widget-wrap elementor-element-populated\">\n\t\t\t\t\t\t<section class=\"elementor-section elementor-inner-section elementor-element elementor-element-3b34648 elementor-section-boxed elementor-section-height-default elementor-section-height-default row-top\" data-id=\"3b34648\" data-element_type=\"section\" data-e-type=\"section\">\n\t\t\t\t\t\t<div class=\"elementor-container elementor-column-gap-default\">\n\t\t\t\t\t<div class=\"elementor-column elementor-col-50 elementor-inner-column elementor-element elementor-element-68327a4 column-style-top\" data-id=\"68327a4\" data-element_type=\"column\" data-e-type=\"column\">\n\t\t\t<div class=\"elementor-widget-wrap\">\n\t\t\t\t\t\t\t<\/div>\n\t\t<\/div>\n\t\t\t\t<div class=\"elementor-column elementor-col-50 elementor-inner-column elementor-element elementor-element-22f9de2 column-style-top\" data-id=\"22f9de2\" data-element_type=\"column\" data-e-type=\"column\">\n\t\t\t<div class=\"elementor-widget-wrap\">\n\t\t\t\t\t\t\t<\/div>\n\t\t<\/div>\n\t\t\t\t\t<\/div>\n\t\t<\/section>\n\t\t\t\t\t<\/div>\n\t\t<\/div>\n\t\t\t\t\t<\/div>\n\t\t<\/section>\n\t\t\t\t<section class=\"elementor-section elementor-top-section elementor-element elementor-element-876cb5b elementor-section-boxed elementor-section-height-default elementor-section-height-default row-top\" data-id=\"876cb5b\" data-element_type=\"section\" data-e-type=\"section\">\n\t\t\t\t\t\t<div class=\"elementor-container elementor-column-gap-default\">\n\t\t\t\t\t<div class=\"elementor-column elementor-col-100 elementor-top-column elementor-element elementor-element-059a49f column-style-top\" data-id=\"059a49f\" data-element_type=\"column\" data-e-type=\"column\">\n\t\t\t<div class=\"elementor-widget-wrap elementor-element-populated\">\n\t\t\t\t\t\t<div class=\"elementor-element elementor-element-6bb4b9c elementor-arrows-position-inside elementor-pagination-position-outside elementor-widget elementor-widget-image-carousel\" data-id=\"6bb4b9c\" data-element_type=\"widget\" data-e-type=\"widget\" data-settings=\"{&quot;slides_to_show&quot;:&quot;1&quot;,&quot;navigation&quot;:&quot;both&quot;,&quot;autoplay&quot;:&quot;yes&quot;,&quot;pause_on_hover&quot;:&quot;yes&quot;,&quot;pause_on_interaction&quot;:&quot;yes&quot;,&quot;autoplay_speed&quot;:5000,&quot;infinite&quot;:&quot;yes&quot;,&quot;effect&quot;:&quot;slide&quot;,&quot;speed&quot;:500}\" data-widget_type=\"image-carousel.default\">\n\t\t\t\t<div class=\"elementor-widget-container\">\n\t\t\t\t\t\t\t<div class=\"elementor-image-carousel-wrapper swiper\" role=\"region\" aria-roledescription=\"carousel\" aria-label=\"Carousel of images\" dir=\"ltr\">\n\t\t\t<div class=\"elementor-image-carousel swiper-wrapper\" aria-live=\"off\">\n\t\t\t\t\t\t\t\t<div class=\"swiper-slide\" role=\"group\" aria-roledescription=\"slide\" aria-label=\"1 of 8\"><figure class=\"swiper-slide-inner\"><img decoding=\"async\" class=\"swiper-slide-image\" src=\"https:\/\/mail.umecit.edu.pa\/wp-content\/uploads\/2026\/04\/1000537710-768x1024.jpg\" alt=\"1000537710\" \/><\/figure><\/div><div class=\"swiper-slide\" role=\"group\" aria-roledescription=\"slide\" aria-label=\"2 of 8\"><figure class=\"swiper-slide-inner\"><img decoding=\"async\" class=\"swiper-slide-image\" src=\"https:\/\/mail.umecit.edu.pa\/wp-content\/uploads\/2026\/04\/1000537708-768x432.jpg\" alt=\"1000537708\" \/><\/figure><\/div><div class=\"swiper-slide\" role=\"group\" aria-roledescription=\"slide\" aria-label=\"3 of 8\"><figure class=\"swiper-slide-inner\"><img decoding=\"async\" class=\"swiper-slide-image\" src=\"https:\/\/mail.umecit.edu.pa\/wp-content\/uploads\/2026\/04\/1000537682-768x1024.jpg\" alt=\"1000537682\" \/><\/figure><\/div><div class=\"swiper-slide\" role=\"group\" aria-roledescription=\"slide\" aria-label=\"4 of 8\"><figure class=\"swiper-slide-inner\"><img decoding=\"async\" class=\"swiper-slide-image\" src=\"https:\/\/mail.umecit.edu.pa\/wp-content\/uploads\/2026\/04\/1000537872-768x1024.jpg\" alt=\"1000537872\" \/><\/figure><\/div><div class=\"swiper-slide\" role=\"group\" aria-roledescription=\"slide\" aria-label=\"5 of 8\"><figure class=\"swiper-slide-inner\"><img decoding=\"async\" class=\"swiper-slide-image\" src=\"https:\/\/mail.umecit.edu.pa\/wp-content\/uploads\/2026\/04\/1000537881-768x576.jpg\" alt=\"1000537881\" \/><\/figure><\/div><div class=\"swiper-slide\" role=\"group\" aria-roledescription=\"slide\" aria-label=\"6 of 8\"><figure class=\"swiper-slide-inner\"><img decoding=\"async\" class=\"swiper-slide-image\" src=\"https:\/\/mail.umecit.edu.pa\/wp-content\/uploads\/2026\/04\/1000537690-768x1024.jpg\" alt=\"1000537690\" \/><\/figure><\/div><div class=\"swiper-slide\" role=\"group\" aria-roledescription=\"slide\" aria-label=\"7 of 8\"><figure class=\"swiper-slide-inner\"><img decoding=\"async\" class=\"swiper-slide-image\" src=\"https:\/\/mail.umecit.edu.pa\/wp-content\/uploads\/2026\/04\/1000537632-768x428.jpg\" alt=\"1000537632\" \/><\/figure><\/div><div class=\"swiper-slide\" role=\"group\" aria-roledescription=\"slide\" aria-label=\"8 of 8\"><figure class=\"swiper-slide-inner\"><img decoding=\"async\" class=\"swiper-slide-image\" src=\"https:\/\/mail.umecit.edu.pa\/wp-content\/uploads\/2026\/04\/1000537789-768x1024.jpg\" alt=\"1000537789\" \/><\/figure><\/div>\t\t\t<\/div>\n\t\t\t\t\t\t\t\t\t\t\t\t<div class=\"elementor-swiper-button elementor-swiper-button-prev\" role=\"button\" tabindex=\"0\">\n\t\t\t\t\t\t<i aria-hidden=\"true\" class=\"eicon-chevron-left\"><\/i>\t\t\t\t\t<\/div>\n\t\t\t\t\t<div class=\"elementor-swiper-button elementor-swiper-button-next\" role=\"button\" tabindex=\"0\">\n\t\t\t\t\t\t<i aria-hidden=\"true\" class=\"eicon-chevron-right\"><\/i>\t\t\t\t\t<\/div>\n\t\t\t\t\n\t\t\t\t\t\t\t\t\t<div class=\"swiper-pagination\"><\/div>\n\t\t\t\t\t\t\t\t\t<\/div>\n\t\t\t\t\t\t<\/div>\n\t\t\t\t<\/div>\n\t\t\t\t\t<\/div>\n\t\t<\/div>\n\t\t\t\t\t<\/div>\n\t\t<\/section>\n\t\t\t\t<\/div>","protected":false},"excerpt":{"rendered":"<p>Como parte de las actividades de vinculaci\u00f3n con el medio y acci\u00f3n social, el voluntariado Manos que Transforman UMECIT llev\u00f3 a cabo con \u00e9xito la entrega de \u00fatiles escolares a ni\u00f1os y ni\u00f1as de la Escuela de Hierba Buena, ubicada en el distrito de Capira. La iniciativa, gestionada desde la Coordinaci\u00f3n de Extensi\u00f3n, benefici\u00f3 directamente [&hellip;]<\/p>\n","protected":false},"author":830,"featured_media":133404,"comment_status":"closed","ping_status":"closed","sticky":false,"template":"","format":"standard","meta":{"footnotes":""},"categories":[73,107,109,174],"tags":[],"class_list":["post-133401","post","type-post","status-publish","format-standard","has-post-thumbnail","hentry","category-educacion","category-extension","category-noticias","category-universidad"],"yoast_head":"<!-- This site is optimized with the Yoast SEO plugin v27.1.1 - https:\/\/yoast.com\/product\/yoast-seo-wordpress\/ -->\n<title>UMECIT fortalece su compromiso social con entrega de \u00fatiles escolares en Capira<\/title>\n<meta name=\"description\" content=\"Como parte de las actividades de vinculaci\u00f3n con el medio y acci\u00f3n social, el voluntariado Manos que Transforman UMECIT llev\u00f3 a cabo con \u00e9xito la entrega de \u00fatiles escolares a ni\u00f1os y ni\u00f1as de la Escuela de Hierba Buena, ubicada en el distrito de Capira.\" \/>\n<meta name=\"robots\" content=\"index, follow, max-snippet:-1, max-image-preview:large, max-video-preview:-1\" \/>\n<link rel=\"canonical\" href=\"https:\/\/umecit.edu.pa\/en\/umecit-fortalece-su-compromiso-social-con-entrega-de-utiles-escolares-en-capira\/\" \/>\n<meta property=\"og:locale\" content=\"en_US\" \/>\n<meta property=\"og:type\" content=\"article\" \/>\n<meta property=\"og:title\" content=\"UMECIT fortalece su compromiso social con entrega de \u00fatiles escolares en Capira\" \/>\n<meta property=\"og:description\" content=\"Como parte de las actividades de vinculaci\u00f3n con el medio y acci\u00f3n social, el voluntariado Manos que Transforman UMECIT llev\u00f3 a cabo con \u00e9xito la entrega de \u00fatiles escolares a ni\u00f1os y ni\u00f1as de la Escuela de Hierba Buena, ubicada en el distrito de Capira.\" \/>\n<meta property=\"og:url\" content=\"https:\/\/umecit.edu.pa\/en\/umecit-fortalece-su-compromiso-social-con-entrega-de-utiles-escolares-en-capira\/\" \/>\n<meta property=\"og:site_name\" content=\"Umecit - Universidad en Panam\u00e1\" \/>\n<meta property=\"article:publisher\" content=\"https:\/\/www.facebook.com\/umecitpanama\/\" \/>\n<meta property=\"article:published_time\" content=\"2026-04-28T18:41:38+00:00\" \/>\n<meta property=\"article:modified_time\" content=\"2026-04-28T18:43:09+00:00\" \/>\n<meta property=\"og:image\" content=\"https:\/\/umecit.edu.pa\/wp-content\/uploads\/2026\/04\/1000537765-scaled.jpg\" \/>\n\t<meta property=\"og:image:width\" content=\"1920\" \/>\n\t<meta property=\"og:image:height\" content=\"2560\" \/>\n\t<meta property=\"og:image:type\" content=\"image\/jpeg\" \/>\n<meta name=\"author\" content=\"Redes Sociales\" \/>\n<meta name=\"twitter:card\" content=\"summary_large_image\" \/>\n<meta name=\"twitter:creator\" content=\"@umecitpanama\" \/>\n<meta name=\"twitter:site\" content=\"@umecitpanama\" \/>\n<meta name=\"twitter:label1\" content=\"Written by\" \/>\n\t<meta name=\"twitter:data1\" content=\"Redes Sociales\" \/>\n\t<meta name=\"twitter:label2\" content=\"Est. reading time\" \/>\n\t<meta name=\"twitter:data2\" content=\"4 minutes\" \/>\n<script type=\"application\/ld+json\" class=\"yoast-schema-graph\">{\"@context\":\"https:\/\/schema.org\",\"@graph\":[{\"@type\":\"Article\",\"@id\":\"https:\/\/umecit.edu.pa\/umecit-fortalece-su-compromiso-social-con-entrega-de-utiles-escolares-en-capira\/#article\",\"isPartOf\":{\"@id\":\"https:\/\/umecit.edu.pa\/umecit-fortalece-su-compromiso-social-con-entrega-de-utiles-escolares-en-capira\/\"},\"author\":{\"name\":\"Redes Sociales\",\"@id\":\"https:\/\/Umecit.edu.pa\/#\/schema\/person\/d5a70189459e738214aa90e301931824\"},\"headline\":\"UMECIT fortalece su compromiso social con entrega de \u00fatiles escolares en Capira\",\"datePublished\":\"2026-04-28T18:41:38+00:00\",\"dateModified\":\"2026-04-28T18:43:09+00:00\",\"mainEntityOfPage\":{\"@id\":\"https:\/\/umecit.edu.pa\/umecit-fortalece-su-compromiso-social-con-entrega-de-utiles-escolares-en-capira\/\"},\"wordCount\":263,\"publisher\":{\"@id\":\"https:\/\/Umecit.edu.pa\/#organization\"},\"image\":{\"@id\":\"https:\/\/umecit.edu.pa\/umecit-fortalece-su-compromiso-social-con-entrega-de-utiles-escolares-en-capira\/#primaryimage\"},\"thumbnailUrl\":\"https:\/\/umecit.edu.pa\/wp-content\/uploads\/2026\/04\/1000537765-scaled.jpg\",\"articleSection\":[\"Educaci\u00f3n\",\"Extensi\u00f3n\",\"Noticias\",\"Universidad\"],\"inLanguage\":\"en-US\"},{\"@type\":\"WebPage\",\"@id\":\"https:\/\/umecit.edu.pa\/umecit-fortalece-su-compromiso-social-con-entrega-de-utiles-escolares-en-capira\/\",\"url\":\"https:\/\/umecit.edu.pa\/umecit-fortalece-su-compromiso-social-con-entrega-de-utiles-escolares-en-capira\/\",\"name\":\"UMECIT fortalece su compromiso social con entrega de \u00fatiles escolares en Capira\",\"isPartOf\":{\"@id\":\"https:\/\/Umecit.edu.pa\/#website\"},\"primaryImageOfPage\":{\"@id\":\"https:\/\/umecit.edu.pa\/umecit-fortalece-su-compromiso-social-con-entrega-de-utiles-escolares-en-capira\/#primaryimage\"},\"image\":{\"@id\":\"https:\/\/umecit.edu.pa\/umecit-fortalece-su-compromiso-social-con-entrega-de-utiles-escolares-en-capira\/#primaryimage\"},\"thumbnailUrl\":\"https:\/\/umecit.edu.pa\/wp-content\/uploads\/2026\/04\/1000537765-scaled.jpg\",\"datePublished\":\"2026-04-28T18:41:38+00:00\",\"dateModified\":\"2026-04-28T18:43:09+00:00\",\"description\":\"Como parte de las actividades de vinculaci\u00f3n con el medio y acci\u00f3n social, el voluntariado Manos que Transforman UMECIT llev\u00f3 a cabo con \u00e9xito la entrega de \u00fatiles escolares a ni\u00f1os y ni\u00f1as de la Escuela de Hierba Buena, ubicada en el distrito de Capira.\",\"breadcrumb\":{\"@id\":\"https:\/\/umecit.edu.pa\/umecit-fortalece-su-compromiso-social-con-entrega-de-utiles-escolares-en-capira\/#breadcrumb\"},\"inLanguage\":\"en-US\",\"potentialAction\":[{\"@type\":\"ReadAction\",\"target\":[\"https:\/\/umecit.edu.pa\/umecit-fortalece-su-compromiso-social-con-entrega-de-utiles-escolares-en-capira\/\"]}]},{\"@type\":\"ImageObject\",\"inLanguage\":\"en-US\",\"@id\":\"https:\/\/umecit.edu.pa\/umecit-fortalece-su-compromiso-social-con-entrega-de-utiles-escolares-en-capira\/#primaryimage\",\"url\":\"https:\/\/umecit.edu.pa\/wp-content\/uploads\/2026\/04\/1000537765-scaled.jpg\",\"contentUrl\":\"https:\/\/umecit.edu.pa\/wp-content\/uploads\/2026\/04\/1000537765-scaled.jpg\",\"width\":1920,\"height\":2560},{\"@type\":\"BreadcrumbList\",\"@id\":\"https:\/\/umecit.edu.pa\/umecit-fortalece-su-compromiso-social-con-entrega-de-utiles-escolares-en-capira\/#breadcrumb\",\"itemListElement\":[{\"@type\":\"ListItem\",\"position\":1,\"name\":\"Portada\",\"item\":\"https:\/\/Umecit.edu.pa\/\"},{\"@type\":\"ListItem\",\"position\":2,\"name\":\"UMECIT fortalece su compromiso social con entrega de \u00fatiles escolares en Capira\"}]},{\"@type\":\"WebSite\",\"@id\":\"https:\/\/Umecit.edu.pa\/#website\",\"url\":\"https:\/\/Umecit.edu.pa\/\",\"name\":\"Umecit - Universidad en Panam\u00e1\",\"description\":\"Universidad Metropolitana de Educaci\u00f3n, Ciencia y Tecnolog\u00eda\",\"publisher\":{\"@id\":\"https:\/\/Umecit.edu.pa\/#organization\"},\"potentialAction\":[{\"@type\":\"SearchAction\",\"target\":{\"@type\":\"EntryPoint\",\"urlTemplate\":\"https:\/\/Umecit.edu.pa\/?s={search_term_string}\"},\"query-input\":{\"@type\":\"PropertyValueSpecification\",\"valueRequired\":true,\"valueName\":\"search_term_string\"}}],\"inLanguage\":\"en-US\"},{\"@type\":\"Organization\",\"@id\":\"https:\/\/Umecit.edu.pa\/#organization\",\"name\":\"Umecit - Universidad en Panam\u00e1\",\"url\":\"https:\/\/Umecit.edu.pa\/\",\"logo\":{\"@type\":\"ImageObject\",\"inLanguage\":\"en-US\",\"@id\":\"https:\/\/Umecit.edu.pa\/#\/schema\/logo\/image\/\",\"url\":\"https:\/\/umecit.edu.pa\/wp-content\/uploads\/2022\/06\/panama-7.jpg\",\"contentUrl\":\"https:\/\/umecit.edu.pa\/wp-content\/uploads\/2022\/06\/panama-7.jpg\",\"width\":1200,\"height\":800,\"caption\":\"Umecit - Universidad en Panam\u00e1\"},\"image\":{\"@id\":\"https:\/\/Umecit.edu.pa\/#\/schema\/logo\/image\/\"},\"sameAs\":[\"https:\/\/www.facebook.com\/umecitpanama\/\",\"https:\/\/x.com\/umecitpanama\",\"https:\/\/www.tiktok.com\/@umecit\",\"https:\/\/www.instagram.com\/umecit\/\",\"https:\/\/www.youtube.com\/channel\/UCP9iXFXi4p_EW_p9p6lprhg\"]},{\"@type\":\"Person\",\"@id\":\"https:\/\/Umecit.edu.pa\/#\/schema\/person\/d5a70189459e738214aa90e301931824\",\"name\":\"Redes Sociales\",\"image\":{\"@type\":\"ImageObject\",\"inLanguage\":\"en-US\",\"@id\":\"https:\/\/Umecit.edu.pa\/#\/schema\/person\/image\/\",\"url\":\"https:\/\/secure.gravatar.com\/avatar\/09b10f971238019e9a50f61eaf59122699509138db9f2d8187eeef80b5cd1266?s=96&d=mm&r=g\",\"contentUrl\":\"https:\/\/secure.gravatar.com\/avatar\/09b10f971238019e9a50f61eaf59122699509138db9f2d8187eeef80b5cd1266?s=96&d=mm&r=g\",\"caption\":\"Redes Sociales\"},\"url\":\"https:\/\/umecit.edu.pa\/en\/author\/redes-sociales\/\"}]}<\/script>\n<!-- \/ Yoast SEO plugin. -->","yoast_head_json":{"title":"UMECIT strengthens its social commitment with the delivery of school supplies in Capira","description":"Como parte de las actividades de vinculaci\u00f3n con el medio y acci\u00f3n social, el voluntariado Manos que Transforman UMECIT llev\u00f3 a cabo con \u00e9xito la entrega de \u00fatiles escolares a ni\u00f1os y ni\u00f1as de la Escuela de Hierba Buena, ubicada en el distrito de Capira.","robots":{"index":"index","follow":"follow","max-snippet":"max-snippet:-1","max-image-preview":"max-image-preview:large","max-video-preview":"max-video-preview:-1"},"canonical":"https:\/\/umecit.edu.pa\/en\/umecit-fortalece-su-compromiso-social-con-entrega-de-utiles-escolares-en-capira\/","og_locale":"en_US","og_type":"article","og_title":"UMECIT fortalece su compromiso social con entrega de \u00fatiles escolares en Capira","og_description":"Como parte de las actividades de vinculaci\u00f3n con el medio y acci\u00f3n social, el voluntariado Manos que Transforman UMECIT llev\u00f3 a cabo con \u00e9xito la entrega de \u00fatiles escolares a ni\u00f1os y ni\u00f1as de la Escuela de Hierba Buena, ubicada en el distrito de Capira.","og_url":"https:\/\/umecit.edu.pa\/en\/umecit-fortalece-su-compromiso-social-con-entrega-de-utiles-escolares-en-capira\/","og_site_name":"Umecit - Universidad en Panam\u00e1","article_publisher":"https:\/\/www.facebook.com\/umecitpanama\/","article_published_time":"2026-04-28T18:41:38+00:00","article_modified_time":"2026-04-28T18:43:09+00:00","og_image":[{"width":1920,"height":2560,"url":"https:\/\/umecit.edu.pa\/wp-content\/uploads\/2026\/04\/1000537765-scaled.jpg","type":"image\/jpeg"}],"author":"Redes Sociales","twitter_card":"summary_large_image","twitter_creator":"@umecitpanama","twitter_site":"@umecitpanama","twitter_misc":{"Written by":"Redes Sociales","Est. reading time":"4 minutes"},"schema":{"@context":"https:\/\/schema.org","@graph":[{"@type":"Article","@id":"https:\/\/umecit.edu.pa\/umecit-fortalece-su-compromiso-social-con-entrega-de-utiles-escolares-en-capira\/#article","isPartOf":{"@id":"https:\/\/umecit.edu.pa\/umecit-fortalece-su-compromiso-social-con-entrega-de-utiles-escolares-en-capira\/"},"author":{"name":"Redes Sociales","@id":"https:\/\/Umecit.edu.pa\/#\/schema\/person\/d5a70189459e738214aa90e301931824"},"headline":"UMECIT fortalece su compromiso social con entrega de \u00fatiles escolares en Capira","datePublished":"2026-04-28T18:41:38+00:00","dateModified":"2026-04-28T18:43:09+00:00","mainEntityOfPage":{"@id":"https:\/\/umecit.edu.pa\/umecit-fortalece-su-compromiso-social-con-entrega-de-utiles-escolares-en-capira\/"},"wordCount":263,"publisher":{"@id":"https:\/\/Umecit.edu.pa\/#organization"},"image":{"@id":"https:\/\/umecit.edu.pa\/umecit-fortalece-su-compromiso-social-con-entrega-de-utiles-escolares-en-capira\/#primaryimage"},"thumbnailUrl":"https:\/\/umecit.edu.pa\/wp-content\/uploads\/2026\/04\/1000537765-scaled.jpg","articleSection":["Educaci\u00f3n","Extensi\u00f3n","Noticias","Universidad"],"inLanguage":"en-US"},{"@type":"WebPage","@id":"https:\/\/umecit.edu.pa\/umecit-fortalece-su-compromiso-social-con-entrega-de-utiles-escolares-en-capira\/","url":"https:\/\/umecit.edu.pa\/umecit-fortalece-su-compromiso-social-con-entrega-de-utiles-escolares-en-capira\/","name":"UMECIT strengthens its social commitment with the delivery of school supplies in Capira","isPartOf":{"@id":"https:\/\/Umecit.edu.pa\/#website"},"primaryImageOfPage":{"@id":"https:\/\/umecit.edu.pa\/umecit-fortalece-su-compromiso-social-con-entrega-de-utiles-escolares-en-capira\/#primaryimage"},"image":{"@id":"https:\/\/umecit.edu.pa\/umecit-fortalece-su-compromiso-social-con-entrega-de-utiles-escolares-en-capira\/#primaryimage"},"thumbnailUrl":"https:\/\/umecit.edu.pa\/wp-content\/uploads\/2026\/04\/1000537765-scaled.jpg","datePublished":"2026-04-28T18:41:38+00:00","dateModified":"2026-04-28T18:43:09+00:00","description":"Como parte de las actividades de vinculaci\u00f3n con el medio y acci\u00f3n social, el voluntariado Manos que Transforman UMECIT llev\u00f3 a cabo con \u00e9xito la entrega de \u00fatiles escolares a ni\u00f1os y ni\u00f1as de la Escuela de Hierba Buena, ubicada en el distrito de Capira.","breadcrumb":{"@id":"https:\/\/umecit.edu.pa\/umecit-fortalece-su-compromiso-social-con-entrega-de-utiles-escolares-en-capira\/#breadcrumb"},"inLanguage":"en-US","potentialAction":[{"@type":"ReadAction","target":["https:\/\/umecit.edu.pa\/umecit-fortalece-su-compromiso-social-con-entrega-de-utiles-escolares-en-capira\/"]}]},{"@type":"ImageObject","inLanguage":"en-US","@id":"https:\/\/umecit.edu.pa\/umecit-fortalece-su-compromiso-social-con-entrega-de-utiles-escolares-en-capira\/#primaryimage","url":"https:\/\/umecit.edu.pa\/wp-content\/uploads\/2026\/04\/1000537765-scaled.jpg","contentUrl":"https:\/\/umecit.edu.pa\/wp-content\/uploads\/2026\/04\/1000537765-scaled.jpg","width":1920,"height":2560},{"@type":"BreadcrumbList","@id":"https:\/\/umecit.edu.pa\/umecit-fortalece-su-compromiso-social-con-entrega-de-utiles-escolares-en-capira\/#breadcrumb","itemListElement":[{"@type":"ListItem","position":1,"name":"Portada","item":"https:\/\/Umecit.edu.pa\/"},{"@type":"ListItem","position":2,"name":"UMECIT fortalece su compromiso social con entrega de \u00fatiles escolares en Capira"}]},{"@type":"WebSite","@id":"https:\/\/Umecit.edu.pa\/#website","url":"https:\/\/Umecit.edu.pa\/","name":"Umecit - University in Panama","description":"Metropolitan University of Education, Science and Technology","publisher":{"@id":"https:\/\/Umecit.edu.pa\/#organization"},"potentialAction":[{"@type":"SearchAction","target":{"@type":"EntryPoint","urlTemplate":"https:\/\/Umecit.edu.pa\/?s={search_term_string}"},"query-input":{"@type":"PropertyValueSpecification","valueRequired":true,"valueName":"search_term_string"}}],"inLanguage":"en-US"},{"@type":"Organization","@id":"https:\/\/Umecit.edu.pa\/#organization","name":"Umecit - University in Panama","url":"https:\/\/Umecit.edu.pa\/","logo":{"@type":"ImageObject","inLanguage":"en-US","@id":"https:\/\/Umecit.edu.pa\/#\/schema\/logo\/image\/","url":"https:\/\/umecit.edu.pa\/wp-content\/uploads\/2022\/06\/panama-7.jpg","contentUrl":"https:\/\/umecit.edu.pa\/wp-content\/uploads\/2022\/06\/panama-7.jpg","width":1200,"height":800,"caption":"Umecit - Universidad en Panam\u00e1"},"image":{"@id":"https:\/\/Umecit.edu.pa\/#\/schema\/logo\/image\/"},"sameAs":["https:\/\/www.facebook.com\/umecitpanama\/","https:\/\/x.com\/umecitpanama","https:\/\/www.tiktok.com\/@umecit","https:\/\/www.instagram.com\/umecit\/","https:\/\/www.youtube.com\/channel\/UCP9iXFXi4p_EW_p9p6lprhg"]},{"@type":"Person","@id":"https:\/\/Umecit.edu.pa\/#\/schema\/person\/d5a70189459e738214aa90e301931824","name":"Social networks","image":{"@type":"ImageObject","inLanguage":"en-US","@id":"https:\/\/Umecit.edu.pa\/#\/schema\/person\/image\/","url":"https:\/\/secure.gravatar.com\/avatar\/09b10f971238019e9a50f61eaf59122699509138db9f2d8187eeef80b5cd1266?s=96&d=mm&r=g","contentUrl":"https:\/\/secure.gravatar.com\/avatar\/09b10f971238019e9a50f61eaf59122699509138db9f2d8187eeef80b5cd1266?s=96&d=mm&r=g","caption":"Redes Sociales"},"url":"https:\/\/umecit.edu.pa\/en\/author\/redes-sociales\/"}]}},"_links":{"self":[{"href":"https:\/\/umecit.edu.pa\/en\/wp-json\/wp\/v2\/posts\/133401","targetHints":{"allow":["GET"]}}],"collection":[{"href":"https:\/\/umecit.edu.pa\/en\/wp-json\/wp\/v2\/posts"}],"about":[{"href":"https:\/\/umecit.edu.pa\/en\/wp-json\/wp\/v2\/types\/post"}],"author":[{"embeddable":true,"href":"https:\/\/umecit.edu.pa\/en\/wp-json\/wp\/v2\/users\/830"}],"replies":[{"embeddable":true,"href":"https:\/\/umecit.edu.pa\/en\/wp-json\/wp\/v2\/comments?post=133401"}],"version-history":[{"count":4,"href":"https:\/\/umecit.edu.pa\/en\/wp-json\/wp\/v2\/posts\/133401\/revisions"}],"predecessor-version":[{"id":133416,"href":"https:\/\/umecit.edu.pa\/en\/wp-json\/wp\/v2\/posts\/133401\/revisions\/133416"}],"wp:featuredmedia":[{"embeddable":true,"href":"https:\/\/umecit.edu.pa\/en\/wp-json\/wp\/v2\/media\/133404"}],"wp:attachment":[{"href":"https:\/\/umecit.edu.pa\/en\/wp-json\/wp\/v2\/media?parent=133401"}],"wp:term":[{"taxonomy":"category","embeddable":true,"href":"https:\/\/umecit.edu.pa\/en\/wp-json\/wp\/v2\/categories?post=133401"},{"taxonomy":"post_tag","embeddable":true,"href":"https:\/\/umecit.edu.pa\/en\/wp-json\/wp\/v2\/tags?post=133401"}],"curies":[{"name":"wp","href":"https:\/\/api.w.org\/{rel}","templated":true}]}}