{"id":133381,"date":"2026-04-27T14:24:09","date_gmt":"2026-04-27T19:24:09","guid":{"rendered":"https:\/\/umecit.edu.pa\/?p=133381"},"modified":"2026-04-27T14:25:06","modified_gmt":"2026-04-27T19:25:06","slug":"jornada-academica-sobre-delitos-financieros-fortalece-la-formacion-juridica-y-el-analisis-penal-aplicado","status":"publish","type":"post","link":"https:\/\/umecit.edu.pa\/en\/jornada-academica-sobre-delitos-financieros-fortalece-la-formacion-juridica-y-el-analisis-penal-aplicado\/","title":{"rendered":"Academic conference on financial crimes strengthens legal training and applied criminal analysis"},"content":{"rendered":"<div data-elementor-type=\"wp-post\" data-elementor-id=\"133381\" class=\"elementor elementor-133381\" data-elementor-post-type=\"post\">\n\t\t\t\t\t\t<section class=\"elementor-section elementor-top-section elementor-element elementor-element-22b206f elementor-section-boxed elementor-section-height-default elementor-section-height-default row-top\" data-id=\"22b206f\" data-element_type=\"section\" data-e-type=\"section\">\n\t\t\t\t\t\t<div class=\"elementor-container elementor-column-gap-default\">\n\t\t\t\t\t<div class=\"elementor-column elementor-col-100 elementor-top-column elementor-element elementor-element-e26aeec column-style-top\" data-id=\"e26aeec\" data-element_type=\"column\" data-e-type=\"column\">\n\t\t\t<div class=\"elementor-widget-wrap\">\n\t\t\t\t\t\t\t<\/div>\n\t\t<\/div>\n\t\t\t\t\t<\/div>\n\t\t<\/section>\n\t\t\t\t<section class=\"elementor-section elementor-top-section elementor-element elementor-element-bb9eae8 elementor-section-boxed elementor-section-height-default elementor-section-height-default row-top\" data-id=\"bb9eae8\" data-element_type=\"section\" data-e-type=\"section\">\n\t\t\t\t\t\t<div class=\"elementor-container elementor-column-gap-default\">\n\t\t\t\t\t<div class=\"elementor-column elementor-col-100 elementor-top-column elementor-element elementor-element-75e0061 column-style-top\" data-id=\"75e0061\" data-element_type=\"column\" data-e-type=\"column\">\n\t\t\t<div class=\"elementor-widget-wrap elementor-element-populated\">\n\t\t\t\t\t\t<div class=\"elementor-element elementor-element-7ef8c36 elementor-widget elementor-widget-text-editor\" data-id=\"7ef8c36\" data-element_type=\"widget\" data-e-type=\"widget\" data-widget_type=\"text-editor.default\">\n\t\t\t\t<div class=\"elementor-widget-container\">\n\t\t\t\t\t\t\t\t\t<p><span style=\"font-weight: 400;\">Excellent legal training transcends the theoretical study of codes and is consolidated through the critical analysis of social and technical realities. Based on this premise, an academic conference focused on the study of... was successfully held. <\/span><b>Financial crimes from the perspective of the General Theory of Crime<\/b><span style=\"font-weight: 400;\">, initiative promoted from the subject General Criminal Law I, in charge of the professor <\/span><b>Ogami R. Rivera Cano<\/b><span style=\"font-weight: 400;\">.<\/span><\/p><p><span style=\"font-weight: 400;\">The event brought together more than 75 students, establishing itself as a high-impact academic outreach space, aimed at strengthening the understanding of new criminal dynamics that affect economic contexts both nationally and internationally.<\/span><\/p><p><span style=\"font-weight: 400;\">One of the main contributions of this event was its close connection to student research processes. The content covered was strategically designed to complement the lines of research developed by students in their theses, providing theoretical tools, case studies, and updated doctrine that strengthen the scientific rigor of their projects.<\/span><\/p><p><span style=\"font-weight: 400;\">The activity also included the participation of representatives from <\/span><b>National Police of Panama<\/b><span style=\"font-weight: 400;\"> and from <\/span><b>Public ministry<\/b><span style=\"font-weight: 400;\">, whose presentation allowed attendees to understand, from a professional perspective, the development of <\/span><i><span style=\"font-weight: 400;\">iter criminis<\/span><\/i><span style=\"font-weight: 400;\"> and the criminal prosecution techniques applied to financial crimes.<\/span><\/p><p><span style=\"font-weight: 400;\">The collaboration between academia and the institutions of the justice system demonstrates the value of strategic alliances in the training of legal professionals with a comprehensive, critical, and contextualized vision.<\/span><\/p><p><span style=\"font-weight: 400;\">This type of initiative reaffirms the institutional commitment to educational quality, promoting the training of lawyers capable of accurately analyzing complex phenomena such as economic and financial crimes.<\/span><\/p>\t\t\t\t\t\t\t\t<\/div>\n\t\t\t\t<\/div>\n\t\t\t\t\t<\/div>\n\t\t<\/div>\n\t\t\t\t\t<\/div>\n\t\t<\/section>\n\t\t\t\t<section class=\"elementor-section elementor-top-section elementor-element elementor-element-945a5ac elementor-section-boxed elementor-section-height-default elementor-section-height-default row-top\" data-id=\"945a5ac\" data-element_type=\"section\" data-e-type=\"section\">\n\t\t\t\t\t\t<div class=\"elementor-container elementor-column-gap-default\">\n\t\t\t\t\t<div class=\"elementor-column elementor-col-100 elementor-top-column elementor-element elementor-element-2f8ad08 column-style-top\" data-id=\"2f8ad08\" data-element_type=\"column\" data-e-type=\"column\">\n\t\t\t<div class=\"elementor-widget-wrap elementor-element-populated\">\n\t\t\t\t\t\t<section class=\"elementor-section elementor-inner-section elementor-element elementor-element-3b34648 elementor-section-boxed elementor-section-height-default elementor-section-height-default row-top\" data-id=\"3b34648\" data-element_type=\"section\" data-e-type=\"section\">\n\t\t\t\t\t\t<div class=\"elementor-container elementor-column-gap-default\">\n\t\t\t\t\t<div class=\"elementor-column elementor-col-50 elementor-inner-column elementor-element elementor-element-68327a4 column-style-top\" data-id=\"68327a4\" data-element_type=\"column\" data-e-type=\"column\">\n\t\t\t<div class=\"elementor-widget-wrap\">\n\t\t\t\t\t\t\t<\/div>\n\t\t<\/div>\n\t\t\t\t<div class=\"elementor-column elementor-col-50 elementor-inner-column elementor-element elementor-element-22f9de2 column-style-top\" data-id=\"22f9de2\" data-element_type=\"column\" data-e-type=\"column\">\n\t\t\t<div class=\"elementor-widget-wrap\">\n\t\t\t\t\t\t\t<\/div>\n\t\t<\/div>\n\t\t\t\t\t<\/div>\n\t\t<\/section>\n\t\t\t\t\t<\/div>\n\t\t<\/div>\n\t\t\t\t\t<\/div>\n\t\t<\/section>\n\t\t\t\t<section class=\"elementor-section elementor-top-section elementor-element elementor-element-876cb5b elementor-section-boxed elementor-section-height-default elementor-section-height-default row-top\" data-id=\"876cb5b\" data-element_type=\"section\" data-e-type=\"section\">\n\t\t\t\t\t\t<div class=\"elementor-container elementor-column-gap-default\">\n\t\t\t\t\t<div class=\"elementor-column elementor-col-100 elementor-top-column elementor-element elementor-element-059a49f column-style-top\" data-id=\"059a49f\" data-element_type=\"column\" data-e-type=\"column\">\n\t\t\t<div class=\"elementor-widget-wrap elementor-element-populated\">\n\t\t\t\t\t\t\t<\/div>\n\t\t<\/div>\n\t\t\t\t\t<\/div>\n\t\t<\/section>\n\t\t\t\t<\/div>","protected":false},"excerpt":{"rendered":"<p>La formaci\u00f3n jur\u00eddica de excelencia trasciende el estudio te\u00f3rico de los c\u00f3digos y se consolida en el an\u00e1lisis cr\u00edtico de la realidad social y t\u00e9cnica. Bajo esta premisa, se desarroll\u00f3 con \u00e9xito una jornada acad\u00e9mica centrada en el estudio de los delitos financieros desde la perspectiva de la Teor\u00eda General del Delito, iniciativa impulsada desde [&hellip;]<\/p>\n","protected":false},"author":830,"featured_media":133382,"comment_status":"closed","ping_status":"closed","sticky":false,"template":"","format":"standard","meta":{"footnotes":""},"categories":[73,247,109,174],"tags":[],"class_list":["post-133381","post","type-post","status-publish","format-standard","has-post-thumbnail","hentry","category-educacion","category-facultad-de-derecho-y-ciencias-forenses","category-noticias","category-universidad"],"yoast_head":"<!-- This site is optimized with the Yoast SEO plugin v27.1.1 - https:\/\/yoast.com\/product\/yoast-seo-wordpress\/ -->\n<title>Jornada acad\u00e9mica sobre delitos financieros fortalece la formaci\u00f3n jur\u00eddica y el an\u00e1lisis penal aplicado<\/title>\n<meta name=\"description\" content=\"La formaci\u00f3n jur\u00eddica de excelencia trasciende el estudio te\u00f3rico de los c\u00f3digos y se consolida en el an\u00e1lisis cr\u00edtico de la realidad social y t\u00e9cnica. Bajo esta premisa, se desarroll\u00f3 con \u00e9xito una jornada acad\u00e9mica centrada en el estudio de los delitos financieros desde la perspectiva de la Teor\u00eda General del Delito, iniciativa impulsada desde la asignatura Derecho Penal General I, a cargo del profesor Ogami R. Rivera Cano.\" \/>\n<meta name=\"robots\" content=\"index, follow, max-snippet:-1, max-image-preview:large, max-video-preview:-1\" \/>\n<link rel=\"canonical\" href=\"https:\/\/umecit.edu.pa\/en\/jornada-academica-sobre-delitos-financieros-fortalece-la-formacion-juridica-y-el-analisis-penal-aplicado\/\" \/>\n<meta property=\"og:locale\" content=\"en_US\" \/>\n<meta property=\"og:type\" content=\"article\" \/>\n<meta property=\"og:title\" content=\"Jornada acad\u00e9mica sobre delitos financieros fortalece la formaci\u00f3n jur\u00eddica y el an\u00e1lisis penal aplicado\" \/>\n<meta property=\"og:description\" content=\"La formaci\u00f3n jur\u00eddica de excelencia trasciende el estudio te\u00f3rico de los c\u00f3digos y se consolida en el an\u00e1lisis cr\u00edtico de la realidad social y t\u00e9cnica. Bajo esta premisa, se desarroll\u00f3 con \u00e9xito una jornada acad\u00e9mica centrada en el estudio de los delitos financieros desde la perspectiva de la Teor\u00eda General del Delito, iniciativa impulsada desde la asignatura Derecho Penal General I, a cargo del profesor Ogami R. Rivera Cano.\" \/>\n<meta property=\"og:url\" content=\"https:\/\/umecit.edu.pa\/en\/jornada-academica-sobre-delitos-financieros-fortalece-la-formacion-juridica-y-el-analisis-penal-aplicado\/\" \/>\n<meta property=\"og:site_name\" content=\"Umecit - Universidad en Panam\u00e1\" \/>\n<meta property=\"article:publisher\" content=\"https:\/\/www.facebook.com\/umecitpanama\/\" \/>\n<meta property=\"article:published_time\" content=\"2026-04-27T19:24:09+00:00\" \/>\n<meta property=\"article:modified_time\" content=\"2026-04-27T19:25:06+00:00\" \/>\n<meta property=\"og:image\" content=\"https:\/\/umecit.edu.pa\/wp-content\/uploads\/2026\/04\/SEDE-santiago-1-819x1024.png\" \/>\n\t<meta property=\"og:image:width\" content=\"819\" \/>\n\t<meta property=\"og:image:height\" content=\"1024\" \/>\n\t<meta property=\"og:image:type\" content=\"image\/png\" \/>\n<meta name=\"author\" content=\"Redes Sociales\" \/>\n<meta name=\"twitter:card\" content=\"summary_large_image\" \/>\n<meta name=\"twitter:creator\" content=\"@umecitpanama\" \/>\n<meta name=\"twitter:site\" content=\"@umecitpanama\" \/>\n<meta name=\"twitter:label1\" content=\"Written by\" \/>\n\t<meta name=\"twitter:data1\" content=\"Redes Sociales\" \/>\n\t<meta name=\"twitter:label2\" content=\"Est. reading time\" \/>\n\t<meta name=\"twitter:data2\" content=\"2 minutes\" \/>\n<script type=\"application\/ld+json\" class=\"yoast-schema-graph\">{\"@context\":\"https:\/\/schema.org\",\"@graph\":[{\"@type\":\"Article\",\"@id\":\"https:\/\/umecit.edu.pa\/jornada-academica-sobre-delitos-financieros-fortalece-la-formacion-juridica-y-el-analisis-penal-aplicado\/#article\",\"isPartOf\":{\"@id\":\"https:\/\/umecit.edu.pa\/jornada-academica-sobre-delitos-financieros-fortalece-la-formacion-juridica-y-el-analisis-penal-aplicado\/\"},\"author\":{\"name\":\"Redes Sociales\",\"@id\":\"https:\/\/umecit.edu.pa\/en\/#\/schema\/person\/d5a70189459e738214aa90e301931824\"},\"headline\":\"Jornada acad\u00e9mica sobre delitos financieros fortalece la formaci\u00f3n jur\u00eddica y el an\u00e1lisis penal aplicado\",\"datePublished\":\"2026-04-27T19:24:09+00:00\",\"dateModified\":\"2026-04-27T19:25:06+00:00\",\"mainEntityOfPage\":{\"@id\":\"https:\/\/umecit.edu.pa\/jornada-academica-sobre-delitos-financieros-fortalece-la-formacion-juridica-y-el-analisis-penal-aplicado\/\"},\"wordCount\":335,\"publisher\":{\"@id\":\"https:\/\/umecit.edu.pa\/en\/#organization\"},\"image\":{\"@id\":\"https:\/\/umecit.edu.pa\/jornada-academica-sobre-delitos-financieros-fortalece-la-formacion-juridica-y-el-analisis-penal-aplicado\/#primaryimage\"},\"thumbnailUrl\":\"https:\/\/umecit.edu.pa\/wp-content\/uploads\/2026\/04\/SEDE-santiago-1.png\",\"articleSection\":[\"Educaci\u00f3n\",\"Facultad de Derecho y Ciencias Forenses\",\"Noticias\",\"Universidad\"],\"inLanguage\":\"en-US\"},{\"@type\":\"WebPage\",\"@id\":\"https:\/\/umecit.edu.pa\/jornada-academica-sobre-delitos-financieros-fortalece-la-formacion-juridica-y-el-analisis-penal-aplicado\/\",\"url\":\"https:\/\/umecit.edu.pa\/jornada-academica-sobre-delitos-financieros-fortalece-la-formacion-juridica-y-el-analisis-penal-aplicado\/\",\"name\":\"Jornada acad\u00e9mica sobre delitos financieros fortalece la formaci\u00f3n jur\u00eddica y el an\u00e1lisis penal aplicado\",\"isPartOf\":{\"@id\":\"https:\/\/umecit.edu.pa\/en\/#website\"},\"primaryImageOfPage\":{\"@id\":\"https:\/\/umecit.edu.pa\/jornada-academica-sobre-delitos-financieros-fortalece-la-formacion-juridica-y-el-analisis-penal-aplicado\/#primaryimage\"},\"image\":{\"@id\":\"https:\/\/umecit.edu.pa\/jornada-academica-sobre-delitos-financieros-fortalece-la-formacion-juridica-y-el-analisis-penal-aplicado\/#primaryimage\"},\"thumbnailUrl\":\"https:\/\/umecit.edu.pa\/wp-content\/uploads\/2026\/04\/SEDE-santiago-1.png\",\"datePublished\":\"2026-04-27T19:24:09+00:00\",\"dateModified\":\"2026-04-27T19:25:06+00:00\",\"description\":\"La formaci\u00f3n jur\u00eddica de excelencia trasciende el estudio te\u00f3rico de los c\u00f3digos y se consolida en el an\u00e1lisis cr\u00edtico de la realidad social y t\u00e9cnica. Bajo esta premisa, se desarroll\u00f3 con \u00e9xito una jornada acad\u00e9mica centrada en el estudio de los delitos financieros desde la perspectiva de la Teor\u00eda General del Delito, iniciativa impulsada desde la asignatura Derecho Penal General I, a cargo del profesor Ogami R. Rivera Cano.\",\"breadcrumb\":{\"@id\":\"https:\/\/umecit.edu.pa\/jornada-academica-sobre-delitos-financieros-fortalece-la-formacion-juridica-y-el-analisis-penal-aplicado\/#breadcrumb\"},\"inLanguage\":\"en-US\",\"potentialAction\":[{\"@type\":\"ReadAction\",\"target\":[\"https:\/\/umecit.edu.pa\/jornada-academica-sobre-delitos-financieros-fortalece-la-formacion-juridica-y-el-analisis-penal-aplicado\/\"]}]},{\"@type\":\"ImageObject\",\"inLanguage\":\"en-US\",\"@id\":\"https:\/\/umecit.edu.pa\/jornada-academica-sobre-delitos-financieros-fortalece-la-formacion-juridica-y-el-analisis-penal-aplicado\/#primaryimage\",\"url\":\"https:\/\/umecit.edu.pa\/wp-content\/uploads\/2026\/04\/SEDE-santiago-1.png\",\"contentUrl\":\"https:\/\/umecit.edu.pa\/wp-content\/uploads\/2026\/04\/SEDE-santiago-1.png\",\"width\":1080,\"height\":1350},{\"@type\":\"BreadcrumbList\",\"@id\":\"https:\/\/umecit.edu.pa\/jornada-academica-sobre-delitos-financieros-fortalece-la-formacion-juridica-y-el-analisis-penal-aplicado\/#breadcrumb\",\"itemListElement\":[{\"@type\":\"ListItem\",\"position\":1,\"name\":\"Portada\",\"item\":\"https:\/\/umecit.edu.pa\/en\/\"},{\"@type\":\"ListItem\",\"position\":2,\"name\":\"Jornada acad\u00e9mica sobre delitos financieros fortalece la formaci\u00f3n jur\u00eddica y el an\u00e1lisis penal aplicado\"}]},{\"@type\":\"WebSite\",\"@id\":\"https:\/\/umecit.edu.pa\/en\/#website\",\"url\":\"https:\/\/umecit.edu.pa\/en\/\",\"name\":\"Umecit - Universidad en Panam\u00e1\",\"description\":\"Universidad Metropolitana de Educaci\u00f3n, Ciencia y Tecnolog\u00eda\",\"publisher\":{\"@id\":\"https:\/\/umecit.edu.pa\/en\/#organization\"},\"potentialAction\":[{\"@type\":\"SearchAction\",\"target\":{\"@type\":\"EntryPoint\",\"urlTemplate\":\"https:\/\/umecit.edu.pa\/en\/?s={search_term_string}\"},\"query-input\":{\"@type\":\"PropertyValueSpecification\",\"valueRequired\":true,\"valueName\":\"search_term_string\"}}],\"inLanguage\":\"en-US\"},{\"@type\":\"Organization\",\"@id\":\"https:\/\/umecit.edu.pa\/en\/#organization\",\"name\":\"Umecit - Universidad en Panam\u00e1\",\"url\":\"https:\/\/umecit.edu.pa\/en\/\",\"logo\":{\"@type\":\"ImageObject\",\"inLanguage\":\"en-US\",\"@id\":\"https:\/\/umecit.edu.pa\/en\/#\/schema\/logo\/image\/\",\"url\":\"https:\/\/umecit.edu.pa\/wp-content\/uploads\/2022\/06\/panama-7.jpg\",\"contentUrl\":\"https:\/\/umecit.edu.pa\/wp-content\/uploads\/2022\/06\/panama-7.jpg\",\"width\":1200,\"height\":800,\"caption\":\"Umecit - Universidad en Panam\u00e1\"},\"image\":{\"@id\":\"https:\/\/umecit.edu.pa\/en\/#\/schema\/logo\/image\/\"},\"sameAs\":[\"https:\/\/www.facebook.com\/umecitpanama\/\",\"https:\/\/x.com\/umecitpanama\",\"https:\/\/www.tiktok.com\/@umecit\",\"https:\/\/www.instagram.com\/umecit\/\",\"https:\/\/www.youtube.com\/channel\/UCP9iXFXi4p_EW_p9p6lprhg\"]},{\"@type\":\"Person\",\"@id\":\"https:\/\/umecit.edu.pa\/en\/#\/schema\/person\/d5a70189459e738214aa90e301931824\",\"name\":\"Redes Sociales\",\"image\":{\"@type\":\"ImageObject\",\"inLanguage\":\"en-US\",\"@id\":\"https:\/\/umecit.edu.pa\/en\/#\/schema\/person\/image\/\",\"url\":\"https:\/\/secure.gravatar.com\/avatar\/09b10f971238019e9a50f61eaf59122699509138db9f2d8187eeef80b5cd1266?s=96&d=mm&r=g\",\"contentUrl\":\"https:\/\/secure.gravatar.com\/avatar\/09b10f971238019e9a50f61eaf59122699509138db9f2d8187eeef80b5cd1266?s=96&d=mm&r=g\",\"caption\":\"Redes Sociales\"},\"url\":\"https:\/\/umecit.edu.pa\/en\/author\/redes-sociales\/\"}]}<\/script>\n<!-- \/ Yoast SEO plugin. -->","yoast_head_json":{"title":"Academic conference on financial crimes strengthens legal training and applied criminal analysis","description":"La formaci\u00f3n jur\u00eddica de excelencia trasciende el estudio te\u00f3rico de los c\u00f3digos y se consolida en el an\u00e1lisis cr\u00edtico de la realidad social y t\u00e9cnica. Bajo esta premisa, se desarroll\u00f3 con \u00e9xito una jornada acad\u00e9mica centrada en el estudio de los delitos financieros desde la perspectiva de la Teor\u00eda General del Delito, iniciativa impulsada desde la asignatura Derecho Penal General I, a cargo del profesor Ogami R. Rivera Cano.","robots":{"index":"index","follow":"follow","max-snippet":"max-snippet:-1","max-image-preview":"max-image-preview:large","max-video-preview":"max-video-preview:-1"},"canonical":"https:\/\/umecit.edu.pa\/en\/jornada-academica-sobre-delitos-financieros-fortalece-la-formacion-juridica-y-el-analisis-penal-aplicado\/","og_locale":"en_US","og_type":"article","og_title":"Jornada acad\u00e9mica sobre delitos financieros fortalece la formaci\u00f3n jur\u00eddica y el an\u00e1lisis penal aplicado","og_description":"La formaci\u00f3n jur\u00eddica de excelencia trasciende el estudio te\u00f3rico de los c\u00f3digos y se consolida en el an\u00e1lisis cr\u00edtico de la realidad social y t\u00e9cnica. Bajo esta premisa, se desarroll\u00f3 con \u00e9xito una jornada acad\u00e9mica centrada en el estudio de los delitos financieros desde la perspectiva de la Teor\u00eda General del Delito, iniciativa impulsada desde la asignatura Derecho Penal General I, a cargo del profesor Ogami R. Rivera Cano.","og_url":"https:\/\/umecit.edu.pa\/en\/jornada-academica-sobre-delitos-financieros-fortalece-la-formacion-juridica-y-el-analisis-penal-aplicado\/","og_site_name":"Umecit - Universidad en Panam\u00e1","article_publisher":"https:\/\/www.facebook.com\/umecitpanama\/","article_published_time":"2026-04-27T19:24:09+00:00","article_modified_time":"2026-04-27T19:25:06+00:00","og_image":[{"width":819,"height":1024,"url":"https:\/\/umecit.edu.pa\/wp-content\/uploads\/2026\/04\/SEDE-santiago-1-819x1024.png","type":"image\/png"}],"author":"Redes Sociales","twitter_card":"summary_large_image","twitter_creator":"@umecitpanama","twitter_site":"@umecitpanama","twitter_misc":{"Written by":"Redes Sociales","Est. reading time":"2 minutes"},"schema":{"@context":"https:\/\/schema.org","@graph":[{"@type":"Article","@id":"https:\/\/umecit.edu.pa\/jornada-academica-sobre-delitos-financieros-fortalece-la-formacion-juridica-y-el-analisis-penal-aplicado\/#article","isPartOf":{"@id":"https:\/\/umecit.edu.pa\/jornada-academica-sobre-delitos-financieros-fortalece-la-formacion-juridica-y-el-analisis-penal-aplicado\/"},"author":{"name":"Redes Sociales","@id":"https:\/\/umecit.edu.pa\/en\/#\/schema\/person\/d5a70189459e738214aa90e301931824"},"headline":"Jornada acad\u00e9mica sobre delitos financieros fortalece la formaci\u00f3n jur\u00eddica y el an\u00e1lisis penal aplicado","datePublished":"2026-04-27T19:24:09+00:00","dateModified":"2026-04-27T19:25:06+00:00","mainEntityOfPage":{"@id":"https:\/\/umecit.edu.pa\/jornada-academica-sobre-delitos-financieros-fortalece-la-formacion-juridica-y-el-analisis-penal-aplicado\/"},"wordCount":335,"publisher":{"@id":"https:\/\/umecit.edu.pa\/en\/#organization"},"image":{"@id":"https:\/\/umecit.edu.pa\/jornada-academica-sobre-delitos-financieros-fortalece-la-formacion-juridica-y-el-analisis-penal-aplicado\/#primaryimage"},"thumbnailUrl":"https:\/\/umecit.edu.pa\/wp-content\/uploads\/2026\/04\/SEDE-santiago-1.png","articleSection":["Educaci\u00f3n","Facultad de Derecho y Ciencias Forenses","Noticias","Universidad"],"inLanguage":"en-US"},{"@type":"WebPage","@id":"https:\/\/umecit.edu.pa\/jornada-academica-sobre-delitos-financieros-fortalece-la-formacion-juridica-y-el-analisis-penal-aplicado\/","url":"https:\/\/umecit.edu.pa\/jornada-academica-sobre-delitos-financieros-fortalece-la-formacion-juridica-y-el-analisis-penal-aplicado\/","name":"Academic conference on financial crimes strengthens legal training and applied criminal analysis","isPartOf":{"@id":"https:\/\/umecit.edu.pa\/en\/#website"},"primaryImageOfPage":{"@id":"https:\/\/umecit.edu.pa\/jornada-academica-sobre-delitos-financieros-fortalece-la-formacion-juridica-y-el-analisis-penal-aplicado\/#primaryimage"},"image":{"@id":"https:\/\/umecit.edu.pa\/jornada-academica-sobre-delitos-financieros-fortalece-la-formacion-juridica-y-el-analisis-penal-aplicado\/#primaryimage"},"thumbnailUrl":"https:\/\/umecit.edu.pa\/wp-content\/uploads\/2026\/04\/SEDE-santiago-1.png","datePublished":"2026-04-27T19:24:09+00:00","dateModified":"2026-04-27T19:25:06+00:00","description":"La formaci\u00f3n jur\u00eddica de excelencia trasciende el estudio te\u00f3rico de los c\u00f3digos y se consolida en el an\u00e1lisis cr\u00edtico de la realidad social y t\u00e9cnica. Bajo esta premisa, se desarroll\u00f3 con \u00e9xito una jornada acad\u00e9mica centrada en el estudio de los delitos financieros desde la perspectiva de la Teor\u00eda General del Delito, iniciativa impulsada desde la asignatura Derecho Penal General I, a cargo del profesor Ogami R. Rivera Cano.","breadcrumb":{"@id":"https:\/\/umecit.edu.pa\/jornada-academica-sobre-delitos-financieros-fortalece-la-formacion-juridica-y-el-analisis-penal-aplicado\/#breadcrumb"},"inLanguage":"en-US","potentialAction":[{"@type":"ReadAction","target":["https:\/\/umecit.edu.pa\/jornada-academica-sobre-delitos-financieros-fortalece-la-formacion-juridica-y-el-analisis-penal-aplicado\/"]}]},{"@type":"ImageObject","inLanguage":"en-US","@id":"https:\/\/umecit.edu.pa\/jornada-academica-sobre-delitos-financieros-fortalece-la-formacion-juridica-y-el-analisis-penal-aplicado\/#primaryimage","url":"https:\/\/umecit.edu.pa\/wp-content\/uploads\/2026\/04\/SEDE-santiago-1.png","contentUrl":"https:\/\/umecit.edu.pa\/wp-content\/uploads\/2026\/04\/SEDE-santiago-1.png","width":1080,"height":1350},{"@type":"BreadcrumbList","@id":"https:\/\/umecit.edu.pa\/jornada-academica-sobre-delitos-financieros-fortalece-la-formacion-juridica-y-el-analisis-penal-aplicado\/#breadcrumb","itemListElement":[{"@type":"ListItem","position":1,"name":"Portada","item":"https:\/\/umecit.edu.pa\/en\/"},{"@type":"ListItem","position":2,"name":"Jornada acad\u00e9mica sobre delitos financieros fortalece la formaci\u00f3n jur\u00eddica y el an\u00e1lisis penal aplicado"}]},{"@type":"WebSite","@id":"https:\/\/umecit.edu.pa\/en\/#website","url":"https:\/\/umecit.edu.pa\/en\/","name":"Umecit - University in Panama","description":"Metropolitan University of Education, Science and Technology","publisher":{"@id":"https:\/\/umecit.edu.pa\/en\/#organization"},"potentialAction":[{"@type":"SearchAction","target":{"@type":"EntryPoint","urlTemplate":"https:\/\/umecit.edu.pa\/en\/?s={search_term_string}"},"query-input":{"@type":"PropertyValueSpecification","valueRequired":true,"valueName":"search_term_string"}}],"inLanguage":"en-US"},{"@type":"Organization","@id":"https:\/\/umecit.edu.pa\/en\/#organization","name":"Umecit - University in Panama","url":"https:\/\/umecit.edu.pa\/en\/","logo":{"@type":"ImageObject","inLanguage":"en-US","@id":"https:\/\/umecit.edu.pa\/en\/#\/schema\/logo\/image\/","url":"https:\/\/umecit.edu.pa\/wp-content\/uploads\/2022\/06\/panama-7.jpg","contentUrl":"https:\/\/umecit.edu.pa\/wp-content\/uploads\/2022\/06\/panama-7.jpg","width":1200,"height":800,"caption":"Umecit - Universidad en Panam\u00e1"},"image":{"@id":"https:\/\/umecit.edu.pa\/en\/#\/schema\/logo\/image\/"},"sameAs":["https:\/\/www.facebook.com\/umecitpanama\/","https:\/\/x.com\/umecitpanama","https:\/\/www.tiktok.com\/@umecit","https:\/\/www.instagram.com\/umecit\/","https:\/\/www.youtube.com\/channel\/UCP9iXFXi4p_EW_p9p6lprhg"]},{"@type":"Person","@id":"https:\/\/umecit.edu.pa\/en\/#\/schema\/person\/d5a70189459e738214aa90e301931824","name":"Social networks","image":{"@type":"ImageObject","inLanguage":"en-US","@id":"https:\/\/umecit.edu.pa\/en\/#\/schema\/person\/image\/","url":"https:\/\/secure.gravatar.com\/avatar\/09b10f971238019e9a50f61eaf59122699509138db9f2d8187eeef80b5cd1266?s=96&d=mm&r=g","contentUrl":"https:\/\/secure.gravatar.com\/avatar\/09b10f971238019e9a50f61eaf59122699509138db9f2d8187eeef80b5cd1266?s=96&d=mm&r=g","caption":"Redes Sociales"},"url":"https:\/\/umecit.edu.pa\/en\/author\/redes-sociales\/"}]}},"_links":{"self":[{"href":"https:\/\/umecit.edu.pa\/en\/wp-json\/wp\/v2\/posts\/133381","targetHints":{"allow":["GET"]}}],"collection":[{"href":"https:\/\/umecit.edu.pa\/en\/wp-json\/wp\/v2\/posts"}],"about":[{"href":"https:\/\/umecit.edu.pa\/en\/wp-json\/wp\/v2\/types\/post"}],"author":[{"embeddable":true,"href":"https:\/\/umecit.edu.pa\/en\/wp-json\/wp\/v2\/users\/830"}],"replies":[{"embeddable":true,"href":"https:\/\/umecit.edu.pa\/en\/wp-json\/wp\/v2\/comments?post=133381"}],"version-history":[{"count":7,"href":"https:\/\/umecit.edu.pa\/en\/wp-json\/wp\/v2\/posts\/133381\/revisions"}],"predecessor-version":[{"id":133389,"href":"https:\/\/umecit.edu.pa\/en\/wp-json\/wp\/v2\/posts\/133381\/revisions\/133389"}],"wp:featuredmedia":[{"embeddable":true,"href":"https:\/\/umecit.edu.pa\/en\/wp-json\/wp\/v2\/media\/133382"}],"wp:attachment":[{"href":"https:\/\/umecit.edu.pa\/en\/wp-json\/wp\/v2\/media?parent=133381"}],"wp:term":[{"taxonomy":"category","embeddable":true,"href":"https:\/\/umecit.edu.pa\/en\/wp-json\/wp\/v2\/categories?post=133381"},{"taxonomy":"post_tag","embeddable":true,"href":"https:\/\/umecit.edu.pa\/en\/wp-json\/wp\/v2\/tags?post=133381"}],"curies":[{"name":"wp","href":"https:\/\/api.w.org\/{rel}","templated":true}]}}