{"id":132219,"date":"2026-03-04T15:10:49","date_gmt":"2026-03-04T20:10:49","guid":{"rendered":"https:\/\/umecit.edu.pa\/?p=132219"},"modified":"2026-03-04T15:14:50","modified_gmt":"2026-03-04T20:14:50","slug":"taller-practico-de-balistica-fortalece-la-formacion-de-estudiantes-de-criminalistica-en-umecit","status":"publish","type":"post","link":"https:\/\/umecit.edu.pa\/en\/taller-practico-de-balistica-fortalece-la-formacion-de-estudiantes-de-criminalistica-en-umecit\/","title":{"rendered":"Practical Ballistics Workshop Strengthens the Training of Criminalistics Students at UMECIT"},"content":{"rendered":"<div data-elementor-type=\"wp-post\" data-elementor-id=\"132219\" class=\"elementor elementor-132219\" data-elementor-post-type=\"post\">\n\t\t\t\t\t\t<section class=\"elementor-section elementor-top-section elementor-element elementor-element-22b206f elementor-section-boxed elementor-section-height-default elementor-section-height-default row-top\" data-id=\"22b206f\" data-element_type=\"section\" data-e-type=\"section\">\n\t\t\t\t\t\t<div class=\"elementor-container elementor-column-gap-default\">\n\t\t\t\t\t<div class=\"elementor-column elementor-col-100 elementor-top-column elementor-element elementor-element-e26aeec column-style-top\" data-id=\"e26aeec\" data-element_type=\"column\" data-e-type=\"column\">\n\t\t\t<div class=\"elementor-widget-wrap\">\n\t\t\t\t\t\t\t<\/div>\n\t\t<\/div>\n\t\t\t\t\t<\/div>\n\t\t<\/section>\n\t\t\t\t<section class=\"elementor-section elementor-top-section elementor-element elementor-element-bb9eae8 elementor-section-boxed elementor-section-height-default elementor-section-height-default row-top\" data-id=\"bb9eae8\" data-element_type=\"section\" data-e-type=\"section\">\n\t\t\t\t\t\t<div class=\"elementor-container elementor-column-gap-default\">\n\t\t\t\t\t<div class=\"elementor-column elementor-col-100 elementor-top-column elementor-element elementor-element-75e0061 column-style-top\" data-id=\"75e0061\" data-element_type=\"column\" data-e-type=\"column\">\n\t\t\t<div class=\"elementor-widget-wrap elementor-element-populated\">\n\t\t\t\t\t\t<div class=\"elementor-element elementor-element-7ef8c36 elementor-widget elementor-widget-text-editor\" data-id=\"7ef8c36\" data-element_type=\"widget\" data-e-type=\"widget\" data-widget_type=\"text-editor.default\">\n\t\t\t\t<div class=\"elementor-widget-container\">\n\t\t\t\t\t\t\t\t\t<p>Students of the Bachelor&#039;s Degree in Criminalistics and Forensic Sciences at UMECIT, La Chorrera campus, participated in a practical Ballistics workshop held at the Scarlett Shooting Range Center, as part of their academic training process.<\/p><p>During the day, special emphasis was placed on strict compliance with safety regulations, as well as the mandatory use of Personal Protective Equipment (PPE), promoting responsibility and discipline in the handling of firearms.<\/p><p>In the practical phase, the students carried out exercises in identifying, classifying, and verifying the mechanical operation of different types of weapons. They also addressed aspects related to their structural components, firing mechanisms, and general ballistic characteristics.<\/p><p>As part of the training, controlled tests were developed that allowed for an understanding of the weapon&#039;s behavior, the basic trajectory of the projectile, and its relationship to forensic analysis in investigative contexts.<\/p><p>The activity was led by Professor Juan El\u00edas Mendoza, with the objective of reinforcing the theoretical knowledge acquired in the classroom through its application in a controlled environment. Supervision ensured the correct handling of equipment and compliance with established protocols. Participants demonstrated skills in assessing risks, applying preventive measures, and using specialized technical terminology.<\/p><p>This type of academic experience allows for the integration of theory with practice, strengthening key competencies in the field of forensic ballistics. With this, UMECIT reaffirms its commitment to training well-rounded, skilled, and ethically responsible professionals in the field of criminal investigation.<\/p>\t\t\t\t\t\t\t\t<\/div>\n\t\t\t\t<\/div>\n\t\t\t\t<div class=\"elementor-element elementor-element-6bb4b9c elementor-arrows-position-inside elementor-pagination-position-outside elementor-widget elementor-widget-image-carousel\" data-id=\"6bb4b9c\" data-element_type=\"widget\" data-e-type=\"widget\" data-settings=\"{&quot;slides_to_show&quot;:&quot;1&quot;,&quot;navigation&quot;:&quot;both&quot;,&quot;autoplay&quot;:&quot;yes&quot;,&quot;pause_on_hover&quot;:&quot;yes&quot;,&quot;pause_on_interaction&quot;:&quot;yes&quot;,&quot;autoplay_speed&quot;:5000,&quot;infinite&quot;:&quot;yes&quot;,&quot;effect&quot;:&quot;slide&quot;,&quot;speed&quot;:500}\" data-widget_type=\"image-carousel.default\">\n\t\t\t\t<div class=\"elementor-widget-container\">\n\t\t\t\t\t\t\t<div class=\"elementor-image-carousel-wrapper swiper\" role=\"region\" aria-roledescription=\"carousel\" aria-label=\"Carousel of images\" dir=\"ltr\">\n\t\t\t<div class=\"elementor-image-carousel swiper-wrapper\" aria-live=\"off\">\n\t\t\t\t\t\t\t\t<div class=\"swiper-slide\" role=\"group\" aria-roledescription=\"slide\" aria-label=\"1 of 6\"><figure class=\"swiper-slide-inner\"><img decoding=\"async\" class=\"swiper-slide-image\" src=\"https:\/\/umecit.edu.pa\/wp-content\/uploads\/2026\/03\/IMG-20260228-WA00281-768x419.jpg\" alt=\"IMG-20260228-WA0028(1)\" \/><\/figure><\/div><div class=\"swiper-slide\" role=\"group\" aria-roledescription=\"slide\" aria-label=\"2 of 6\"><figure class=\"swiper-slide-inner\"><img decoding=\"async\" class=\"swiper-slide-image\" src=\"https:\/\/umecit.edu.pa\/wp-content\/uploads\/2026\/03\/IMG-20260228-WA0056-768x1630.jpg\" alt=\"IMG-20260228-WA0056\" \/><\/figure><\/div><div class=\"swiper-slide\" role=\"group\" aria-roledescription=\"slide\" aria-label=\"3 of 6\"><figure class=\"swiper-slide-inner\"><img decoding=\"async\" class=\"swiper-slide-image\" src=\"https:\/\/umecit.edu.pa\/wp-content\/uploads\/2026\/03\/1772297748574.jpg\" alt=\"1772297748574\" \/><\/figure><\/div><div class=\"swiper-slide\" role=\"group\" aria-roledescription=\"slide\" aria-label=\"4 of 6\"><figure class=\"swiper-slide-inner\"><img decoding=\"async\" class=\"swiper-slide-image\" src=\"https:\/\/umecit.edu.pa\/wp-content\/uploads\/2026\/03\/IMG-20260228-WA0071.jpg\" alt=\"IMG-20260228-WA0071\" \/><\/figure><\/div><div class=\"swiper-slide\" role=\"group\" aria-roledescription=\"slide\" aria-label=\"5 of 6\"><figure class=\"swiper-slide-inner\"><img decoding=\"async\" class=\"swiper-slide-image\" src=\"https:\/\/umecit.edu.pa\/wp-content\/uploads\/2026\/03\/IMG-20260228-WA0057.jpg\" alt=\"IMG-20260228-WA0057\" \/><\/figure><\/div><div class=\"swiper-slide\" role=\"group\" aria-roledescription=\"slide\" aria-label=\"6 of 6\"><figure class=\"swiper-slide-inner\"><img decoding=\"async\" class=\"swiper-slide-image\" src=\"https:\/\/umecit.edu.pa\/wp-content\/uploads\/2026\/03\/IMG-20260228-WA0070-768x1462.jpg\" alt=\"IMG-20260228-WA0070\" \/><\/figure><\/div>\t\t\t<\/div>\n\t\t\t\t\t\t\t\t\t\t\t\t<div class=\"elementor-swiper-button elementor-swiper-button-prev\" role=\"button\" tabindex=\"0\">\n\t\t\t\t\t\t<i aria-hidden=\"true\" class=\"eicon-chevron-left\"><\/i>\t\t\t\t\t<\/div>\n\t\t\t\t\t<div class=\"elementor-swiper-button elementor-swiper-button-next\" role=\"button\" tabindex=\"0\">\n\t\t\t\t\t\t<i aria-hidden=\"true\" class=\"eicon-chevron-right\"><\/i>\t\t\t\t\t<\/div>\n\t\t\t\t\n\t\t\t\t\t\t\t\t\t<div class=\"swiper-pagination\"><\/div>\n\t\t\t\t\t\t\t\t\t<\/div>\n\t\t\t\t\t\t<\/div>\n\t\t\t\t<\/div>\n\t\t\t\t\t<\/div>\n\t\t<\/div>\n\t\t\t\t\t<\/div>\n\t\t<\/section>\n\t\t\t\t<section class=\"elementor-section elementor-top-section elementor-element elementor-element-945a5ac elementor-section-boxed elementor-section-height-default elementor-section-height-default row-top\" data-id=\"945a5ac\" data-element_type=\"section\" data-e-type=\"section\">\n\t\t\t\t\t\t<div class=\"elementor-container elementor-column-gap-default\">\n\t\t\t\t\t<div class=\"elementor-column elementor-col-100 elementor-top-column elementor-element elementor-element-2f8ad08 column-style-top\" data-id=\"2f8ad08\" data-element_type=\"column\" data-e-type=\"column\">\n\t\t\t<div class=\"elementor-widget-wrap elementor-element-populated\">\n\t\t\t\t\t\t<section class=\"elementor-section elementor-inner-section elementor-element elementor-element-3b34648 elementor-section-boxed elementor-section-height-default elementor-section-height-default row-top\" data-id=\"3b34648\" data-element_type=\"section\" data-e-type=\"section\">\n\t\t\t\t\t\t<div class=\"elementor-container elementor-column-gap-default\">\n\t\t\t\t\t<div class=\"elementor-column elementor-col-50 elementor-inner-column elementor-element elementor-element-68327a4 column-style-top\" data-id=\"68327a4\" data-element_type=\"column\" data-e-type=\"column\">\n\t\t\t<div class=\"elementor-widget-wrap\">\n\t\t\t\t\t\t\t<\/div>\n\t\t<\/div>\n\t\t\t\t<div class=\"elementor-column elementor-col-50 elementor-inner-column elementor-element elementor-element-22f9de2 column-style-top\" data-id=\"22f9de2\" data-element_type=\"column\" data-e-type=\"column\">\n\t\t\t<div class=\"elementor-widget-wrap\">\n\t\t\t\t\t\t\t<\/div>\n\t\t<\/div>\n\t\t\t\t\t<\/div>\n\t\t<\/section>\n\t\t\t\t\t<\/div>\n\t\t<\/div>\n\t\t\t\t\t<\/div>\n\t\t<\/section>\n\t\t\t\t<section class=\"elementor-section elementor-top-section elementor-element elementor-element-876cb5b elementor-section-boxed elementor-section-height-default elementor-section-height-default row-top\" data-id=\"876cb5b\" data-element_type=\"section\" data-e-type=\"section\">\n\t\t\t\t\t\t<div class=\"elementor-container elementor-column-gap-default\">\n\t\t\t\t\t<div class=\"elementor-column elementor-col-100 elementor-top-column elementor-element elementor-element-059a49f column-style-top\" data-id=\"059a49f\" data-element_type=\"column\" data-e-type=\"column\">\n\t\t\t<div class=\"elementor-widget-wrap elementor-element-populated\">\n\t\t\t\t\t\t\t<\/div>\n\t\t<\/div>\n\t\t\t\t\t<\/div>\n\t\t<\/section>\n\t\t\t\t<\/div>","protected":false},"excerpt":{"rendered":"<p>Los estudiantes de la Licenciatura en Criminal\u00edstica y Ciencias Forenses de UMECIT, sede La Chorrera, participaron en un taller pr\u00e1ctico de Bal\u00edstica desarrollado en el Centro de Pol\u00edgono Scarlett, como parte de su proceso de formaci\u00f3n acad\u00e9mica. Durante la jornada, se hizo especial \u00e9nfasis en el cumplimiento estricto de las normas de seguridad, as\u00ed como [&hellip;]<\/p>\n","protected":false},"author":828,"featured_media":132220,"comment_status":"closed","ping_status":"closed","sticky":false,"template":"","format":"standard","meta":{"footnotes":""},"categories":[247,109,174],"tags":[],"class_list":["post-132219","post","type-post","status-publish","format-standard","has-post-thumbnail","hentry","category-facultad-de-derecho-y-ciencias-forenses","category-noticias","category-universidad"],"yoast_head":"<!-- This site is optimized with the Yoast SEO plugin v27.1.1 - https:\/\/yoast.com\/product\/yoast-seo-wordpress\/ -->\n<title>Taller pr\u00e1ctico de Bal\u00edstica fortalece la formaci\u00f3n de estudiantes de Criminal\u00edstica en UMECIT<\/title>\n<meta name=\"description\" content=\"Los estudiantes de la Licenciatura en Criminal\u00edstica y Ciencias Forenses de UMECIT, sede La Chorrera, participaron en un taller pr\u00e1ctico de Bal\u00edstica desarrollado en el Centro de Pol\u00edgono Scarlett, como parte de su proceso de formaci\u00f3n acad\u00e9mica.\" \/>\n<meta name=\"robots\" content=\"index, follow, max-snippet:-1, max-image-preview:large, max-video-preview:-1\" \/>\n<link rel=\"canonical\" href=\"https:\/\/umecit.edu.pa\/en\/taller-practico-de-balistica-fortalece-la-formacion-de-estudiantes-de-criminalistica-en-umecit\/\" \/>\n<meta property=\"og:locale\" content=\"en_US\" \/>\n<meta property=\"og:type\" content=\"article\" \/>\n<meta property=\"og:title\" content=\"Taller pr\u00e1ctico de Bal\u00edstica fortalece la formaci\u00f3n de estudiantes de Criminal\u00edstica en UMECIT\" \/>\n<meta property=\"og:description\" content=\"Los estudiantes de la Licenciatura en Criminal\u00edstica y Ciencias Forenses de UMECIT, sede La Chorrera, participaron en un taller pr\u00e1ctico de Bal\u00edstica desarrollado en el Centro de Pol\u00edgono Scarlett, como parte de su proceso de formaci\u00f3n acad\u00e9mica.\" \/>\n<meta property=\"og:url\" content=\"https:\/\/umecit.edu.pa\/en\/taller-practico-de-balistica-fortalece-la-formacion-de-estudiantes-de-criminalistica-en-umecit\/\" \/>\n<meta property=\"og:site_name\" content=\"Umecit - Universidad en Panam\u00e1\" \/>\n<meta property=\"article:publisher\" content=\"https:\/\/www.facebook.com\/umecitpanama\/\" \/>\n<meta property=\"article:published_time\" content=\"2026-03-04T20:10:49+00:00\" \/>\n<meta property=\"article:modified_time\" content=\"2026-03-04T20:14:50+00:00\" \/>\n<meta property=\"og:image\" content=\"https:\/\/umecit.edu.pa\/wp-content\/uploads\/2026\/03\/IMG-20260228-WA0042.jpg\" \/>\n\t<meta property=\"og:image:width\" content=\"1040\" \/>\n\t<meta property=\"og:image:height\" content=\"532\" \/>\n\t<meta property=\"og:image:type\" content=\"image\/jpeg\" \/>\n<meta name=\"author\" content=\"Chanel King\" \/>\n<meta name=\"twitter:card\" content=\"summary_large_image\" \/>\n<meta name=\"twitter:creator\" content=\"@umecitpanama\" \/>\n<meta name=\"twitter:site\" content=\"@umecitpanama\" \/>\n<meta name=\"twitter:label1\" content=\"Written by\" \/>\n\t<meta name=\"twitter:data1\" content=\"Chanel King\" \/>\n\t<meta name=\"twitter:label2\" content=\"Est. reading time\" \/>\n\t<meta name=\"twitter:data2\" content=\"3 minutes\" \/>\n<script type=\"application\/ld+json\" class=\"yoast-schema-graph\">{\"@context\":\"https:\/\/schema.org\",\"@graph\":[{\"@type\":\"Article\",\"@id\":\"https:\/\/umecit.edu.pa\/en\/taller-practico-de-balistica-fortalece-la-formacion-de-estudiantes-de-criminalistica-en-umecit\/#article\",\"isPartOf\":{\"@id\":\"https:\/\/umecit.edu.pa\/en\/taller-practico-de-balistica-fortalece-la-formacion-de-estudiantes-de-criminalistica-en-umecit\/\"},\"author\":{\"name\":\"Chanel King\",\"@id\":\"https:\/\/44.206.156.148\/#\/schema\/person\/4c861ec6f2bdfe5c63c32697ff46e26d\"},\"headline\":\"Taller pr\u00e1ctico de Bal\u00edstica fortalece la formaci\u00f3n de estudiantes de Criminal\u00edstica en UMECIT\",\"datePublished\":\"2026-03-04T20:10:49+00:00\",\"dateModified\":\"2026-03-04T20:14:50+00:00\",\"mainEntityOfPage\":{\"@id\":\"https:\/\/umecit.edu.pa\/en\/taller-practico-de-balistica-fortalece-la-formacion-de-estudiantes-de-criminalistica-en-umecit\/\"},\"wordCount\":295,\"publisher\":{\"@id\":\"https:\/\/44.206.156.148\/#organization\"},\"image\":{\"@id\":\"https:\/\/umecit.edu.pa\/en\/taller-practico-de-balistica-fortalece-la-formacion-de-estudiantes-de-criminalistica-en-umecit\/#primaryimage\"},\"thumbnailUrl\":\"https:\/\/umecit.edu.pa\/wp-content\/uploads\/2026\/03\/IMG-20260228-WA0042.jpg\",\"articleSection\":[\"Facultad de Derecho y Ciencias Forenses\",\"Noticias\",\"Universidad\"],\"inLanguage\":\"en-US\"},{\"@type\":\"WebPage\",\"@id\":\"https:\/\/umecit.edu.pa\/en\/taller-practico-de-balistica-fortalece-la-formacion-de-estudiantes-de-criminalistica-en-umecit\/\",\"url\":\"https:\/\/umecit.edu.pa\/en\/taller-practico-de-balistica-fortalece-la-formacion-de-estudiantes-de-criminalistica-en-umecit\/\",\"name\":\"Taller pr\u00e1ctico de Bal\u00edstica fortalece la formaci\u00f3n de estudiantes de Criminal\u00edstica en UMECIT\",\"isPartOf\":{\"@id\":\"https:\/\/44.206.156.148\/#website\"},\"primaryImageOfPage\":{\"@id\":\"https:\/\/umecit.edu.pa\/en\/taller-practico-de-balistica-fortalece-la-formacion-de-estudiantes-de-criminalistica-en-umecit\/#primaryimage\"},\"image\":{\"@id\":\"https:\/\/umecit.edu.pa\/en\/taller-practico-de-balistica-fortalece-la-formacion-de-estudiantes-de-criminalistica-en-umecit\/#primaryimage\"},\"thumbnailUrl\":\"https:\/\/umecit.edu.pa\/wp-content\/uploads\/2026\/03\/IMG-20260228-WA0042.jpg\",\"datePublished\":\"2026-03-04T20:10:49+00:00\",\"dateModified\":\"2026-03-04T20:14:50+00:00\",\"description\":\"Los estudiantes de la Licenciatura en Criminal\u00edstica y Ciencias Forenses de UMECIT, sede La Chorrera, participaron en un taller pr\u00e1ctico de Bal\u00edstica desarrollado en el Centro de Pol\u00edgono Scarlett, como parte de su proceso de formaci\u00f3n acad\u00e9mica.\",\"breadcrumb\":{\"@id\":\"https:\/\/umecit.edu.pa\/en\/taller-practico-de-balistica-fortalece-la-formacion-de-estudiantes-de-criminalistica-en-umecit\/#breadcrumb\"},\"inLanguage\":\"en-US\",\"potentialAction\":[{\"@type\":\"ReadAction\",\"target\":[\"https:\/\/umecit.edu.pa\/en\/taller-practico-de-balistica-fortalece-la-formacion-de-estudiantes-de-criminalistica-en-umecit\/\"]}]},{\"@type\":\"ImageObject\",\"inLanguage\":\"en-US\",\"@id\":\"https:\/\/umecit.edu.pa\/en\/taller-practico-de-balistica-fortalece-la-formacion-de-estudiantes-de-criminalistica-en-umecit\/#primaryimage\",\"url\":\"https:\/\/umecit.edu.pa\/wp-content\/uploads\/2026\/03\/IMG-20260228-WA0042.jpg\",\"contentUrl\":\"https:\/\/umecit.edu.pa\/wp-content\/uploads\/2026\/03\/IMG-20260228-WA0042.jpg\",\"width\":1040,\"height\":532},{\"@type\":\"BreadcrumbList\",\"@id\":\"https:\/\/umecit.edu.pa\/en\/taller-practico-de-balistica-fortalece-la-formacion-de-estudiantes-de-criminalistica-en-umecit\/#breadcrumb\",\"itemListElement\":[{\"@type\":\"ListItem\",\"position\":1,\"name\":\"Portada\",\"item\":\"https:\/\/umecit.edu.pa\/\"},{\"@type\":\"ListItem\",\"position\":2,\"name\":\"Taller pr\u00e1ctico de Bal\u00edstica fortalece la formaci\u00f3n de estudiantes de Criminal\u00edstica en UMECIT\"}]},{\"@type\":\"WebSite\",\"@id\":\"https:\/\/44.206.156.148\/#website\",\"url\":\"https:\/\/44.206.156.148\/\",\"name\":\"Umecit - Universidad en Panam\u00e1\",\"description\":\"Universidad Metropolitana de Educaci\u00f3n, Ciencia y Tecnolog\u00eda\",\"publisher\":{\"@id\":\"https:\/\/44.206.156.148\/#organization\"},\"potentialAction\":[{\"@type\":\"SearchAction\",\"target\":{\"@type\":\"EntryPoint\",\"urlTemplate\":\"https:\/\/44.206.156.148\/?s={search_term_string}\"},\"query-input\":{\"@type\":\"PropertyValueSpecification\",\"valueRequired\":true,\"valueName\":\"search_term_string\"}}],\"inLanguage\":\"en-US\"},{\"@type\":\"Organization\",\"@id\":\"https:\/\/44.206.156.148\/#organization\",\"name\":\"Umecit - Universidad en Panam\u00e1\",\"url\":\"https:\/\/44.206.156.148\/\",\"logo\":{\"@type\":\"ImageObject\",\"inLanguage\":\"en-US\",\"@id\":\"https:\/\/44.206.156.148\/#\/schema\/logo\/image\/\",\"url\":\"https:\/\/umecit.edu.pa\/wp-content\/uploads\/2022\/06\/panama-7.jpg\",\"contentUrl\":\"https:\/\/umecit.edu.pa\/wp-content\/uploads\/2022\/06\/panama-7.jpg\",\"width\":1200,\"height\":800,\"caption\":\"Umecit - Universidad en Panam\u00e1\"},\"image\":{\"@id\":\"https:\/\/44.206.156.148\/#\/schema\/logo\/image\/\"},\"sameAs\":[\"https:\/\/www.facebook.com\/umecitpanama\/\",\"https:\/\/x.com\/umecitpanama\",\"https:\/\/www.tiktok.com\/@umecit\",\"https:\/\/www.instagram.com\/umecit\/\",\"https:\/\/www.youtube.com\/channel\/UCP9iXFXi4p_EW_p9p6lprhg\"]},{\"@type\":\"Person\",\"@id\":\"https:\/\/44.206.156.148\/#\/schema\/person\/4c861ec6f2bdfe5c63c32697ff46e26d\",\"name\":\"Chanel King\",\"image\":{\"@type\":\"ImageObject\",\"inLanguage\":\"en-US\",\"@id\":\"https:\/\/44.206.156.148\/#\/schema\/person\/image\/\",\"url\":\"https:\/\/secure.gravatar.com\/avatar\/d354b2a4c39c763c53a2a00d7eb4a9878c7faaba1d07408b222a5b32187aac2a?s=96&d=mm&r=g\",\"contentUrl\":\"https:\/\/secure.gravatar.com\/avatar\/d354b2a4c39c763c53a2a00d7eb4a9878c7faaba1d07408b222a5b32187aac2a?s=96&d=mm&r=g\",\"caption\":\"Chanel King\"},\"url\":\"https:\/\/umecit.edu.pa\/en\/author\/fotografiaumecit\/\"}]}<\/script>\n<!-- \/ Yoast SEO plugin. -->","yoast_head_json":{"title":"Practical Ballistics Workshop Strengthens the Training of Criminalistics Students at UMECIT","description":"Students of the Bachelor&#039;s Degree in Criminalistics and Forensic Sciences at UMECIT, La Chorrera campus, participated in a practical Ballistics workshop held at the Scarlett Shooting Range Center, as part of their academic training process.","robots":{"index":"index","follow":"follow","max-snippet":"max-snippet:-1","max-image-preview":"max-image-preview:large","max-video-preview":"max-video-preview:-1"},"canonical":"https:\/\/umecit.edu.pa\/en\/taller-practico-de-balistica-fortalece-la-formacion-de-estudiantes-de-criminalistica-en-umecit\/","og_locale":"en_US","og_type":"article","og_title":"Taller pr\u00e1ctico de Bal\u00edstica fortalece la formaci\u00f3n de estudiantes de Criminal\u00edstica en UMECIT","og_description":"Los estudiantes de la Licenciatura en Criminal\u00edstica y Ciencias Forenses de UMECIT, sede La Chorrera, participaron en un taller pr\u00e1ctico de Bal\u00edstica desarrollado en el Centro de Pol\u00edgono Scarlett, como parte de su proceso de formaci\u00f3n acad\u00e9mica.","og_url":"https:\/\/umecit.edu.pa\/en\/taller-practico-de-balistica-fortalece-la-formacion-de-estudiantes-de-criminalistica-en-umecit\/","og_site_name":"Umecit - Universidad en Panam\u00e1","article_publisher":"https:\/\/www.facebook.com\/umecitpanama\/","article_published_time":"2026-03-04T20:10:49+00:00","article_modified_time":"2026-03-04T20:14:50+00:00","og_image":[{"width":1040,"height":532,"url":"https:\/\/umecit.edu.pa\/wp-content\/uploads\/2026\/03\/IMG-20260228-WA0042.jpg","type":"image\/jpeg"}],"author":"Chanel King","twitter_card":"summary_large_image","twitter_creator":"@umecitpanama","twitter_site":"@umecitpanama","twitter_misc":{"Written by":"Chanel King","Est. reading time":"3 minutes"},"schema":{"@context":"https:\/\/schema.org","@graph":[{"@type":"Article","@id":"https:\/\/umecit.edu.pa\/en\/taller-practico-de-balistica-fortalece-la-formacion-de-estudiantes-de-criminalistica-en-umecit\/#article","isPartOf":{"@id":"https:\/\/umecit.edu.pa\/en\/taller-practico-de-balistica-fortalece-la-formacion-de-estudiantes-de-criminalistica-en-umecit\/"},"author":{"name":"Chanel King","@id":"https:\/\/44.206.156.148\/#\/schema\/person\/4c861ec6f2bdfe5c63c32697ff46e26d"},"headline":"Taller pr\u00e1ctico de Bal\u00edstica fortalece la formaci\u00f3n de estudiantes de Criminal\u00edstica en UMECIT","datePublished":"2026-03-04T20:10:49+00:00","dateModified":"2026-03-04T20:14:50+00:00","mainEntityOfPage":{"@id":"https:\/\/umecit.edu.pa\/en\/taller-practico-de-balistica-fortalece-la-formacion-de-estudiantes-de-criminalistica-en-umecit\/"},"wordCount":295,"publisher":{"@id":"https:\/\/44.206.156.148\/#organization"},"image":{"@id":"https:\/\/umecit.edu.pa\/en\/taller-practico-de-balistica-fortalece-la-formacion-de-estudiantes-de-criminalistica-en-umecit\/#primaryimage"},"thumbnailUrl":"https:\/\/umecit.edu.pa\/wp-content\/uploads\/2026\/03\/IMG-20260228-WA0042.jpg","articleSection":["Facultad de Derecho y Ciencias Forenses","Noticias","Universidad"],"inLanguage":"en-US"},{"@type":"WebPage","@id":"https:\/\/umecit.edu.pa\/en\/taller-practico-de-balistica-fortalece-la-formacion-de-estudiantes-de-criminalistica-en-umecit\/","url":"https:\/\/umecit.edu.pa\/en\/taller-practico-de-balistica-fortalece-la-formacion-de-estudiantes-de-criminalistica-en-umecit\/","name":"Practical Ballistics Workshop Strengthens the Training of Criminalistics Students at UMECIT","isPartOf":{"@id":"https:\/\/44.206.156.148\/#website"},"primaryImageOfPage":{"@id":"https:\/\/umecit.edu.pa\/en\/taller-practico-de-balistica-fortalece-la-formacion-de-estudiantes-de-criminalistica-en-umecit\/#primaryimage"},"image":{"@id":"https:\/\/umecit.edu.pa\/en\/taller-practico-de-balistica-fortalece-la-formacion-de-estudiantes-de-criminalistica-en-umecit\/#primaryimage"},"thumbnailUrl":"https:\/\/umecit.edu.pa\/wp-content\/uploads\/2026\/03\/IMG-20260228-WA0042.jpg","datePublished":"2026-03-04T20:10:49+00:00","dateModified":"2026-03-04T20:14:50+00:00","description":"Students of the Bachelor&#039;s Degree in Criminalistics and Forensic Sciences at UMECIT, La Chorrera campus, participated in a practical Ballistics workshop held at the Scarlett Shooting Range Center, as part of their academic training process.","breadcrumb":{"@id":"https:\/\/umecit.edu.pa\/en\/taller-practico-de-balistica-fortalece-la-formacion-de-estudiantes-de-criminalistica-en-umecit\/#breadcrumb"},"inLanguage":"en-US","potentialAction":[{"@type":"ReadAction","target":["https:\/\/umecit.edu.pa\/en\/taller-practico-de-balistica-fortalece-la-formacion-de-estudiantes-de-criminalistica-en-umecit\/"]}]},{"@type":"ImageObject","inLanguage":"en-US","@id":"https:\/\/umecit.edu.pa\/en\/taller-practico-de-balistica-fortalece-la-formacion-de-estudiantes-de-criminalistica-en-umecit\/#primaryimage","url":"https:\/\/umecit.edu.pa\/wp-content\/uploads\/2026\/03\/IMG-20260228-WA0042.jpg","contentUrl":"https:\/\/umecit.edu.pa\/wp-content\/uploads\/2026\/03\/IMG-20260228-WA0042.jpg","width":1040,"height":532},{"@type":"BreadcrumbList","@id":"https:\/\/umecit.edu.pa\/en\/taller-practico-de-balistica-fortalece-la-formacion-de-estudiantes-de-criminalistica-en-umecit\/#breadcrumb","itemListElement":[{"@type":"ListItem","position":1,"name":"Portada","item":"https:\/\/umecit.edu.pa\/"},{"@type":"ListItem","position":2,"name":"Taller pr\u00e1ctico de Bal\u00edstica fortalece la formaci\u00f3n de estudiantes de Criminal\u00edstica en UMECIT"}]},{"@type":"WebSite","@id":"https:\/\/44.206.156.148\/#website","url":"https:\/\/44.206.156.148\/","name":"Umecit - University in Panama","description":"Metropolitan University of Education, Science and Technology","publisher":{"@id":"https:\/\/44.206.156.148\/#organization"},"potentialAction":[{"@type":"SearchAction","target":{"@type":"EntryPoint","urlTemplate":"https:\/\/44.206.156.148\/?s={search_term_string}"},"query-input":{"@type":"PropertyValueSpecification","valueRequired":true,"valueName":"search_term_string"}}],"inLanguage":"en-US"},{"@type":"Organization","@id":"https:\/\/44.206.156.148\/#organization","name":"Umecit - University in Panama","url":"https:\/\/44.206.156.148\/","logo":{"@type":"ImageObject","inLanguage":"en-US","@id":"https:\/\/44.206.156.148\/#\/schema\/logo\/image\/","url":"https:\/\/umecit.edu.pa\/wp-content\/uploads\/2022\/06\/panama-7.jpg","contentUrl":"https:\/\/umecit.edu.pa\/wp-content\/uploads\/2022\/06\/panama-7.jpg","width":1200,"height":800,"caption":"Umecit - Universidad en Panam\u00e1"},"image":{"@id":"https:\/\/44.206.156.148\/#\/schema\/logo\/image\/"},"sameAs":["https:\/\/www.facebook.com\/umecitpanama\/","https:\/\/x.com\/umecitpanama","https:\/\/www.tiktok.com\/@umecit","https:\/\/www.instagram.com\/umecit\/","https:\/\/www.youtube.com\/channel\/UCP9iXFXi4p_EW_p9p6lprhg"]},{"@type":"Person","@id":"https:\/\/44.206.156.148\/#\/schema\/person\/4c861ec6f2bdfe5c63c32697ff46e26d","name":"Chanel King","image":{"@type":"ImageObject","inLanguage":"en-US","@id":"https:\/\/44.206.156.148\/#\/schema\/person\/image\/","url":"https:\/\/secure.gravatar.com\/avatar\/d354b2a4c39c763c53a2a00d7eb4a9878c7faaba1d07408b222a5b32187aac2a?s=96&d=mm&r=g","contentUrl":"https:\/\/secure.gravatar.com\/avatar\/d354b2a4c39c763c53a2a00d7eb4a9878c7faaba1d07408b222a5b32187aac2a?s=96&d=mm&r=g","caption":"Chanel King"},"url":"https:\/\/umecit.edu.pa\/en\/author\/fotografiaumecit\/"}]}},"_links":{"self":[{"href":"https:\/\/umecit.edu.pa\/en\/wp-json\/wp\/v2\/posts\/132219","targetHints":{"allow":["GET"]}}],"collection":[{"href":"https:\/\/umecit.edu.pa\/en\/wp-json\/wp\/v2\/posts"}],"about":[{"href":"https:\/\/umecit.edu.pa\/en\/wp-json\/wp\/v2\/types\/post"}],"author":[{"embeddable":true,"href":"https:\/\/umecit.edu.pa\/en\/wp-json\/wp\/v2\/users\/828"}],"replies":[{"embeddable":true,"href":"https:\/\/umecit.edu.pa\/en\/wp-json\/wp\/v2\/comments?post=132219"}],"version-history":[{"count":4,"href":"https:\/\/umecit.edu.pa\/en\/wp-json\/wp\/v2\/posts\/132219\/revisions"}],"predecessor-version":[{"id":132230,"href":"https:\/\/umecit.edu.pa\/en\/wp-json\/wp\/v2\/posts\/132219\/revisions\/132230"}],"wp:featuredmedia":[{"embeddable":true,"href":"https:\/\/umecit.edu.pa\/en\/wp-json\/wp\/v2\/media\/132220"}],"wp:attachment":[{"href":"https:\/\/umecit.edu.pa\/en\/wp-json\/wp\/v2\/media?parent=132219"}],"wp:term":[{"taxonomy":"category","embeddable":true,"href":"https:\/\/umecit.edu.pa\/en\/wp-json\/wp\/v2\/categories?post=132219"},{"taxonomy":"post_tag","embeddable":true,"href":"https:\/\/umecit.edu.pa\/en\/wp-json\/wp\/v2\/tags?post=132219"}],"curies":[{"name":"wp","href":"https:\/\/api.w.org\/{rel}","templated":true}]}}