{"id":121062,"date":"2024-12-26T15:11:04","date_gmt":"2024-12-26T20:11:04","guid":{"rendered":"https:\/\/umecit.edu.pa\/?p=121062"},"modified":"2024-12-26T15:22:08","modified_gmt":"2024-12-26T20:22:08","slug":"umecit-2024-un-ano-de-transformacion-a-traves-de-la-cultura-el-arte-y-el-compromiso-social","status":"publish","type":"post","link":"https:\/\/umecit.edu.pa\/en\/umecit-2024-un-ano-de-transformacion-a-traves-de-la-cultura-el-arte-y-el-compromiso-social\/","title":{"rendered":"UMECIT 2024: A year of transformation through culture, art and social commitment"},"content":{"rendered":"<div data-elementor-type=\"wp-post\" data-elementor-id=\"121062\" class=\"elementor elementor-121062\" data-elementor-post-type=\"post\">\n\t\t\t\t\t\t<section class=\"elementor-section elementor-top-section elementor-element elementor-element-22b206f elementor-section-boxed elementor-section-height-default elementor-section-height-default row-top\" data-id=\"22b206f\" data-element_type=\"section\" data-e-type=\"section\">\n\t\t\t\t\t\t<div class=\"elementor-container elementor-column-gap-default\">\n\t\t\t\t\t<div class=\"elementor-column elementor-col-100 elementor-top-column elementor-element elementor-element-e26aeec column-style-top\" data-id=\"e26aeec\" data-element_type=\"column\" data-e-type=\"column\">\n\t\t\t<div class=\"elementor-widget-wrap elementor-element-populated\">\n\t\t\t\t\t\t<div class=\"elementor-element elementor-element-7ef8c36 elementor-widget elementor-widget-text-editor\" data-id=\"7ef8c36\" data-element_type=\"widget\" data-e-type=\"widget\" data-widget_type=\"text-editor.default\">\n\t\t\t\t<div class=\"elementor-widget-container\">\n\t\t\t\t\t\t\t\t\t<p>2024 has been a year of exceptional achievements for UMECIT, consolidating our institutional identity and strengthening the sense of belonging in our vibrant university community. With a notable increase of 10% in participation nationwide compared to 2023, our cultural, artistic and sporting activities have been a clear reflection of the talent, dedication and commitment of our students, values that align perfectly with our mission of forming comprehensive, balanced individuals who are deeply committed to their environment.<\/p><p><strong>Flourishing artistic talent and cultural identity:<\/strong><\/p><p>This year, UMECIT has strongly supported the promotion of culture and art, achieving extraordinary results:<\/p><ul><li><strong>Expansion of folklore:<\/strong> The creation of three new folklore groups in Santiago, La Chorrera and Panama, together with the launch of the dynamic Dance Group, have greatly enriched our cultural offering. These groups have actively participated in key events such as the Health Fair, the Night of the Stars and the Interfaculty Opening Gala, bearing the name of UMECIT and reaffirming our commitment to promoting Panamanian cultural identity.<\/li><li><strong>Dance Group: Art in Motion:<\/strong> The newly created UMECIT Dance Group has established itself as a dynamic and versatile team, captivating audiences with their energetic and talented performances at various institutional events. Their presence has added a touch of vitality and artistic expression to university life.<\/li><\/ul><p><strong>Social Commitment: Making a difference in the community:<\/strong><\/p><p>Social commitment has been a fundamental pillar in UMECIT&#039;s activities during 2024. Our students have demonstrated a great vocation for service, actively participating in various volunteer initiatives that have had a positive impact on the community. Such as:<\/p><ul><li>Formula for Life: In partnership with Activo 20-30, they collected donations for vulnerable children, reflecting solidarity and dedication.<\/li><li>Cancer Prevention Walk: They supported this noble cause organized by the Betania Community Board, raising awareness about cancer prevention.<\/li><li>FAUDI Family Fair: They promoted inclusion and respect for people with intellectual disabilities, strengthening values of empathy and diversity.<\/li><\/ul><p>.<\/p><p><strong>Comprehensive development and emotional well-being: Caring for our community:<\/strong><\/p><p>The University Wellbeing Department has played a crucial role in the comprehensive development of our students, leading a series of training workshops focused on personal, emotional and social growth. These initiatives have provided valuable tools for stress management, the development of soft skills and the promotion of a healthy and positive university environment. Some of the highlights:<\/p><ul><li>Emotional Management and Intercultural Awareness: Promoted understanding and respect for other cultures.<\/li><li>The Art of Self-Acceptance: Strengthened self-esteem and emotional well-being.<\/li><li>Collaboration and Teamwork: Developed skills for collaborative and effective work.<\/li><\/ul><p>Artistic Expression and Appreciation: Promoted creativity and enjoyment of cultural manifestations.<\/p>\t\t\t\t\t\t\t\t<\/div>\n\t\t\t\t<\/div>\n\t\t\t\t\t<\/div>\n\t\t<\/div>\n\t\t\t\t\t<\/div>\n\t\t<\/section>\n\t\t\t\t<section class=\"elementor-section elementor-top-section elementor-element elementor-element-bb9eae8 elementor-section-boxed elementor-section-height-default elementor-section-height-default row-top\" data-id=\"bb9eae8\" data-element_type=\"section\" data-e-type=\"section\">\n\t\t\t\t\t\t<div class=\"elementor-container elementor-column-gap-default\">\n\t\t\t\t\t<div class=\"elementor-column elementor-col-100 elementor-top-column elementor-element elementor-element-75e0061 column-style-top\" data-id=\"75e0061\" data-element_type=\"column\" data-e-type=\"column\">\n\t\t\t<div class=\"elementor-widget-wrap elementor-element-populated\">\n\t\t\t\t\t\t<div class=\"elementor-element elementor-element-6bb4b9c elementor-arrows-position-inside elementor-pagination-position-outside elementor-widget elementor-widget-image-carousel\" data-id=\"6bb4b9c\" data-element_type=\"widget\" data-e-type=\"widget\" data-settings=\"{&quot;slides_to_show&quot;:&quot;1&quot;,&quot;navigation&quot;:&quot;both&quot;,&quot;autoplay&quot;:&quot;yes&quot;,&quot;pause_on_hover&quot;:&quot;yes&quot;,&quot;pause_on_interaction&quot;:&quot;yes&quot;,&quot;autoplay_speed&quot;:5000,&quot;infinite&quot;:&quot;yes&quot;,&quot;effect&quot;:&quot;slide&quot;,&quot;speed&quot;:500}\" data-widget_type=\"image-carousel.default\">\n\t\t\t\t<div class=\"elementor-widget-container\">\n\t\t\t\t\t\t\t<div class=\"elementor-image-carousel-wrapper swiper\" role=\"region\" aria-roledescription=\"carousel\" aria-label=\"Carousel of images\" dir=\"ltr\">\n\t\t\t<div class=\"elementor-image-carousel swiper-wrapper\" aria-live=\"off\">\n\t\t\t\t\t\t\t\t<div class=\"swiper-slide\" role=\"group\" aria-roledescription=\"slide\" aria-label=\"1 of 3\"><figure class=\"swiper-slide-inner\"><img decoding=\"async\" class=\"swiper-slide-image\" src=\"https:\/\/umecit.edu.pa\/wp-content\/uploads\/2024\/12\/Imagen-de-WhatsApp-2024-10-13-a-las-10.31.59_d8b5b0ed-768x576.jpg\" alt=\"Imagen de WhatsApp 2024-10-13 a las 10.31.59_d8b5b0ed\" \/><\/figure><\/div><div class=\"swiper-slide\" role=\"group\" aria-roledescription=\"slide\" aria-label=\"2 of 3\"><figure class=\"swiper-slide-inner\"><img decoding=\"async\" class=\"swiper-slide-image\" src=\"https:\/\/umecit.edu.pa\/wp-content\/uploads\/2024\/12\/Imagen-de-WhatsApp-2024-12-14-a-las-07.07.27_db253e7b-e1735244420252-768x309.jpg\" alt=\"Imagen de WhatsApp 2024-12-14 a las 07.07.27_db253e7b\" \/><\/figure><\/div><div class=\"swiper-slide\" role=\"group\" aria-roledescription=\"slide\" aria-label=\"3 of 3\"><figure class=\"swiper-slide-inner\"><img decoding=\"async\" class=\"swiper-slide-image\" src=\"https:\/\/umecit.edu.pa\/wp-content\/uploads\/2024\/12\/Imagen-de-WhatsApp-2024-10-19-a-las-11.28.16_7f584535-e1735244500824-768x509.jpg\" alt=\"Imagen de WhatsApp 2024-10-19 a las 11.28.16_7f584535\" \/><\/figure><\/div>\t\t\t<\/div>\n\t\t\t\t\t\t\t\t\t\t\t\t<div class=\"elementor-swiper-button elementor-swiper-button-prev\" role=\"button\" tabindex=\"0\">\n\t\t\t\t\t\t<i aria-hidden=\"true\" class=\"eicon-chevron-left\"><\/i>\t\t\t\t\t<\/div>\n\t\t\t\t\t<div class=\"elementor-swiper-button elementor-swiper-button-next\" role=\"button\" tabindex=\"0\">\n\t\t\t\t\t\t<i aria-hidden=\"true\" class=\"eicon-chevron-right\"><\/i>\t\t\t\t\t<\/div>\n\t\t\t\t\n\t\t\t\t\t\t\t\t\t<div class=\"swiper-pagination\"><\/div>\n\t\t\t\t\t\t\t\t\t<\/div>\n\t\t\t\t\t\t<\/div>\n\t\t\t\t<\/div>\n\t\t\t\t\t<\/div>\n\t\t<\/div>\n\t\t\t\t\t<\/div>\n\t\t<\/section>\n\t\t\t\t<section class=\"elementor-section elementor-top-section elementor-element elementor-element-945a5ac elementor-section-boxed elementor-section-height-default elementor-section-height-default row-top\" data-id=\"945a5ac\" data-element_type=\"section\" data-e-type=\"section\">\n\t\t\t\t\t\t<div class=\"elementor-container elementor-column-gap-default\">\n\t\t\t\t\t<div class=\"elementor-column elementor-col-100 elementor-top-column elementor-element elementor-element-2f8ad08 column-style-top\" data-id=\"2f8ad08\" data-element_type=\"column\" data-e-type=\"column\">\n\t\t\t<div class=\"elementor-widget-wrap elementor-element-populated\">\n\t\t\t\t\t\t<section class=\"elementor-section elementor-inner-section elementor-element elementor-element-3b34648 elementor-section-boxed elementor-section-height-default elementor-section-height-default row-top\" data-id=\"3b34648\" data-element_type=\"section\" data-e-type=\"section\">\n\t\t\t\t\t\t<div class=\"elementor-container elementor-column-gap-default\">\n\t\t\t\t\t<div class=\"elementor-column elementor-col-50 elementor-inner-column elementor-element elementor-element-68327a4 column-style-top\" data-id=\"68327a4\" data-element_type=\"column\" data-e-type=\"column\">\n\t\t\t<div class=\"elementor-widget-wrap\">\n\t\t\t\t\t\t\t<\/div>\n\t\t<\/div>\n\t\t\t\t<div class=\"elementor-column elementor-col-50 elementor-inner-column elementor-element elementor-element-22f9de2 column-style-top\" data-id=\"22f9de2\" data-element_type=\"column\" data-e-type=\"column\">\n\t\t\t<div class=\"elementor-widget-wrap\">\n\t\t\t\t\t\t\t<\/div>\n\t\t<\/div>\n\t\t\t\t\t<\/div>\n\t\t<\/section>\n\t\t\t\t\t<\/div>\n\t\t<\/div>\n\t\t\t\t\t<\/div>\n\t\t<\/section>\n\t\t\t\t<\/div>","protected":false},"excerpt":{"rendered":"<p>El 2024 ha sido un a\u00f1o de logros excepcionales para UMECIT, consolidando nuestra identidad institucional y fortaleciendo el sentido de pertenencia en nuestra vibrante comunidad universitaria. Con un notable incremento del 10% en la participaci\u00f3n a nivel nacional en comparaci\u00f3n con 2023, nuestras actividades culturales, art\u00edsticas y deportivas han sido un claro reflejo del talento, [&hellip;]<\/p>\n","protected":false},"author":828,"featured_media":121063,"comment_status":"closed","ping_status":"closed","sticky":false,"template":"","format":"standard","meta":{"footnotes":""},"categories":[72,119,73,109,174],"tags":[],"class_list":["post-121062","post","type-post","status-publish","format-standard","has-post-thumbnail","hentry","category-bienestar-universitario","category-cultura","category-educacion","category-noticias","category-universidad"],"yoast_head":"<!-- This site is optimized with the Yoast SEO plugin v27.1.1 - https:\/\/yoast.com\/product\/yoast-seo-wordpress\/ -->\n<title>UMECIT 2024: Un a\u00f1o de transformaci\u00f3n a trav\u00e9s de la cultura, el arte y el compromiso social<\/title>\n<meta name=\"description\" content=\"El 2024 ha sido un a\u00f1o de logros excepcionales para UMECIT, consolidando nuestra identidad institucional y fortaleciendo el sentido de pertenencia en nuestra vibrante comunidad universitaria. Con un notable incremento del 10% en la participaci\u00f3n a nivel nacional en comparaci\u00f3n con 2023, nuestras actividades culturales, art\u00edsticas y deportivas han sido un claro reflejo del talento, la dedicaci\u00f3n y el compromiso de nuestros estudiantes, valores que se alinean perfectamente con nuestra misi\u00f3n de formar individuos integrales, equilibrados y profundamente comprometidos con su entorno.\" \/>\n<meta name=\"robots\" content=\"index, follow, max-snippet:-1, max-image-preview:large, max-video-preview:-1\" \/>\n<link rel=\"canonical\" href=\"https:\/\/umecit.edu.pa\/en\/umecit-2024-un-ano-de-transformacion-a-traves-de-la-cultura-el-arte-y-el-compromiso-social\/\" \/>\n<meta property=\"og:locale\" content=\"en_US\" \/>\n<meta property=\"og:type\" content=\"article\" \/>\n<meta property=\"og:title\" content=\"UMECIT 2024: Un a\u00f1o de transformaci\u00f3n a trav\u00e9s de la cultura, el arte y el compromiso social\" \/>\n<meta property=\"og:description\" content=\"El 2024 ha sido un a\u00f1o de logros excepcionales para UMECIT, consolidando nuestra identidad institucional y fortaleciendo el sentido de pertenencia en nuestra vibrante comunidad universitaria. Con un notable incremento del 10% en la participaci\u00f3n a nivel nacional en comparaci\u00f3n con 2023, nuestras actividades culturales, art\u00edsticas y deportivas han sido un claro reflejo del talento, la dedicaci\u00f3n y el compromiso de nuestros estudiantes, valores que se alinean perfectamente con nuestra misi\u00f3n de formar individuos integrales, equilibrados y profundamente comprometidos con su entorno.\" \/>\n<meta property=\"og:url\" content=\"https:\/\/umecit.edu.pa\/en\/umecit-2024-un-ano-de-transformacion-a-traves-de-la-cultura-el-arte-y-el-compromiso-social\/\" \/>\n<meta property=\"og:site_name\" content=\"Umecit - Universidad en Panam\u00e1\" \/>\n<meta property=\"article:publisher\" content=\"https:\/\/www.facebook.com\/umecitpanama\/\" \/>\n<meta property=\"article:published_time\" content=\"2024-12-26T20:11:04+00:00\" \/>\n<meta property=\"article:modified_time\" content=\"2024-12-26T20:22:08+00:00\" \/>\n<meta property=\"og:image\" content=\"https:\/\/umecit.edu.pa\/wp-content\/uploads\/2024\/12\/foto-principal-arte-e1735243800142.jpg\" \/>\n\t<meta property=\"og:image:width\" content=\"1349\" \/>\n\t<meta property=\"og:image:height\" content=\"786\" \/>\n\t<meta property=\"og:image:type\" content=\"image\/jpeg\" \/>\n<meta name=\"author\" content=\"Chanel King\" \/>\n<meta name=\"twitter:card\" content=\"summary_large_image\" \/>\n<meta name=\"twitter:creator\" content=\"@umecitpanama\" \/>\n<meta name=\"twitter:site\" content=\"@umecitpanama\" \/>\n<meta name=\"twitter:label1\" content=\"Written by\" \/>\n\t<meta name=\"twitter:data1\" content=\"Chanel King\" \/>\n\t<meta name=\"twitter:label2\" content=\"Est. reading time\" \/>\n\t<meta name=\"twitter:data2\" content=\"4 minutes\" \/>\n<script type=\"application\/ld+json\" class=\"yoast-schema-graph\">{\"@context\":\"https:\/\/schema.org\",\"@graph\":[{\"@type\":\"Article\",\"@id\":\"https:\/\/umecit.edu.pa\/umecit-2024-un-ano-de-transformacion-a-traves-de-la-cultura-el-arte-y-el-compromiso-social\/#article\",\"isPartOf\":{\"@id\":\"https:\/\/umecit.edu.pa\/umecit-2024-un-ano-de-transformacion-a-traves-de-la-cultura-el-arte-y-el-compromiso-social\/\"},\"author\":{\"name\":\"Chanel King\",\"@id\":\"https:\/\/Umecit.edu.pa\/#\/schema\/person\/4c861ec6f2bdfe5c63c32697ff46e26d\"},\"headline\":\"UMECIT 2024: Un a\u00f1o de transformaci\u00f3n a trav\u00e9s de la cultura, el arte y el compromiso social\",\"datePublished\":\"2024-12-26T20:11:04+00:00\",\"dateModified\":\"2024-12-26T20:22:08+00:00\",\"mainEntityOfPage\":{\"@id\":\"https:\/\/umecit.edu.pa\/umecit-2024-un-ano-de-transformacion-a-traves-de-la-cultura-el-arte-y-el-compromiso-social\/\"},\"wordCount\":520,\"publisher\":{\"@id\":\"https:\/\/Umecit.edu.pa\/#organization\"},\"image\":{\"@id\":\"https:\/\/umecit.edu.pa\/umecit-2024-un-ano-de-transformacion-a-traves-de-la-cultura-el-arte-y-el-compromiso-social\/#primaryimage\"},\"thumbnailUrl\":\"https:\/\/umecit.edu.pa\/wp-content\/uploads\/2024\/12\/foto-principal-arte-e1735243800142.jpg\",\"articleSection\":[\"Bienestar Universitario\",\"Cultura\",\"Educaci\u00f3n\",\"Noticias\",\"Universidad\"],\"inLanguage\":\"en-US\"},{\"@type\":\"WebPage\",\"@id\":\"https:\/\/umecit.edu.pa\/umecit-2024-un-ano-de-transformacion-a-traves-de-la-cultura-el-arte-y-el-compromiso-social\/\",\"url\":\"https:\/\/umecit.edu.pa\/umecit-2024-un-ano-de-transformacion-a-traves-de-la-cultura-el-arte-y-el-compromiso-social\/\",\"name\":\"UMECIT 2024: Un a\u00f1o de transformaci\u00f3n a trav\u00e9s de la cultura, el arte y el compromiso social\",\"isPartOf\":{\"@id\":\"https:\/\/Umecit.edu.pa\/#website\"},\"primaryImageOfPage\":{\"@id\":\"https:\/\/umecit.edu.pa\/umecit-2024-un-ano-de-transformacion-a-traves-de-la-cultura-el-arte-y-el-compromiso-social\/#primaryimage\"},\"image\":{\"@id\":\"https:\/\/umecit.edu.pa\/umecit-2024-un-ano-de-transformacion-a-traves-de-la-cultura-el-arte-y-el-compromiso-social\/#primaryimage\"},\"thumbnailUrl\":\"https:\/\/umecit.edu.pa\/wp-content\/uploads\/2024\/12\/foto-principal-arte-e1735243800142.jpg\",\"datePublished\":\"2024-12-26T20:11:04+00:00\",\"dateModified\":\"2024-12-26T20:22:08+00:00\",\"description\":\"El 2024 ha sido un a\u00f1o de logros excepcionales para UMECIT, consolidando nuestra identidad institucional y fortaleciendo el sentido de pertenencia en nuestra vibrante comunidad universitaria. Con un notable incremento del 10% en la participaci\u00f3n a nivel nacional en comparaci\u00f3n con 2023, nuestras actividades culturales, art\u00edsticas y deportivas han sido un claro reflejo del talento, la dedicaci\u00f3n y el compromiso de nuestros estudiantes, valores que se alinean perfectamente con nuestra misi\u00f3n de formar individuos integrales, equilibrados y profundamente comprometidos con su entorno.\",\"breadcrumb\":{\"@id\":\"https:\/\/umecit.edu.pa\/umecit-2024-un-ano-de-transformacion-a-traves-de-la-cultura-el-arte-y-el-compromiso-social\/#breadcrumb\"},\"inLanguage\":\"en-US\",\"potentialAction\":[{\"@type\":\"ReadAction\",\"target\":[\"https:\/\/umecit.edu.pa\/umecit-2024-un-ano-de-transformacion-a-traves-de-la-cultura-el-arte-y-el-compromiso-social\/\"]}]},{\"@type\":\"ImageObject\",\"inLanguage\":\"en-US\",\"@id\":\"https:\/\/umecit.edu.pa\/umecit-2024-un-ano-de-transformacion-a-traves-de-la-cultura-el-arte-y-el-compromiso-social\/#primaryimage\",\"url\":\"https:\/\/umecit.edu.pa\/wp-content\/uploads\/2024\/12\/foto-principal-arte-e1735243800142.jpg\",\"contentUrl\":\"https:\/\/umecit.edu.pa\/wp-content\/uploads\/2024\/12\/foto-principal-arte-e1735243800142.jpg\",\"width\":1349,\"height\":786},{\"@type\":\"BreadcrumbList\",\"@id\":\"https:\/\/umecit.edu.pa\/umecit-2024-un-ano-de-transformacion-a-traves-de-la-cultura-el-arte-y-el-compromiso-social\/#breadcrumb\",\"itemListElement\":[{\"@type\":\"ListItem\",\"position\":1,\"name\":\"Portada\",\"item\":\"https:\/\/Umecit.edu.pa\/\"},{\"@type\":\"ListItem\",\"position\":2,\"name\":\"UMECIT 2024: Un a\u00f1o de transformaci\u00f3n a trav\u00e9s de la cultura, el arte y el compromiso social\"}]},{\"@type\":\"WebSite\",\"@id\":\"https:\/\/Umecit.edu.pa\/#website\",\"url\":\"https:\/\/Umecit.edu.pa\/\",\"name\":\"Umecit - Universidad en Panam\u00e1\",\"description\":\"Universidad Metropolitana de Educaci\u00f3n, Ciencia y Tecnolog\u00eda\",\"publisher\":{\"@id\":\"https:\/\/Umecit.edu.pa\/#organization\"},\"potentialAction\":[{\"@type\":\"SearchAction\",\"target\":{\"@type\":\"EntryPoint\",\"urlTemplate\":\"https:\/\/Umecit.edu.pa\/?s={search_term_string}\"},\"query-input\":{\"@type\":\"PropertyValueSpecification\",\"valueRequired\":true,\"valueName\":\"search_term_string\"}}],\"inLanguage\":\"en-US\"},{\"@type\":\"Organization\",\"@id\":\"https:\/\/Umecit.edu.pa\/#organization\",\"name\":\"Umecit - Universidad en Panam\u00e1\",\"url\":\"https:\/\/Umecit.edu.pa\/\",\"logo\":{\"@type\":\"ImageObject\",\"inLanguage\":\"en-US\",\"@id\":\"https:\/\/Umecit.edu.pa\/#\/schema\/logo\/image\/\",\"url\":\"https:\/\/umecit.edu.pa\/wp-content\/uploads\/2022\/06\/panama-7.jpg\",\"contentUrl\":\"https:\/\/umecit.edu.pa\/wp-content\/uploads\/2022\/06\/panama-7.jpg\",\"width\":1200,\"height\":800,\"caption\":\"Umecit - Universidad en Panam\u00e1\"},\"image\":{\"@id\":\"https:\/\/Umecit.edu.pa\/#\/schema\/logo\/image\/\"},\"sameAs\":[\"https:\/\/www.facebook.com\/umecitpanama\/\",\"https:\/\/x.com\/umecitpanama\",\"https:\/\/www.tiktok.com\/@umecit\",\"https:\/\/www.instagram.com\/umecit\/\",\"https:\/\/www.youtube.com\/channel\/UCP9iXFXi4p_EW_p9p6lprhg\"]},{\"@type\":\"Person\",\"@id\":\"https:\/\/Umecit.edu.pa\/#\/schema\/person\/4c861ec6f2bdfe5c63c32697ff46e26d\",\"name\":\"Chanel King\",\"image\":{\"@type\":\"ImageObject\",\"inLanguage\":\"en-US\",\"@id\":\"https:\/\/Umecit.edu.pa\/#\/schema\/person\/image\/\",\"url\":\"https:\/\/secure.gravatar.com\/avatar\/d354b2a4c39c763c53a2a00d7eb4a9878c7faaba1d07408b222a5b32187aac2a?s=96&d=mm&r=g\",\"contentUrl\":\"https:\/\/secure.gravatar.com\/avatar\/d354b2a4c39c763c53a2a00d7eb4a9878c7faaba1d07408b222a5b32187aac2a?s=96&d=mm&r=g\",\"caption\":\"Chanel King\"},\"url\":\"https:\/\/umecit.edu.pa\/en\/author\/fotografiaumecit\/\"}]}<\/script>\n<!-- \/ Yoast SEO plugin. -->","yoast_head_json":{"title":"UMECIT 2024: A year of transformation through culture, art and social commitment","description":"2024 has been a year of exceptional achievements for UMECIT, consolidating our institutional identity and strengthening the sense of belonging in our vibrant university community. With a notable increase of 10% in participation nationwide compared to 2023, our cultural, artistic and sporting activities have been a clear reflection of the talent, dedication and commitment of our students, values that align perfectly with our mission of forming comprehensive, balanced individuals who are deeply committed to their environment.","robots":{"index":"index","follow":"follow","max-snippet":"max-snippet:-1","max-image-preview":"max-image-preview:large","max-video-preview":"max-video-preview:-1"},"canonical":"https:\/\/umecit.edu.pa\/en\/umecit-2024-un-ano-de-transformacion-a-traves-de-la-cultura-el-arte-y-el-compromiso-social\/","og_locale":"en_US","og_type":"article","og_title":"UMECIT 2024: Un a\u00f1o de transformaci\u00f3n a trav\u00e9s de la cultura, el arte y el compromiso social","og_description":"El 2024 ha sido un a\u00f1o de logros excepcionales para UMECIT, consolidando nuestra identidad institucional y fortaleciendo el sentido de pertenencia en nuestra vibrante comunidad universitaria. Con un notable incremento del 10% en la participaci\u00f3n a nivel nacional en comparaci\u00f3n con 2023, nuestras actividades culturales, art\u00edsticas y deportivas han sido un claro reflejo del talento, la dedicaci\u00f3n y el compromiso de nuestros estudiantes, valores que se alinean perfectamente con nuestra misi\u00f3n de formar individuos integrales, equilibrados y profundamente comprometidos con su entorno.","og_url":"https:\/\/umecit.edu.pa\/en\/umecit-2024-un-ano-de-transformacion-a-traves-de-la-cultura-el-arte-y-el-compromiso-social\/","og_site_name":"Umecit - Universidad en Panam\u00e1","article_publisher":"https:\/\/www.facebook.com\/umecitpanama\/","article_published_time":"2024-12-26T20:11:04+00:00","article_modified_time":"2024-12-26T20:22:08+00:00","og_image":[{"width":1349,"height":786,"url":"https:\/\/umecit.edu.pa\/wp-content\/uploads\/2024\/12\/foto-principal-arte-e1735243800142.jpg","type":"image\/jpeg"}],"author":"Chanel King","twitter_card":"summary_large_image","twitter_creator":"@umecitpanama","twitter_site":"@umecitpanama","twitter_misc":{"Written by":"Chanel King","Est. reading time":"4 minutes"},"schema":{"@context":"https:\/\/schema.org","@graph":[{"@type":"Article","@id":"https:\/\/umecit.edu.pa\/umecit-2024-un-ano-de-transformacion-a-traves-de-la-cultura-el-arte-y-el-compromiso-social\/#article","isPartOf":{"@id":"https:\/\/umecit.edu.pa\/umecit-2024-un-ano-de-transformacion-a-traves-de-la-cultura-el-arte-y-el-compromiso-social\/"},"author":{"name":"Chanel King","@id":"https:\/\/Umecit.edu.pa\/#\/schema\/person\/4c861ec6f2bdfe5c63c32697ff46e26d"},"headline":"UMECIT 2024: Un a\u00f1o de transformaci\u00f3n a trav\u00e9s de la cultura, el arte y el compromiso social","datePublished":"2024-12-26T20:11:04+00:00","dateModified":"2024-12-26T20:22:08+00:00","mainEntityOfPage":{"@id":"https:\/\/umecit.edu.pa\/umecit-2024-un-ano-de-transformacion-a-traves-de-la-cultura-el-arte-y-el-compromiso-social\/"},"wordCount":520,"publisher":{"@id":"https:\/\/Umecit.edu.pa\/#organization"},"image":{"@id":"https:\/\/umecit.edu.pa\/umecit-2024-un-ano-de-transformacion-a-traves-de-la-cultura-el-arte-y-el-compromiso-social\/#primaryimage"},"thumbnailUrl":"https:\/\/umecit.edu.pa\/wp-content\/uploads\/2024\/12\/foto-principal-arte-e1735243800142.jpg","articleSection":["Bienestar Universitario","Cultura","Educaci\u00f3n","Noticias","Universidad"],"inLanguage":"en-US"},{"@type":"WebPage","@id":"https:\/\/umecit.edu.pa\/umecit-2024-un-ano-de-transformacion-a-traves-de-la-cultura-el-arte-y-el-compromiso-social\/","url":"https:\/\/umecit.edu.pa\/umecit-2024-un-ano-de-transformacion-a-traves-de-la-cultura-el-arte-y-el-compromiso-social\/","name":"UMECIT 2024: A year of transformation through culture, art and social commitment","isPartOf":{"@id":"https:\/\/Umecit.edu.pa\/#website"},"primaryImageOfPage":{"@id":"https:\/\/umecit.edu.pa\/umecit-2024-un-ano-de-transformacion-a-traves-de-la-cultura-el-arte-y-el-compromiso-social\/#primaryimage"},"image":{"@id":"https:\/\/umecit.edu.pa\/umecit-2024-un-ano-de-transformacion-a-traves-de-la-cultura-el-arte-y-el-compromiso-social\/#primaryimage"},"thumbnailUrl":"https:\/\/umecit.edu.pa\/wp-content\/uploads\/2024\/12\/foto-principal-arte-e1735243800142.jpg","datePublished":"2024-12-26T20:11:04+00:00","dateModified":"2024-12-26T20:22:08+00:00","description":"2024 has been a year of exceptional achievements for UMECIT, consolidating our institutional identity and strengthening the sense of belonging in our vibrant university community. With a notable increase of 10% in participation nationwide compared to 2023, our cultural, artistic and sporting activities have been a clear reflection of the talent, dedication and commitment of our students, values that align perfectly with our mission of forming comprehensive, balanced individuals who are deeply committed to their environment.","breadcrumb":{"@id":"https:\/\/umecit.edu.pa\/umecit-2024-un-ano-de-transformacion-a-traves-de-la-cultura-el-arte-y-el-compromiso-social\/#breadcrumb"},"inLanguage":"en-US","potentialAction":[{"@type":"ReadAction","target":["https:\/\/umecit.edu.pa\/umecit-2024-un-ano-de-transformacion-a-traves-de-la-cultura-el-arte-y-el-compromiso-social\/"]}]},{"@type":"ImageObject","inLanguage":"en-US","@id":"https:\/\/umecit.edu.pa\/umecit-2024-un-ano-de-transformacion-a-traves-de-la-cultura-el-arte-y-el-compromiso-social\/#primaryimage","url":"https:\/\/umecit.edu.pa\/wp-content\/uploads\/2024\/12\/foto-principal-arte-e1735243800142.jpg","contentUrl":"https:\/\/umecit.edu.pa\/wp-content\/uploads\/2024\/12\/foto-principal-arte-e1735243800142.jpg","width":1349,"height":786},{"@type":"BreadcrumbList","@id":"https:\/\/umecit.edu.pa\/umecit-2024-un-ano-de-transformacion-a-traves-de-la-cultura-el-arte-y-el-compromiso-social\/#breadcrumb","itemListElement":[{"@type":"ListItem","position":1,"name":"Portada","item":"https:\/\/Umecit.edu.pa\/"},{"@type":"ListItem","position":2,"name":"UMECIT 2024: Un a\u00f1o de transformaci\u00f3n a trav\u00e9s de la cultura, el arte y el compromiso social"}]},{"@type":"WebSite","@id":"https:\/\/Umecit.edu.pa\/#website","url":"https:\/\/Umecit.edu.pa\/","name":"Umecit - University in Panama","description":"Metropolitan University of Education, Science and Technology","publisher":{"@id":"https:\/\/Umecit.edu.pa\/#organization"},"potentialAction":[{"@type":"SearchAction","target":{"@type":"EntryPoint","urlTemplate":"https:\/\/Umecit.edu.pa\/?s={search_term_string}"},"query-input":{"@type":"PropertyValueSpecification","valueRequired":true,"valueName":"search_term_string"}}],"inLanguage":"en-US"},{"@type":"Organization","@id":"https:\/\/Umecit.edu.pa\/#organization","name":"Umecit - University in Panama","url":"https:\/\/Umecit.edu.pa\/","logo":{"@type":"ImageObject","inLanguage":"en-US","@id":"https:\/\/Umecit.edu.pa\/#\/schema\/logo\/image\/","url":"https:\/\/umecit.edu.pa\/wp-content\/uploads\/2022\/06\/panama-7.jpg","contentUrl":"https:\/\/umecit.edu.pa\/wp-content\/uploads\/2022\/06\/panama-7.jpg","width":1200,"height":800,"caption":"Umecit - Universidad en Panam\u00e1"},"image":{"@id":"https:\/\/Umecit.edu.pa\/#\/schema\/logo\/image\/"},"sameAs":["https:\/\/www.facebook.com\/umecitpanama\/","https:\/\/x.com\/umecitpanama","https:\/\/www.tiktok.com\/@umecit","https:\/\/www.instagram.com\/umecit\/","https:\/\/www.youtube.com\/channel\/UCP9iXFXi4p_EW_p9p6lprhg"]},{"@type":"Person","@id":"https:\/\/Umecit.edu.pa\/#\/schema\/person\/4c861ec6f2bdfe5c63c32697ff46e26d","name":"Chanel King","image":{"@type":"ImageObject","inLanguage":"en-US","@id":"https:\/\/Umecit.edu.pa\/#\/schema\/person\/image\/","url":"https:\/\/secure.gravatar.com\/avatar\/d354b2a4c39c763c53a2a00d7eb4a9878c7faaba1d07408b222a5b32187aac2a?s=96&d=mm&r=g","contentUrl":"https:\/\/secure.gravatar.com\/avatar\/d354b2a4c39c763c53a2a00d7eb4a9878c7faaba1d07408b222a5b32187aac2a?s=96&d=mm&r=g","caption":"Chanel King"},"url":"https:\/\/umecit.edu.pa\/en\/author\/fotografiaumecit\/"}]}},"_links":{"self":[{"href":"https:\/\/umecit.edu.pa\/en\/wp-json\/wp\/v2\/posts\/121062","targetHints":{"allow":["GET"]}}],"collection":[{"href":"https:\/\/umecit.edu.pa\/en\/wp-json\/wp\/v2\/posts"}],"about":[{"href":"https:\/\/umecit.edu.pa\/en\/wp-json\/wp\/v2\/types\/post"}],"author":[{"embeddable":true,"href":"https:\/\/umecit.edu.pa\/en\/wp-json\/wp\/v2\/users\/828"}],"replies":[{"embeddable":true,"href":"https:\/\/umecit.edu.pa\/en\/wp-json\/wp\/v2\/comments?post=121062"}],"version-history":[{"count":0,"href":"https:\/\/umecit.edu.pa\/en\/wp-json\/wp\/v2\/posts\/121062\/revisions"}],"wp:featuredmedia":[{"embeddable":true,"href":"https:\/\/umecit.edu.pa\/en\/wp-json\/wp\/v2\/media\/121063"}],"wp:attachment":[{"href":"https:\/\/umecit.edu.pa\/en\/wp-json\/wp\/v2\/media?parent=121062"}],"wp:term":[{"taxonomy":"category","embeddable":true,"href":"https:\/\/umecit.edu.pa\/en\/wp-json\/wp\/v2\/categories?post=121062"},{"taxonomy":"post_tag","embeddable":true,"href":"https:\/\/umecit.edu.pa\/en\/wp-json\/wp\/v2\/tags?post=121062"}],"curies":[{"name":"wp","href":"https:\/\/api.w.org\/{rel}","templated":true}]}}