{"id":120890,"date":"2024-12-11T14:18:00","date_gmt":"2024-12-11T19:18:00","guid":{"rendered":"https:\/\/umecit.edu.pa\/?p=120890"},"modified":"2024-12-11T14:18:23","modified_gmt":"2024-12-11T19:18:23","slug":"un-cierre-lleno-de-emociones-y-aprendizajes-en-el-programa-edad-dorada","status":"publish","type":"post","link":"https:\/\/umecit.edu.pa\/en\/un-cierre-lleno-de-emociones-y-aprendizajes-en-el-programa-edad-dorada\/","title":{"rendered":"A closing full of emotions and learning in the Golden Age program"},"content":{"rendered":"<div data-elementor-type=\"wp-post\" data-elementor-id=\"120890\" class=\"elementor elementor-120890\" data-elementor-post-type=\"post\">\n\t\t\t\t\t\t<section class=\"elementor-section elementor-top-section elementor-element elementor-element-22b206f elementor-section-boxed elementor-section-height-default elementor-section-height-default row-top\" data-id=\"22b206f\" data-element_type=\"section\" data-e-type=\"section\">\n\t\t\t\t\t\t<div class=\"elementor-container elementor-column-gap-default\">\n\t\t\t\t\t<div class=\"elementor-column elementor-col-100 elementor-top-column elementor-element elementor-element-e26aeec column-style-top\" data-id=\"e26aeec\" data-element_type=\"column\" data-e-type=\"column\">\n\t\t\t<div class=\"elementor-widget-wrap elementor-element-populated\">\n\t\t\t\t\t\t<div class=\"elementor-element elementor-element-7ef8c36 elementor-widget elementor-widget-text-editor\" data-id=\"7ef8c36\" data-element_type=\"widget\" data-e-type=\"widget\" data-widget_type=\"text-editor.default\">\n\t\t\t\t<div class=\"elementor-widget-container\">\n\t\t\t\t\t\t\t\t\t<p>Last Tuesday <strong>December 10th<\/strong>UMECIT proudly celebrated the completion of the pilot program <strong>Golden Age<\/strong>, an initiative designed to promote academic development, empowerment, job continuity and family integration for older adults. This program reaffirms our commitment to inclusion and the comprehensive well-being of all generations.<\/p><p>In an event full of joy and emotion, the participants received their <strong>certificates of participation<\/strong>, accompanied by their families, who shared the satisfaction of seeing the achievements made. The commitment and dedication of the older adults shone, reminding us that <strong>It&#039;s never too late to learn and grow<\/strong>.<\/p><p>One of the most moving moments was the <strong>Message of thanks from Mrs. Belkis Hernandez<\/strong>, who sincerely expressed the positive impact this program had on his life, motivating everyone present with his words.<\/p><p>The ceremony also included a beautiful <strong>cultural presentation<\/strong> by the children&#039;s choir of the Holy Family Church of the San \u00d3scar Arnulfo Romero Chapel (SOAR), adding a special touch of warmth and generational connection.<\/p><p>In addition, we had the outstanding presence of academic authorities, who recognized the effort and perseverance of the participants:<\/p><ul><li><strong> Jose Alberto Nieto<\/strong>, Rector of UMECIT.<\/li><li><strong>Master Yelitza Gonzalez<\/strong>, Director of Outreach.<\/li><li><strong>Master Jardiel Moreno<\/strong>, Graduate Coordinator.<\/li><li><strong>Master Yamileth Gonzalez<\/strong>, Coordinator of the Megamol headquarters.<\/li><\/ul><p>Each of them highlighted the importance of this type of initiatives, motivating the participants to continue being an example of improvement and inspiration for society.<\/p><p><strong>At UMECIT we continue to support inclusive and transformative education<\/strong>, positively impacting all generations.<\/p>\t\t\t\t\t\t\t\t<\/div>\n\t\t\t\t<\/div>\n\t\t\t\t\t<\/div>\n\t\t<\/div>\n\t\t\t\t\t<\/div>\n\t\t<\/section>\n\t\t\t\t<section class=\"elementor-section elementor-top-section elementor-element elementor-element-bb9eae8 elementor-section-boxed elementor-section-height-default elementor-section-height-default row-top\" data-id=\"bb9eae8\" data-element_type=\"section\" data-e-type=\"section\">\n\t\t\t\t\t\t<div class=\"elementor-container elementor-column-gap-default\">\n\t\t\t\t\t<div class=\"elementor-column elementor-col-100 elementor-top-column elementor-element elementor-element-75e0061 column-style-top\" data-id=\"75e0061\" data-element_type=\"column\" data-e-type=\"column\">\n\t\t\t<div class=\"elementor-widget-wrap elementor-element-populated\">\n\t\t\t\t\t\t<div class=\"elementor-element elementor-element-6bb4b9c elementor-arrows-position-inside elementor-pagination-position-outside elementor-widget elementor-widget-image-carousel\" data-id=\"6bb4b9c\" data-element_type=\"widget\" data-e-type=\"widget\" data-settings=\"{&quot;slides_to_show&quot;:&quot;1&quot;,&quot;navigation&quot;:&quot;both&quot;,&quot;autoplay&quot;:&quot;yes&quot;,&quot;pause_on_hover&quot;:&quot;yes&quot;,&quot;pause_on_interaction&quot;:&quot;yes&quot;,&quot;autoplay_speed&quot;:5000,&quot;infinite&quot;:&quot;yes&quot;,&quot;effect&quot;:&quot;slide&quot;,&quot;speed&quot;:500}\" data-widget_type=\"image-carousel.default\">\n\t\t\t\t<div class=\"elementor-widget-container\">\n\t\t\t\t\t\t\t<div class=\"elementor-image-carousel-wrapper swiper\" role=\"region\" aria-roledescription=\"carousel\" aria-label=\"Image Carousel\" dir=\"ltr\">\n\t\t\t<div class=\"elementor-image-carousel swiper-wrapper\" aria-live=\"off\">\n\t\t\t\t\t\t\t\t<div class=\"swiper-slide\" role=\"group\" aria-roledescription=\"slide\" aria-label=\"1 of 8\" data-no-translation-aria-label=\"\"><figure class=\"swiper-slide-inner\"><img decoding=\"async\" class=\"swiper-slide-image\" src=\"https:\/\/ec2-44-206-156-148.compute-1.amazonaws.com\/wp-content\/uploads\/2024\/12\/070A3455-768x512.jpg\" alt=\"070A3455\" \/><\/figure><\/div><div class=\"swiper-slide\" role=\"group\" aria-roledescription=\"slide\" aria-label=\"2 of 8\" data-no-translation-aria-label=\"\"><figure class=\"swiper-slide-inner\"><img decoding=\"async\" class=\"swiper-slide-image\" src=\"https:\/\/ec2-44-206-156-148.compute-1.amazonaws.com\/wp-content\/uploads\/2024\/12\/070A3459-768x512.jpg\" alt=\"070A3459\" \/><\/figure><\/div><div class=\"swiper-slide\" role=\"group\" aria-roledescription=\"slide\" aria-label=\"3 of 8\" data-no-translation-aria-label=\"\"><figure class=\"swiper-slide-inner\"><img decoding=\"async\" class=\"swiper-slide-image\" src=\"https:\/\/ec2-44-206-156-148.compute-1.amazonaws.com\/wp-content\/uploads\/2024\/12\/070A3998-768x512.jpg\" alt=\"070A3998\" \/><\/figure><\/div><div class=\"swiper-slide\" role=\"group\" aria-roledescription=\"slide\" aria-label=\"4 of 8\" data-no-translation-aria-label=\"\"><figure class=\"swiper-slide-inner\"><img decoding=\"async\" class=\"swiper-slide-image\" src=\"https:\/\/ec2-44-206-156-148.compute-1.amazonaws.com\/wp-content\/uploads\/2024\/12\/070A4072-768x512.jpg\" alt=\"070A4072\" \/><\/figure><\/div><div class=\"swiper-slide\" role=\"group\" aria-roledescription=\"slide\" aria-label=\"5 of 8\" data-no-translation-aria-label=\"\"><figure class=\"swiper-slide-inner\"><img decoding=\"async\" class=\"swiper-slide-image\" src=\"https:\/\/ec2-44-206-156-148.compute-1.amazonaws.com\/wp-content\/uploads\/2024\/12\/070A4074-768x512.jpg\" alt=\"070A4074\" \/><\/figure><\/div><div class=\"swiper-slide\" role=\"group\" aria-roledescription=\"slide\" aria-label=\"6 of 8\" data-no-translation-aria-label=\"\"><figure class=\"swiper-slide-inner\"><img decoding=\"async\" class=\"swiper-slide-image\" src=\"https:\/\/ec2-44-206-156-148.compute-1.amazonaws.com\/wp-content\/uploads\/2024\/12\/070A4087-768x512.jpg\" alt=\"070A4087\" \/><\/figure><\/div><div class=\"swiper-slide\" role=\"group\" aria-roledescription=\"slide\" aria-label=\"7 of 8\" data-no-translation-aria-label=\"\"><figure class=\"swiper-slide-inner\"><img decoding=\"async\" class=\"swiper-slide-image\" src=\"https:\/\/ec2-44-206-156-148.compute-1.amazonaws.com\/wp-content\/uploads\/2024\/12\/070A4092-768x512.jpg\" alt=\"070A4092\" \/><\/figure><\/div><div class=\"swiper-slide\" role=\"group\" aria-roledescription=\"slide\" aria-label=\"8 of 8\" data-no-translation-aria-label=\"\"><figure class=\"swiper-slide-inner\"><img decoding=\"async\" class=\"swiper-slide-image\" src=\"https:\/\/ec2-44-206-156-148.compute-1.amazonaws.com\/wp-content\/uploads\/2024\/12\/070A4120-768x512.jpg\" alt=\"070A4120\" \/><\/figure><\/div>\t\t\t<\/div>\n\t\t\t\t\t\t\t\t\t\t\t\t<div class=\"elementor-swiper-button elementor-swiper-button-prev\" role=\"button\" tabindex=\"0\">\n\t\t\t\t\t\t<i aria-hidden=\"true\" class=\"eicon-chevron-left\"><\/i>\t\t\t\t\t<\/div>\n\t\t\t\t\t<div class=\"elementor-swiper-button elementor-swiper-button-next\" role=\"button\" tabindex=\"0\">\n\t\t\t\t\t\t<i aria-hidden=\"true\" class=\"eicon-chevron-right\"><\/i>\t\t\t\t\t<\/div>\n\t\t\t\t\n\t\t\t\t\t\t\t\t\t<div class=\"swiper-pagination\"><\/div>\n\t\t\t\t\t\t\t\t\t<\/div>\n\t\t\t\t\t\t<\/div>\n\t\t\t\t<\/div>\n\t\t\t\t\t<\/div>\n\t\t<\/div>\n\t\t\t\t\t<\/div>\n\t\t<\/section>\n\t\t\t\t<\/div>","protected":false},"excerpt":{"rendered":"<p>El pasado martes 10 de diciembre, UMECIT celebr\u00f3 con orgullo la culminaci\u00f3n del programa piloto Edad Dorada, una iniciativa dise\u00f1ada para fomentar la actualizaci\u00f3n acad\u00e9mica, el empoderamiento, la continuidad laboral y la integraci\u00f3n familiar de los adultos mayores. Este programa reafirma nuestro compromiso con la inclusi\u00f3n y el bienestar integral de todas las generaciones. En [&hellip;]<\/p>\n","protected":false},"author":695,"featured_media":120891,"comment_status":"closed","ping_status":"closed","sticky":false,"template":"","format":"standard","meta":{"footnotes":""},"categories":[72,73,109,174],"tags":[],"class_list":["post-120890","post","type-post","status-publish","format-standard","has-post-thumbnail","hentry","category-bienestar-universitario","category-educacion","category-noticias","category-universidad"],"yoast_head":"<!-- This site is optimized with the Yoast SEO plugin v27.1.1 - https:\/\/yoast.com\/product\/yoast-seo-wordpress\/ -->\n<title>Vig\u00e9sima Jornada Estudiantil de Investigaci\u00f3n: Un \u00e9xito en la sede de Panam\u00e1<\/title>\n<meta name=\"description\" content=\"El pasado martes 10 de diciembre, UMECIT celebr\u00f3 con orgullo la culminaci\u00f3n del programa piloto Edad Dorada, una iniciativa dise\u00f1ada para fomentar la actualizaci\u00f3n acad\u00e9mica, el empoderamiento, la continuidad laboral y la integraci\u00f3n familiar de los adultos mayores. Este programa reafirma nuestro compromiso con la inclusi\u00f3n y el bienestar integral de todas las generaciones.\" \/>\n<meta name=\"robots\" content=\"index, follow, max-snippet:-1, max-image-preview:large, max-video-preview:-1\" \/>\n<link rel=\"canonical\" href=\"https:\/\/ec2-44-206-156-148.compute-1.amazonaws.com\/en\/un-cierre-lleno-de-emociones-y-aprendizajes-en-el-programa-edad-dorada\/\" \/>\n<meta property=\"og:locale\" content=\"en_US\" \/>\n<meta property=\"og:type\" content=\"article\" \/>\n<meta property=\"og:title\" content=\"Vig\u00e9sima Jornada Estudiantil de Investigaci\u00f3n: Un \u00e9xito en la sede de Panam\u00e1\" \/>\n<meta property=\"og:description\" content=\"El pasado martes 10 de diciembre, UMECIT celebr\u00f3 con orgullo la culminaci\u00f3n del programa piloto Edad Dorada, una iniciativa dise\u00f1ada para fomentar la actualizaci\u00f3n acad\u00e9mica, el empoderamiento, la continuidad laboral y la integraci\u00f3n familiar de los adultos mayores. Este programa reafirma nuestro compromiso con la inclusi\u00f3n y el bienestar integral de todas las generaciones.\" \/>\n<meta property=\"og:url\" content=\"https:\/\/ec2-44-206-156-148.compute-1.amazonaws.com\/en\/un-cierre-lleno-de-emociones-y-aprendizajes-en-el-programa-edad-dorada\/\" \/>\n<meta property=\"og:site_name\" content=\"Umecit - Universidad en Panam\u00e1\" \/>\n<meta property=\"article:publisher\" content=\"https:\/\/www.facebook.com\/umecitpanama\/\" \/>\n<meta property=\"article:published_time\" content=\"2024-12-11T19:18:00+00:00\" \/>\n<meta property=\"article:modified_time\" content=\"2024-12-11T19:18:23+00:00\" \/>\n<meta property=\"og:image\" content=\"https:\/\/ec2-44-206-156-148.compute-1.amazonaws.com\/wp-content\/uploads\/2024\/12\/foto-principal-1.jpeg\" \/>\n\t<meta property=\"og:image:width\" content=\"1600\" \/>\n\t<meta property=\"og:image:height\" content=\"613\" \/>\n\t<meta property=\"og:image:type\" content=\"image\/jpeg\" \/>\n<meta name=\"author\" content=\"mercadeo umecit\" \/>\n<meta name=\"twitter:card\" content=\"summary_large_image\" \/>\n<meta name=\"twitter:creator\" content=\"@umecitpanama\" \/>\n<meta name=\"twitter:site\" content=\"@umecitpanama\" \/>\n<meta name=\"twitter:label1\" content=\"Written by\" \/>\n\t<meta name=\"twitter:data1\" content=\"mercadeo umecit\" \/>\n\t<meta name=\"twitter:label2\" content=\"Est. reading time\" \/>\n\t<meta name=\"twitter:data2\" content=\"4 minutes\" \/>\n<script type=\"application\/ld+json\" class=\"yoast-schema-graph\">{\"@context\":\"https:\/\/schema.org\",\"@graph\":[{\"@type\":\"Article\",\"@id\":\"https:\/\/ec2-44-206-156-148.compute-1.amazonaws.com\/en\/un-cierre-lleno-de-emociones-y-aprendizajes-en-el-programa-edad-dorada\/#article\",\"isPartOf\":{\"@id\":\"https:\/\/ec2-44-206-156-148.compute-1.amazonaws.com\/en\/un-cierre-lleno-de-emociones-y-aprendizajes-en-el-programa-edad-dorada\/\"},\"author\":{\"name\":\"mercadeo umecit\",\"@id\":\"https:\/\/umecit.edu.pa\/en\/#\/schema\/person\/b2c0d29c839513d3464f9c9e1f3e6f69\"},\"headline\":\"Un cierre lleno de emociones y aprendizajes en el programa Edad Dorada\",\"datePublished\":\"2024-12-11T19:18:00+00:00\",\"dateModified\":\"2024-12-11T19:18:23+00:00\",\"mainEntityOfPage\":{\"@id\":\"https:\/\/ec2-44-206-156-148.compute-1.amazonaws.com\/en\/un-cierre-lleno-de-emociones-y-aprendizajes-en-el-programa-edad-dorada\/\"},\"wordCount\":305,\"publisher\":{\"@id\":\"https:\/\/umecit.edu.pa\/en\/#organization\"},\"image\":{\"@id\":\"https:\/\/ec2-44-206-156-148.compute-1.amazonaws.com\/en\/un-cierre-lleno-de-emociones-y-aprendizajes-en-el-programa-edad-dorada\/#primaryimage\"},\"thumbnailUrl\":\"https:\/\/umecit.edu.pa\/wp-content\/uploads\/2024\/12\/foto-principal-1.jpeg\",\"articleSection\":[\"Bienestar Universitario\",\"Educaci\u00f3n\",\"Noticias\",\"Universidad\"],\"inLanguage\":\"en-US\"},{\"@type\":\"WebPage\",\"@id\":\"https:\/\/ec2-44-206-156-148.compute-1.amazonaws.com\/en\/un-cierre-lleno-de-emociones-y-aprendizajes-en-el-programa-edad-dorada\/\",\"url\":\"https:\/\/ec2-44-206-156-148.compute-1.amazonaws.com\/en\/un-cierre-lleno-de-emociones-y-aprendizajes-en-el-programa-edad-dorada\/\",\"name\":\"Vig\u00e9sima Jornada Estudiantil de Investigaci\u00f3n: Un \u00e9xito en la sede de Panam\u00e1\",\"isPartOf\":{\"@id\":\"https:\/\/umecit.edu.pa\/en\/#website\"},\"primaryImageOfPage\":{\"@id\":\"https:\/\/ec2-44-206-156-148.compute-1.amazonaws.com\/en\/un-cierre-lleno-de-emociones-y-aprendizajes-en-el-programa-edad-dorada\/#primaryimage\"},\"image\":{\"@id\":\"https:\/\/ec2-44-206-156-148.compute-1.amazonaws.com\/en\/un-cierre-lleno-de-emociones-y-aprendizajes-en-el-programa-edad-dorada\/#primaryimage\"},\"thumbnailUrl\":\"https:\/\/umecit.edu.pa\/wp-content\/uploads\/2024\/12\/foto-principal-1.jpeg\",\"datePublished\":\"2024-12-11T19:18:00+00:00\",\"dateModified\":\"2024-12-11T19:18:23+00:00\",\"description\":\"El pasado martes 10 de diciembre, UMECIT celebr\u00f3 con orgullo la culminaci\u00f3n del programa piloto Edad Dorada, una iniciativa dise\u00f1ada para fomentar la actualizaci\u00f3n acad\u00e9mica, el empoderamiento, la continuidad laboral y la integraci\u00f3n familiar de los adultos mayores. Este programa reafirma nuestro compromiso con la inclusi\u00f3n y el bienestar integral de todas las generaciones.\",\"breadcrumb\":{\"@id\":\"https:\/\/ec2-44-206-156-148.compute-1.amazonaws.com\/en\/un-cierre-lleno-de-emociones-y-aprendizajes-en-el-programa-edad-dorada\/#breadcrumb\"},\"inLanguage\":\"en-US\",\"potentialAction\":[{\"@type\":\"ReadAction\",\"target\":[\"https:\/\/ec2-44-206-156-148.compute-1.amazonaws.com\/en\/un-cierre-lleno-de-emociones-y-aprendizajes-en-el-programa-edad-dorada\/\"]}]},{\"@type\":\"ImageObject\",\"inLanguage\":\"en-US\",\"@id\":\"https:\/\/ec2-44-206-156-148.compute-1.amazonaws.com\/en\/un-cierre-lleno-de-emociones-y-aprendizajes-en-el-programa-edad-dorada\/#primaryimage\",\"url\":\"https:\/\/umecit.edu.pa\/wp-content\/uploads\/2024\/12\/foto-principal-1.jpeg\",\"contentUrl\":\"https:\/\/umecit.edu.pa\/wp-content\/uploads\/2024\/12\/foto-principal-1.jpeg\",\"width\":1600,\"height\":613},{\"@type\":\"BreadcrumbList\",\"@id\":\"https:\/\/ec2-44-206-156-148.compute-1.amazonaws.com\/en\/un-cierre-lleno-de-emociones-y-aprendizajes-en-el-programa-edad-dorada\/#breadcrumb\",\"itemListElement\":[{\"@type\":\"ListItem\",\"position\":1,\"name\":\"Portada\",\"item\":\"https:\/\/umecit.edu.pa\/en\/\"},{\"@type\":\"ListItem\",\"position\":2,\"name\":\"Un cierre lleno de emociones y aprendizajes en el programa Edad Dorada\"}]},{\"@type\":\"WebSite\",\"@id\":\"https:\/\/umecit.edu.pa\/en\/#website\",\"url\":\"https:\/\/umecit.edu.pa\/en\/\",\"name\":\"Umecit - Universidad en Panam\u00e1\",\"description\":\"Universidad Metropolitana de Educaci\u00f3n, Ciencia y Tecnolog\u00eda\",\"publisher\":{\"@id\":\"https:\/\/umecit.edu.pa\/en\/#organization\"},\"potentialAction\":[{\"@type\":\"SearchAction\",\"target\":{\"@type\":\"EntryPoint\",\"urlTemplate\":\"https:\/\/umecit.edu.pa\/en\/?s={search_term_string}\"},\"query-input\":{\"@type\":\"PropertyValueSpecification\",\"valueRequired\":true,\"valueName\":\"search_term_string\"}}],\"inLanguage\":\"en-US\"},{\"@type\":\"Organization\",\"@id\":\"https:\/\/umecit.edu.pa\/en\/#organization\",\"name\":\"Umecit - Universidad en Panam\u00e1\",\"url\":\"https:\/\/umecit.edu.pa\/en\/\",\"logo\":{\"@type\":\"ImageObject\",\"inLanguage\":\"en-US\",\"@id\":\"https:\/\/umecit.edu.pa\/en\/#\/schema\/logo\/image\/\",\"url\":\"https:\/\/umecit.edu.pa\/wp-content\/uploads\/2022\/06\/panama-7.jpg\",\"contentUrl\":\"https:\/\/umecit.edu.pa\/wp-content\/uploads\/2022\/06\/panama-7.jpg\",\"width\":1200,\"height\":800,\"caption\":\"Umecit - Universidad en Panam\u00e1\"},\"image\":{\"@id\":\"https:\/\/umecit.edu.pa\/en\/#\/schema\/logo\/image\/\"},\"sameAs\":[\"https:\/\/www.facebook.com\/umecitpanama\/\",\"https:\/\/x.com\/umecitpanama\",\"https:\/\/www.tiktok.com\/@umecit\",\"https:\/\/www.instagram.com\/umecit\/\",\"https:\/\/www.youtube.com\/channel\/UCP9iXFXi4p_EW_p9p6lprhg\"]},{\"@type\":\"Person\",\"@id\":\"https:\/\/umecit.edu.pa\/en\/#\/schema\/person\/b2c0d29c839513d3464f9c9e1f3e6f69\",\"name\":\"mercadeo umecit\",\"image\":{\"@type\":\"ImageObject\",\"inLanguage\":\"en-US\",\"@id\":\"https:\/\/umecit.edu.pa\/en\/#\/schema\/person\/image\/\",\"url\":\"https:\/\/secure.gravatar.com\/avatar\/4bd79a51f57922b8709c7f62c99ce71611fc5526021ce2d15534b9ae452e6a1c?s=96&d=mm&r=g\",\"contentUrl\":\"https:\/\/secure.gravatar.com\/avatar\/4bd79a51f57922b8709c7f62c99ce71611fc5526021ce2d15534b9ae452e6a1c?s=96&d=mm&r=g\",\"caption\":\"mercadeo umecit\"},\"url\":\"https:\/\/umecit.edu.pa\/en\/author\/mercadeo\/\"}]}<\/script>\n<!-- \/ Yoast SEO plugin. -->","yoast_head_json":{"title":"20th Student Research Conference: A success at the Panama headquarters","description":"Last Tuesday, December 10th, UMECIT proudly celebrated the completion of the Golden Age pilot program, an initiative designed to promote academic advancement, empowerment, job security, and family integration among older adults. This program reaffirms our commitment to inclusion and the comprehensive well-being of all generations.","robots":{"index":"index","follow":"follow","max-snippet":"max-snippet:-1","max-image-preview":"max-image-preview:large","max-video-preview":"max-video-preview:-1"},"canonical":"https:\/\/ec2-44-206-156-148.compute-1.amazonaws.com\/en\/un-cierre-lleno-de-emociones-y-aprendizajes-en-el-programa-edad-dorada\/","og_locale":"en_US","og_type":"article","og_title":"Vig\u00e9sima Jornada Estudiantil de Investigaci\u00f3n: Un \u00e9xito en la sede de Panam\u00e1","og_description":"El pasado martes 10 de diciembre, UMECIT celebr\u00f3 con orgullo la culminaci\u00f3n del programa piloto Edad Dorada, una iniciativa dise\u00f1ada para fomentar la actualizaci\u00f3n acad\u00e9mica, el empoderamiento, la continuidad laboral y la integraci\u00f3n familiar de los adultos mayores. Este programa reafirma nuestro compromiso con la inclusi\u00f3n y el bienestar integral de todas las generaciones.","og_url":"https:\/\/ec2-44-206-156-148.compute-1.amazonaws.com\/en\/un-cierre-lleno-de-emociones-y-aprendizajes-en-el-programa-edad-dorada\/","og_site_name":"Umecit - Universidad en Panam\u00e1","article_publisher":"https:\/\/www.facebook.com\/umecitpanama\/","article_published_time":"2024-12-11T19:18:00+00:00","article_modified_time":"2024-12-11T19:18:23+00:00","og_image":[{"width":1600,"height":613,"url":"https:\/\/ec2-44-206-156-148.compute-1.amazonaws.com\/wp-content\/uploads\/2024\/12\/foto-principal-1.jpeg","type":"image\/jpeg"}],"author":"mercadeo umecit","twitter_card":"summary_large_image","twitter_creator":"@umecitpanama","twitter_site":"@umecitpanama","twitter_misc":{"Written by":"mercadeo umecit","Est. reading time":"4 minutes"},"schema":{"@context":"https:\/\/schema.org","@graph":[{"@type":"Article","@id":"https:\/\/ec2-44-206-156-148.compute-1.amazonaws.com\/en\/un-cierre-lleno-de-emociones-y-aprendizajes-en-el-programa-edad-dorada\/#article","isPartOf":{"@id":"https:\/\/ec2-44-206-156-148.compute-1.amazonaws.com\/en\/un-cierre-lleno-de-emociones-y-aprendizajes-en-el-programa-edad-dorada\/"},"author":{"name":"mercadeo umecit","@id":"https:\/\/umecit.edu.pa\/en\/#\/schema\/person\/b2c0d29c839513d3464f9c9e1f3e6f69"},"headline":"Un cierre lleno de emociones y aprendizajes en el programa Edad Dorada","datePublished":"2024-12-11T19:18:00+00:00","dateModified":"2024-12-11T19:18:23+00:00","mainEntityOfPage":{"@id":"https:\/\/ec2-44-206-156-148.compute-1.amazonaws.com\/en\/un-cierre-lleno-de-emociones-y-aprendizajes-en-el-programa-edad-dorada\/"},"wordCount":305,"publisher":{"@id":"https:\/\/umecit.edu.pa\/en\/#organization"},"image":{"@id":"https:\/\/ec2-44-206-156-148.compute-1.amazonaws.com\/en\/un-cierre-lleno-de-emociones-y-aprendizajes-en-el-programa-edad-dorada\/#primaryimage"},"thumbnailUrl":"https:\/\/umecit.edu.pa\/wp-content\/uploads\/2024\/12\/foto-principal-1.jpeg","articleSection":["Bienestar Universitario","Educaci\u00f3n","Noticias","Universidad"],"inLanguage":"en-US"},{"@type":"WebPage","@id":"https:\/\/ec2-44-206-156-148.compute-1.amazonaws.com\/en\/un-cierre-lleno-de-emociones-y-aprendizajes-en-el-programa-edad-dorada\/","url":"https:\/\/ec2-44-206-156-148.compute-1.amazonaws.com\/en\/un-cierre-lleno-de-emociones-y-aprendizajes-en-el-programa-edad-dorada\/","name":"20th Student Research Conference: A success at the Panama headquarters","isPartOf":{"@id":"https:\/\/umecit.edu.pa\/en\/#website"},"primaryImageOfPage":{"@id":"https:\/\/ec2-44-206-156-148.compute-1.amazonaws.com\/en\/un-cierre-lleno-de-emociones-y-aprendizajes-en-el-programa-edad-dorada\/#primaryimage"},"image":{"@id":"https:\/\/ec2-44-206-156-148.compute-1.amazonaws.com\/en\/un-cierre-lleno-de-emociones-y-aprendizajes-en-el-programa-edad-dorada\/#primaryimage"},"thumbnailUrl":"https:\/\/umecit.edu.pa\/wp-content\/uploads\/2024\/12\/foto-principal-1.jpeg","datePublished":"2024-12-11T19:18:00+00:00","dateModified":"2024-12-11T19:18:23+00:00","description":"Last Tuesday, December 10th, UMECIT proudly celebrated the completion of the Golden Age pilot program, an initiative designed to promote academic advancement, empowerment, job security, and family integration among older adults. This program reaffirms our commitment to inclusion and the comprehensive well-being of all generations.","breadcrumb":{"@id":"https:\/\/ec2-44-206-156-148.compute-1.amazonaws.com\/en\/un-cierre-lleno-de-emociones-y-aprendizajes-en-el-programa-edad-dorada\/#breadcrumb"},"inLanguage":"en-US","potentialAction":[{"@type":"ReadAction","target":["https:\/\/ec2-44-206-156-148.compute-1.amazonaws.com\/en\/un-cierre-lleno-de-emociones-y-aprendizajes-en-el-programa-edad-dorada\/"]}]},{"@type":"ImageObject","inLanguage":"en-US","@id":"https:\/\/ec2-44-206-156-148.compute-1.amazonaws.com\/en\/un-cierre-lleno-de-emociones-y-aprendizajes-en-el-programa-edad-dorada\/#primaryimage","url":"https:\/\/umecit.edu.pa\/wp-content\/uploads\/2024\/12\/foto-principal-1.jpeg","contentUrl":"https:\/\/umecit.edu.pa\/wp-content\/uploads\/2024\/12\/foto-principal-1.jpeg","width":1600,"height":613},{"@type":"BreadcrumbList","@id":"https:\/\/ec2-44-206-156-148.compute-1.amazonaws.com\/en\/un-cierre-lleno-de-emociones-y-aprendizajes-en-el-programa-edad-dorada\/#breadcrumb","itemListElement":[{"@type":"ListItem","position":1,"name":"Portada","item":"https:\/\/umecit.edu.pa\/en\/"},{"@type":"ListItem","position":2,"name":"Un cierre lleno de emociones y aprendizajes en el programa Edad Dorada"}]},{"@type":"WebSite","@id":"https:\/\/umecit.edu.pa\/en\/#website","url":"https:\/\/umecit.edu.pa\/en\/","name":"Umecit - University in Panama","description":"Metropolitan University of Education, Science and Technology","publisher":{"@id":"https:\/\/umecit.edu.pa\/en\/#organization"},"potentialAction":[{"@type":"SearchAction","target":{"@type":"EntryPoint","urlTemplate":"https:\/\/umecit.edu.pa\/en\/?s={search_term_string}"},"query-input":{"@type":"PropertyValueSpecification","valueRequired":true,"valueName":"search_term_string"}}],"inLanguage":"en-US"},{"@type":"Organization","@id":"https:\/\/umecit.edu.pa\/en\/#organization","name":"Umecit - University in Panama","url":"https:\/\/umecit.edu.pa\/en\/","logo":{"@type":"ImageObject","inLanguage":"en-US","@id":"https:\/\/umecit.edu.pa\/en\/#\/schema\/logo\/image\/","url":"https:\/\/umecit.edu.pa\/wp-content\/uploads\/2022\/06\/panama-7.jpg","contentUrl":"https:\/\/umecit.edu.pa\/wp-content\/uploads\/2022\/06\/panama-7.jpg","width":1200,"height":800,"caption":"Umecit - Universidad en Panam\u00e1"},"image":{"@id":"https:\/\/umecit.edu.pa\/en\/#\/schema\/logo\/image\/"},"sameAs":["https:\/\/www.facebook.com\/umecitpanama\/","https:\/\/x.com\/umecitpanama","https:\/\/www.tiktok.com\/@umecit","https:\/\/www.instagram.com\/umecit\/","https:\/\/www.youtube.com\/channel\/UCP9iXFXi4p_EW_p9p6lprhg"]},{"@type":"Person","@id":"https:\/\/umecit.edu.pa\/en\/#\/schema\/person\/b2c0d29c839513d3464f9c9e1f3e6f69","name":"umecit marketing","image":{"@type":"ImageObject","inLanguage":"en-US","@id":"https:\/\/umecit.edu.pa\/en\/#\/schema\/person\/image\/","url":"https:\/\/secure.gravatar.com\/avatar\/4bd79a51f57922b8709c7f62c99ce71611fc5526021ce2d15534b9ae452e6a1c?s=96&d=mm&r=g","contentUrl":"https:\/\/secure.gravatar.com\/avatar\/4bd79a51f57922b8709c7f62c99ce71611fc5526021ce2d15534b9ae452e6a1c?s=96&d=mm&r=g","caption":"mercadeo umecit"},"url":"https:\/\/umecit.edu.pa\/en\/author\/mercadeo\/"}]}},"_links":{"self":[{"href":"https:\/\/umecit.edu.pa\/en\/wp-json\/wp\/v2\/posts\/120890","targetHints":{"allow":["GET"]}}],"collection":[{"href":"https:\/\/umecit.edu.pa\/en\/wp-json\/wp\/v2\/posts"}],"about":[{"href":"https:\/\/umecit.edu.pa\/en\/wp-json\/wp\/v2\/types\/post"}],"author":[{"embeddable":true,"href":"https:\/\/umecit.edu.pa\/en\/wp-json\/wp\/v2\/users\/695"}],"replies":[{"embeddable":true,"href":"https:\/\/umecit.edu.pa\/en\/wp-json\/wp\/v2\/comments?post=120890"}],"version-history":[{"count":0,"href":"https:\/\/umecit.edu.pa\/en\/wp-json\/wp\/v2\/posts\/120890\/revisions"}],"wp:featuredmedia":[{"embeddable":true,"href":"https:\/\/umecit.edu.pa\/en\/wp-json\/wp\/v2\/media\/120891"}],"wp:attachment":[{"href":"https:\/\/umecit.edu.pa\/en\/wp-json\/wp\/v2\/media?parent=120890"}],"wp:term":[{"taxonomy":"category","embeddable":true,"href":"https:\/\/umecit.edu.pa\/en\/wp-json\/wp\/v2\/categories?post=120890"},{"taxonomy":"post_tag","embeddable":true,"href":"https:\/\/umecit.edu.pa\/en\/wp-json\/wp\/v2\/tags?post=120890"}],"curies":[{"name":"wp","href":"https:\/\/api.w.org\/{rel}","templated":true}]}}