{"id":119459,"date":"2024-10-09T15:42:48","date_gmt":"2024-10-09T20:42:48","guid":{"rendered":"https:\/\/umecit.edu.pa\/?p=119459"},"modified":"2026-03-03T09:20:28","modified_gmt":"2026-03-03T14:20:28","slug":"umecit-organiza-ciclo-de-conferencias-sobre-avances-en-el-diagnostico-y-tratamiento-del-cancer","status":"publish","type":"post","link":"https:\/\/umecit.edu.pa\/en\/umecit-organiza-ciclo-de-conferencias-sobre-avances-en-el-diagnostico-y-tratamiento-del-cancer\/","title":{"rendered":"UMECIT organizes a series of conferences on advances in the diagnosis and treatment of cancer"},"content":{"rendered":"<div data-elementor-type=\"wp-post\" data-elementor-id=\"119459\" class=\"elementor elementor-119459\" data-elementor-post-type=\"post\">\n\t\t\t\t\t\t<section class=\"elementor-section elementor-top-section elementor-element elementor-element-df6eec1 elementor-section-boxed elementor-section-height-default elementor-section-height-default row-top\" data-id=\"df6eec1\" data-element_type=\"section\" data-e-type=\"section\">\n\t\t\t\t\t\t<div class=\"elementor-container elementor-column-gap-default\">\n\t\t\t\t\t<div class=\"elementor-column elementor-col-100 elementor-top-column elementor-element elementor-element-9f2c217 column-style-top\" data-id=\"9f2c217\" data-element_type=\"column\" data-e-type=\"column\">\n\t\t\t<div class=\"elementor-widget-wrap elementor-element-populated\">\n\t\t\t\t\t\t<div class=\"elementor-element elementor-element-f996ce6 elementor-widget elementor-widget-text-editor\" data-id=\"f996ce6\" data-element_type=\"widget\" data-e-type=\"widget\" data-widget_type=\"text-editor.default\">\n\t\t\t\t<div class=\"elementor-widget-container\">\n\t\t\t\t\t\t\t\t\t<p><span style=\"font-weight: 400;\">On October 29, 2024, the Faculty of Health Sciences and the University Welfare department of UMECIT will hold an important academic event: the <\/span><b>Health Sciences Conference Cycle<\/b><span style=\"font-weight: 400;\">, whose main theme will be the <\/span><b>\u00abAdvances in the diagnosis and treatment of cancer\u00bb<\/b><span style=\"font-weight: 400;\">. The event will take place at the <\/span><b>Auditorium of the Founders&#039; Headquarters <\/b><span style=\"font-weight: 400;\">\u00a0and in hybrid mode, allowing interested parties to connect virtually.<\/span><\/p><p><span style=\"font-weight: 400;\">The activity is scheduled to start at <\/span><b>4:00 p.m.<\/b><span style=\"font-weight: 400;\">, and will feature the participation of renowned specialists in oncology, physiotherapy, psychology and other areas related to the comprehensive management of cancer. The experts will offer a multidisciplinary view of the latest innovations in diagnosis, treatment and rehabilitation of cancer patients.<\/span><\/p><p><b>Objective of the cycle:<\/b><b><br \/><\/b><span style=\"font-weight: 400;\">The event aims to <\/span><b>Inform students and health professionals about the most innovative treatments<\/b><span style=\"font-weight: 400;\"> and highlight the <\/span><b>importance of early diagnosis<\/b><span style=\"font-weight: 400;\"> as a crucial factor in the fight against cancer. It is hoped that this academic space will also serve to encourage interaction and the creation of support networks among attendees.<\/span><\/p><p><b>Topics to be developed:<\/b><\/p><ol><li style=\"font-weight: 400;\" aria-level=\"1\"><b>\u00abRehabilitation in Cancer Patients: The Role of Physiotherapy\u00bb<\/b><span style=\"font-weight: 400;\"> \u2013 <\/span><i><span style=\"font-weight: 400;\">Ylenia Cogley<\/span><\/i><i><span style=\"font-weight: 400;\"><br \/><\/span><\/i><span style=\"font-weight: 400;\">Explanation of the fundamental role of physiotherapy in the recovery and quality of life of cancer patients.<\/span><\/li><li style=\"font-weight: 400;\" aria-level=\"1\"><b>\u00abEarly Detection and Advances in Breast Cancer Diagnosis\u00bb<\/b><span style=\"font-weight: 400;\"> \u2013 <\/span><i><span style=\"font-weight: 400;\">Lic. Zuleika De Leon<\/span><\/i><i><span style=\"font-weight: 400;\"><br \/><\/span><\/i><span style=\"font-weight: 400;\">Innovations in technology for early detection and diagnosis of breast cancer.<\/span><\/li><li style=\"font-weight: 400;\" aria-level=\"1\"><b>\u00abBreast Cancer Treatment\u00bb<\/b><span style=\"font-weight: 400;\"> \u2013 <\/span><i><span style=\"font-weight: 400;\">Dr. Francisco Gomez<\/span><\/i><i><span style=\"font-weight: 400;\"><br \/><\/span><\/i><span style=\"font-weight: 400;\">Radiation oncologist from the Panama Oncology Institute, who will discuss the latest strategies in radiotherapy.<\/span><\/li><li style=\"font-weight: 400;\" aria-level=\"1\"><b>\u00abSocial and Emotional Impact of Cancer\u00bb<\/b><span style=\"font-weight: 400;\"> \u2013 <\/span><i><span style=\"font-weight: 400;\">Specialists in Psychology<\/span><\/i><i><span style=\"font-weight: 400;\"><br \/><\/span><\/i><span style=\"font-weight: 400;\">Analysis of the emotional impact that cancer has on patients and their families, and how psychological support can improve their well-being.<\/span><\/li><\/ol><p><b>Event dynamics:<\/b><\/p><ul><li style=\"font-weight: 400;\" aria-level=\"1\"><b>Keynote Lectures<\/b><span style=\"font-weight: 400;\">: Each exhibitor will offer a 30-40 minute presentation, followed by a question and answer session, to promote interaction with the audience and clarify specific concerns.<\/span><\/li><li style=\"font-weight: 400;\" aria-level=\"1\"><b>Multidisciplinary Discussion Panel<\/b><span style=\"font-weight: 400;\">At the end of the cycle, the speakers will participate in a panel where collaborative and multidisciplinary approaches to cancer management will be discussed, highlighting the interrelationship between physiotherapy, medicine and psychology.<\/span><\/li><li style=\"font-weight: 400;\" aria-level=\"1\"><b>Presentation of Clinical Cases<\/b><span style=\"font-weight: 400;\">: During the conferences, real cases will be presented covering different stages of cancer treatment, highlighting the importance of a comprehensive approach.<\/span><\/li><\/ul><p><b>Support materials<\/b><span style=\"font-weight: 400;\">: Attendees will receive recommended bibliography, research articles and summaries of the presentations to continue delving deeper into the topics discussed.<\/span><\/p>\t\t\t\t\t\t\t\t<\/div>\n\t\t\t\t<\/div>\n\t\t\t\t\t<\/div>\n\t\t<\/div>\n\t\t\t\t\t<\/div>\n\t\t<\/section>\n\t\t\t\t<\/div>","protected":false},"excerpt":{"rendered":"","protected":false},"author":827,"featured_media":119460,"comment_status":"closed","ping_status":"closed","sticky":false,"template":"","format":"standard","meta":{"footnotes":""},"categories":[72,67,109],"tags":[],"class_list":["post-119459","post","type-post","status-publish","format-standard","has-post-thumbnail","hentry","category-bienestar-universitario","category-eventos","category-noticias"],"yoast_head":"<!-- This site is optimized with the Yoast SEO plugin v27.1.1 - https:\/\/yoast.com\/product\/yoast-seo-wordpress\/ -->\n<title>UMECIT organiza ciclo de conferencias sobre avances en el diagn\u00f3stico y tratamiento del c\u00e1ncer<\/title>\n<meta name=\"description\" content=\"El pr\u00f3ximo 29 de octubre de 2024, la Facultad de Ciencias de la Salud y el departamento de Bienestar Universitario de UMECIT llevar\u00e1n a cabo un importante evento acad\u00e9mico: el Ciclo de Conferencias de Ciencias de la Salud, cuyo tema principal ser\u00e1 los &quot;Avances en el Diagn\u00f3stico y Tratamiento del C\u00e1ncer&quot;. El evento se desarrollar\u00e1 en el Paraninfo de la Sede Fund\" \/>\n<meta name=\"robots\" content=\"index, follow, max-snippet:-1, max-image-preview:large, max-video-preview:-1\" \/>\n<link rel=\"canonical\" href=\"https:\/\/44.206.156.148\/en\/umecit-organiza-ciclo-de-conferencias-sobre-avances-en-el-diagnostico-y-tratamiento-del-cancer\/\" \/>\n<meta property=\"og:locale\" content=\"en_US\" \/>\n<meta property=\"og:type\" content=\"article\" \/>\n<meta property=\"og:title\" content=\"UMECIT organiza ciclo de conferencias sobre avances en el diagn\u00f3stico y tratamiento del c\u00e1ncer\" \/>\n<meta property=\"og:description\" content=\"El pr\u00f3ximo 29 de octubre de 2024, la Facultad de Ciencias de la Salud y el departamento de Bienestar Universitario de UMECIT llevar\u00e1n a cabo un importante evento acad\u00e9mico: el Ciclo de Conferencias de Ciencias de la Salud, cuyo tema principal ser\u00e1 los &quot;Avances en el Diagn\u00f3stico y Tratamiento del C\u00e1ncer&quot;. El evento se desarrollar\u00e1 en el Paraninfo de la Sede Fund\" \/>\n<meta property=\"og:url\" content=\"https:\/\/44.206.156.148\/en\/umecit-organiza-ciclo-de-conferencias-sobre-avances-en-el-diagnostico-y-tratamiento-del-cancer\/\" \/>\n<meta property=\"og:site_name\" content=\"Umecit - Universidad en Panam\u00e1\" \/>\n<meta property=\"article:publisher\" content=\"https:\/\/www.facebook.com\/umecitpanama\/\" \/>\n<meta property=\"article:published_time\" content=\"2024-10-09T20:42:48+00:00\" \/>\n<meta property=\"article:modified_time\" content=\"2026-03-03T14:20:28+00:00\" \/>\n<meta property=\"og:image\" content=\"https:\/\/44.206.156.148\/wp-content\/uploads\/2024\/10\/ciclo-de-conferencias-cancer-1-2.png\" \/>\n\t<meta property=\"og:image:width\" content=\"1080\" \/>\n\t<meta property=\"og:image:height\" content=\"1080\" \/>\n\t<meta property=\"og:image:type\" content=\"image\/png\" \/>\n<meta name=\"author\" content=\"D P\" \/>\n<meta name=\"twitter:card\" content=\"summary_large_image\" \/>\n<meta name=\"twitter:creator\" content=\"@umecitpanama\" \/>\n<meta name=\"twitter:site\" content=\"@umecitpanama\" \/>\n<meta name=\"twitter:label1\" content=\"Written by\" \/>\n\t<meta name=\"twitter:data1\" content=\"D P\" \/>\n\t<meta name=\"twitter:label2\" content=\"Est. reading time\" \/>\n\t<meta name=\"twitter:data2\" content=\"1 minute\" \/>\n<script type=\"application\/ld+json\" class=\"yoast-schema-graph\">{\"@context\":\"https:\/\/schema.org\",\"@graph\":[{\"@type\":\"Article\",\"@id\":\"https:\/\/44.206.156.148\/en\/umecit-organiza-ciclo-de-conferencias-sobre-avances-en-el-diagnostico-y-tratamiento-del-cancer\/#article\",\"isPartOf\":{\"@id\":\"https:\/\/44.206.156.148\/en\/umecit-organiza-ciclo-de-conferencias-sobre-avances-en-el-diagnostico-y-tratamiento-del-cancer\/\"},\"author\":{\"name\":\"D P\",\"@id\":\"https:\/\/umecit.edu.pa\/en\/#\/schema\/person\/40099dc83e5be57ddf08048ddb57d348\"},\"headline\":\"UMECIT organiza ciclo de conferencias sobre avances en el diagn\u00f3stico y tratamiento del c\u00e1ncer\",\"datePublished\":\"2024-10-09T20:42:48+00:00\",\"dateModified\":\"2026-03-03T14:20:28+00:00\",\"mainEntityOfPage\":{\"@id\":\"https:\/\/44.206.156.148\/en\/umecit-organiza-ciclo-de-conferencias-sobre-avances-en-el-diagnostico-y-tratamiento-del-cancer\/\"},\"wordCount\":16,\"publisher\":{\"@id\":\"https:\/\/umecit.edu.pa\/en\/#organization\"},\"image\":{\"@id\":\"https:\/\/44.206.156.148\/en\/umecit-organiza-ciclo-de-conferencias-sobre-avances-en-el-diagnostico-y-tratamiento-del-cancer\/#primaryimage\"},\"thumbnailUrl\":\"https:\/\/umecit.edu.pa\/wp-content\/uploads\/2024\/10\/ciclo-de-conferencias-cancer-1-2.png\",\"articleSection\":[\"Bienestar Universitario\",\"Eventos\",\"Noticias\"],\"inLanguage\":\"en-US\"},{\"@type\":\"WebPage\",\"@id\":\"https:\/\/44.206.156.148\/en\/umecit-organiza-ciclo-de-conferencias-sobre-avances-en-el-diagnostico-y-tratamiento-del-cancer\/\",\"url\":\"https:\/\/44.206.156.148\/en\/umecit-organiza-ciclo-de-conferencias-sobre-avances-en-el-diagnostico-y-tratamiento-del-cancer\/\",\"name\":\"UMECIT organiza ciclo de conferencias sobre avances en el diagn\u00f3stico y tratamiento del c\u00e1ncer\",\"isPartOf\":{\"@id\":\"https:\/\/umecit.edu.pa\/en\/#website\"},\"primaryImageOfPage\":{\"@id\":\"https:\/\/44.206.156.148\/en\/umecit-organiza-ciclo-de-conferencias-sobre-avances-en-el-diagnostico-y-tratamiento-del-cancer\/#primaryimage\"},\"image\":{\"@id\":\"https:\/\/44.206.156.148\/en\/umecit-organiza-ciclo-de-conferencias-sobre-avances-en-el-diagnostico-y-tratamiento-del-cancer\/#primaryimage\"},\"thumbnailUrl\":\"https:\/\/umecit.edu.pa\/wp-content\/uploads\/2024\/10\/ciclo-de-conferencias-cancer-1-2.png\",\"datePublished\":\"2024-10-09T20:42:48+00:00\",\"dateModified\":\"2026-03-03T14:20:28+00:00\",\"description\":\"El pr\u00f3ximo 29 de octubre de 2024, la Facultad de Ciencias de la Salud y el departamento de Bienestar Universitario de UMECIT llevar\u00e1n a cabo un importante evento acad\u00e9mico: el Ciclo de Conferencias de Ciencias de la Salud, cuyo tema principal ser\u00e1 los \\\"Avances en el Diagn\u00f3stico y Tratamiento del C\u00e1ncer\\\". El evento se desarrollar\u00e1 en el Paraninfo de la Sede Fund\",\"breadcrumb\":{\"@id\":\"https:\/\/44.206.156.148\/en\/umecit-organiza-ciclo-de-conferencias-sobre-avances-en-el-diagnostico-y-tratamiento-del-cancer\/#breadcrumb\"},\"inLanguage\":\"en-US\",\"potentialAction\":[{\"@type\":\"ReadAction\",\"target\":[\"https:\/\/44.206.156.148\/en\/umecit-organiza-ciclo-de-conferencias-sobre-avances-en-el-diagnostico-y-tratamiento-del-cancer\/\"]}]},{\"@type\":\"ImageObject\",\"inLanguage\":\"en-US\",\"@id\":\"https:\/\/44.206.156.148\/en\/umecit-organiza-ciclo-de-conferencias-sobre-avances-en-el-diagnostico-y-tratamiento-del-cancer\/#primaryimage\",\"url\":\"https:\/\/umecit.edu.pa\/wp-content\/uploads\/2024\/10\/ciclo-de-conferencias-cancer-1-2.png\",\"contentUrl\":\"https:\/\/umecit.edu.pa\/wp-content\/uploads\/2024\/10\/ciclo-de-conferencias-cancer-1-2.png\",\"width\":1080,\"height\":1080},{\"@type\":\"BreadcrumbList\",\"@id\":\"https:\/\/44.206.156.148\/en\/umecit-organiza-ciclo-de-conferencias-sobre-avances-en-el-diagnostico-y-tratamiento-del-cancer\/#breadcrumb\",\"itemListElement\":[{\"@type\":\"ListItem\",\"position\":1,\"name\":\"Portada\",\"item\":\"https:\/\/umecit.edu.pa\/en\/\"},{\"@type\":\"ListItem\",\"position\":2,\"name\":\"UMECIT organiza ciclo de conferencias sobre avances en el diagn\u00f3stico y tratamiento del c\u00e1ncer\"}]},{\"@type\":\"WebSite\",\"@id\":\"https:\/\/umecit.edu.pa\/en\/#website\",\"url\":\"https:\/\/umecit.edu.pa\/en\/\",\"name\":\"Umecit - Universidad en Panam\u00e1\",\"description\":\"Universidad Metropolitana de Educaci\u00f3n, Ciencia y Tecnolog\u00eda\",\"publisher\":{\"@id\":\"https:\/\/umecit.edu.pa\/en\/#organization\"},\"potentialAction\":[{\"@type\":\"SearchAction\",\"target\":{\"@type\":\"EntryPoint\",\"urlTemplate\":\"https:\/\/umecit.edu.pa\/en\/?s={search_term_string}\"},\"query-input\":{\"@type\":\"PropertyValueSpecification\",\"valueRequired\":true,\"valueName\":\"search_term_string\"}}],\"inLanguage\":\"en-US\"},{\"@type\":\"Organization\",\"@id\":\"https:\/\/umecit.edu.pa\/en\/#organization\",\"name\":\"Umecit - Universidad en Panam\u00e1\",\"url\":\"https:\/\/umecit.edu.pa\/en\/\",\"logo\":{\"@type\":\"ImageObject\",\"inLanguage\":\"en-US\",\"@id\":\"https:\/\/umecit.edu.pa\/en\/#\/schema\/logo\/image\/\",\"url\":\"https:\/\/umecit.edu.pa\/wp-content\/uploads\/2022\/06\/panama-7.jpg\",\"contentUrl\":\"https:\/\/umecit.edu.pa\/wp-content\/uploads\/2022\/06\/panama-7.jpg\",\"width\":1200,\"height\":800,\"caption\":\"Umecit - Universidad en Panam\u00e1\"},\"image\":{\"@id\":\"https:\/\/umecit.edu.pa\/en\/#\/schema\/logo\/image\/\"},\"sameAs\":[\"https:\/\/www.facebook.com\/umecitpanama\/\",\"https:\/\/x.com\/umecitpanama\",\"https:\/\/www.tiktok.com\/@umecit\",\"https:\/\/www.instagram.com\/umecit\/\",\"https:\/\/www.youtube.com\/channel\/UCP9iXFXi4p_EW_p9p6lprhg\"]},{\"@type\":\"Person\",\"@id\":\"https:\/\/umecit.edu.pa\/en\/#\/schema\/person\/40099dc83e5be57ddf08048ddb57d348\",\"name\":\"D P\",\"image\":{\"@type\":\"ImageObject\",\"inLanguage\":\"en-US\",\"@id\":\"https:\/\/umecit.edu.pa\/en\/#\/schema\/person\/image\/\",\"url\":\"https:\/\/secure.gravatar.com\/avatar\/289b3ee8719ed036c744d5f50cde880741926cea9aeae4e17bdf2b4febc9d3c7?s=96&d=mm&r=g\",\"contentUrl\":\"https:\/\/secure.gravatar.com\/avatar\/289b3ee8719ed036c744d5f50cde880741926cea9aeae4e17bdf2b4febc9d3c7?s=96&d=mm&r=g\",\"caption\":\"D P\"},\"url\":\"https:\/\/umecit.edu.pa\/en\/author\/dp\/\"}]}<\/script>\n<!-- \/ Yoast SEO plugin. -->","yoast_head_json":{"title":"UMECIT organizes a series of conferences on advances in the diagnosis and treatment of cancer","description":"On October 29, 2024, the Faculty of Health Sciences and the Department of University Well-being at UMECIT will hold an important academic event: the Health Sciences Lecture Series, whose main theme will be &quot;Advances in Cancer Diagnosis and Treatment.&quot; The event will take place in the Auditorium of the Fund Campus.","robots":{"index":"index","follow":"follow","max-snippet":"max-snippet:-1","max-image-preview":"max-image-preview:large","max-video-preview":"max-video-preview:-1"},"canonical":"https:\/\/44.206.156.148\/en\/umecit-organiza-ciclo-de-conferencias-sobre-avances-en-el-diagnostico-y-tratamiento-del-cancer\/","og_locale":"en_US","og_type":"article","og_title":"UMECIT organiza ciclo de conferencias sobre avances en el diagn\u00f3stico y tratamiento del c\u00e1ncer","og_description":"El pr\u00f3ximo 29 de octubre de 2024, la Facultad de Ciencias de la Salud y el departamento de Bienestar Universitario de UMECIT llevar\u00e1n a cabo un importante evento acad\u00e9mico: el Ciclo de Conferencias de Ciencias de la Salud, cuyo tema principal ser\u00e1 los \"Avances en el Diagn\u00f3stico y Tratamiento del C\u00e1ncer\". El evento se desarrollar\u00e1 en el Paraninfo de la Sede Fund","og_url":"https:\/\/44.206.156.148\/en\/umecit-organiza-ciclo-de-conferencias-sobre-avances-en-el-diagnostico-y-tratamiento-del-cancer\/","og_site_name":"Umecit - Universidad en Panam\u00e1","article_publisher":"https:\/\/www.facebook.com\/umecitpanama\/","article_published_time":"2024-10-09T20:42:48+00:00","article_modified_time":"2026-03-03T14:20:28+00:00","og_image":[{"width":1080,"height":1080,"url":"https:\/\/44.206.156.148\/wp-content\/uploads\/2024\/10\/ciclo-de-conferencias-cancer-1-2.png","type":"image\/png"}],"author":"D P","twitter_card":"summary_large_image","twitter_creator":"@umecitpanama","twitter_site":"@umecitpanama","twitter_misc":{"Written by":"D P","Est. reading time":"1 minute"},"schema":{"@context":"https:\/\/schema.org","@graph":[{"@type":"Article","@id":"https:\/\/44.206.156.148\/en\/umecit-organiza-ciclo-de-conferencias-sobre-avances-en-el-diagnostico-y-tratamiento-del-cancer\/#article","isPartOf":{"@id":"https:\/\/44.206.156.148\/en\/umecit-organiza-ciclo-de-conferencias-sobre-avances-en-el-diagnostico-y-tratamiento-del-cancer\/"},"author":{"name":"D P","@id":"https:\/\/umecit.edu.pa\/en\/#\/schema\/person\/40099dc83e5be57ddf08048ddb57d348"},"headline":"UMECIT organiza ciclo de conferencias sobre avances en el diagn\u00f3stico y tratamiento del c\u00e1ncer","datePublished":"2024-10-09T20:42:48+00:00","dateModified":"2026-03-03T14:20:28+00:00","mainEntityOfPage":{"@id":"https:\/\/44.206.156.148\/en\/umecit-organiza-ciclo-de-conferencias-sobre-avances-en-el-diagnostico-y-tratamiento-del-cancer\/"},"wordCount":16,"publisher":{"@id":"https:\/\/umecit.edu.pa\/en\/#organization"},"image":{"@id":"https:\/\/44.206.156.148\/en\/umecit-organiza-ciclo-de-conferencias-sobre-avances-en-el-diagnostico-y-tratamiento-del-cancer\/#primaryimage"},"thumbnailUrl":"https:\/\/umecit.edu.pa\/wp-content\/uploads\/2024\/10\/ciclo-de-conferencias-cancer-1-2.png","articleSection":["Bienestar Universitario","Eventos","Noticias"],"inLanguage":"en-US"},{"@type":"WebPage","@id":"https:\/\/44.206.156.148\/en\/umecit-organiza-ciclo-de-conferencias-sobre-avances-en-el-diagnostico-y-tratamiento-del-cancer\/","url":"https:\/\/44.206.156.148\/en\/umecit-organiza-ciclo-de-conferencias-sobre-avances-en-el-diagnostico-y-tratamiento-del-cancer\/","name":"UMECIT organizes a series of conferences on advances in the diagnosis and treatment of cancer","isPartOf":{"@id":"https:\/\/umecit.edu.pa\/en\/#website"},"primaryImageOfPage":{"@id":"https:\/\/44.206.156.148\/en\/umecit-organiza-ciclo-de-conferencias-sobre-avances-en-el-diagnostico-y-tratamiento-del-cancer\/#primaryimage"},"image":{"@id":"https:\/\/44.206.156.148\/en\/umecit-organiza-ciclo-de-conferencias-sobre-avances-en-el-diagnostico-y-tratamiento-del-cancer\/#primaryimage"},"thumbnailUrl":"https:\/\/umecit.edu.pa\/wp-content\/uploads\/2024\/10\/ciclo-de-conferencias-cancer-1-2.png","datePublished":"2024-10-09T20:42:48+00:00","dateModified":"2026-03-03T14:20:28+00:00","description":"On October 29, 2024, the Faculty of Health Sciences and the Department of University Well-being at UMECIT will hold an important academic event: the Health Sciences Lecture Series, whose main theme will be &quot;Advances in Cancer Diagnosis and Treatment.&quot; The event will take place in the Auditorium of the Fund Campus.","breadcrumb":{"@id":"https:\/\/44.206.156.148\/en\/umecit-organiza-ciclo-de-conferencias-sobre-avances-en-el-diagnostico-y-tratamiento-del-cancer\/#breadcrumb"},"inLanguage":"en-US","potentialAction":[{"@type":"ReadAction","target":["https:\/\/44.206.156.148\/en\/umecit-organiza-ciclo-de-conferencias-sobre-avances-en-el-diagnostico-y-tratamiento-del-cancer\/"]}]},{"@type":"ImageObject","inLanguage":"en-US","@id":"https:\/\/44.206.156.148\/en\/umecit-organiza-ciclo-de-conferencias-sobre-avances-en-el-diagnostico-y-tratamiento-del-cancer\/#primaryimage","url":"https:\/\/umecit.edu.pa\/wp-content\/uploads\/2024\/10\/ciclo-de-conferencias-cancer-1-2.png","contentUrl":"https:\/\/umecit.edu.pa\/wp-content\/uploads\/2024\/10\/ciclo-de-conferencias-cancer-1-2.png","width":1080,"height":1080},{"@type":"BreadcrumbList","@id":"https:\/\/44.206.156.148\/en\/umecit-organiza-ciclo-de-conferencias-sobre-avances-en-el-diagnostico-y-tratamiento-del-cancer\/#breadcrumb","itemListElement":[{"@type":"ListItem","position":1,"name":"Portada","item":"https:\/\/umecit.edu.pa\/en\/"},{"@type":"ListItem","position":2,"name":"UMECIT organiza ciclo de conferencias sobre avances en el diagn\u00f3stico y tratamiento del c\u00e1ncer"}]},{"@type":"WebSite","@id":"https:\/\/umecit.edu.pa\/en\/#website","url":"https:\/\/umecit.edu.pa\/en\/","name":"Umecit - University in Panama","description":"Metropolitan University of Education, Science and Technology","publisher":{"@id":"https:\/\/umecit.edu.pa\/en\/#organization"},"potentialAction":[{"@type":"SearchAction","target":{"@type":"EntryPoint","urlTemplate":"https:\/\/umecit.edu.pa\/en\/?s={search_term_string}"},"query-input":{"@type":"PropertyValueSpecification","valueRequired":true,"valueName":"search_term_string"}}],"inLanguage":"en-US"},{"@type":"Organization","@id":"https:\/\/umecit.edu.pa\/en\/#organization","name":"Umecit - University in Panama","url":"https:\/\/umecit.edu.pa\/en\/","logo":{"@type":"ImageObject","inLanguage":"en-US","@id":"https:\/\/umecit.edu.pa\/en\/#\/schema\/logo\/image\/","url":"https:\/\/umecit.edu.pa\/wp-content\/uploads\/2022\/06\/panama-7.jpg","contentUrl":"https:\/\/umecit.edu.pa\/wp-content\/uploads\/2022\/06\/panama-7.jpg","width":1200,"height":800,"caption":"Umecit - Universidad en Panam\u00e1"},"image":{"@id":"https:\/\/umecit.edu.pa\/en\/#\/schema\/logo\/image\/"},"sameAs":["https:\/\/www.facebook.com\/umecitpanama\/","https:\/\/x.com\/umecitpanama","https:\/\/www.tiktok.com\/@umecit","https:\/\/www.instagram.com\/umecit\/","https:\/\/www.youtube.com\/channel\/UCP9iXFXi4p_EW_p9p6lprhg"]},{"@type":"Person","@id":"https:\/\/umecit.edu.pa\/en\/#\/schema\/person\/40099dc83e5be57ddf08048ddb57d348","name":"DP","image":{"@type":"ImageObject","inLanguage":"en-US","@id":"https:\/\/umecit.edu.pa\/en\/#\/schema\/person\/image\/","url":"https:\/\/secure.gravatar.com\/avatar\/289b3ee8719ed036c744d5f50cde880741926cea9aeae4e17bdf2b4febc9d3c7?s=96&d=mm&r=g","contentUrl":"https:\/\/secure.gravatar.com\/avatar\/289b3ee8719ed036c744d5f50cde880741926cea9aeae4e17bdf2b4febc9d3c7?s=96&d=mm&r=g","caption":"D P"},"url":"https:\/\/umecit.edu.pa\/en\/author\/dp\/"}]}},"_links":{"self":[{"href":"https:\/\/umecit.edu.pa\/en\/wp-json\/wp\/v2\/posts\/119459","targetHints":{"allow":["GET"]}}],"collection":[{"href":"https:\/\/umecit.edu.pa\/en\/wp-json\/wp\/v2\/posts"}],"about":[{"href":"https:\/\/umecit.edu.pa\/en\/wp-json\/wp\/v2\/types\/post"}],"author":[{"embeddable":true,"href":"https:\/\/umecit.edu.pa\/en\/wp-json\/wp\/v2\/users\/827"}],"replies":[{"embeddable":true,"href":"https:\/\/umecit.edu.pa\/en\/wp-json\/wp\/v2\/comments?post=119459"}],"version-history":[{"count":1,"href":"https:\/\/umecit.edu.pa\/en\/wp-json\/wp\/v2\/posts\/119459\/revisions"}],"predecessor-version":[{"id":132202,"href":"https:\/\/umecit.edu.pa\/en\/wp-json\/wp\/v2\/posts\/119459\/revisions\/132202"}],"wp:featuredmedia":[{"embeddable":true,"href":"https:\/\/umecit.edu.pa\/en\/wp-json\/wp\/v2\/media\/119460"}],"wp:attachment":[{"href":"https:\/\/umecit.edu.pa\/en\/wp-json\/wp\/v2\/media?parent=119459"}],"wp:term":[{"taxonomy":"category","embeddable":true,"href":"https:\/\/umecit.edu.pa\/en\/wp-json\/wp\/v2\/categories?post=119459"},{"taxonomy":"post_tag","embeddable":true,"href":"https:\/\/umecit.edu.pa\/en\/wp-json\/wp\/v2\/tags?post=119459"}],"curies":[{"name":"wp","href":"https:\/\/api.w.org\/{rel}","templated":true}]}}