{"id":119234,"date":"2024-10-01T16:30:14","date_gmt":"2024-10-01T21:30:14","guid":{"rendered":"https:\/\/umecit.edu.pa\/?p=119234"},"modified":"2024-10-01T17:00:37","modified_gmt":"2024-10-01T22:00:37","slug":"umecit-y-unimeta-fortalecen-la-educacion-ambiental-a-traves-de-un-conversatorio-sobre-monitoreo-ambiental","status":"publish","type":"post","link":"https:\/\/umecit.edu.pa\/en\/umecit-y-unimeta-fortalecen-la-educacion-ambiental-a-traves-de-un-conversatorio-sobre-monitoreo-ambiental\/","title":{"rendered":"UMECIT and UNIMETA strengthen environmental education through a discussion on environmental monitoring"},"content":{"rendered":"<div data-elementor-type=\"wp-post\" data-elementor-id=\"119234\" class=\"elementor elementor-119234\" data-elementor-post-type=\"post\">\n\t\t\t\t\t\t<section class=\"elementor-section elementor-top-section elementor-element elementor-element-136df19 elementor-section-boxed elementor-section-height-default elementor-section-height-default row-top\" data-id=\"136df19\" data-element_type=\"section\" data-e-type=\"section\">\n\t\t\t\t\t\t<div class=\"elementor-container elementor-column-gap-default\">\n\t\t\t\t\t<div class=\"elementor-column elementor-col-100 elementor-top-column elementor-element elementor-element-85459ca column-style-top\" data-id=\"85459ca\" data-element_type=\"column\" data-e-type=\"column\">\n\t\t\t<div class=\"elementor-widget-wrap elementor-element-populated\">\n\t\t\t\t\t\t<div class=\"elementor-element elementor-element-331352a elementor-widget elementor-widget-text-editor\" data-id=\"331352a\" data-element_type=\"widget\" data-e-type=\"widget\" data-widget_type=\"text-editor.default\">\n\t\t\t\t<div class=\"elementor-widget-container\">\n\t\t\t\t\t\t\t\t\t<p><span style=\"font-weight: 400;\">From the Faculty of Technology, Construction and Environment of UMECIT, we continue to advance in our processes of internationalization and inter-institutional collaboration. Together with the Corporaci\u00f3n Universitaria del Meta (UNIMETA) and under the coordination of research professor Claudia Mojica and Biologist Jes\u00fas Gonz\u00e1lez, on Saturday, September 28, an enriching conversation was held for students of Building Technology and Electrical Engineering Technology.<\/span><\/p><p><span style=\"font-weight: 400;\">The central theme of this discussion was environmental monitoring, an essential tool for nature conservation. Throughout the activity, participants delved into techniques and methodologies that allow measuring and evaluating the human impact on the natural environment, highlighting the importance of this knowledge in building a sustainable future.<\/span><\/p><p><span style=\"font-weight: 400;\">This space for dialogue not only contributes to the academic development of our students, but also fosters environmental awareness and social responsibility, fundamental pillars in the comprehensive education that we promote at UMECIT.<\/span><\/p><p><span style=\"font-weight: 400;\">We appreciate the participation of all attendees and reaffirm our commitment to environmental education and inter-institutional collaboration to continue building a more responsible and conscious tomorrow.<\/span><\/p>\t\t\t\t\t\t\t\t<\/div>\n\t\t\t\t<\/div>\n\t\t\t\t\t<\/div>\n\t\t<\/div>\n\t\t\t\t\t<\/div>\n\t\t<\/section>\n\t\t\t\t<section class=\"elementor-section elementor-top-section elementor-element elementor-element-80fed5a elementor-section-boxed elementor-section-height-default elementor-section-height-default row-top\" data-id=\"80fed5a\" data-element_type=\"section\" data-e-type=\"section\">\n\t\t\t\t\t\t<div class=\"elementor-container elementor-column-gap-default\">\n\t\t\t\t\t<div class=\"elementor-column elementor-col-100 elementor-top-column elementor-element elementor-element-d5564c5 column-style-top\" data-id=\"d5564c5\" data-element_type=\"column\" data-e-type=\"column\">\n\t\t\t<div class=\"elementor-widget-wrap elementor-element-populated\">\n\t\t\t\t\t\t<div class=\"elementor-element elementor-element-6482bbb elementor-arrows-position-inside elementor-pagination-position-outside elementor-widget elementor-widget-image-carousel\" data-id=\"6482bbb\" data-element_type=\"widget\" data-e-type=\"widget\" data-settings=\"{&quot;slides_to_show&quot;:&quot;1&quot;,&quot;navigation&quot;:&quot;both&quot;,&quot;autoplay&quot;:&quot;yes&quot;,&quot;pause_on_hover&quot;:&quot;yes&quot;,&quot;pause_on_interaction&quot;:&quot;yes&quot;,&quot;autoplay_speed&quot;:5000,&quot;infinite&quot;:&quot;yes&quot;,&quot;effect&quot;:&quot;slide&quot;,&quot;speed&quot;:500}\" data-widget_type=\"image-carousel.default\">\n\t\t\t\t<div class=\"elementor-widget-container\">\n\t\t\t\t\t\t\t<div class=\"elementor-image-carousel-wrapper swiper\" role=\"region\" aria-roledescription=\"carousel\" aria-label=\"Image Carousel\" dir=\"ltr\">\n\t\t\t<div class=\"elementor-image-carousel swiper-wrapper\" aria-live=\"off\">\n\t\t\t\t\t\t\t\t<div class=\"swiper-slide\" role=\"group\" aria-roledescription=\"slide\" aria-label=\"1 of 5\" data-no-translation-aria-label=\"\"><figure class=\"swiper-slide-inner\"><img decoding=\"async\" class=\"swiper-slide-image\" src=\"https:\/\/umecit.edu.pa\/wp-content\/uploads\/2024\/10\/IMG_8947-768x1024.jpg\" alt=\"IMG_8947\" \/><\/figure><\/div><div class=\"swiper-slide\" role=\"group\" aria-roledescription=\"slide\" aria-label=\"2 of 5\" data-no-translation-aria-label=\"\"><figure class=\"swiper-slide-inner\"><img decoding=\"async\" class=\"swiper-slide-image\" src=\"https:\/\/umecit.edu.pa\/wp-content\/uploads\/2024\/10\/IMG_8956-768x1024.jpg\" alt=\"IMG_8956\" \/><\/figure><\/div><div class=\"swiper-slide\" role=\"group\" aria-roledescription=\"slide\" aria-label=\"3 of 5\" data-no-translation-aria-label=\"\"><figure class=\"swiper-slide-inner\"><img decoding=\"async\" class=\"swiper-slide-image\" src=\"https:\/\/umecit.edu.pa\/wp-content\/uploads\/2024\/10\/IMG_8957-768x576.jpg\" alt=\"IMG_8957\" \/><\/figure><\/div><div class=\"swiper-slide\" role=\"group\" aria-roledescription=\"slide\" aria-label=\"4 of 5\" data-no-translation-aria-label=\"\"><figure class=\"swiper-slide-inner\"><img decoding=\"async\" class=\"swiper-slide-image\" src=\"https:\/\/umecit.edu.pa\/wp-content\/uploads\/2024\/10\/IMG_8973-768x576.jpg\" alt=\"IMG_8973\" \/><\/figure><\/div><div class=\"swiper-slide\" role=\"group\" aria-roledescription=\"slide\" aria-label=\"5 of 5\" data-no-translation-aria-label=\"\"><figure class=\"swiper-slide-inner\"><img decoding=\"async\" class=\"swiper-slide-image\" src=\"https:\/\/umecit.edu.pa\/wp-content\/uploads\/2024\/10\/IMG_8975-768x576.jpg\" alt=\"IMG_8975\" \/><\/figure><\/div>\t\t\t<\/div>\n\t\t\t\t\t\t\t\t\t\t\t\t<div class=\"elementor-swiper-button elementor-swiper-button-prev\" role=\"button\" tabindex=\"0\">\n\t\t\t\t\t\t<i aria-hidden=\"true\" class=\"eicon-chevron-left\"><\/i>\t\t\t\t\t<\/div>\n\t\t\t\t\t<div class=\"elementor-swiper-button elementor-swiper-button-next\" role=\"button\" tabindex=\"0\">\n\t\t\t\t\t\t<i aria-hidden=\"true\" class=\"eicon-chevron-right\"><\/i>\t\t\t\t\t<\/div>\n\t\t\t\t\n\t\t\t\t\t\t\t\t\t<div class=\"swiper-pagination\"><\/div>\n\t\t\t\t\t\t\t\t\t<\/div>\n\t\t\t\t\t\t<\/div>\n\t\t\t\t<\/div>\n\t\t\t\t\t<\/div>\n\t\t<\/div>\n\t\t\t\t\t<\/div>\n\t\t<\/section>\n\t\t\t\t<\/div>","protected":false},"excerpt":{"rendered":"<p>From the Faculty of Technology, Construction and Environment of UMECIT, we continue to advance in our processes of internationalization and inter-institutional collaboration. Together with the Corporaci\u00f3n Universitaria del Meta (UNIMETA) and under the coordination of research professor Claudia Mojica and Biologist Jes\u00fas Gonz\u00e1lez, on Saturday, September 28, an enriching conversation was held for students of Building Technology and Electrical Engineering Technology.<\/p>","protected":false},"author":827,"featured_media":119248,"comment_status":"closed","ping_status":"open","sticky":false,"template":"","format":"standard","meta":{"footnotes":""},"categories":[1],"tags":[],"class_list":["post-119234","post","type-post","status-publish","format-standard","has-post-thumbnail","hentry","category-uncategorized"],"yoast_head":"<!-- This site is optimized with the Yoast SEO plugin v27.1.1 - https:\/\/yoast.com\/product\/yoast-seo-wordpress\/ -->\n<title>UMECIT y UNIMETA fortalecen la educaci\u00f3n ambiental a trav\u00e9s de un conversatorio sobre monitoreo ambiental - Umecit - Universidad en Panam\u00e1<\/title>\n<meta name=\"description\" content=\"Desde la Facultad de Tecnolog\u00eda, Construcci\u00f3n y Medio Ambiente de UMECIT, seguimos avanzando en nuestros procesos de internacionalizaci\u00f3n y colaboraci\u00f3n interinstitucional. En conjunto con la Corporaci\u00f3n Universitaria del Meta (UNIMETA) y bajo la coordinaci\u00f3n de la profesora investigadora Claudia Mojica y el Bi\u00f3logo Jes\u00fas Gonz\u00e1lez, el s\u00e1bado 28 de septiembre se llev\u00f3 a cabo un enriquecedor conversatorio dirigido a los estudiantes de T\u00e9cnica en Edificaciones y T\u00e9cnico en Ingenier\u00eda El\u00e9ctrica.\" \/>\n<meta name=\"robots\" content=\"index, follow, max-snippet:-1, max-image-preview:large, max-video-preview:-1\" \/>\n<link rel=\"canonical\" href=\"https:\/\/ec2-44-206-156-148.compute-1.amazonaws.com\/en\/umecit-y-unimeta-fortalecen-la-educacion-ambiental-a-traves-de-un-conversatorio-sobre-monitoreo-ambiental\/\" \/>\n<meta property=\"og:locale\" content=\"en_US\" \/>\n<meta property=\"og:type\" content=\"article\" \/>\n<meta property=\"og:title\" content=\"UMECIT y UNIMETA fortalecen la educaci\u00f3n ambiental a trav\u00e9s de un conversatorio sobre monitoreo ambiental - Umecit - Universidad en Panam\u00e1\" \/>\n<meta property=\"og:description\" content=\"Desde la Facultad de Tecnolog\u00eda, Construcci\u00f3n y Medio Ambiente de UMECIT, seguimos avanzando en nuestros procesos de internacionalizaci\u00f3n y colaboraci\u00f3n interinstitucional. En conjunto con la Corporaci\u00f3n Universitaria del Meta (UNIMETA) y bajo la coordinaci\u00f3n de la profesora investigadora Claudia Mojica y el Bi\u00f3logo Jes\u00fas Gonz\u00e1lez, el s\u00e1bado 28 de septiembre se llev\u00f3 a cabo un enriquecedor conversatorio dirigido a los estudiantes de T\u00e9cnica en Edificaciones y T\u00e9cnico en Ingenier\u00eda El\u00e9ctrica.\" \/>\n<meta property=\"og:url\" content=\"https:\/\/ec2-44-206-156-148.compute-1.amazonaws.com\/en\/umecit-y-unimeta-fortalecen-la-educacion-ambiental-a-traves-de-un-conversatorio-sobre-monitoreo-ambiental\/\" \/>\n<meta property=\"og:site_name\" content=\"Umecit - Universidad en Panam\u00e1\" \/>\n<meta property=\"article:publisher\" content=\"https:\/\/www.facebook.com\/umecitpanama\/\" \/>\n<meta property=\"article:published_time\" content=\"2024-10-01T21:30:14+00:00\" \/>\n<meta property=\"article:modified_time\" content=\"2024-10-01T22:00:37+00:00\" \/>\n<meta property=\"og:image\" content=\"https:\/\/ec2-44-206-156-148.compute-1.amazonaws.com\/wp-content\/uploads\/2024\/10\/IMG_8975-scaled.jpg\" \/>\n\t<meta property=\"og:image:width\" content=\"2560\" \/>\n\t<meta property=\"og:image:height\" content=\"1920\" \/>\n\t<meta property=\"og:image:type\" content=\"image\/jpeg\" \/>\n<meta name=\"author\" content=\"D P\" \/>\n<meta name=\"twitter:card\" content=\"summary_large_image\" \/>\n<meta name=\"twitter:creator\" content=\"@umecitpanama\" \/>\n<meta name=\"twitter:site\" content=\"@umecitpanama\" \/>\n<meta name=\"twitter:label1\" content=\"Written by\" \/>\n\t<meta name=\"twitter:data1\" content=\"D P\" \/>\n\t<meta name=\"twitter:label2\" content=\"Est. reading time\" \/>\n\t<meta name=\"twitter:data2\" content=\"3 minutes\" \/>\n<script type=\"application\/ld+json\" class=\"yoast-schema-graph\">{\"@context\":\"https:\/\/schema.org\",\"@graph\":[{\"@type\":\"Article\",\"@id\":\"https:\/\/ec2-44-206-156-148.compute-1.amazonaws.com\/en\/umecit-y-unimeta-fortalecen-la-educacion-ambiental-a-traves-de-un-conversatorio-sobre-monitoreo-ambiental\/#article\",\"isPartOf\":{\"@id\":\"https:\/\/ec2-44-206-156-148.compute-1.amazonaws.com\/en\/umecit-y-unimeta-fortalecen-la-educacion-ambiental-a-traves-de-un-conversatorio-sobre-monitoreo-ambiental\/\"},\"author\":{\"name\":\"D P\",\"@id\":\"https:\/\/Umecit.edu.pa\/#\/schema\/person\/40099dc83e5be57ddf08048ddb57d348\"},\"headline\":\"UMECIT y UNIMETA fortalecen la educaci\u00f3n ambiental a trav\u00e9s de un conversatorio sobre monitoreo ambiental\",\"datePublished\":\"2024-10-01T21:30:14+00:00\",\"dateModified\":\"2024-10-01T22:00:37+00:00\",\"mainEntityOfPage\":{\"@id\":\"https:\/\/ec2-44-206-156-148.compute-1.amazonaws.com\/en\/umecit-y-unimeta-fortalecen-la-educacion-ambiental-a-traves-de-un-conversatorio-sobre-monitoreo-ambiental\/\"},\"wordCount\":232,\"publisher\":{\"@id\":\"https:\/\/Umecit.edu.pa\/#organization\"},\"image\":{\"@id\":\"https:\/\/ec2-44-206-156-148.compute-1.amazonaws.com\/en\/umecit-y-unimeta-fortalecen-la-educacion-ambiental-a-traves-de-un-conversatorio-sobre-monitoreo-ambiental\/#primaryimage\"},\"thumbnailUrl\":\"https:\/\/umecit.edu.pa\/wp-content\/uploads\/2024\/10\/IMG_8975-scaled.jpg\",\"inLanguage\":\"en-US\"},{\"@type\":\"WebPage\",\"@id\":\"https:\/\/ec2-44-206-156-148.compute-1.amazonaws.com\/en\/umecit-y-unimeta-fortalecen-la-educacion-ambiental-a-traves-de-un-conversatorio-sobre-monitoreo-ambiental\/\",\"url\":\"https:\/\/ec2-44-206-156-148.compute-1.amazonaws.com\/en\/umecit-y-unimeta-fortalecen-la-educacion-ambiental-a-traves-de-un-conversatorio-sobre-monitoreo-ambiental\/\",\"name\":\"UMECIT y UNIMETA fortalecen la educaci\u00f3n ambiental a trav\u00e9s de un conversatorio sobre monitoreo ambiental - Umecit - Universidad en Panam\u00e1\",\"isPartOf\":{\"@id\":\"https:\/\/Umecit.edu.pa\/#website\"},\"primaryImageOfPage\":{\"@id\":\"https:\/\/ec2-44-206-156-148.compute-1.amazonaws.com\/en\/umecit-y-unimeta-fortalecen-la-educacion-ambiental-a-traves-de-un-conversatorio-sobre-monitoreo-ambiental\/#primaryimage\"},\"image\":{\"@id\":\"https:\/\/ec2-44-206-156-148.compute-1.amazonaws.com\/en\/umecit-y-unimeta-fortalecen-la-educacion-ambiental-a-traves-de-un-conversatorio-sobre-monitoreo-ambiental\/#primaryimage\"},\"thumbnailUrl\":\"https:\/\/umecit.edu.pa\/wp-content\/uploads\/2024\/10\/IMG_8975-scaled.jpg\",\"datePublished\":\"2024-10-01T21:30:14+00:00\",\"dateModified\":\"2024-10-01T22:00:37+00:00\",\"description\":\"Desde la Facultad de Tecnolog\u00eda, Construcci\u00f3n y Medio Ambiente de UMECIT, seguimos avanzando en nuestros procesos de internacionalizaci\u00f3n y colaboraci\u00f3n interinstitucional. En conjunto con la Corporaci\u00f3n Universitaria del Meta (UNIMETA) y bajo la coordinaci\u00f3n de la profesora investigadora Claudia Mojica y el Bi\u00f3logo Jes\u00fas Gonz\u00e1lez, el s\u00e1bado 28 de septiembre se llev\u00f3 a cabo un enriquecedor conversatorio dirigido a los estudiantes de T\u00e9cnica en Edificaciones y T\u00e9cnico en Ingenier\u00eda El\u00e9ctrica.\",\"breadcrumb\":{\"@id\":\"https:\/\/ec2-44-206-156-148.compute-1.amazonaws.com\/en\/umecit-y-unimeta-fortalecen-la-educacion-ambiental-a-traves-de-un-conversatorio-sobre-monitoreo-ambiental\/#breadcrumb\"},\"inLanguage\":\"en-US\",\"potentialAction\":[{\"@type\":\"ReadAction\",\"target\":[\"https:\/\/ec2-44-206-156-148.compute-1.amazonaws.com\/en\/umecit-y-unimeta-fortalecen-la-educacion-ambiental-a-traves-de-un-conversatorio-sobre-monitoreo-ambiental\/\"]}]},{\"@type\":\"ImageObject\",\"inLanguage\":\"en-US\",\"@id\":\"https:\/\/ec2-44-206-156-148.compute-1.amazonaws.com\/en\/umecit-y-unimeta-fortalecen-la-educacion-ambiental-a-traves-de-un-conversatorio-sobre-monitoreo-ambiental\/#primaryimage\",\"url\":\"https:\/\/umecit.edu.pa\/wp-content\/uploads\/2024\/10\/IMG_8975-scaled.jpg\",\"contentUrl\":\"https:\/\/umecit.edu.pa\/wp-content\/uploads\/2024\/10\/IMG_8975-scaled.jpg\",\"width\":2560,\"height\":1920},{\"@type\":\"BreadcrumbList\",\"@id\":\"https:\/\/ec2-44-206-156-148.compute-1.amazonaws.com\/en\/umecit-y-unimeta-fortalecen-la-educacion-ambiental-a-traves-de-un-conversatorio-sobre-monitoreo-ambiental\/#breadcrumb\",\"itemListElement\":[{\"@type\":\"ListItem\",\"position\":1,\"name\":\"Portada\",\"item\":\"https:\/\/Umecit.edu.pa\/\"},{\"@type\":\"ListItem\",\"position\":2,\"name\":\"UMECIT y UNIMETA fortalecen la educaci\u00f3n ambiental a trav\u00e9s de un conversatorio sobre monitoreo ambiental\"}]},{\"@type\":\"WebSite\",\"@id\":\"https:\/\/Umecit.edu.pa\/#website\",\"url\":\"https:\/\/Umecit.edu.pa\/\",\"name\":\"Umecit - Universidad en Panam\u00e1\",\"description\":\"Universidad Metropolitana de Educaci\u00f3n, Ciencia y Tecnolog\u00eda\",\"publisher\":{\"@id\":\"https:\/\/Umecit.edu.pa\/#organization\"},\"potentialAction\":[{\"@type\":\"SearchAction\",\"target\":{\"@type\":\"EntryPoint\",\"urlTemplate\":\"https:\/\/Umecit.edu.pa\/?s={search_term_string}\"},\"query-input\":{\"@type\":\"PropertyValueSpecification\",\"valueRequired\":true,\"valueName\":\"search_term_string\"}}],\"inLanguage\":\"en-US\"},{\"@type\":\"Organization\",\"@id\":\"https:\/\/Umecit.edu.pa\/#organization\",\"name\":\"Umecit - Universidad en Panam\u00e1\",\"url\":\"https:\/\/Umecit.edu.pa\/\",\"logo\":{\"@type\":\"ImageObject\",\"inLanguage\":\"en-US\",\"@id\":\"https:\/\/Umecit.edu.pa\/#\/schema\/logo\/image\/\",\"url\":\"https:\/\/umecit.edu.pa\/wp-content\/uploads\/2022\/06\/panama-7.jpg\",\"contentUrl\":\"https:\/\/umecit.edu.pa\/wp-content\/uploads\/2022\/06\/panama-7.jpg\",\"width\":1200,\"height\":800,\"caption\":\"Umecit - Universidad en Panam\u00e1\"},\"image\":{\"@id\":\"https:\/\/Umecit.edu.pa\/#\/schema\/logo\/image\/\"},\"sameAs\":[\"https:\/\/www.facebook.com\/umecitpanama\/\",\"https:\/\/x.com\/umecitpanama\",\"https:\/\/www.tiktok.com\/@umecit\",\"https:\/\/www.instagram.com\/umecit\/\",\"https:\/\/www.youtube.com\/channel\/UCP9iXFXi4p_EW_p9p6lprhg\"]},{\"@type\":\"Person\",\"@id\":\"https:\/\/Umecit.edu.pa\/#\/schema\/person\/40099dc83e5be57ddf08048ddb57d348\",\"name\":\"D P\",\"image\":{\"@type\":\"ImageObject\",\"inLanguage\":\"en-US\",\"@id\":\"https:\/\/Umecit.edu.pa\/#\/schema\/person\/image\/\",\"url\":\"https:\/\/secure.gravatar.com\/avatar\/289b3ee8719ed036c744d5f50cde880741926cea9aeae4e17bdf2b4febc9d3c7?s=96&d=mm&r=g\",\"contentUrl\":\"https:\/\/secure.gravatar.com\/avatar\/289b3ee8719ed036c744d5f50cde880741926cea9aeae4e17bdf2b4febc9d3c7?s=96&d=mm&r=g\",\"caption\":\"D P\"},\"url\":\"https:\/\/umecit.edu.pa\/en\/author\/dp\/\"}]}<\/script>\n<!-- \/ Yoast SEO plugin. -->","yoast_head_json":{"title":"UMECIT and UNIMETA strengthen environmental education through a discussion on environmental monitoring - Umecit - University in Panama","description":"From the Faculty of Technology, Construction and Environment of UMECIT, we continue to advance in our processes of internationalization and inter-institutional collaboration. Together with the Corporaci\u00f3n Universitaria del Meta (UNIMETA) and under the coordination of research professor Claudia Mojica and Biologist Jes\u00fas Gonz\u00e1lez, on Saturday, September 28, an enriching conversation was held for students of Building Technology and Electrical Engineering Technology.","robots":{"index":"index","follow":"follow","max-snippet":"max-snippet:-1","max-image-preview":"max-image-preview:large","max-video-preview":"max-video-preview:-1"},"canonical":"https:\/\/ec2-44-206-156-148.compute-1.amazonaws.com\/en\/umecit-y-unimeta-fortalecen-la-educacion-ambiental-a-traves-de-un-conversatorio-sobre-monitoreo-ambiental\/","og_locale":"en_US","og_type":"article","og_title":"UMECIT y UNIMETA fortalecen la educaci\u00f3n ambiental a trav\u00e9s de un conversatorio sobre monitoreo ambiental - Umecit - Universidad en Panam\u00e1","og_description":"Desde la Facultad de Tecnolog\u00eda, Construcci\u00f3n y Medio Ambiente de UMECIT, seguimos avanzando en nuestros procesos de internacionalizaci\u00f3n y colaboraci\u00f3n interinstitucional. En conjunto con la Corporaci\u00f3n Universitaria del Meta (UNIMETA) y bajo la coordinaci\u00f3n de la profesora investigadora Claudia Mojica y el Bi\u00f3logo Jes\u00fas Gonz\u00e1lez, el s\u00e1bado 28 de septiembre se llev\u00f3 a cabo un enriquecedor conversatorio dirigido a los estudiantes de T\u00e9cnica en Edificaciones y T\u00e9cnico en Ingenier\u00eda El\u00e9ctrica.","og_url":"https:\/\/ec2-44-206-156-148.compute-1.amazonaws.com\/en\/umecit-y-unimeta-fortalecen-la-educacion-ambiental-a-traves-de-un-conversatorio-sobre-monitoreo-ambiental\/","og_site_name":"Umecit - Universidad en Panam\u00e1","article_publisher":"https:\/\/www.facebook.com\/umecitpanama\/","article_published_time":"2024-10-01T21:30:14+00:00","article_modified_time":"2024-10-01T22:00:37+00:00","og_image":[{"width":2560,"height":1920,"url":"https:\/\/ec2-44-206-156-148.compute-1.amazonaws.com\/wp-content\/uploads\/2024\/10\/IMG_8975-scaled.jpg","type":"image\/jpeg"}],"author":"D P","twitter_card":"summary_large_image","twitter_creator":"@umecitpanama","twitter_site":"@umecitpanama","twitter_misc":{"Written by":"D P","Est. reading time":"3 minutes"},"schema":{"@context":"https:\/\/schema.org","@graph":[{"@type":"Article","@id":"https:\/\/ec2-44-206-156-148.compute-1.amazonaws.com\/en\/umecit-y-unimeta-fortalecen-la-educacion-ambiental-a-traves-de-un-conversatorio-sobre-monitoreo-ambiental\/#article","isPartOf":{"@id":"https:\/\/ec2-44-206-156-148.compute-1.amazonaws.com\/en\/umecit-y-unimeta-fortalecen-la-educacion-ambiental-a-traves-de-un-conversatorio-sobre-monitoreo-ambiental\/"},"author":{"name":"D P","@id":"https:\/\/Umecit.edu.pa\/#\/schema\/person\/40099dc83e5be57ddf08048ddb57d348"},"headline":"UMECIT y UNIMETA fortalecen la educaci\u00f3n ambiental a trav\u00e9s de un conversatorio sobre monitoreo ambiental","datePublished":"2024-10-01T21:30:14+00:00","dateModified":"2024-10-01T22:00:37+00:00","mainEntityOfPage":{"@id":"https:\/\/ec2-44-206-156-148.compute-1.amazonaws.com\/en\/umecit-y-unimeta-fortalecen-la-educacion-ambiental-a-traves-de-un-conversatorio-sobre-monitoreo-ambiental\/"},"wordCount":232,"publisher":{"@id":"https:\/\/Umecit.edu.pa\/#organization"},"image":{"@id":"https:\/\/ec2-44-206-156-148.compute-1.amazonaws.com\/en\/umecit-y-unimeta-fortalecen-la-educacion-ambiental-a-traves-de-un-conversatorio-sobre-monitoreo-ambiental\/#primaryimage"},"thumbnailUrl":"https:\/\/umecit.edu.pa\/wp-content\/uploads\/2024\/10\/IMG_8975-scaled.jpg","inLanguage":"en-US"},{"@type":"WebPage","@id":"https:\/\/ec2-44-206-156-148.compute-1.amazonaws.com\/en\/umecit-y-unimeta-fortalecen-la-educacion-ambiental-a-traves-de-un-conversatorio-sobre-monitoreo-ambiental\/","url":"https:\/\/ec2-44-206-156-148.compute-1.amazonaws.com\/en\/umecit-y-unimeta-fortalecen-la-educacion-ambiental-a-traves-de-un-conversatorio-sobre-monitoreo-ambiental\/","name":"UMECIT and UNIMETA strengthen environmental education through a discussion on environmental monitoring - Umecit - University in Panama","isPartOf":{"@id":"https:\/\/Umecit.edu.pa\/#website"},"primaryImageOfPage":{"@id":"https:\/\/ec2-44-206-156-148.compute-1.amazonaws.com\/en\/umecit-y-unimeta-fortalecen-la-educacion-ambiental-a-traves-de-un-conversatorio-sobre-monitoreo-ambiental\/#primaryimage"},"image":{"@id":"https:\/\/ec2-44-206-156-148.compute-1.amazonaws.com\/en\/umecit-y-unimeta-fortalecen-la-educacion-ambiental-a-traves-de-un-conversatorio-sobre-monitoreo-ambiental\/#primaryimage"},"thumbnailUrl":"https:\/\/umecit.edu.pa\/wp-content\/uploads\/2024\/10\/IMG_8975-scaled.jpg","datePublished":"2024-10-01T21:30:14+00:00","dateModified":"2024-10-01T22:00:37+00:00","description":"From the Faculty of Technology, Construction and Environment of UMECIT, we continue to advance in our processes of internationalization and inter-institutional collaboration. Together with the Corporaci\u00f3n Universitaria del Meta (UNIMETA) and under the coordination of research professor Claudia Mojica and Biologist Jes\u00fas Gonz\u00e1lez, on Saturday, September 28, an enriching conversation was held for students of Building Technology and Electrical Engineering Technology.","breadcrumb":{"@id":"https:\/\/ec2-44-206-156-148.compute-1.amazonaws.com\/en\/umecit-y-unimeta-fortalecen-la-educacion-ambiental-a-traves-de-un-conversatorio-sobre-monitoreo-ambiental\/#breadcrumb"},"inLanguage":"en-US","potentialAction":[{"@type":"ReadAction","target":["https:\/\/ec2-44-206-156-148.compute-1.amazonaws.com\/en\/umecit-y-unimeta-fortalecen-la-educacion-ambiental-a-traves-de-un-conversatorio-sobre-monitoreo-ambiental\/"]}]},{"@type":"ImageObject","inLanguage":"en-US","@id":"https:\/\/ec2-44-206-156-148.compute-1.amazonaws.com\/en\/umecit-y-unimeta-fortalecen-la-educacion-ambiental-a-traves-de-un-conversatorio-sobre-monitoreo-ambiental\/#primaryimage","url":"https:\/\/umecit.edu.pa\/wp-content\/uploads\/2024\/10\/IMG_8975-scaled.jpg","contentUrl":"https:\/\/umecit.edu.pa\/wp-content\/uploads\/2024\/10\/IMG_8975-scaled.jpg","width":2560,"height":1920},{"@type":"BreadcrumbList","@id":"https:\/\/ec2-44-206-156-148.compute-1.amazonaws.com\/en\/umecit-y-unimeta-fortalecen-la-educacion-ambiental-a-traves-de-un-conversatorio-sobre-monitoreo-ambiental\/#breadcrumb","itemListElement":[{"@type":"ListItem","position":1,"name":"Portada","item":"https:\/\/Umecit.edu.pa\/"},{"@type":"ListItem","position":2,"name":"UMECIT y UNIMETA fortalecen la educaci\u00f3n ambiental a trav\u00e9s de un conversatorio sobre monitoreo ambiental"}]},{"@type":"WebSite","@id":"https:\/\/Umecit.edu.pa\/#website","url":"https:\/\/Umecit.edu.pa\/","name":"Umecit - University in Panama","description":"Metropolitan University of Education, Science and Technology","publisher":{"@id":"https:\/\/Umecit.edu.pa\/#organization"},"potentialAction":[{"@type":"SearchAction","target":{"@type":"EntryPoint","urlTemplate":"https:\/\/Umecit.edu.pa\/?s={search_term_string}"},"query-input":{"@type":"PropertyValueSpecification","valueRequired":true,"valueName":"search_term_string"}}],"inLanguage":"en-US"},{"@type":"Organization","@id":"https:\/\/Umecit.edu.pa\/#organization","name":"Umecit - University in Panama","url":"https:\/\/Umecit.edu.pa\/","logo":{"@type":"ImageObject","inLanguage":"en-US","@id":"https:\/\/Umecit.edu.pa\/#\/schema\/logo\/image\/","url":"https:\/\/umecit.edu.pa\/wp-content\/uploads\/2022\/06\/panama-7.jpg","contentUrl":"https:\/\/umecit.edu.pa\/wp-content\/uploads\/2022\/06\/panama-7.jpg","width":1200,"height":800,"caption":"Umecit - Universidad en Panam\u00e1"},"image":{"@id":"https:\/\/Umecit.edu.pa\/#\/schema\/logo\/image\/"},"sameAs":["https:\/\/www.facebook.com\/umecitpanama\/","https:\/\/x.com\/umecitpanama","https:\/\/www.tiktok.com\/@umecit","https:\/\/www.instagram.com\/umecit\/","https:\/\/www.youtube.com\/channel\/UCP9iXFXi4p_EW_p9p6lprhg"]},{"@type":"Person","@id":"https:\/\/Umecit.edu.pa\/#\/schema\/person\/40099dc83e5be57ddf08048ddb57d348","name":"DP","image":{"@type":"ImageObject","inLanguage":"en-US","@id":"https:\/\/Umecit.edu.pa\/#\/schema\/person\/image\/","url":"https:\/\/secure.gravatar.com\/avatar\/289b3ee8719ed036c744d5f50cde880741926cea9aeae4e17bdf2b4febc9d3c7?s=96&d=mm&r=g","contentUrl":"https:\/\/secure.gravatar.com\/avatar\/289b3ee8719ed036c744d5f50cde880741926cea9aeae4e17bdf2b4febc9d3c7?s=96&d=mm&r=g","caption":"D P"},"url":"https:\/\/umecit.edu.pa\/en\/author\/dp\/"}]}},"_links":{"self":[{"href":"https:\/\/umecit.edu.pa\/en\/wp-json\/wp\/v2\/posts\/119234","targetHints":{"allow":["GET"]}}],"collection":[{"href":"https:\/\/umecit.edu.pa\/en\/wp-json\/wp\/v2\/posts"}],"about":[{"href":"https:\/\/umecit.edu.pa\/en\/wp-json\/wp\/v2\/types\/post"}],"author":[{"embeddable":true,"href":"https:\/\/umecit.edu.pa\/en\/wp-json\/wp\/v2\/users\/827"}],"replies":[{"embeddable":true,"href":"https:\/\/umecit.edu.pa\/en\/wp-json\/wp\/v2\/comments?post=119234"}],"version-history":[{"count":0,"href":"https:\/\/umecit.edu.pa\/en\/wp-json\/wp\/v2\/posts\/119234\/revisions"}],"wp:featuredmedia":[{"embeddable":true,"href":"https:\/\/umecit.edu.pa\/en\/wp-json\/wp\/v2\/media\/119248"}],"wp:attachment":[{"href":"https:\/\/umecit.edu.pa\/en\/wp-json\/wp\/v2\/media?parent=119234"}],"wp:term":[{"taxonomy":"category","embeddable":true,"href":"https:\/\/umecit.edu.pa\/en\/wp-json\/wp\/v2\/categories?post=119234"},{"taxonomy":"post_tag","embeddable":true,"href":"https:\/\/umecit.edu.pa\/en\/wp-json\/wp\/v2\/tags?post=119234"}],"curies":[{"name":"wp","href":"https:\/\/api.w.org\/{rel}","templated":true}]}}