{"id":116497,"date":"2024-08-08T12:19:39","date_gmt":"2024-08-08T17:19:39","guid":{"rendered":"https:\/\/umecit.edu.pa\/?p=116497"},"modified":"2024-08-08T12:22:13","modified_gmt":"2024-08-08T17:22:13","slug":"campana-de-promocion-de-salud-en-la-sede-veneto-b-un-compromiso-con-la-seguridad-y-el-bienestar-estudiantil","status":"publish","type":"post","link":"https:\/\/umecit.edu.pa\/en\/campana-de-promocion-de-salud-en-la-sede-veneto-b-un-compromiso-con-la-seguridad-y-el-bienestar-estudiantil\/","title":{"rendered":"Health Promotion Campaign at Veneto B Campus: A Commitment to Student Safety and Wellbeing"},"content":{"rendered":"<div data-elementor-type=\"wp-post\" data-elementor-id=\"116497\" class=\"elementor elementor-116497\" data-elementor-post-type=\"post\">\n\t\t\t\t\t\t<section class=\"elementor-section elementor-top-section elementor-element elementor-element-0904b8c elementor-section-boxed elementor-section-height-default elementor-section-height-default row-top\" data-id=\"0904b8c\" data-element_type=\"section\" data-e-type=\"section\">\n\t\t\t\t\t\t<div class=\"elementor-container elementor-column-gap-default\">\n\t\t\t\t\t<div class=\"elementor-column elementor-col-100 elementor-top-column elementor-element elementor-element-75c06ea column-style-top\" data-id=\"75c06ea\" data-element_type=\"column\" data-e-type=\"column\">\n\t\t\t<div class=\"elementor-widget-wrap elementor-element-populated\">\n\t\t\t\t\t\t<div class=\"elementor-element elementor-element-cf8e145 elementor-widget elementor-widget-text-editor\" data-id=\"cf8e145\" data-element_type=\"widget\" data-e-type=\"widget\" data-widget_type=\"text-editor.default\">\n\t\t\t\t<div class=\"elementor-widget-container\">\n\t\t\t\t\t\t\t\t\t<p>During the month of July, the Veneto B campus became the epicentre of a remarkable initiative promoted by students of the Occupational Health and Safety course, who, within the framework of their professional practice, carried out a successful health promotion campaign in the classrooms, complemented by active breaks that revitalised the academic environment. This initiative had the enthusiastic collaboration of Radiology students, who actively joined in the activities, reinforcing the interdisciplinary spirit that characterises the university community.<\/p><p>The campaign, designed with a comprehensive approach, included daily activities aimed at strengthening the commitment to safety and health within the educational environment. The active breaks, which took place during class hours, consisted of short physical exercises and relaxation activities, which not only promoted the physical well-being of students, but also contributed to reducing stress and increasing concentration.<\/p><p>One of the pillars of the campaign was the importance of ergonomics in students\u2019 daily lives. During the health promotion sessions, it was stressed how good posture and proper use of furniture can prevent long-term injuries and improve overall well-being. In addition, the different types of risks to which both students and staff are exposed in the academic environment were addressed, including physical, chemical, biological and psychosocial risks. Essential information was provided on how to identify these risks and best practices to mitigate them, always with the aim of maintaining a safe and healthy study and work environment.<\/p><p>The response from the student community was exceptional. Participants expressed their gratitude, highlighting the immediate benefits to their well-being and academic performance. The campaign not only promoted healthy habits, but also highlighted the importance of prevention and well-being in everyday life, consolidating the university&#039;s commitment to safety and health in the classroom.<\/p><p>This interdisciplinary collaboration, led by Occupational Health and Safety students with the support of their Radiology colleagues, once again demonstrates the university&#039;s ongoing efforts to ensure a safer and healthier environment for all.<\/p>\t\t\t\t\t\t\t\t<\/div>\n\t\t\t\t<\/div>\n\t\t\t\t<div class=\"elementor-element elementor-element-4515709 elementor-widget elementor-widget-video\" data-id=\"4515709\" data-element_type=\"widget\" data-e-type=\"widget\" data-settings=\"{&quot;video_type&quot;:&quot;hosted&quot;,&quot;controls&quot;:&quot;yes&quot;}\" data-widget_type=\"video.default\">\n\t\t\t\t<div class=\"elementor-widget-container\">\n\t\t\t\t\t\t\t<div class=\"e-hosted-video elementor-wrapper elementor-open-inline\">\n\t\t\t\t\t<video class=\"elementor-video\" src=\"https:\/\/umecit.edu.pa\/wp-content\/uploads\/2024\/08\/Video-de-WhatsApp-2024-08-06-a-las-17.12.55_db5d09f5.mp4\" controls=\"\" preload=\"metadata\" controlslist=\"nodownload\"><\/video>\n\t\t\t\t<\/div>\n\t\t\t\t\t\t<\/div>\n\t\t\t\t<\/div>\n\t\t\t\t<div class=\"elementor-element elementor-element-46bd88c elementor-arrows-position-inside elementor-pagination-position-outside elementor-widget elementor-widget-image-carousel\" data-id=\"46bd88c\" data-element_type=\"widget\" data-e-type=\"widget\" data-settings=\"{&quot;slides_to_show&quot;:&quot;1&quot;,&quot;navigation&quot;:&quot;both&quot;,&quot;autoplay&quot;:&quot;yes&quot;,&quot;pause_on_hover&quot;:&quot;yes&quot;,&quot;pause_on_interaction&quot;:&quot;yes&quot;,&quot;autoplay_speed&quot;:5000,&quot;infinite&quot;:&quot;yes&quot;,&quot;effect&quot;:&quot;slide&quot;,&quot;speed&quot;:500}\" data-widget_type=\"image-carousel.default\">\n\t\t\t\t<div class=\"elementor-widget-container\">\n\t\t\t\t\t\t\t<div class=\"elementor-image-carousel-wrapper swiper\" role=\"region\" aria-roledescription=\"carousel\" aria-label=\"Image Carousel\" dir=\"ltr\" data-no-translation-aria-label=\"\">\n\t\t\t<div class=\"elementor-image-carousel swiper-wrapper\" aria-live=\"off\">\n\t\t\t\t\t\t\t\t<div class=\"swiper-slide\" role=\"group\" aria-roledescription=\"slide\" aria-label=\"1 of 2\" data-no-translation-aria-label=\"\"><figure class=\"swiper-slide-inner\"><img decoding=\"async\" class=\"swiper-slide-image\" src=\"https:\/\/44.206.156.148\/wp-content\/uploads\/2024\/08\/3-1-768x768.jpg\" alt=\"3 (1)\" \/><\/figure><\/div><div class=\"swiper-slide\" role=\"group\" aria-roledescription=\"slide\" aria-label=\"2 of 2\" data-no-translation-aria-label=\"\"><figure class=\"swiper-slide-inner\"><img decoding=\"async\" class=\"swiper-slide-image\" src=\"https:\/\/44.206.156.148\/wp-content\/uploads\/2024\/08\/1-6-768x768.jpg\" alt=\"1 (6)\" \/><\/figure><\/div>\t\t\t<\/div>\n\t\t\t\t\t\t\t\t\t\t\t\t<div class=\"elementor-swiper-button elementor-swiper-button-prev\" role=\"button\" tabindex=\"0\">\n\t\t\t\t\t\t<i aria-hidden=\"true\" class=\"eicon-chevron-left\"><\/i>\t\t\t\t\t<\/div>\n\t\t\t\t\t<div class=\"elementor-swiper-button elementor-swiper-button-next\" role=\"button\" tabindex=\"0\">\n\t\t\t\t\t\t<i aria-hidden=\"true\" class=\"eicon-chevron-right\"><\/i>\t\t\t\t\t<\/div>\n\t\t\t\t\n\t\t\t\t\t\t\t\t\t<div class=\"swiper-pagination\"><\/div>\n\t\t\t\t\t\t\t\t\t<\/div>\n\t\t\t\t\t\t<\/div>\n\t\t\t\t<\/div>\n\t\t\t\t\t<\/div>\n\t\t<\/div>\n\t\t\t\t\t<\/div>\n\t\t<\/section>\n\t\t\t\t<\/div>","protected":false},"excerpt":{"rendered":"<p>With the aim of strengthening the teaching-learning process and creating solid ties between the university and the business sector, the students of the Bachelor&#039;s Degree in Maritime and Port Administration of the Panama Headquarters made an enriching visit to the Port of PSA Panama International Terminal.<\/p>","protected":false},"author":695,"featured_media":116498,"comment_status":"closed","ping_status":"closed","sticky":false,"template":"","format":"standard","meta":{"footnotes":""},"categories":[108,73,251,109,235,174],"tags":[115,151,231],"class_list":["post-116497","post","type-post","status-publish","format-standard","has-post-thumbnail","hentry","category-carreras","category-educacion","category-facultad-de-ciencias-de-la-salud","category-noticias","category-reacreditacion-seguridad-y-salud-ocupacional","category-universidad","tag-educacion","tag-noticias","tag-umecit"],"yoast_head":"<!-- This site is optimized with the Yoast SEO plugin v27.1.1 - https:\/\/yoast.com\/product\/yoast-seo-wordpress\/ -->\n<title>Campa\u00f1a de Promoci\u00f3n de Salud en la Sede V\u00e9neto B: Un Compromiso con la Seguridad y el Bienestar Estudiantil<\/title>\n<meta name=\"description\" content=\"La Secretar\u00eda Ejecutiva de la CONAPRED, Jissel Maitin, junto con la Lic. Thais Tejada, la Dra. Nadja Porcell y la Lcda. Shesnarda Herrera, ofrecieron una excelente exposici\u00f3n a nuestros estudiantes de la Facultad de Ciencias de la Salud.\" \/>\n<meta name=\"robots\" content=\"index, follow, max-snippet:-1, max-image-preview:large, max-video-preview:-1\" \/>\n<link rel=\"canonical\" href=\"https:\/\/umecit.edu.pa\/en\/campana-de-promocion-de-salud-en-la-sede-veneto-b-un-compromiso-con-la-seguridad-y-el-bienestar-estudiantil\/\" \/>\n<meta property=\"og:locale\" content=\"en_US\" \/>\n<meta property=\"og:type\" content=\"article\" \/>\n<meta property=\"og:title\" content=\"Campa\u00f1a de Promoci\u00f3n de Salud en la Sede V\u00e9neto B: Un Compromiso con la Seguridad y el Bienestar Estudiantil\" \/>\n<meta property=\"og:description\" content=\"La Secretar\u00eda Ejecutiva de la CONAPRED, Jissel Maitin, junto con la Lic. Thais Tejada, la Dra. Nadja Porcell y la Lcda. Shesnarda Herrera, ofrecieron una excelente exposici\u00f3n a nuestros estudiantes de la Facultad de Ciencias de la Salud.\" \/>\n<meta property=\"og:url\" content=\"https:\/\/umecit.edu.pa\/en\/campana-de-promocion-de-salud-en-la-sede-veneto-b-un-compromiso-con-la-seguridad-y-el-bienestar-estudiantil\/\" \/>\n<meta property=\"og:site_name\" content=\"Umecit - Universidad en Panam\u00e1\" \/>\n<meta property=\"article:publisher\" content=\"https:\/\/www.facebook.com\/umecitpanama\/\" \/>\n<meta property=\"article:published_time\" content=\"2024-08-08T17:19:39+00:00\" \/>\n<meta property=\"article:modified_time\" content=\"2024-08-08T17:22:13+00:00\" \/>\n<meta property=\"og:image\" content=\"https:\/\/umecit.edu.pa\/wp-content\/uploads\/2024\/08\/FONDOS-1920-x-900-px-2024-08-08T121747.115.jpg\" \/>\n\t<meta property=\"og:image:width\" content=\"1920\" \/>\n\t<meta property=\"og:image:height\" content=\"900\" \/>\n\t<meta property=\"og:image:type\" content=\"image\/jpeg\" \/>\n<meta name=\"author\" content=\"mercadeo umecit\" \/>\n<meta name=\"twitter:card\" content=\"summary_large_image\" \/>\n<meta name=\"twitter:creator\" content=\"@umecitpanama\" \/>\n<meta name=\"twitter:site\" content=\"@umecitpanama\" \/>\n<meta name=\"twitter:label1\" content=\"Written by\" \/>\n\t<meta name=\"twitter:data1\" content=\"mercadeo umecit\" \/>\n\t<meta name=\"twitter:label2\" content=\"Est. reading time\" \/>\n\t<meta name=\"twitter:data2\" content=\"3 minutes\" \/>\n<script type=\"application\/ld+json\" class=\"yoast-schema-graph\">{\"@context\":\"https:\/\/schema.org\",\"@graph\":[{\"@type\":\"Article\",\"@id\":\"https:\/\/umecit.edu.pa\/en\/campana-de-promocion-de-salud-en-la-sede-veneto-b-un-compromiso-con-la-seguridad-y-el-bienestar-estudiantil\/#article\",\"isPartOf\":{\"@id\":\"https:\/\/umecit.edu.pa\/en\/campana-de-promocion-de-salud-en-la-sede-veneto-b-un-compromiso-con-la-seguridad-y-el-bienestar-estudiantil\/\"},\"author\":{\"name\":\"mercadeo umecit\",\"@id\":\"https:\/\/umecit.edu.pa\/en\/#\/schema\/person\/b2c0d29c839513d3464f9c9e1f3e6f69\"},\"headline\":\"Campa\u00f1a de Promoci\u00f3n de Salud en la Sede V\u00e9neto B: Un Compromiso con la Seguridad y el Bienestar Estudiantil\",\"datePublished\":\"2024-08-08T17:19:39+00:00\",\"dateModified\":\"2024-08-08T17:22:13+00:00\",\"mainEntityOfPage\":{\"@id\":\"https:\/\/umecit.edu.pa\/en\/campana-de-promocion-de-salud-en-la-sede-veneto-b-un-compromiso-con-la-seguridad-y-el-bienestar-estudiantil\/\"},\"wordCount\":445,\"publisher\":{\"@id\":\"https:\/\/umecit.edu.pa\/en\/#organization\"},\"image\":{\"@id\":\"https:\/\/umecit.edu.pa\/en\/campana-de-promocion-de-salud-en-la-sede-veneto-b-un-compromiso-con-la-seguridad-y-el-bienestar-estudiantil\/#primaryimage\"},\"thumbnailUrl\":\"https:\/\/umecit.edu.pa\/wp-content\/uploads\/2024\/08\/FONDOS-1920-x-900-px-2024-08-08T121747.115.jpg\",\"keywords\":[\"Educaci\u00f3n\",\"Noticias\",\"UMECIT\"],\"articleSection\":[\"Carreras\",\"Educaci\u00f3n\",\"Facultad de Ciencias de la Salud\",\"Noticias\",\"Reacreditaci\u00f3n Seguridad y Salud Ocupacional\",\"Universidad\"],\"inLanguage\":\"en-US\"},{\"@type\":\"WebPage\",\"@id\":\"https:\/\/umecit.edu.pa\/en\/campana-de-promocion-de-salud-en-la-sede-veneto-b-un-compromiso-con-la-seguridad-y-el-bienestar-estudiantil\/\",\"url\":\"https:\/\/umecit.edu.pa\/en\/campana-de-promocion-de-salud-en-la-sede-veneto-b-un-compromiso-con-la-seguridad-y-el-bienestar-estudiantil\/\",\"name\":\"Campa\u00f1a de Promoci\u00f3n de Salud en la Sede V\u00e9neto B: Un Compromiso con la Seguridad y el Bienestar Estudiantil\",\"isPartOf\":{\"@id\":\"https:\/\/umecit.edu.pa\/en\/#website\"},\"primaryImageOfPage\":{\"@id\":\"https:\/\/umecit.edu.pa\/en\/campana-de-promocion-de-salud-en-la-sede-veneto-b-un-compromiso-con-la-seguridad-y-el-bienestar-estudiantil\/#primaryimage\"},\"image\":{\"@id\":\"https:\/\/umecit.edu.pa\/en\/campana-de-promocion-de-salud-en-la-sede-veneto-b-un-compromiso-con-la-seguridad-y-el-bienestar-estudiantil\/#primaryimage\"},\"thumbnailUrl\":\"https:\/\/umecit.edu.pa\/wp-content\/uploads\/2024\/08\/FONDOS-1920-x-900-px-2024-08-08T121747.115.jpg\",\"datePublished\":\"2024-08-08T17:19:39+00:00\",\"dateModified\":\"2024-08-08T17:22:13+00:00\",\"description\":\"La Secretar\u00eda Ejecutiva de la CONAPRED, Jissel Maitin, junto con la Lic. Thais Tejada, la Dra. Nadja Porcell y la Lcda. Shesnarda Herrera, ofrecieron una excelente exposici\u00f3n a nuestros estudiantes de la Facultad de Ciencias de la Salud.\",\"breadcrumb\":{\"@id\":\"https:\/\/umecit.edu.pa\/en\/campana-de-promocion-de-salud-en-la-sede-veneto-b-un-compromiso-con-la-seguridad-y-el-bienestar-estudiantil\/#breadcrumb\"},\"inLanguage\":\"en-US\",\"potentialAction\":[{\"@type\":\"ReadAction\",\"target\":[\"https:\/\/umecit.edu.pa\/en\/campana-de-promocion-de-salud-en-la-sede-veneto-b-un-compromiso-con-la-seguridad-y-el-bienestar-estudiantil\/\"]}]},{\"@type\":\"ImageObject\",\"inLanguage\":\"en-US\",\"@id\":\"https:\/\/umecit.edu.pa\/en\/campana-de-promocion-de-salud-en-la-sede-veneto-b-un-compromiso-con-la-seguridad-y-el-bienestar-estudiantil\/#primaryimage\",\"url\":\"https:\/\/umecit.edu.pa\/wp-content\/uploads\/2024\/08\/FONDOS-1920-x-900-px-2024-08-08T121747.115.jpg\",\"contentUrl\":\"https:\/\/umecit.edu.pa\/wp-content\/uploads\/2024\/08\/FONDOS-1920-x-900-px-2024-08-08T121747.115.jpg\",\"width\":1920,\"height\":900,\"caption\":\"Campa\u00f1a de Promoci\u00f3n de Salud en la Sede V\u00e9neto B: Un Compromiso con la Seguridad y el Bienestar Estudiantil\"},{\"@type\":\"BreadcrumbList\",\"@id\":\"https:\/\/umecit.edu.pa\/en\/campana-de-promocion-de-salud-en-la-sede-veneto-b-un-compromiso-con-la-seguridad-y-el-bienestar-estudiantil\/#breadcrumb\",\"itemListElement\":[{\"@type\":\"ListItem\",\"position\":1,\"name\":\"Portada\",\"item\":\"https:\/\/umecit.edu.pa\/en\/\"},{\"@type\":\"ListItem\",\"position\":2,\"name\":\"Campa\u00f1a de Promoci\u00f3n de Salud en la Sede V\u00e9neto B: Un Compromiso con la Seguridad y el Bienestar Estudiantil\"}]},{\"@type\":\"WebSite\",\"@id\":\"https:\/\/umecit.edu.pa\/en\/#website\",\"url\":\"https:\/\/umecit.edu.pa\/en\/\",\"name\":\"Umecit - Universidad en Panam\u00e1\",\"description\":\"Universidad Metropolitana de Educaci\u00f3n, Ciencia y Tecnolog\u00eda\",\"publisher\":{\"@id\":\"https:\/\/umecit.edu.pa\/en\/#organization\"},\"potentialAction\":[{\"@type\":\"SearchAction\",\"target\":{\"@type\":\"EntryPoint\",\"urlTemplate\":\"https:\/\/umecit.edu.pa\/en\/?s={search_term_string}\"},\"query-input\":{\"@type\":\"PropertyValueSpecification\",\"valueRequired\":true,\"valueName\":\"search_term_string\"}}],\"inLanguage\":\"en-US\"},{\"@type\":\"Organization\",\"@id\":\"https:\/\/umecit.edu.pa\/en\/#organization\",\"name\":\"Umecit - Universidad en Panam\u00e1\",\"url\":\"https:\/\/umecit.edu.pa\/en\/\",\"logo\":{\"@type\":\"ImageObject\",\"inLanguage\":\"en-US\",\"@id\":\"https:\/\/umecit.edu.pa\/en\/#\/schema\/logo\/image\/\",\"url\":\"https:\/\/umecit.edu.pa\/wp-content\/uploads\/2022\/06\/panama-7.jpg\",\"contentUrl\":\"https:\/\/umecit.edu.pa\/wp-content\/uploads\/2022\/06\/panama-7.jpg\",\"width\":1200,\"height\":800,\"caption\":\"Umecit - Universidad en Panam\u00e1\"},\"image\":{\"@id\":\"https:\/\/umecit.edu.pa\/en\/#\/schema\/logo\/image\/\"},\"sameAs\":[\"https:\/\/www.facebook.com\/umecitpanama\/\",\"https:\/\/x.com\/umecitpanama\",\"https:\/\/www.tiktok.com\/@umecit\",\"https:\/\/www.instagram.com\/umecit\/\",\"https:\/\/www.youtube.com\/channel\/UCP9iXFXi4p_EW_p9p6lprhg\"]},{\"@type\":\"Person\",\"@id\":\"https:\/\/umecit.edu.pa\/en\/#\/schema\/person\/b2c0d29c839513d3464f9c9e1f3e6f69\",\"name\":\"mercadeo umecit\",\"image\":{\"@type\":\"ImageObject\",\"inLanguage\":\"en-US\",\"@id\":\"https:\/\/umecit.edu.pa\/en\/#\/schema\/person\/image\/\",\"url\":\"https:\/\/secure.gravatar.com\/avatar\/4bd79a51f57922b8709c7f62c99ce71611fc5526021ce2d15534b9ae452e6a1c?s=96&d=mm&r=g\",\"contentUrl\":\"https:\/\/secure.gravatar.com\/avatar\/4bd79a51f57922b8709c7f62c99ce71611fc5526021ce2d15534b9ae452e6a1c?s=96&d=mm&r=g\",\"caption\":\"mercadeo umecit\"},\"url\":\"https:\/\/umecit.edu.pa\/en\/author\/mercadeo\/\"}]}<\/script>\n<!-- \/ Yoast SEO plugin. -->","yoast_head_json":{"title":"Health Promotion Campaign at Veneto B Campus: A Commitment to Student Safety and Wellbeing","description":"CONAPRED Executive Secretary Jissel Maitin, together with Lic. Thais Tejada, Dr. Nadja Porcell and Lcda. Shesnarda Herrera, offered an excellent presentation to our students of the Faculty of Health Sciences.","robots":{"index":"index","follow":"follow","max-snippet":"max-snippet:-1","max-image-preview":"max-image-preview:large","max-video-preview":"max-video-preview:-1"},"canonical":"https:\/\/umecit.edu.pa\/en\/campana-de-promocion-de-salud-en-la-sede-veneto-b-un-compromiso-con-la-seguridad-y-el-bienestar-estudiantil\/","og_locale":"en_US","og_type":"article","og_title":"Campa\u00f1a de Promoci\u00f3n de Salud en la Sede V\u00e9neto B: Un Compromiso con la Seguridad y el Bienestar Estudiantil","og_description":"La Secretar\u00eda Ejecutiva de la CONAPRED, Jissel Maitin, junto con la Lic. Thais Tejada, la Dra. Nadja Porcell y la Lcda. Shesnarda Herrera, ofrecieron una excelente exposici\u00f3n a nuestros estudiantes de la Facultad de Ciencias de la Salud.","og_url":"https:\/\/umecit.edu.pa\/en\/campana-de-promocion-de-salud-en-la-sede-veneto-b-un-compromiso-con-la-seguridad-y-el-bienestar-estudiantil\/","og_site_name":"Umecit - Universidad en Panam\u00e1","article_publisher":"https:\/\/www.facebook.com\/umecitpanama\/","article_published_time":"2024-08-08T17:19:39+00:00","article_modified_time":"2024-08-08T17:22:13+00:00","og_image":[{"width":1920,"height":900,"url":"https:\/\/umecit.edu.pa\/wp-content\/uploads\/2024\/08\/FONDOS-1920-x-900-px-2024-08-08T121747.115.jpg","type":"image\/jpeg"}],"author":"mercadeo umecit","twitter_card":"summary_large_image","twitter_creator":"@umecitpanama","twitter_site":"@umecitpanama","twitter_misc":{"Written by":"mercadeo umecit","Est. reading time":"3 minutes"},"schema":{"@context":"https:\/\/schema.org","@graph":[{"@type":"Article","@id":"https:\/\/umecit.edu.pa\/en\/campana-de-promocion-de-salud-en-la-sede-veneto-b-un-compromiso-con-la-seguridad-y-el-bienestar-estudiantil\/#article","isPartOf":{"@id":"https:\/\/umecit.edu.pa\/en\/campana-de-promocion-de-salud-en-la-sede-veneto-b-un-compromiso-con-la-seguridad-y-el-bienestar-estudiantil\/"},"author":{"name":"mercadeo umecit","@id":"https:\/\/umecit.edu.pa\/en\/#\/schema\/person\/b2c0d29c839513d3464f9c9e1f3e6f69"},"headline":"Campa\u00f1a de Promoci\u00f3n de Salud en la Sede V\u00e9neto B: Un Compromiso con la Seguridad y el Bienestar Estudiantil","datePublished":"2024-08-08T17:19:39+00:00","dateModified":"2024-08-08T17:22:13+00:00","mainEntityOfPage":{"@id":"https:\/\/umecit.edu.pa\/en\/campana-de-promocion-de-salud-en-la-sede-veneto-b-un-compromiso-con-la-seguridad-y-el-bienestar-estudiantil\/"},"wordCount":445,"publisher":{"@id":"https:\/\/umecit.edu.pa\/en\/#organization"},"image":{"@id":"https:\/\/umecit.edu.pa\/en\/campana-de-promocion-de-salud-en-la-sede-veneto-b-un-compromiso-con-la-seguridad-y-el-bienestar-estudiantil\/#primaryimage"},"thumbnailUrl":"https:\/\/umecit.edu.pa\/wp-content\/uploads\/2024\/08\/FONDOS-1920-x-900-px-2024-08-08T121747.115.jpg","keywords":["Educaci\u00f3n","Noticias","UMECIT"],"articleSection":["Carreras","Educaci\u00f3n","Facultad de Ciencias de la Salud","Noticias","Reacreditaci\u00f3n Seguridad y Salud Ocupacional","Universidad"],"inLanguage":"en-US"},{"@type":"WebPage","@id":"https:\/\/umecit.edu.pa\/en\/campana-de-promocion-de-salud-en-la-sede-veneto-b-un-compromiso-con-la-seguridad-y-el-bienestar-estudiantil\/","url":"https:\/\/umecit.edu.pa\/en\/campana-de-promocion-de-salud-en-la-sede-veneto-b-un-compromiso-con-la-seguridad-y-el-bienestar-estudiantil\/","name":"Health Promotion Campaign at Veneto B Campus: A Commitment to Student Safety and Wellbeing","isPartOf":{"@id":"https:\/\/umecit.edu.pa\/en\/#website"},"primaryImageOfPage":{"@id":"https:\/\/umecit.edu.pa\/en\/campana-de-promocion-de-salud-en-la-sede-veneto-b-un-compromiso-con-la-seguridad-y-el-bienestar-estudiantil\/#primaryimage"},"image":{"@id":"https:\/\/umecit.edu.pa\/en\/campana-de-promocion-de-salud-en-la-sede-veneto-b-un-compromiso-con-la-seguridad-y-el-bienestar-estudiantil\/#primaryimage"},"thumbnailUrl":"https:\/\/umecit.edu.pa\/wp-content\/uploads\/2024\/08\/FONDOS-1920-x-900-px-2024-08-08T121747.115.jpg","datePublished":"2024-08-08T17:19:39+00:00","dateModified":"2024-08-08T17:22:13+00:00","description":"CONAPRED Executive Secretary Jissel Maitin, together with Lic. Thais Tejada, Dr. Nadja Porcell and Lcda. Shesnarda Herrera, offered an excellent presentation to our students of the Faculty of Health Sciences.","breadcrumb":{"@id":"https:\/\/umecit.edu.pa\/en\/campana-de-promocion-de-salud-en-la-sede-veneto-b-un-compromiso-con-la-seguridad-y-el-bienestar-estudiantil\/#breadcrumb"},"inLanguage":"en-US","potentialAction":[{"@type":"ReadAction","target":["https:\/\/umecit.edu.pa\/en\/campana-de-promocion-de-salud-en-la-sede-veneto-b-un-compromiso-con-la-seguridad-y-el-bienestar-estudiantil\/"]}]},{"@type":"ImageObject","inLanguage":"en-US","@id":"https:\/\/umecit.edu.pa\/en\/campana-de-promocion-de-salud-en-la-sede-veneto-b-un-compromiso-con-la-seguridad-y-el-bienestar-estudiantil\/#primaryimage","url":"https:\/\/umecit.edu.pa\/wp-content\/uploads\/2024\/08\/FONDOS-1920-x-900-px-2024-08-08T121747.115.jpg","contentUrl":"https:\/\/umecit.edu.pa\/wp-content\/uploads\/2024\/08\/FONDOS-1920-x-900-px-2024-08-08T121747.115.jpg","width":1920,"height":900,"caption":"Campa\u00f1a de Promoci\u00f3n de Salud en la Sede V\u00e9neto B: Un Compromiso con la Seguridad y el Bienestar Estudiantil"},{"@type":"BreadcrumbList","@id":"https:\/\/umecit.edu.pa\/en\/campana-de-promocion-de-salud-en-la-sede-veneto-b-un-compromiso-con-la-seguridad-y-el-bienestar-estudiantil\/#breadcrumb","itemListElement":[{"@type":"ListItem","position":1,"name":"Portada","item":"https:\/\/umecit.edu.pa\/en\/"},{"@type":"ListItem","position":2,"name":"Campa\u00f1a de Promoci\u00f3n de Salud en la Sede V\u00e9neto B: Un Compromiso con la Seguridad y el Bienestar Estudiantil"}]},{"@type":"WebSite","@id":"https:\/\/umecit.edu.pa\/en\/#website","url":"https:\/\/umecit.edu.pa\/en\/","name":"Umecit - University in Panama","description":"Metropolitan University of Education, Science and Technology","publisher":{"@id":"https:\/\/umecit.edu.pa\/en\/#organization"},"potentialAction":[{"@type":"SearchAction","target":{"@type":"EntryPoint","urlTemplate":"https:\/\/umecit.edu.pa\/en\/?s={search_term_string}"},"query-input":{"@type":"PropertyValueSpecification","valueRequired":true,"valueName":"search_term_string"}}],"inLanguage":"en-US"},{"@type":"Organization","@id":"https:\/\/umecit.edu.pa\/en\/#organization","name":"Umecit - University in Panama","url":"https:\/\/umecit.edu.pa\/en\/","logo":{"@type":"ImageObject","inLanguage":"en-US","@id":"https:\/\/umecit.edu.pa\/en\/#\/schema\/logo\/image\/","url":"https:\/\/umecit.edu.pa\/wp-content\/uploads\/2022\/06\/panama-7.jpg","contentUrl":"https:\/\/umecit.edu.pa\/wp-content\/uploads\/2022\/06\/panama-7.jpg","width":1200,"height":800,"caption":"Umecit - Universidad en Panam\u00e1"},"image":{"@id":"https:\/\/umecit.edu.pa\/en\/#\/schema\/logo\/image\/"},"sameAs":["https:\/\/www.facebook.com\/umecitpanama\/","https:\/\/x.com\/umecitpanama","https:\/\/www.tiktok.com\/@umecit","https:\/\/www.instagram.com\/umecit\/","https:\/\/www.youtube.com\/channel\/UCP9iXFXi4p_EW_p9p6lprhg"]},{"@type":"Person","@id":"https:\/\/umecit.edu.pa\/en\/#\/schema\/person\/b2c0d29c839513d3464f9c9e1f3e6f69","name":"umecit marketing","image":{"@type":"ImageObject","inLanguage":"en-US","@id":"https:\/\/umecit.edu.pa\/en\/#\/schema\/person\/image\/","url":"https:\/\/secure.gravatar.com\/avatar\/4bd79a51f57922b8709c7f62c99ce71611fc5526021ce2d15534b9ae452e6a1c?s=96&d=mm&r=g","contentUrl":"https:\/\/secure.gravatar.com\/avatar\/4bd79a51f57922b8709c7f62c99ce71611fc5526021ce2d15534b9ae452e6a1c?s=96&d=mm&r=g","caption":"mercadeo umecit"},"url":"https:\/\/umecit.edu.pa\/en\/author\/mercadeo\/"}]}},"_links":{"self":[{"href":"https:\/\/umecit.edu.pa\/en\/wp-json\/wp\/v2\/posts\/116497","targetHints":{"allow":["GET"]}}],"collection":[{"href":"https:\/\/umecit.edu.pa\/en\/wp-json\/wp\/v2\/posts"}],"about":[{"href":"https:\/\/umecit.edu.pa\/en\/wp-json\/wp\/v2\/types\/post"}],"author":[{"embeddable":true,"href":"https:\/\/umecit.edu.pa\/en\/wp-json\/wp\/v2\/users\/695"}],"replies":[{"embeddable":true,"href":"https:\/\/umecit.edu.pa\/en\/wp-json\/wp\/v2\/comments?post=116497"}],"version-history":[{"count":0,"href":"https:\/\/umecit.edu.pa\/en\/wp-json\/wp\/v2\/posts\/116497\/revisions"}],"wp:featuredmedia":[{"embeddable":true,"href":"https:\/\/umecit.edu.pa\/en\/wp-json\/wp\/v2\/media\/116498"}],"wp:attachment":[{"href":"https:\/\/umecit.edu.pa\/en\/wp-json\/wp\/v2\/media?parent=116497"}],"wp:term":[{"taxonomy":"category","embeddable":true,"href":"https:\/\/umecit.edu.pa\/en\/wp-json\/wp\/v2\/categories?post=116497"},{"taxonomy":"post_tag","embeddable":true,"href":"https:\/\/umecit.edu.pa\/en\/wp-json\/wp\/v2\/tags?post=116497"}],"curies":[{"name":"wp","href":"https:\/\/api.w.org\/{rel}","templated":true}]}}