{"id":116390,"date":"2024-08-01T19:29:39","date_gmt":"2024-08-02T00:29:39","guid":{"rendered":"https:\/\/umecit.edu.pa\/?p=116390"},"modified":"2024-08-01T19:33:32","modified_gmt":"2024-08-02T00:33:32","slug":"seminario-cientifico-sobre-sostenibilidad-del-desarrollo-local-y-proteccion-del-medio-ambiente","status":"publish","type":"post","link":"https:\/\/umecit.edu.pa\/en\/seminario-cientifico-sobre-sostenibilidad-del-desarrollo-local-y-proteccion-del-medio-ambiente\/","title":{"rendered":"Scientific seminar on sustainability of local development and environmental protection"},"content":{"rendered":"<div data-elementor-type=\"wp-post\" data-elementor-id=\"116390\" class=\"elementor elementor-116390\" data-elementor-post-type=\"post\">\n\t\t\t\t\t\t<section class=\"elementor-section elementor-top-section elementor-element elementor-element-0904b8c elementor-section-boxed elementor-section-height-default elementor-section-height-default row-top\" data-id=\"0904b8c\" data-element_type=\"section\" data-e-type=\"section\">\n\t\t\t\t\t\t<div class=\"elementor-container elementor-column-gap-default\">\n\t\t\t\t\t<div class=\"elementor-column elementor-col-100 elementor-top-column elementor-element elementor-element-75c06ea column-style-top\" data-id=\"75c06ea\" data-element_type=\"column\" data-e-type=\"column\">\n\t\t\t<div class=\"elementor-widget-wrap elementor-element-populated\">\n\t\t\t\t\t\t<div class=\"elementor-element elementor-element-cf8e145 elementor-widget elementor-widget-text-editor\" data-id=\"cf8e145\" data-element_type=\"widget\" data-e-type=\"widget\" data-widget_type=\"text-editor.default\">\n\t\t\t\t<div class=\"elementor-widget-container\">\n\t\t\t\t\t\t\t\t\t<p>The Metropolitan University of Education, Science and Technology -UMECIT-, Santiago headquarters, held a scientific seminar on July 23 focused on the sustainability of local development and environmental protection. The main objective of this event was to promote knowledge and discussion around critical issues related to environmental sustainability and local development in the Veraguas Region, through the presentation of scientific research, practical experiences and innovative strategies. These initiatives seek to promote environmental conservation and sustainable development in the region, an issue of growing importance for the local community and the global environment.<\/p><p>The seminar began with a few words of welcome from the research coordinator of the Santiago headquarters, Eng. Ashley Acosta, who highlighted the relevance of the event as a space for collaboration and the exchange of ideas. Master Mart\u00edn Testa attended on behalf of the National Director of Environmental Education, and highlighted the importance of environmental education as a fundamental tool for creating awareness and changing attitudes towards more sustainable practices, empowering local communities to actively participate in The environmental protection.<\/p><p>The president of the REIMA Scientific Council, Dr. Gilberto Cabrera, offered a presentation on research seedbeds and their benefits, highlighting how they can serve as platforms for the development of new ideas and innovative projects, which not only promote academic research, but also have the potential to offer practical solutions to the region&#039;s environmental and social challenges.<\/p><p>The coordinator of research hotbeds at the Santiago headquarters, Prof. Roberto Moreno, emphasized the need for greater links between the university, society and the environment. He highlighted how this collaboration can lead to innovative and practical solutions to local problems, reinforcing the importance of education and environmental management as fundamental pillars for sustainable local development.<\/p><p>Finally, students from the research hotbed of the Bachelor&#039;s Degree in Law and Political Science, Technician in Electrical Engineering and Bachelor&#039;s Degree in Environmental Administration, presented a series of case studies that explored various sustainable technologies and practices. These studies included assessments on the impact of photovoltaics, the benefits of recycling, and the environmental impact of geothermal generation in Panama, offering valuable perspectives on how these technologies and practices can be implemented to promote more sustainable development in the region.<\/p><p>This event not only served as a platform for the dissemination of knowledge, but also reinforced the local community&#039;s commitment to protecting the environment and seeking a more sustainable future. Linking extension and research with communities is crucial to addressing environmental and social challenges, and events like this demonstrate the power of collaboration and the exchange of ideas in the search for innovative and practical solutions.<\/p>\t\t\t\t\t\t\t\t<\/div>\n\t\t\t\t<\/div>\n\t\t\t\t\t<\/div>\n\t\t<\/div>\n\t\t\t\t\t<\/div>\n\t\t<\/section>\n\t\t\t\t<section class=\"elementor-section elementor-top-section elementor-element elementor-element-aa5c229 elementor-section-boxed elementor-section-height-default elementor-section-height-default row-top\" data-id=\"aa5c229\" data-element_type=\"section\" data-e-type=\"section\">\n\t\t\t\t\t\t<div class=\"elementor-container elementor-column-gap-default\">\n\t\t\t\t\t<div class=\"elementor-column elementor-col-100 elementor-top-column elementor-element elementor-element-f2b8c96 column-style-top\" data-id=\"f2b8c96\" data-element_type=\"column\" data-e-type=\"column\">\n\t\t\t<div class=\"elementor-widget-wrap elementor-element-populated\">\n\t\t\t\t\t\t<div class=\"elementor-element elementor-element-4e89713 elementor-arrows-position-inside elementor-pagination-position-outside elementor-widget elementor-widget-image-carousel\" data-id=\"4e89713\" data-element_type=\"widget\" data-e-type=\"widget\" data-settings=\"{&quot;slides_to_show&quot;:&quot;1&quot;,&quot;navigation&quot;:&quot;both&quot;,&quot;autoplay&quot;:&quot;yes&quot;,&quot;pause_on_hover&quot;:&quot;yes&quot;,&quot;pause_on_interaction&quot;:&quot;yes&quot;,&quot;autoplay_speed&quot;:5000,&quot;infinite&quot;:&quot;yes&quot;,&quot;effect&quot;:&quot;slide&quot;,&quot;speed&quot;:500}\" data-widget_type=\"image-carousel.default\">\n\t\t\t\t<div class=\"elementor-widget-container\">\n\t\t\t\t\t\t\t<div class=\"elementor-image-carousel-wrapper swiper\" role=\"region\" aria-roledescription=\"carousel\" aria-label=\"Image Carousel\" dir=\"ltr\">\n\t\t\t<div class=\"elementor-image-carousel swiper-wrapper\" aria-live=\"off\">\n\t\t\t\t\t\t\t\t<div class=\"swiper-slide\" role=\"group\" aria-roledescription=\"slide\" aria-label=\"1 of 4\" data-no-translation-aria-label=\"\"><figure class=\"swiper-slide-inner\"><img decoding=\"async\" class=\"swiper-slide-image\" src=\"https:\/\/umecit.edu.pa\/wp-content\/uploads\/2024\/08\/IMG-20240723-WA0074-768x432.jpg\" alt=\"IMG-20240723-WA0074\" \/><\/figure><\/div><div class=\"swiper-slide\" role=\"group\" aria-roledescription=\"slide\" aria-label=\"2 of 4\" data-no-translation-aria-label=\"\"><figure class=\"swiper-slide-inner\"><img decoding=\"async\" class=\"swiper-slide-image\" src=\"https:\/\/umecit.edu.pa\/wp-content\/uploads\/2024\/08\/IMG-20240723-WA0072-768x432.jpg\" alt=\"IMG-20240723-WA0072\" \/><\/figure><\/div><div class=\"swiper-slide\" role=\"group\" aria-roledescription=\"slide\" aria-label=\"3 of 4\" data-no-translation-aria-label=\"\"><figure class=\"swiper-slide-inner\"><img decoding=\"async\" class=\"swiper-slide-image\" src=\"https:\/\/umecit.edu.pa\/wp-content\/uploads\/2024\/08\/IMG-20240723-WA0067-768x432.jpg\" alt=\"IMG-20240723-WA0067\" \/><\/figure><\/div><div class=\"swiper-slide\" role=\"group\" aria-roledescription=\"slide\" aria-label=\"4 of 4\" data-no-translation-aria-label=\"\"><figure class=\"swiper-slide-inner\"><img decoding=\"async\" class=\"swiper-slide-image\" src=\"https:\/\/umecit.edu.pa\/wp-content\/uploads\/2024\/08\/IMG-20240723-WA0059-768x432.jpg\" alt=\"IMG-20240723-WA0059\" \/><\/figure><\/div>\t\t\t<\/div>\n\t\t\t\t\t\t\t\t\t\t\t\t<div class=\"elementor-swiper-button elementor-swiper-button-prev\" role=\"button\" tabindex=\"0\">\n\t\t\t\t\t\t<i aria-hidden=\"true\" class=\"eicon-chevron-left\"><\/i>\t\t\t\t\t<\/div>\n\t\t\t\t\t<div class=\"elementor-swiper-button elementor-swiper-button-next\" role=\"button\" tabindex=\"0\">\n\t\t\t\t\t\t<i aria-hidden=\"true\" class=\"eicon-chevron-right\"><\/i>\t\t\t\t\t<\/div>\n\t\t\t\t\n\t\t\t\t\t\t\t\t\t<div class=\"swiper-pagination\"><\/div>\n\t\t\t\t\t\t\t\t\t<\/div>\n\t\t\t\t\t\t<\/div>\n\t\t\t\t<\/div>\n\t\t\t\t\t<\/div>\n\t\t<\/div>\n\t\t\t\t\t<\/div>\n\t\t<\/section>\n\t\t\t\t<\/div>","protected":false},"excerpt":{"rendered":"<p>With the aim of strengthening the teaching-learning process and creating solid ties between the university and the business sector, the students of the Bachelor&#039;s Degree in Maritime and Port Administration of the Panama Headquarters made an enriching visit to the Port of PSA Panama International Terminal.<\/p>","protected":false},"author":695,"featured_media":116393,"comment_status":"closed","ping_status":"closed","sticky":false,"template":"","format":"standard","meta":{"footnotes":""},"categories":[108,73,247,249,109,174],"tags":[115,151,231],"class_list":["post-116390","post","type-post","status-publish","format-standard","has-post-thumbnail","hentry","category-carreras","category-educacion","category-facultad-de-derecho-y-ciencias-forenses","category-facultad-de-tecnologia","category-noticias","category-universidad","tag-educacion","tag-noticias","tag-umecit"],"yoast_head":"<!-- This site is optimized with the Yoast SEO plugin v27.1.1 - https:\/\/yoast.com\/product\/yoast-seo-wordpress\/ -->\n<title>Seminario cient\u00edfico sobre sostenibilidad del desarrollo local y protecci\u00f3n del medio ambiente<\/title>\n<meta name=\"description\" content=\"La Universidad Metropolitana de Educaci\u00f3n, Ciencia y Tecnolog\u00eda -UMECIT-, sede Santiago, celebr\u00f3 el pasado 23 de julio un seminario cient\u00edfico enfocado en la sostenibilidad del desarrollo local y la protecci\u00f3n del medio ambiente. Este evento tuvo como objetivo principal fomentar el conocimiento y la discusi\u00f3n en torno a temas cr\u00edticos relacionados con la sostenibilidad ambiental y el desarrollo local de la Regi\u00f3n de Veraguas, mediante la presentaci\u00f3n de investigaciones cient\u00edficas, experiencias pr\u00e1cticas y estrategias innovadoras.\" \/>\n<meta name=\"robots\" content=\"index, follow, max-snippet:-1, max-image-preview:large, max-video-preview:-1\" \/>\n<link rel=\"canonical\" href=\"https:\/\/umecit.edu.pa\/en\/seminario-cientifico-sobre-sostenibilidad-del-desarrollo-local-y-proteccion-del-medio-ambiente\/\" \/>\n<meta property=\"og:locale\" content=\"en_US\" \/>\n<meta property=\"og:type\" content=\"article\" \/>\n<meta property=\"og:title\" content=\"Seminario cient\u00edfico sobre sostenibilidad del desarrollo local y protecci\u00f3n del medio ambiente\" \/>\n<meta property=\"og:description\" content=\"La Universidad Metropolitana de Educaci\u00f3n, Ciencia y Tecnolog\u00eda -UMECIT-, sede Santiago, celebr\u00f3 el pasado 23 de julio un seminario cient\u00edfico enfocado en la sostenibilidad del desarrollo local y la protecci\u00f3n del medio ambiente. Este evento tuvo como objetivo principal fomentar el conocimiento y la discusi\u00f3n en torno a temas cr\u00edticos relacionados con la sostenibilidad ambiental y el desarrollo local de la Regi\u00f3n de Veraguas, mediante la presentaci\u00f3n de investigaciones cient\u00edficas, experiencias pr\u00e1cticas y estrategias innovadoras.\" \/>\n<meta property=\"og:url\" content=\"https:\/\/umecit.edu.pa\/en\/seminario-cientifico-sobre-sostenibilidad-del-desarrollo-local-y-proteccion-del-medio-ambiente\/\" \/>\n<meta property=\"og:site_name\" content=\"Umecit - Universidad en Panam\u00e1\" \/>\n<meta property=\"article:publisher\" content=\"https:\/\/www.facebook.com\/umecitpanama\/\" \/>\n<meta property=\"article:published_time\" content=\"2024-08-02T00:29:39+00:00\" \/>\n<meta property=\"article:modified_time\" content=\"2024-08-02T00:33:32+00:00\" \/>\n<meta property=\"og:image\" content=\"https:\/\/umecit.edu.pa\/wp-content\/uploads\/2024\/08\/IMG-20240723-WA0069.jpg\" \/>\n\t<meta property=\"og:image:width\" content=\"1600\" \/>\n\t<meta property=\"og:image:height\" content=\"900\" \/>\n\t<meta property=\"og:image:type\" content=\"image\/jpeg\" \/>\n<meta name=\"author\" content=\"mercadeo umecit\" \/>\n<meta name=\"twitter:card\" content=\"summary_large_image\" \/>\n<meta name=\"twitter:creator\" content=\"@umecitpanama\" \/>\n<meta name=\"twitter:site\" content=\"@umecitpanama\" \/>\n<meta name=\"twitter:label1\" content=\"Written by\" \/>\n\t<meta name=\"twitter:data1\" content=\"mercadeo umecit\" \/>\n\t<meta name=\"twitter:label2\" content=\"Est. reading time\" \/>\n\t<meta name=\"twitter:data2\" content=\"2 minutes\" \/>\n<script type=\"application\/ld+json\" class=\"yoast-schema-graph\">{\"@context\":\"https:\/\/schema.org\",\"@graph\":[{\"@type\":\"Article\",\"@id\":\"https:\/\/umecit.edu.pa\/en\/seminario-cientifico-sobre-sostenibilidad-del-desarrollo-local-y-proteccion-del-medio-ambiente\/#article\",\"isPartOf\":{\"@id\":\"https:\/\/umecit.edu.pa\/en\/seminario-cientifico-sobre-sostenibilidad-del-desarrollo-local-y-proteccion-del-medio-ambiente\/\"},\"author\":{\"name\":\"mercadeo umecit\",\"@id\":\"https:\/\/44.206.156.148\/#\/schema\/person\/b2c0d29c839513d3464f9c9e1f3e6f69\"},\"headline\":\"Seminario cient\u00edfico sobre sostenibilidad del desarrollo local y protecci\u00f3n del medio ambiente\",\"datePublished\":\"2024-08-02T00:29:39+00:00\",\"dateModified\":\"2024-08-02T00:33:32+00:00\",\"mainEntityOfPage\":{\"@id\":\"https:\/\/umecit.edu.pa\/en\/seminario-cientifico-sobre-sostenibilidad-del-desarrollo-local-y-proteccion-del-medio-ambiente\/\"},\"wordCount\":433,\"publisher\":{\"@id\":\"https:\/\/44.206.156.148\/#organization\"},\"image\":{\"@id\":\"https:\/\/umecit.edu.pa\/en\/seminario-cientifico-sobre-sostenibilidad-del-desarrollo-local-y-proteccion-del-medio-ambiente\/#primaryimage\"},\"thumbnailUrl\":\"https:\/\/umecit.edu.pa\/wp-content\/uploads\/2024\/08\/IMG-20240723-WA0069.jpg\",\"keywords\":[\"Educaci\u00f3n\",\"Noticias\",\"UMECIT\"],\"articleSection\":[\"Carreras\",\"Educaci\u00f3n\",\"Facultad de Derecho y Ciencias Forenses\",\"Facultad de Tecnolog\u00eda\",\"Noticias\",\"Universidad\"],\"inLanguage\":\"en-US\"},{\"@type\":\"WebPage\",\"@id\":\"https:\/\/umecit.edu.pa\/en\/seminario-cientifico-sobre-sostenibilidad-del-desarrollo-local-y-proteccion-del-medio-ambiente\/\",\"url\":\"https:\/\/umecit.edu.pa\/en\/seminario-cientifico-sobre-sostenibilidad-del-desarrollo-local-y-proteccion-del-medio-ambiente\/\",\"name\":\"Seminario cient\u00edfico sobre sostenibilidad del desarrollo local y protecci\u00f3n del medio ambiente\",\"isPartOf\":{\"@id\":\"https:\/\/44.206.156.148\/#website\"},\"primaryImageOfPage\":{\"@id\":\"https:\/\/umecit.edu.pa\/en\/seminario-cientifico-sobre-sostenibilidad-del-desarrollo-local-y-proteccion-del-medio-ambiente\/#primaryimage\"},\"image\":{\"@id\":\"https:\/\/umecit.edu.pa\/en\/seminario-cientifico-sobre-sostenibilidad-del-desarrollo-local-y-proteccion-del-medio-ambiente\/#primaryimage\"},\"thumbnailUrl\":\"https:\/\/umecit.edu.pa\/wp-content\/uploads\/2024\/08\/IMG-20240723-WA0069.jpg\",\"datePublished\":\"2024-08-02T00:29:39+00:00\",\"dateModified\":\"2024-08-02T00:33:32+00:00\",\"description\":\"La Universidad Metropolitana de Educaci\u00f3n, Ciencia y Tecnolog\u00eda -UMECIT-, sede Santiago, celebr\u00f3 el pasado 23 de julio un seminario cient\u00edfico enfocado en la sostenibilidad del desarrollo local y la protecci\u00f3n del medio ambiente. Este evento tuvo como objetivo principal fomentar el conocimiento y la discusi\u00f3n en torno a temas cr\u00edticos relacionados con la sostenibilidad ambiental y el desarrollo local de la Regi\u00f3n de Veraguas, mediante la presentaci\u00f3n de investigaciones cient\u00edficas, experiencias pr\u00e1cticas y estrategias innovadoras.\",\"breadcrumb\":{\"@id\":\"https:\/\/umecit.edu.pa\/en\/seminario-cientifico-sobre-sostenibilidad-del-desarrollo-local-y-proteccion-del-medio-ambiente\/#breadcrumb\"},\"inLanguage\":\"en-US\",\"potentialAction\":[{\"@type\":\"ReadAction\",\"target\":[\"https:\/\/umecit.edu.pa\/en\/seminario-cientifico-sobre-sostenibilidad-del-desarrollo-local-y-proteccion-del-medio-ambiente\/\"]}]},{\"@type\":\"ImageObject\",\"inLanguage\":\"en-US\",\"@id\":\"https:\/\/umecit.edu.pa\/en\/seminario-cientifico-sobre-sostenibilidad-del-desarrollo-local-y-proteccion-del-medio-ambiente\/#primaryimage\",\"url\":\"https:\/\/umecit.edu.pa\/wp-content\/uploads\/2024\/08\/IMG-20240723-WA0069.jpg\",\"contentUrl\":\"https:\/\/umecit.edu.pa\/wp-content\/uploads\/2024\/08\/IMG-20240723-WA0069.jpg\",\"width\":1600,\"height\":900},{\"@type\":\"BreadcrumbList\",\"@id\":\"https:\/\/umecit.edu.pa\/en\/seminario-cientifico-sobre-sostenibilidad-del-desarrollo-local-y-proteccion-del-medio-ambiente\/#breadcrumb\",\"itemListElement\":[{\"@type\":\"ListItem\",\"position\":1,\"name\":\"Portada\",\"item\":\"https:\/\/umecit.edu.pa\/\"},{\"@type\":\"ListItem\",\"position\":2,\"name\":\"Seminario cient\u00edfico sobre sostenibilidad del desarrollo local y protecci\u00f3n del medio ambiente\"}]},{\"@type\":\"WebSite\",\"@id\":\"https:\/\/44.206.156.148\/#website\",\"url\":\"https:\/\/44.206.156.148\/\",\"name\":\"Umecit - Universidad en Panam\u00e1\",\"description\":\"Universidad Metropolitana de Educaci\u00f3n, Ciencia y Tecnolog\u00eda\",\"publisher\":{\"@id\":\"https:\/\/44.206.156.148\/#organization\"},\"potentialAction\":[{\"@type\":\"SearchAction\",\"target\":{\"@type\":\"EntryPoint\",\"urlTemplate\":\"https:\/\/44.206.156.148\/?s={search_term_string}\"},\"query-input\":{\"@type\":\"PropertyValueSpecification\",\"valueRequired\":true,\"valueName\":\"search_term_string\"}}],\"inLanguage\":\"en-US\"},{\"@type\":\"Organization\",\"@id\":\"https:\/\/44.206.156.148\/#organization\",\"name\":\"Umecit - Universidad en Panam\u00e1\",\"url\":\"https:\/\/44.206.156.148\/\",\"logo\":{\"@type\":\"ImageObject\",\"inLanguage\":\"en-US\",\"@id\":\"https:\/\/44.206.156.148\/#\/schema\/logo\/image\/\",\"url\":\"https:\/\/umecit.edu.pa\/wp-content\/uploads\/2022\/06\/panama-7.jpg\",\"contentUrl\":\"https:\/\/umecit.edu.pa\/wp-content\/uploads\/2022\/06\/panama-7.jpg\",\"width\":1200,\"height\":800,\"caption\":\"Umecit - Universidad en Panam\u00e1\"},\"image\":{\"@id\":\"https:\/\/44.206.156.148\/#\/schema\/logo\/image\/\"},\"sameAs\":[\"https:\/\/www.facebook.com\/umecitpanama\/\",\"https:\/\/x.com\/umecitpanama\",\"https:\/\/www.tiktok.com\/@umecit\",\"https:\/\/www.instagram.com\/umecit\/\",\"https:\/\/www.youtube.com\/channel\/UCP9iXFXi4p_EW_p9p6lprhg\"]},{\"@type\":\"Person\",\"@id\":\"https:\/\/44.206.156.148\/#\/schema\/person\/b2c0d29c839513d3464f9c9e1f3e6f69\",\"name\":\"mercadeo umecit\",\"image\":{\"@type\":\"ImageObject\",\"inLanguage\":\"en-US\",\"@id\":\"https:\/\/44.206.156.148\/#\/schema\/person\/image\/\",\"url\":\"https:\/\/secure.gravatar.com\/avatar\/4bd79a51f57922b8709c7f62c99ce71611fc5526021ce2d15534b9ae452e6a1c?s=96&d=mm&r=g\",\"contentUrl\":\"https:\/\/secure.gravatar.com\/avatar\/4bd79a51f57922b8709c7f62c99ce71611fc5526021ce2d15534b9ae452e6a1c?s=96&d=mm&r=g\",\"caption\":\"mercadeo umecit\"},\"url\":\"https:\/\/umecit.edu.pa\/en\/author\/mercadeo\/\"}]}<\/script>\n<!-- \/ Yoast SEO plugin. -->","yoast_head_json":{"title":"Scientific seminar on sustainability of local development and environmental protection","description":"On July 23, the Metropolitan University of Education, Science and Technology (UMECIT), Santiago campus, held a scientific seminar focused on the sustainability of local development and environmental protection. The main objective of this event was to foster knowledge and discussion on critical issues related to environmental sustainability and local development in the Veraguas Region, through the presentation of scientific research, practical experiences, and innovative strategies.","robots":{"index":"index","follow":"follow","max-snippet":"max-snippet:-1","max-image-preview":"max-image-preview:large","max-video-preview":"max-video-preview:-1"},"canonical":"https:\/\/umecit.edu.pa\/en\/seminario-cientifico-sobre-sostenibilidad-del-desarrollo-local-y-proteccion-del-medio-ambiente\/","og_locale":"en_US","og_type":"article","og_title":"Seminario cient\u00edfico sobre sostenibilidad del desarrollo local y protecci\u00f3n del medio ambiente","og_description":"La Universidad Metropolitana de Educaci\u00f3n, Ciencia y Tecnolog\u00eda -UMECIT-, sede Santiago, celebr\u00f3 el pasado 23 de julio un seminario cient\u00edfico enfocado en la sostenibilidad del desarrollo local y la protecci\u00f3n del medio ambiente. Este evento tuvo como objetivo principal fomentar el conocimiento y la discusi\u00f3n en torno a temas cr\u00edticos relacionados con la sostenibilidad ambiental y el desarrollo local de la Regi\u00f3n de Veraguas, mediante la presentaci\u00f3n de investigaciones cient\u00edficas, experiencias pr\u00e1cticas y estrategias innovadoras.","og_url":"https:\/\/umecit.edu.pa\/en\/seminario-cientifico-sobre-sostenibilidad-del-desarrollo-local-y-proteccion-del-medio-ambiente\/","og_site_name":"Umecit - Universidad en Panam\u00e1","article_publisher":"https:\/\/www.facebook.com\/umecitpanama\/","article_published_time":"2024-08-02T00:29:39+00:00","article_modified_time":"2024-08-02T00:33:32+00:00","og_image":[{"width":1600,"height":900,"url":"https:\/\/umecit.edu.pa\/wp-content\/uploads\/2024\/08\/IMG-20240723-WA0069.jpg","type":"image\/jpeg"}],"author":"mercadeo umecit","twitter_card":"summary_large_image","twitter_creator":"@umecitpanama","twitter_site":"@umecitpanama","twitter_misc":{"Written by":"mercadeo umecit","Est. reading time":"2 minutes"},"schema":{"@context":"https:\/\/schema.org","@graph":[{"@type":"Article","@id":"https:\/\/umecit.edu.pa\/en\/seminario-cientifico-sobre-sostenibilidad-del-desarrollo-local-y-proteccion-del-medio-ambiente\/#article","isPartOf":{"@id":"https:\/\/umecit.edu.pa\/en\/seminario-cientifico-sobre-sostenibilidad-del-desarrollo-local-y-proteccion-del-medio-ambiente\/"},"author":{"name":"mercadeo umecit","@id":"https:\/\/44.206.156.148\/#\/schema\/person\/b2c0d29c839513d3464f9c9e1f3e6f69"},"headline":"Seminario cient\u00edfico sobre sostenibilidad del desarrollo local y protecci\u00f3n del medio ambiente","datePublished":"2024-08-02T00:29:39+00:00","dateModified":"2024-08-02T00:33:32+00:00","mainEntityOfPage":{"@id":"https:\/\/umecit.edu.pa\/en\/seminario-cientifico-sobre-sostenibilidad-del-desarrollo-local-y-proteccion-del-medio-ambiente\/"},"wordCount":433,"publisher":{"@id":"https:\/\/44.206.156.148\/#organization"},"image":{"@id":"https:\/\/umecit.edu.pa\/en\/seminario-cientifico-sobre-sostenibilidad-del-desarrollo-local-y-proteccion-del-medio-ambiente\/#primaryimage"},"thumbnailUrl":"https:\/\/umecit.edu.pa\/wp-content\/uploads\/2024\/08\/IMG-20240723-WA0069.jpg","keywords":["Educaci\u00f3n","Noticias","UMECIT"],"articleSection":["Carreras","Educaci\u00f3n","Facultad de Derecho y Ciencias Forenses","Facultad de Tecnolog\u00eda","Noticias","Universidad"],"inLanguage":"en-US"},{"@type":"WebPage","@id":"https:\/\/umecit.edu.pa\/en\/seminario-cientifico-sobre-sostenibilidad-del-desarrollo-local-y-proteccion-del-medio-ambiente\/","url":"https:\/\/umecit.edu.pa\/en\/seminario-cientifico-sobre-sostenibilidad-del-desarrollo-local-y-proteccion-del-medio-ambiente\/","name":"Scientific seminar on sustainability of local development and environmental protection","isPartOf":{"@id":"https:\/\/44.206.156.148\/#website"},"primaryImageOfPage":{"@id":"https:\/\/umecit.edu.pa\/en\/seminario-cientifico-sobre-sostenibilidad-del-desarrollo-local-y-proteccion-del-medio-ambiente\/#primaryimage"},"image":{"@id":"https:\/\/umecit.edu.pa\/en\/seminario-cientifico-sobre-sostenibilidad-del-desarrollo-local-y-proteccion-del-medio-ambiente\/#primaryimage"},"thumbnailUrl":"https:\/\/umecit.edu.pa\/wp-content\/uploads\/2024\/08\/IMG-20240723-WA0069.jpg","datePublished":"2024-08-02T00:29:39+00:00","dateModified":"2024-08-02T00:33:32+00:00","description":"On July 23, the Metropolitan University of Education, Science and Technology (UMECIT), Santiago campus, held a scientific seminar focused on the sustainability of local development and environmental protection. The main objective of this event was to foster knowledge and discussion on critical issues related to environmental sustainability and local development in the Veraguas Region, through the presentation of scientific research, practical experiences, and innovative strategies.","breadcrumb":{"@id":"https:\/\/umecit.edu.pa\/en\/seminario-cientifico-sobre-sostenibilidad-del-desarrollo-local-y-proteccion-del-medio-ambiente\/#breadcrumb"},"inLanguage":"en-US","potentialAction":[{"@type":"ReadAction","target":["https:\/\/umecit.edu.pa\/en\/seminario-cientifico-sobre-sostenibilidad-del-desarrollo-local-y-proteccion-del-medio-ambiente\/"]}]},{"@type":"ImageObject","inLanguage":"en-US","@id":"https:\/\/umecit.edu.pa\/en\/seminario-cientifico-sobre-sostenibilidad-del-desarrollo-local-y-proteccion-del-medio-ambiente\/#primaryimage","url":"https:\/\/umecit.edu.pa\/wp-content\/uploads\/2024\/08\/IMG-20240723-WA0069.jpg","contentUrl":"https:\/\/umecit.edu.pa\/wp-content\/uploads\/2024\/08\/IMG-20240723-WA0069.jpg","width":1600,"height":900},{"@type":"BreadcrumbList","@id":"https:\/\/umecit.edu.pa\/en\/seminario-cientifico-sobre-sostenibilidad-del-desarrollo-local-y-proteccion-del-medio-ambiente\/#breadcrumb","itemListElement":[{"@type":"ListItem","position":1,"name":"Portada","item":"https:\/\/umecit.edu.pa\/"},{"@type":"ListItem","position":2,"name":"Seminario cient\u00edfico sobre sostenibilidad del desarrollo local y protecci\u00f3n del medio ambiente"}]},{"@type":"WebSite","@id":"https:\/\/44.206.156.148\/#website","url":"https:\/\/44.206.156.148\/","name":"Umecit - University in Panama","description":"Metropolitan University of Education, Science and Technology","publisher":{"@id":"https:\/\/44.206.156.148\/#organization"},"potentialAction":[{"@type":"SearchAction","target":{"@type":"EntryPoint","urlTemplate":"https:\/\/44.206.156.148\/?s={search_term_string}"},"query-input":{"@type":"PropertyValueSpecification","valueRequired":true,"valueName":"search_term_string"}}],"inLanguage":"en-US"},{"@type":"Organization","@id":"https:\/\/44.206.156.148\/#organization","name":"Umecit - University in Panama","url":"https:\/\/44.206.156.148\/","logo":{"@type":"ImageObject","inLanguage":"en-US","@id":"https:\/\/44.206.156.148\/#\/schema\/logo\/image\/","url":"https:\/\/umecit.edu.pa\/wp-content\/uploads\/2022\/06\/panama-7.jpg","contentUrl":"https:\/\/umecit.edu.pa\/wp-content\/uploads\/2022\/06\/panama-7.jpg","width":1200,"height":800,"caption":"Umecit - Universidad en Panam\u00e1"},"image":{"@id":"https:\/\/44.206.156.148\/#\/schema\/logo\/image\/"},"sameAs":["https:\/\/www.facebook.com\/umecitpanama\/","https:\/\/x.com\/umecitpanama","https:\/\/www.tiktok.com\/@umecit","https:\/\/www.instagram.com\/umecit\/","https:\/\/www.youtube.com\/channel\/UCP9iXFXi4p_EW_p9p6lprhg"]},{"@type":"Person","@id":"https:\/\/44.206.156.148\/#\/schema\/person\/b2c0d29c839513d3464f9c9e1f3e6f69","name":"umecit marketing","image":{"@type":"ImageObject","inLanguage":"en-US","@id":"https:\/\/44.206.156.148\/#\/schema\/person\/image\/","url":"https:\/\/secure.gravatar.com\/avatar\/4bd79a51f57922b8709c7f62c99ce71611fc5526021ce2d15534b9ae452e6a1c?s=96&d=mm&r=g","contentUrl":"https:\/\/secure.gravatar.com\/avatar\/4bd79a51f57922b8709c7f62c99ce71611fc5526021ce2d15534b9ae452e6a1c?s=96&d=mm&r=g","caption":"mercadeo umecit"},"url":"https:\/\/umecit.edu.pa\/en\/author\/mercadeo\/"}]}},"_links":{"self":[{"href":"https:\/\/umecit.edu.pa\/en\/wp-json\/wp\/v2\/posts\/116390","targetHints":{"allow":["GET"]}}],"collection":[{"href":"https:\/\/umecit.edu.pa\/en\/wp-json\/wp\/v2\/posts"}],"about":[{"href":"https:\/\/umecit.edu.pa\/en\/wp-json\/wp\/v2\/types\/post"}],"author":[{"embeddable":true,"href":"https:\/\/umecit.edu.pa\/en\/wp-json\/wp\/v2\/users\/695"}],"replies":[{"embeddable":true,"href":"https:\/\/umecit.edu.pa\/en\/wp-json\/wp\/v2\/comments?post=116390"}],"version-history":[{"count":0,"href":"https:\/\/umecit.edu.pa\/en\/wp-json\/wp\/v2\/posts\/116390\/revisions"}],"wp:featuredmedia":[{"embeddable":true,"href":"https:\/\/umecit.edu.pa\/en\/wp-json\/wp\/v2\/media\/116393"}],"wp:attachment":[{"href":"https:\/\/umecit.edu.pa\/en\/wp-json\/wp\/v2\/media?parent=116390"}],"wp:term":[{"taxonomy":"category","embeddable":true,"href":"https:\/\/umecit.edu.pa\/en\/wp-json\/wp\/v2\/categories?post=116390"},{"taxonomy":"post_tag","embeddable":true,"href":"https:\/\/umecit.edu.pa\/en\/wp-json\/wp\/v2\/tags?post=116390"}],"curies":[{"name":"wp","href":"https:\/\/api.w.org\/{rel}","templated":true}]}}