{"id":114916,"date":"2024-06-24T10:26:08","date_gmt":"2024-06-24T15:26:08","guid":{"rendered":"https:\/\/umecit.edu.pa\/?p=114916"},"modified":"2024-06-27T13:02:11","modified_gmt":"2024-06-27T18:02:11","slug":"ceremonia-de-bendicion-e-imposicion-de-cascos-a-estudiantes-de-umecit-en-david","status":"publish","type":"post","link":"https:\/\/umecit.edu.pa\/en\/ceremonia-de-bendicion-e-imposicion-de-cascos-a-estudiantes-de-umecit-en-david\/","title":{"rendered":"Blessing Ceremony and Imposition of Helmets on UMECIT Students in David"},"content":{"rendered":"<div data-elementor-type=\"wp-post\" data-elementor-id=\"114916\" class=\"elementor elementor-114916\" data-elementor-post-type=\"post\">\n\t\t\t\t\t\t<section class=\"elementor-section elementor-top-section elementor-element elementor-element-178b9db elementor-section-boxed elementor-section-height-default elementor-section-height-default row-top\" data-id=\"178b9db\" data-element_type=\"section\" data-e-type=\"section\">\n\t\t\t\t\t\t<div class=\"elementor-container elementor-column-gap-default\">\n\t\t\t\t\t<div class=\"elementor-column elementor-col-100 elementor-top-column elementor-element elementor-element-76e5575 column-style-top\" data-id=\"76e5575\" data-element_type=\"column\" data-e-type=\"column\">\n\t\t\t<div class=\"elementor-widget-wrap elementor-element-populated\">\n\t\t\t\t\t\t<div class=\"elementor-element elementor-element-ea9ef01 elementor-widget elementor-widget-text-editor\" data-id=\"ea9ef01\" data-element_type=\"widget\" data-e-type=\"widget\" data-widget_type=\"text-editor.default\">\n\t\t\t\t<div class=\"elementor-widget-container\">\n\t\t\t\t\t\t\t\t\t<p><span style=\"font-weight: 400;\">With great satisfaction, the blessing ceremony and imposition of helmets was carried out on the students who completed the curriculum of the Bachelor&#039;s Degree in Occupational Safety and Health at UMECIT, David campus. The event took place in the cathedral of San Jos\u00e9 de David, located in the Bol\u00edvar neighborhood.<\/span><\/p><p><span style=\"font-weight: 400;\">The activity began with a Eucharist, during which the students delivered a basket of dry products as a token of gratitude for their achievements. Subsequently, the blessing of the helmets was carried out by the priest, followed by the imposition of the helmets by Professor Virginia Quintero, professor of the degree in Occupational Safety and Health.<\/span><\/p><p><span style=\"font-weight: 400;\">At the end of the event, student Cecilio Ralyns expressed his feelings and those of his classmates upon receiving their helmets, remembering the responsibility that wearing them entails and the leadership they must exercise. For his part, Professor Kevin Domingo intervened explaining the importance and symbology of the helmet, emphasizing specific roles related to safety management in the workplace.<\/span><\/p><p><span style=\"font-weight: 400;\">With this activity, our students strengthen their sense of belonging and their commitment to being vigilant in the work environment, ensuring the physical integrity of workers. Furthermore, their determination to continue with their dreams of being upright professionals, capable of promoting a culture where safety is a fundamental value in the workplace, is reaffirmed.<\/span><\/p><p><span style=\"font-weight: 400;\">We appreciate the participation of the students, families, teachers and administrators who made it possible for the event to take place with joy.<\/span><\/p>\t\t\t\t\t\t\t\t<\/div>\n\t\t\t\t<\/div>\n\t\t\t\t<div class=\"elementor-element elementor-element-4921318 elementor-arrows-position-inside elementor-pagination-position-outside elementor-widget elementor-widget-image-carousel\" data-id=\"4921318\" data-element_type=\"widget\" data-e-type=\"widget\" data-settings=\"{&quot;slides_to_show&quot;:&quot;1&quot;,&quot;navigation&quot;:&quot;both&quot;,&quot;autoplay&quot;:&quot;yes&quot;,&quot;pause_on_hover&quot;:&quot;yes&quot;,&quot;pause_on_interaction&quot;:&quot;yes&quot;,&quot;autoplay_speed&quot;:5000,&quot;infinite&quot;:&quot;yes&quot;,&quot;effect&quot;:&quot;slide&quot;,&quot;speed&quot;:500}\" data-widget_type=\"image-carousel.default\">\n\t\t\t\t<div class=\"elementor-widget-container\">\n\t\t\t\t\t\t\t<div class=\"elementor-image-carousel-wrapper swiper\" role=\"region\" aria-roledescription=\"carousel\" aria-label=\"Image Carousel\" dir=\"ltr\">\n\t\t\t<div class=\"elementor-image-carousel swiper-wrapper\" aria-live=\"off\">\n\t\t\t\t\t\t\t\t<div class=\"swiper-slide\" role=\"group\" aria-roledescription=\"slide\" aria-label=\"1 of 4\" data-no-translation-aria-label=\"\"><figure class=\"swiper-slide-inner\"><img decoding=\"async\" class=\"swiper-slide-image\" src=\"https:\/\/umecit.edu.pa\/wp-content\/uploads\/2024\/06\/14cc0f0a-0d68-41bb-96c2-fcf07e7a8511-1024x683.jpeg\" alt=\"Ceremonia de Bendici\u00f3n e Imposici\u00f3n de Cascos a Estudiantes de UMECIT en David\" \/><\/figure><\/div><div class=\"swiper-slide\" role=\"group\" aria-roledescription=\"slide\" aria-label=\"2 of 4\" data-no-translation-aria-label=\"\"><figure class=\"swiper-slide-inner\"><img decoding=\"async\" class=\"swiper-slide-image\" src=\"https:\/\/umecit.edu.pa\/wp-content\/uploads\/2024\/06\/7cb64950-921e-4c91-953e-ac5223a37656-1024x692.jpeg\" alt=\"Ceremonia de Bendici\u00f3n e Imposici\u00f3n de Cascos a Estudiantes de UMECIT en David\" \/><\/figure><\/div><div class=\"swiper-slide\" role=\"group\" aria-roledescription=\"slide\" aria-label=\"3 of 4\" data-no-translation-aria-label=\"\"><figure class=\"swiper-slide-inner\"><img decoding=\"async\" class=\"swiper-slide-image\" src=\"https:\/\/umecit.edu.pa\/wp-content\/uploads\/2024\/06\/1e82e560-5884-447a-8564-945afd628626.jpeg\" alt=\"Ceremonia de Bendici\u00f3n e Imposici\u00f3n de Cascos a Estudiantes de UMECIT en David\" \/><\/figure><\/div><div class=\"swiper-slide\" role=\"group\" aria-roledescription=\"slide\" aria-label=\"4 of 4\" data-no-translation-aria-label=\"\"><figure class=\"swiper-slide-inner\"><img decoding=\"async\" class=\"swiper-slide-image\" src=\"https:\/\/umecit.edu.pa\/wp-content\/uploads\/2024\/06\/b9c838ea-61d1-4a2f-b0f7-bb7d371dd20a.jpeg\" alt=\"Ceremonia de Bendici\u00f3n e Imposici\u00f3n de Cascos a Estudiantes de UMECIT en David\" \/><\/figure><\/div>\t\t\t<\/div>\n\t\t\t\t\t\t\t\t\t\t\t\t<div class=\"elementor-swiper-button elementor-swiper-button-prev\" role=\"button\" tabindex=\"0\">\n\t\t\t\t\t\t<i aria-hidden=\"true\" class=\"eicon-chevron-left\"><\/i>\t\t\t\t\t<\/div>\n\t\t\t\t\t<div class=\"elementor-swiper-button elementor-swiper-button-next\" role=\"button\" tabindex=\"0\">\n\t\t\t\t\t\t<i aria-hidden=\"true\" class=\"eicon-chevron-right\"><\/i>\t\t\t\t\t<\/div>\n\t\t\t\t\n\t\t\t\t\t\t\t\t\t<div class=\"swiper-pagination\"><\/div>\n\t\t\t\t\t\t\t\t\t<\/div>\n\t\t\t\t\t\t<\/div>\n\t\t\t\t<\/div>\n\t\t\t\t\t<\/div>\n\t\t<\/div>\n\t\t\t\t\t<\/div>\n\t\t<\/section>\n\t\t\t\t<\/div>","protected":false},"excerpt":{"rendered":"<p>The Metropolitan University of Education, Science and Technology -UMECIT- delivered the Adjusted Institutional Improvement Plan<\/p>","protected":false},"author":695,"featured_media":114918,"comment_status":"closed","ping_status":"closed","sticky":false,"template":"","format":"standard","meta":{"footnotes":""},"categories":[108,245,73,251,109,174],"tags":[115,151,231],"class_list":["post-114916","post","type-post","status-publish","format-standard","has-post-thumbnail","hentry","category-carreras","category-ciencias-de-la-salud","category-educacion","category-facultad-de-ciencias-de-la-salud","category-noticias","category-universidad","tag-educacion","tag-noticias","tag-umecit"],"yoast_head":"<!-- This site is optimized with the Yoast SEO plugin v27.1.1 - https:\/\/yoast.com\/product\/yoast-seo-wordpress\/ -->\n<title>Ceremonia de Bendici\u00f3n e Imposici\u00f3n de Cascos a Estudiantes de UMECIT en David<\/title>\n<meta name=\"description\" content=\"Con gran satisfacci\u00f3n se llev\u00f3 a cabo la ceremonia de bendici\u00f3n e imposici\u00f3n de cascos a los estudiantes que culminaron el plan de estudios de la Licenciatura en Seguridad y Salud Ocupacional de UMECIT, sede David.\" \/>\n<meta name=\"robots\" content=\"index, follow, max-snippet:-1, max-image-preview:large, max-video-preview:-1\" \/>\n<link rel=\"canonical\" href=\"https:\/\/mail.umecit.edu.pa\/ceremonia-de-bendicion-e-imposicion-de-cascos-a-estudiantes-de-umecit-en-david\/\" \/>\n<meta property=\"og:locale\" content=\"en_US\" \/>\n<meta property=\"og:type\" content=\"article\" \/>\n<meta property=\"og:title\" content=\"Ceremonia de Bendici\u00f3n e Imposici\u00f3n de Cascos a Estudiantes de UMECIT en David\" \/>\n<meta property=\"og:description\" content=\"Con gran satisfacci\u00f3n se llev\u00f3 a cabo la ceremonia de bendici\u00f3n e imposici\u00f3n de cascos a los estudiantes que culminaron el plan de estudios de la Licenciatura en Seguridad y Salud Ocupacional de UMECIT, sede David.\" \/>\n<meta property=\"og:url\" content=\"https:\/\/mail.umecit.edu.pa\/ceremonia-de-bendicion-e-imposicion-de-cascos-a-estudiantes-de-umecit-en-david\/\" \/>\n<meta property=\"og:site_name\" content=\"Umecit - Universidad en Panam\u00e1\" \/>\n<meta property=\"article:publisher\" content=\"https:\/\/www.facebook.com\/umecitpanama\/\" \/>\n<meta property=\"article:published_time\" content=\"2024-06-24T15:26:08+00:00\" \/>\n<meta property=\"article:modified_time\" content=\"2024-06-27T18:02:11+00:00\" \/>\n<meta property=\"og:image\" content=\"https:\/\/mail.umecit.edu.pa\/wp-content\/uploads\/2024\/06\/18310ad3-78e2-4fd4-9a54-e209c755950a.jpeg\" \/>\n\t<meta property=\"og:image:width\" content=\"1379\" \/>\n\t<meta property=\"og:image:height\" content=\"1000\" \/>\n\t<meta property=\"og:image:type\" content=\"image\/jpeg\" \/>\n<meta name=\"author\" content=\"mercadeo umecit\" \/>\n<meta name=\"twitter:card\" content=\"summary_large_image\" \/>\n<meta name=\"twitter:creator\" content=\"@umecitpanama\" \/>\n<meta name=\"twitter:site\" content=\"@umecitpanama\" \/>\n<meta name=\"twitter:label1\" content=\"Written by\" \/>\n\t<meta name=\"twitter:data1\" content=\"mercadeo umecit\" \/>\n\t<meta name=\"twitter:label2\" content=\"Est. reading time\" \/>\n\t<meta name=\"twitter:data2\" content=\"3 minutes\" \/>\n<script type=\"application\/ld+json\" class=\"yoast-schema-graph\">{\"@context\":\"https:\/\/schema.org\",\"@graph\":[{\"@type\":\"Article\",\"@id\":\"https:\/\/mail.umecit.edu.pa\/ceremonia-de-bendicion-e-imposicion-de-cascos-a-estudiantes-de-umecit-en-david\/#article\",\"isPartOf\":{\"@id\":\"https:\/\/mail.umecit.edu.pa\/ceremonia-de-bendicion-e-imposicion-de-cascos-a-estudiantes-de-umecit-en-david\/\"},\"author\":{\"name\":\"mercadeo umecit\",\"@id\":\"https:\/\/44.206.156.148\/#\/schema\/person\/b2c0d29c839513d3464f9c9e1f3e6f69\"},\"headline\":\"Ceremonia de Bendici\u00f3n e Imposici\u00f3n de Cascos a Estudiantes de UMECIT en David\",\"datePublished\":\"2024-06-24T15:26:08+00:00\",\"dateModified\":\"2024-06-27T18:02:11+00:00\",\"mainEntityOfPage\":{\"@id\":\"https:\/\/mail.umecit.edu.pa\/ceremonia-de-bendicion-e-imposicion-de-cascos-a-estudiantes-de-umecit-en-david\/\"},\"wordCount\":284,\"publisher\":{\"@id\":\"https:\/\/44.206.156.148\/#organization\"},\"image\":{\"@id\":\"https:\/\/mail.umecit.edu.pa\/ceremonia-de-bendicion-e-imposicion-de-cascos-a-estudiantes-de-umecit-en-david\/#primaryimage\"},\"thumbnailUrl\":\"https:\/\/umecit.edu.pa\/wp-content\/uploads\/2024\/06\/18310ad3-78e2-4fd4-9a54-e209c755950a.jpeg\",\"keywords\":[\"Educaci\u00f3n\",\"Noticias\",\"UMECIT\"],\"articleSection\":[\"Carreras\",\"Ciencias de la salud\",\"Educaci\u00f3n\",\"Facultad de Ciencias de la Salud\",\"Noticias\",\"Universidad\"],\"inLanguage\":\"en-US\"},{\"@type\":\"WebPage\",\"@id\":\"https:\/\/mail.umecit.edu.pa\/ceremonia-de-bendicion-e-imposicion-de-cascos-a-estudiantes-de-umecit-en-david\/\",\"url\":\"https:\/\/mail.umecit.edu.pa\/ceremonia-de-bendicion-e-imposicion-de-cascos-a-estudiantes-de-umecit-en-david\/\",\"name\":\"Ceremonia de Bendici\u00f3n e Imposici\u00f3n de Cascos a Estudiantes de UMECIT en David\",\"isPartOf\":{\"@id\":\"https:\/\/44.206.156.148\/#website\"},\"primaryImageOfPage\":{\"@id\":\"https:\/\/mail.umecit.edu.pa\/ceremonia-de-bendicion-e-imposicion-de-cascos-a-estudiantes-de-umecit-en-david\/#primaryimage\"},\"image\":{\"@id\":\"https:\/\/mail.umecit.edu.pa\/ceremonia-de-bendicion-e-imposicion-de-cascos-a-estudiantes-de-umecit-en-david\/#primaryimage\"},\"thumbnailUrl\":\"https:\/\/umecit.edu.pa\/wp-content\/uploads\/2024\/06\/18310ad3-78e2-4fd4-9a54-e209c755950a.jpeg\",\"datePublished\":\"2024-06-24T15:26:08+00:00\",\"dateModified\":\"2024-06-27T18:02:11+00:00\",\"description\":\"Con gran satisfacci\u00f3n se llev\u00f3 a cabo la ceremonia de bendici\u00f3n e imposici\u00f3n de cascos a los estudiantes que culminaron el plan de estudios de la Licenciatura en Seguridad y Salud Ocupacional de UMECIT, sede David.\",\"breadcrumb\":{\"@id\":\"https:\/\/mail.umecit.edu.pa\/ceremonia-de-bendicion-e-imposicion-de-cascos-a-estudiantes-de-umecit-en-david\/#breadcrumb\"},\"inLanguage\":\"en-US\",\"potentialAction\":[{\"@type\":\"ReadAction\",\"target\":[\"https:\/\/mail.umecit.edu.pa\/ceremonia-de-bendicion-e-imposicion-de-cascos-a-estudiantes-de-umecit-en-david\/\"]}]},{\"@type\":\"ImageObject\",\"inLanguage\":\"en-US\",\"@id\":\"https:\/\/mail.umecit.edu.pa\/ceremonia-de-bendicion-e-imposicion-de-cascos-a-estudiantes-de-umecit-en-david\/#primaryimage\",\"url\":\"https:\/\/umecit.edu.pa\/wp-content\/uploads\/2024\/06\/18310ad3-78e2-4fd4-9a54-e209c755950a.jpeg\",\"contentUrl\":\"https:\/\/umecit.edu.pa\/wp-content\/uploads\/2024\/06\/18310ad3-78e2-4fd4-9a54-e209c755950a.jpeg\",\"width\":1379,\"height\":1000},{\"@type\":\"BreadcrumbList\",\"@id\":\"https:\/\/mail.umecit.edu.pa\/ceremonia-de-bendicion-e-imposicion-de-cascos-a-estudiantes-de-umecit-en-david\/#breadcrumb\",\"itemListElement\":[{\"@type\":\"ListItem\",\"position\":1,\"name\":\"Portada\",\"item\":\"https:\/\/umecit.edu.pa\/\"},{\"@type\":\"ListItem\",\"position\":2,\"name\":\"Ceremonia de Bendici\u00f3n e Imposici\u00f3n de Cascos a Estudiantes de UMECIT en David\"}]},{\"@type\":\"WebSite\",\"@id\":\"https:\/\/44.206.156.148\/#website\",\"url\":\"https:\/\/44.206.156.148\/\",\"name\":\"Umecit - Universidad en Panam\u00e1\",\"description\":\"Universidad Metropolitana de Educaci\u00f3n, Ciencia y Tecnolog\u00eda\",\"publisher\":{\"@id\":\"https:\/\/44.206.156.148\/#organization\"},\"potentialAction\":[{\"@type\":\"SearchAction\",\"target\":{\"@type\":\"EntryPoint\",\"urlTemplate\":\"https:\/\/44.206.156.148\/?s={search_term_string}\"},\"query-input\":{\"@type\":\"PropertyValueSpecification\",\"valueRequired\":true,\"valueName\":\"search_term_string\"}}],\"inLanguage\":\"en-US\"},{\"@type\":\"Organization\",\"@id\":\"https:\/\/44.206.156.148\/#organization\",\"name\":\"Umecit - Universidad en Panam\u00e1\",\"url\":\"https:\/\/44.206.156.148\/\",\"logo\":{\"@type\":\"ImageObject\",\"inLanguage\":\"en-US\",\"@id\":\"https:\/\/44.206.156.148\/#\/schema\/logo\/image\/\",\"url\":\"https:\/\/umecit.edu.pa\/wp-content\/uploads\/2022\/06\/panama-7.jpg\",\"contentUrl\":\"https:\/\/umecit.edu.pa\/wp-content\/uploads\/2022\/06\/panama-7.jpg\",\"width\":1200,\"height\":800,\"caption\":\"Umecit - Universidad en Panam\u00e1\"},\"image\":{\"@id\":\"https:\/\/44.206.156.148\/#\/schema\/logo\/image\/\"},\"sameAs\":[\"https:\/\/www.facebook.com\/umecitpanama\/\",\"https:\/\/x.com\/umecitpanama\",\"https:\/\/www.tiktok.com\/@umecit\",\"https:\/\/www.instagram.com\/umecit\/\",\"https:\/\/www.youtube.com\/channel\/UCP9iXFXi4p_EW_p9p6lprhg\"]},{\"@type\":\"Person\",\"@id\":\"https:\/\/44.206.156.148\/#\/schema\/person\/b2c0d29c839513d3464f9c9e1f3e6f69\",\"name\":\"mercadeo umecit\",\"image\":{\"@type\":\"ImageObject\",\"inLanguage\":\"en-US\",\"@id\":\"https:\/\/44.206.156.148\/#\/schema\/person\/image\/\",\"url\":\"https:\/\/secure.gravatar.com\/avatar\/4bd79a51f57922b8709c7f62c99ce71611fc5526021ce2d15534b9ae452e6a1c?s=96&d=mm&r=g\",\"contentUrl\":\"https:\/\/secure.gravatar.com\/avatar\/4bd79a51f57922b8709c7f62c99ce71611fc5526021ce2d15534b9ae452e6a1c?s=96&d=mm&r=g\",\"caption\":\"mercadeo umecit\"},\"url\":\"https:\/\/umecit.edu.pa\/en\/author\/mercadeo\/\"}]}<\/script>\n<!-- \/ Yoast SEO plugin. -->","yoast_head_json":{"title":"Blessing Ceremony and Imposition of Helmets on UMECIT Students in David","description":"The blessing ceremony and the imposition of helmets on the students who completed the Bachelor&#039;s Degree in Occupational Safety and Health at UMECIT, David campus, was held with great satisfaction.","robots":{"index":"index","follow":"follow","max-snippet":"max-snippet:-1","max-image-preview":"max-image-preview:large","max-video-preview":"max-video-preview:-1"},"canonical":"https:\/\/mail.umecit.edu.pa\/ceremonia-de-bendicion-e-imposicion-de-cascos-a-estudiantes-de-umecit-en-david\/","og_locale":"en_US","og_type":"article","og_title":"Ceremonia de Bendici\u00f3n e Imposici\u00f3n de Cascos a Estudiantes de UMECIT en David","og_description":"Con gran satisfacci\u00f3n se llev\u00f3 a cabo la ceremonia de bendici\u00f3n e imposici\u00f3n de cascos a los estudiantes que culminaron el plan de estudios de la Licenciatura en Seguridad y Salud Ocupacional de UMECIT, sede David.","og_url":"https:\/\/mail.umecit.edu.pa\/ceremonia-de-bendicion-e-imposicion-de-cascos-a-estudiantes-de-umecit-en-david\/","og_site_name":"Umecit - Universidad en Panam\u00e1","article_publisher":"https:\/\/www.facebook.com\/umecitpanama\/","article_published_time":"2024-06-24T15:26:08+00:00","article_modified_time":"2024-06-27T18:02:11+00:00","og_image":[{"width":1379,"height":1000,"url":"https:\/\/mail.umecit.edu.pa\/wp-content\/uploads\/2024\/06\/18310ad3-78e2-4fd4-9a54-e209c755950a.jpeg","type":"image\/jpeg"}],"author":"mercadeo umecit","twitter_card":"summary_large_image","twitter_creator":"@umecitpanama","twitter_site":"@umecitpanama","twitter_misc":{"Written by":"mercadeo umecit","Est. reading time":"3 minutes"},"schema":{"@context":"https:\/\/schema.org","@graph":[{"@type":"Article","@id":"https:\/\/mail.umecit.edu.pa\/ceremonia-de-bendicion-e-imposicion-de-cascos-a-estudiantes-de-umecit-en-david\/#article","isPartOf":{"@id":"https:\/\/mail.umecit.edu.pa\/ceremonia-de-bendicion-e-imposicion-de-cascos-a-estudiantes-de-umecit-en-david\/"},"author":{"name":"mercadeo umecit","@id":"https:\/\/44.206.156.148\/#\/schema\/person\/b2c0d29c839513d3464f9c9e1f3e6f69"},"headline":"Ceremonia de Bendici\u00f3n e Imposici\u00f3n de Cascos a Estudiantes de UMECIT en David","datePublished":"2024-06-24T15:26:08+00:00","dateModified":"2024-06-27T18:02:11+00:00","mainEntityOfPage":{"@id":"https:\/\/mail.umecit.edu.pa\/ceremonia-de-bendicion-e-imposicion-de-cascos-a-estudiantes-de-umecit-en-david\/"},"wordCount":284,"publisher":{"@id":"https:\/\/44.206.156.148\/#organization"},"image":{"@id":"https:\/\/mail.umecit.edu.pa\/ceremonia-de-bendicion-e-imposicion-de-cascos-a-estudiantes-de-umecit-en-david\/#primaryimage"},"thumbnailUrl":"https:\/\/umecit.edu.pa\/wp-content\/uploads\/2024\/06\/18310ad3-78e2-4fd4-9a54-e209c755950a.jpeg","keywords":["Educaci\u00f3n","Noticias","UMECIT"],"articleSection":["Carreras","Ciencias de la salud","Educaci\u00f3n","Facultad de Ciencias de la Salud","Noticias","Universidad"],"inLanguage":"en-US"},{"@type":"WebPage","@id":"https:\/\/mail.umecit.edu.pa\/ceremonia-de-bendicion-e-imposicion-de-cascos-a-estudiantes-de-umecit-en-david\/","url":"https:\/\/mail.umecit.edu.pa\/ceremonia-de-bendicion-e-imposicion-de-cascos-a-estudiantes-de-umecit-en-david\/","name":"Blessing Ceremony and Imposition of Helmets on UMECIT Students in David","isPartOf":{"@id":"https:\/\/44.206.156.148\/#website"},"primaryImageOfPage":{"@id":"https:\/\/mail.umecit.edu.pa\/ceremonia-de-bendicion-e-imposicion-de-cascos-a-estudiantes-de-umecit-en-david\/#primaryimage"},"image":{"@id":"https:\/\/mail.umecit.edu.pa\/ceremonia-de-bendicion-e-imposicion-de-cascos-a-estudiantes-de-umecit-en-david\/#primaryimage"},"thumbnailUrl":"https:\/\/umecit.edu.pa\/wp-content\/uploads\/2024\/06\/18310ad3-78e2-4fd4-9a54-e209c755950a.jpeg","datePublished":"2024-06-24T15:26:08+00:00","dateModified":"2024-06-27T18:02:11+00:00","description":"The blessing ceremony and the imposition of helmets on the students who completed the Bachelor&#039;s Degree in Occupational Safety and Health at UMECIT, David campus, was held with great satisfaction.","breadcrumb":{"@id":"https:\/\/mail.umecit.edu.pa\/ceremonia-de-bendicion-e-imposicion-de-cascos-a-estudiantes-de-umecit-en-david\/#breadcrumb"},"inLanguage":"en-US","potentialAction":[{"@type":"ReadAction","target":["https:\/\/mail.umecit.edu.pa\/ceremonia-de-bendicion-e-imposicion-de-cascos-a-estudiantes-de-umecit-en-david\/"]}]},{"@type":"ImageObject","inLanguage":"en-US","@id":"https:\/\/mail.umecit.edu.pa\/ceremonia-de-bendicion-e-imposicion-de-cascos-a-estudiantes-de-umecit-en-david\/#primaryimage","url":"https:\/\/umecit.edu.pa\/wp-content\/uploads\/2024\/06\/18310ad3-78e2-4fd4-9a54-e209c755950a.jpeg","contentUrl":"https:\/\/umecit.edu.pa\/wp-content\/uploads\/2024\/06\/18310ad3-78e2-4fd4-9a54-e209c755950a.jpeg","width":1379,"height":1000},{"@type":"BreadcrumbList","@id":"https:\/\/mail.umecit.edu.pa\/ceremonia-de-bendicion-e-imposicion-de-cascos-a-estudiantes-de-umecit-en-david\/#breadcrumb","itemListElement":[{"@type":"ListItem","position":1,"name":"Portada","item":"https:\/\/umecit.edu.pa\/"},{"@type":"ListItem","position":2,"name":"Ceremonia de Bendici\u00f3n e Imposici\u00f3n de Cascos a Estudiantes de UMECIT en David"}]},{"@type":"WebSite","@id":"https:\/\/44.206.156.148\/#website","url":"https:\/\/44.206.156.148\/","name":"Umecit - University in Panama","description":"Metropolitan University of Education, Science and Technology","publisher":{"@id":"https:\/\/44.206.156.148\/#organization"},"potentialAction":[{"@type":"SearchAction","target":{"@type":"EntryPoint","urlTemplate":"https:\/\/44.206.156.148\/?s={search_term_string}"},"query-input":{"@type":"PropertyValueSpecification","valueRequired":true,"valueName":"search_term_string"}}],"inLanguage":"en-US"},{"@type":"Organization","@id":"https:\/\/44.206.156.148\/#organization","name":"Umecit - University in Panama","url":"https:\/\/44.206.156.148\/","logo":{"@type":"ImageObject","inLanguage":"en-US","@id":"https:\/\/44.206.156.148\/#\/schema\/logo\/image\/","url":"https:\/\/umecit.edu.pa\/wp-content\/uploads\/2022\/06\/panama-7.jpg","contentUrl":"https:\/\/umecit.edu.pa\/wp-content\/uploads\/2022\/06\/panama-7.jpg","width":1200,"height":800,"caption":"Umecit - Universidad en Panam\u00e1"},"image":{"@id":"https:\/\/44.206.156.148\/#\/schema\/logo\/image\/"},"sameAs":["https:\/\/www.facebook.com\/umecitpanama\/","https:\/\/x.com\/umecitpanama","https:\/\/www.tiktok.com\/@umecit","https:\/\/www.instagram.com\/umecit\/","https:\/\/www.youtube.com\/channel\/UCP9iXFXi4p_EW_p9p6lprhg"]},{"@type":"Person","@id":"https:\/\/44.206.156.148\/#\/schema\/person\/b2c0d29c839513d3464f9c9e1f3e6f69","name":"umecit marketing","image":{"@type":"ImageObject","inLanguage":"en-US","@id":"https:\/\/44.206.156.148\/#\/schema\/person\/image\/","url":"https:\/\/secure.gravatar.com\/avatar\/4bd79a51f57922b8709c7f62c99ce71611fc5526021ce2d15534b9ae452e6a1c?s=96&d=mm&r=g","contentUrl":"https:\/\/secure.gravatar.com\/avatar\/4bd79a51f57922b8709c7f62c99ce71611fc5526021ce2d15534b9ae452e6a1c?s=96&d=mm&r=g","caption":"mercadeo umecit"},"url":"https:\/\/umecit.edu.pa\/en\/author\/mercadeo\/"}]}},"_links":{"self":[{"href":"https:\/\/umecit.edu.pa\/en\/wp-json\/wp\/v2\/posts\/114916","targetHints":{"allow":["GET"]}}],"collection":[{"href":"https:\/\/umecit.edu.pa\/en\/wp-json\/wp\/v2\/posts"}],"about":[{"href":"https:\/\/umecit.edu.pa\/en\/wp-json\/wp\/v2\/types\/post"}],"author":[{"embeddable":true,"href":"https:\/\/umecit.edu.pa\/en\/wp-json\/wp\/v2\/users\/695"}],"replies":[{"embeddable":true,"href":"https:\/\/umecit.edu.pa\/en\/wp-json\/wp\/v2\/comments?post=114916"}],"version-history":[{"count":0,"href":"https:\/\/umecit.edu.pa\/en\/wp-json\/wp\/v2\/posts\/114916\/revisions"}],"wp:featuredmedia":[{"embeddable":true,"href":"https:\/\/umecit.edu.pa\/en\/wp-json\/wp\/v2\/media\/114918"}],"wp:attachment":[{"href":"https:\/\/umecit.edu.pa\/en\/wp-json\/wp\/v2\/media?parent=114916"}],"wp:term":[{"taxonomy":"category","embeddable":true,"href":"https:\/\/umecit.edu.pa\/en\/wp-json\/wp\/v2\/categories?post=114916"},{"taxonomy":"post_tag","embeddable":true,"href":"https:\/\/umecit.edu.pa\/en\/wp-json\/wp\/v2\/tags?post=114916"}],"curies":[{"name":"wp","href":"https:\/\/api.w.org\/{rel}","templated":true}]}}