{"id":113708,"date":"2024-06-03T08:55:43","date_gmt":"2024-06-03T13:55:43","guid":{"rendered":"https:\/\/umecit.edu.pa\/?p=113708"},"modified":"2024-06-03T08:56:58","modified_gmt":"2024-06-03T13:56:58","slug":"umecit-fortalece-la-vinculacion-con-el-medio-a-traves-de-la-direccion-de-extension","status":"publish","type":"post","link":"https:\/\/umecit.edu.pa\/en\/umecit-fortalece-la-vinculacion-con-el-medio-a-traves-de-la-direccion-de-extension\/","title":{"rendered":"UMECIT strengthens the connection with the environment through the Extension Directorate"},"content":{"rendered":"<div data-elementor-type=\"wp-post\" data-elementor-id=\"113708\" class=\"elementor elementor-113708\" data-elementor-post-type=\"post\">\n\t\t\t\t\t\t<section class=\"elementor-section elementor-top-section elementor-element elementor-element-28101e17 elementor-section-boxed elementor-section-height-default elementor-section-height-default row-top\" data-id=\"28101e17\" data-element_type=\"section\" data-e-type=\"section\">\n\t\t\t\t\t\t<div class=\"elementor-container elementor-column-gap-default\">\n\t\t\t\t\t<div class=\"elementor-column elementor-col-100 elementor-top-column elementor-element elementor-element-2144d551 column-style-top\" data-id=\"2144d551\" data-element_type=\"column\" data-e-type=\"column\">\n\t\t\t<div class=\"elementor-widget-wrap elementor-element-populated\">\n\t\t\t\t\t\t<div class=\"elementor-element elementor-element-75dedef elementor-widget elementor-widget-text-editor\" data-id=\"75dedef\" data-element_type=\"widget\" data-e-type=\"widget\" data-widget_type=\"text-editor.default\">\n\t\t\t\t<div class=\"elementor-widget-container\">\n\t\t\t\t\t\t\t\t\t<p><span style=\"font-weight: 400;\">In an effort to strengthen the connection of the Metropolitan University of Education, Science and Technology -UMECIT- with the community and enhance the articulated work between teachers, students and administrators, a training was carried out in the Megamall building. This training, which brought together 21 teachers, aimed to explain the function of the Extension Directorate and the significant impact it has when linked to academic activities.<\/span><\/p><p><span style=\"font-weight: 400;\">During the training, it was highlighted how university extension enriches students&#039; learning by providing them with opportunities to apply their theoretical knowledge in practical and real contexts. This articulation with academics not only reinforces knowledge, but also enriches the educational experience of students, allowing them to develop comprehensively.<\/span><\/p><p><span style=\"font-weight: 400;\">Participating in outreach projects helps students develop crucial soft skills such as teamwork, effective communication, project management and leadership. These projects not only complement their academic training, but also prepare students to face challenges in their professional lives.<\/span><\/p><p><span style=\"font-weight: 400;\">Furthermore, the connection with society through university extension allows UMECIT to identify and respond to the needs of the local environment, strengthening its social role and its relevance in the community. The University, by connecting effectively with society, positions itself as an agent of positive change, contributing to the development and well-being of the community that surrounds it.<\/span><\/p><p><span style=\"font-weight: 400;\">The session was led by Magister Yelitza Gonz\u00e1lez, Extension Director of UMECIT, who was accompanied by the Graduate Coordinator, Itzel Gonz\u00e1lez, and the Entrepreneurship Coordinator, Tharelys Landecho. The organization of the event was in charge of the Megamall Building Coordinator, Magister Yamileth Gonz\u00e1lez.<\/span><\/p><p><span style=\"font-weight: 400;\">This training demonstrated UMECIT&#039;s commitment to academic excellence and its mission to positively impact society. These types of initiatives are essential to continue developing quality education, which not only trains competent professionals, but also citizens committed to the development of their environment.<\/span><\/p><p><span style=\"font-weight: 400;\">UMECIT will continue working on the integration of extension with academics, promoting projects that benefit both students and the community, and reaffirming its commitment to comprehensive education and social responsibility.<\/span><\/p><p><span style=\"font-weight: 400;\">\u00a0<\/span><\/p>\t\t\t\t\t\t\t\t<\/div>\n\t\t\t\t<\/div>\n\t\t\t\t\t<\/div>\n\t\t<\/div>\n\t\t\t\t\t<\/div>\n\t\t<\/section>\n\t\t\t\t<section class=\"elementor-section elementor-top-section elementor-element elementor-element-7094c25 elementor-section-boxed elementor-section-height-default elementor-section-height-default row-top\" data-id=\"7094c25\" data-element_type=\"section\" data-e-type=\"section\">\n\t\t\t\t\t\t<div class=\"elementor-container elementor-column-gap-default\">\n\t\t\t\t\t<div class=\"elementor-column elementor-col-100 elementor-top-column elementor-element elementor-element-ba72a44 column-style-top\" data-id=\"ba72a44\" data-element_type=\"column\" data-e-type=\"column\">\n\t\t\t<div class=\"elementor-widget-wrap elementor-element-populated\">\n\t\t\t\t\t\t<div class=\"elementor-element elementor-element-c760b98 elementor-arrows-position-inside elementor-pagination-position-outside elementor-widget elementor-widget-image-carousel\" data-id=\"c760b98\" data-element_type=\"widget\" data-e-type=\"widget\" data-settings=\"{&quot;slides_to_show&quot;:&quot;1&quot;,&quot;navigation&quot;:&quot;both&quot;,&quot;autoplay&quot;:&quot;yes&quot;,&quot;pause_on_hover&quot;:&quot;yes&quot;,&quot;pause_on_interaction&quot;:&quot;yes&quot;,&quot;autoplay_speed&quot;:5000,&quot;infinite&quot;:&quot;yes&quot;,&quot;effect&quot;:&quot;slide&quot;,&quot;speed&quot;:500}\" data-widget_type=\"image-carousel.default\">\n\t\t\t\t<div class=\"elementor-widget-container\">\n\t\t\t\t\t\t\t<div class=\"elementor-image-carousel-wrapper swiper\" role=\"region\" aria-roledescription=\"carousel\" aria-label=\"Carousel of images\" dir=\"ltr\">\n\t\t\t<div class=\"elementor-image-carousel swiper-wrapper\" aria-live=\"off\">\n\t\t\t\t\t\t\t\t<div class=\"swiper-slide\" role=\"group\" aria-roledescription=\"slide\" aria-label=\"1 of 3\"><figure class=\"swiper-slide-inner\"><img decoding=\"async\" class=\"swiper-slide-image\" src=\"https:\/\/umecit.edu.pa\/wp-content\/uploads\/2024\/06\/WhatsApp-Image-2024-06-01-at-2.42.12-PM-1024x576.jpeg\" alt=\"UMECIT fortalece la vinculaci\u00f3n con el medio a trav\u00e9s de la Direcci\u00f3n de Extensi\u00f3n\" \/><\/figure><\/div><div class=\"swiper-slide\" role=\"group\" aria-roledescription=\"slide\" aria-label=\"2 of 3\"><figure class=\"swiper-slide-inner\"><img decoding=\"async\" class=\"swiper-slide-image\" src=\"https:\/\/umecit.edu.pa\/wp-content\/uploads\/2024\/06\/WhatsApp-Image-2024-06-01-at-2.42.11-PM-2.jpeg\" alt=\"UMECIT fortalece la vinculaci\u00f3n con el medio a trav\u00e9s de la Direcci\u00f3n de Extensi\u00f3n\" \/><\/figure><\/div><div class=\"swiper-slide\" role=\"group\" aria-roledescription=\"slide\" aria-label=\"3 of 3\"><figure class=\"swiper-slide-inner\"><img decoding=\"async\" class=\"swiper-slide-image\" src=\"https:\/\/umecit.edu.pa\/wp-content\/uploads\/2024\/06\/WhatsApp-Image-2024-06-01-at-2.42.11-PM-1024x576.jpeg\" alt=\"UMECIT fortalece la vinculaci\u00f3n con el medio a trav\u00e9s de la Direcci\u00f3n de Extensi\u00f3n\" \/><\/figure><\/div>\t\t\t<\/div>\n\t\t\t\t\t\t\t\t\t\t\t\t<div class=\"elementor-swiper-button elementor-swiper-button-prev\" role=\"button\" tabindex=\"0\">\n\t\t\t\t\t\t<i aria-hidden=\"true\" class=\"eicon-chevron-left\"><\/i>\t\t\t\t\t<\/div>\n\t\t\t\t\t<div class=\"elementor-swiper-button elementor-swiper-button-next\" role=\"button\" tabindex=\"0\">\n\t\t\t\t\t\t<i aria-hidden=\"true\" class=\"eicon-chevron-right\"><\/i>\t\t\t\t\t<\/div>\n\t\t\t\t\n\t\t\t\t\t\t\t\t\t<div class=\"swiper-pagination\"><\/div>\n\t\t\t\t\t\t\t\t\t<\/div>\n\t\t\t\t\t\t<\/div>\n\t\t\t\t<\/div>\n\t\t\t\t\t<\/div>\n\t\t<\/div>\n\t\t\t\t\t<\/div>\n\t\t<\/section>\n\t\t\t\t<\/div>","protected":false},"excerpt":{"rendered":"<p>The Metropolitan University of Education, Science and Technology -UMECIT- delivered the Adjusted Institutional Improvement Plan<\/p>","protected":false},"author":695,"featured_media":113710,"comment_status":"closed","ping_status":"closed","sticky":false,"template":"","format":"standard","meta":{"footnotes":""},"categories":[71,73,67,107,109,174],"tags":[115,151,231],"class_list":["post-113708","post","type-post","status-publish","format-standard","has-post-thumbnail","hentry","category-convenios","category-educacion","category-eventos","category-extension","category-noticias","category-universidad","tag-educacion","tag-noticias","tag-umecit"],"yoast_head":"<!-- This site is optimized with the Yoast SEO plugin v27.1.1 - https:\/\/yoast.com\/product\/yoast-seo-wordpress\/ -->\n<title>UMECIT fortalece la vinculaci\u00f3n con el medio a trav\u00e9s de la Direcci\u00f3n de Extensi\u00f3n<\/title>\n<meta name=\"description\" content=\"En un esfuerzo por fortalecer la vinculaci\u00f3n de la Universidad Metropolitana de Educaci\u00f3n, Ciencia y Tecnolog\u00eda-UMECIT- con la comunidad y potenciar el trabajo articulado entre docentes, estudiantes y administrativos, se llev\u00f3 a cabo una capacitaci\u00f3n en el edificio Megamall.\" \/>\n<meta name=\"robots\" content=\"index, follow, max-snippet:-1, max-image-preview:large, max-video-preview:-1\" \/>\n<link rel=\"canonical\" href=\"https:\/\/mail.umecit.edu.pa\/en\/umecit-fortalece-la-vinculacion-con-el-medio-a-traves-de-la-direccion-de-extension\/\" \/>\n<meta property=\"og:locale\" content=\"en_US\" \/>\n<meta property=\"og:type\" content=\"article\" \/>\n<meta property=\"og:title\" content=\"UMECIT fortalece la vinculaci\u00f3n con el medio a trav\u00e9s de la Direcci\u00f3n de Extensi\u00f3n\" \/>\n<meta property=\"og:description\" content=\"En un esfuerzo por fortalecer la vinculaci\u00f3n de la Universidad Metropolitana de Educaci\u00f3n, Ciencia y Tecnolog\u00eda-UMECIT- con la comunidad y potenciar el trabajo articulado entre docentes, estudiantes y administrativos, se llev\u00f3 a cabo una capacitaci\u00f3n en el edificio Megamall.\" \/>\n<meta property=\"og:url\" content=\"https:\/\/mail.umecit.edu.pa\/en\/umecit-fortalece-la-vinculacion-con-el-medio-a-traves-de-la-direccion-de-extension\/\" \/>\n<meta property=\"og:site_name\" content=\"Umecit - Universidad en Panam\u00e1\" \/>\n<meta property=\"article:publisher\" content=\"https:\/\/www.facebook.com\/umecitpanama\/\" \/>\n<meta property=\"article:published_time\" content=\"2024-06-03T13:55:43+00:00\" \/>\n<meta property=\"article:modified_time\" content=\"2024-06-03T13:56:58+00:00\" \/>\n<meta property=\"og:image\" content=\"https:\/\/mail.umecit.edu.pa\/wp-content\/uploads\/2024\/06\/WhatsApp-Image-2024-06-01-at-2.42.10-PM.jpeg\" \/>\n\t<meta property=\"og:image:width\" content=\"1280\" \/>\n\t<meta property=\"og:image:height\" content=\"720\" \/>\n\t<meta property=\"og:image:type\" content=\"image\/jpeg\" \/>\n<meta name=\"author\" content=\"mercadeo umecit\" \/>\n<meta name=\"twitter:card\" content=\"summary_large_image\" \/>\n<meta name=\"twitter:creator\" content=\"@umecitpanama\" \/>\n<meta name=\"twitter:site\" content=\"@umecitpanama\" \/>\n<meta name=\"twitter:label1\" content=\"Written by\" \/>\n\t<meta name=\"twitter:data1\" content=\"mercadeo umecit\" \/>\n\t<meta name=\"twitter:label2\" content=\"Est. reading time\" \/>\n\t<meta name=\"twitter:data2\" content=\"3 minutes\" \/>\n<script type=\"application\/ld+json\" class=\"yoast-schema-graph\">{\"@context\":\"https:\/\/schema.org\",\"@graph\":[{\"@type\":\"Article\",\"@id\":\"https:\/\/mail.umecit.edu.pa\/en\/umecit-fortalece-la-vinculacion-con-el-medio-a-traves-de-la-direccion-de-extension\/#article\",\"isPartOf\":{\"@id\":\"https:\/\/mail.umecit.edu.pa\/en\/umecit-fortalece-la-vinculacion-con-el-medio-a-traves-de-la-direccion-de-extension\/\"},\"author\":{\"name\":\"mercadeo umecit\",\"@id\":\"https:\/\/umecit.edu.pa\/en\/#\/schema\/person\/b2c0d29c839513d3464f9c9e1f3e6f69\"},\"headline\":\"UMECIT fortalece la vinculaci\u00f3n con el medio a trav\u00e9s de la Direcci\u00f3n de Extensi\u00f3n\",\"datePublished\":\"2024-06-03T13:55:43+00:00\",\"dateModified\":\"2024-06-03T13:56:58+00:00\",\"mainEntityOfPage\":{\"@id\":\"https:\/\/mail.umecit.edu.pa\/en\/umecit-fortalece-la-vinculacion-con-el-medio-a-traves-de-la-direccion-de-extension\/\"},\"wordCount\":436,\"publisher\":{\"@id\":\"https:\/\/umecit.edu.pa\/en\/#organization\"},\"image\":{\"@id\":\"https:\/\/mail.umecit.edu.pa\/en\/umecit-fortalece-la-vinculacion-con-el-medio-a-traves-de-la-direccion-de-extension\/#primaryimage\"},\"thumbnailUrl\":\"https:\/\/umecit.edu.pa\/wp-content\/uploads\/2024\/06\/WhatsApp-Image-2024-06-01-at-2.42.10-PM.jpeg\",\"keywords\":[\"Educaci\u00f3n\",\"Noticias\",\"UMECIT\"],\"articleSection\":[\"Convenios\",\"Educaci\u00f3n\",\"Eventos\",\"Extensi\u00f3n\",\"Noticias\",\"Universidad\"],\"inLanguage\":\"en-US\"},{\"@type\":\"WebPage\",\"@id\":\"https:\/\/mail.umecit.edu.pa\/en\/umecit-fortalece-la-vinculacion-con-el-medio-a-traves-de-la-direccion-de-extension\/\",\"url\":\"https:\/\/mail.umecit.edu.pa\/en\/umecit-fortalece-la-vinculacion-con-el-medio-a-traves-de-la-direccion-de-extension\/\",\"name\":\"UMECIT fortalece la vinculaci\u00f3n con el medio a trav\u00e9s de la Direcci\u00f3n de Extensi\u00f3n\",\"isPartOf\":{\"@id\":\"https:\/\/umecit.edu.pa\/en\/#website\"},\"primaryImageOfPage\":{\"@id\":\"https:\/\/mail.umecit.edu.pa\/en\/umecit-fortalece-la-vinculacion-con-el-medio-a-traves-de-la-direccion-de-extension\/#primaryimage\"},\"image\":{\"@id\":\"https:\/\/mail.umecit.edu.pa\/en\/umecit-fortalece-la-vinculacion-con-el-medio-a-traves-de-la-direccion-de-extension\/#primaryimage\"},\"thumbnailUrl\":\"https:\/\/umecit.edu.pa\/wp-content\/uploads\/2024\/06\/WhatsApp-Image-2024-06-01-at-2.42.10-PM.jpeg\",\"datePublished\":\"2024-06-03T13:55:43+00:00\",\"dateModified\":\"2024-06-03T13:56:58+00:00\",\"description\":\"En un esfuerzo por fortalecer la vinculaci\u00f3n de la Universidad Metropolitana de Educaci\u00f3n, Ciencia y Tecnolog\u00eda-UMECIT- con la comunidad y potenciar el trabajo articulado entre docentes, estudiantes y administrativos, se llev\u00f3 a cabo una capacitaci\u00f3n en el edificio Megamall.\",\"breadcrumb\":{\"@id\":\"https:\/\/mail.umecit.edu.pa\/en\/umecit-fortalece-la-vinculacion-con-el-medio-a-traves-de-la-direccion-de-extension\/#breadcrumb\"},\"inLanguage\":\"en-US\",\"potentialAction\":[{\"@type\":\"ReadAction\",\"target\":[\"https:\/\/mail.umecit.edu.pa\/en\/umecit-fortalece-la-vinculacion-con-el-medio-a-traves-de-la-direccion-de-extension\/\"]}]},{\"@type\":\"ImageObject\",\"inLanguage\":\"en-US\",\"@id\":\"https:\/\/mail.umecit.edu.pa\/en\/umecit-fortalece-la-vinculacion-con-el-medio-a-traves-de-la-direccion-de-extension\/#primaryimage\",\"url\":\"https:\/\/umecit.edu.pa\/wp-content\/uploads\/2024\/06\/WhatsApp-Image-2024-06-01-at-2.42.10-PM.jpeg\",\"contentUrl\":\"https:\/\/umecit.edu.pa\/wp-content\/uploads\/2024\/06\/WhatsApp-Image-2024-06-01-at-2.42.10-PM.jpeg\",\"width\":1280,\"height\":720},{\"@type\":\"BreadcrumbList\",\"@id\":\"https:\/\/mail.umecit.edu.pa\/en\/umecit-fortalece-la-vinculacion-con-el-medio-a-traves-de-la-direccion-de-extension\/#breadcrumb\",\"itemListElement\":[{\"@type\":\"ListItem\",\"position\":1,\"name\":\"Portada\",\"item\":\"https:\/\/umecit.edu.pa\/en\/\"},{\"@type\":\"ListItem\",\"position\":2,\"name\":\"UMECIT fortalece la vinculaci\u00f3n con el medio a trav\u00e9s de la Direcci\u00f3n de Extensi\u00f3n\"}]},{\"@type\":\"WebSite\",\"@id\":\"https:\/\/umecit.edu.pa\/en\/#website\",\"url\":\"https:\/\/umecit.edu.pa\/en\/\",\"name\":\"Umecit - Universidad en Panam\u00e1\",\"description\":\"Universidad Metropolitana de Educaci\u00f3n, Ciencia y Tecnolog\u00eda\",\"publisher\":{\"@id\":\"https:\/\/umecit.edu.pa\/en\/#organization\"},\"potentialAction\":[{\"@type\":\"SearchAction\",\"target\":{\"@type\":\"EntryPoint\",\"urlTemplate\":\"https:\/\/umecit.edu.pa\/en\/?s={search_term_string}\"},\"query-input\":{\"@type\":\"PropertyValueSpecification\",\"valueRequired\":true,\"valueName\":\"search_term_string\"}}],\"inLanguage\":\"en-US\"},{\"@type\":\"Organization\",\"@id\":\"https:\/\/umecit.edu.pa\/en\/#organization\",\"name\":\"Umecit - Universidad en Panam\u00e1\",\"url\":\"https:\/\/umecit.edu.pa\/en\/\",\"logo\":{\"@type\":\"ImageObject\",\"inLanguage\":\"en-US\",\"@id\":\"https:\/\/umecit.edu.pa\/en\/#\/schema\/logo\/image\/\",\"url\":\"https:\/\/umecit.edu.pa\/wp-content\/uploads\/2022\/06\/panama-7.jpg\",\"contentUrl\":\"https:\/\/umecit.edu.pa\/wp-content\/uploads\/2022\/06\/panama-7.jpg\",\"width\":1200,\"height\":800,\"caption\":\"Umecit - Universidad en Panam\u00e1\"},\"image\":{\"@id\":\"https:\/\/umecit.edu.pa\/en\/#\/schema\/logo\/image\/\"},\"sameAs\":[\"https:\/\/www.facebook.com\/umecitpanama\/\",\"https:\/\/x.com\/umecitpanama\",\"https:\/\/www.tiktok.com\/@umecit\",\"https:\/\/www.instagram.com\/umecit\/\",\"https:\/\/www.youtube.com\/channel\/UCP9iXFXi4p_EW_p9p6lprhg\"]},{\"@type\":\"Person\",\"@id\":\"https:\/\/umecit.edu.pa\/en\/#\/schema\/person\/b2c0d29c839513d3464f9c9e1f3e6f69\",\"name\":\"mercadeo umecit\",\"image\":{\"@type\":\"ImageObject\",\"inLanguage\":\"en-US\",\"@id\":\"https:\/\/umecit.edu.pa\/en\/#\/schema\/person\/image\/\",\"url\":\"https:\/\/secure.gravatar.com\/avatar\/4bd79a51f57922b8709c7f62c99ce71611fc5526021ce2d15534b9ae452e6a1c?s=96&d=mm&r=g\",\"contentUrl\":\"https:\/\/secure.gravatar.com\/avatar\/4bd79a51f57922b8709c7f62c99ce71611fc5526021ce2d15534b9ae452e6a1c?s=96&d=mm&r=g\",\"caption\":\"mercadeo umecit\"},\"url\":\"https:\/\/umecit.edu.pa\/en\/author\/mercadeo\/\"}]}<\/script>\n<!-- \/ Yoast SEO plugin. -->","yoast_head_json":{"title":"UMECIT strengthens the connection with the environment through the Extension Directorate","description":"In an effort to strengthen the ties between the Metropolitan University of Education, Science and Technology (UMECIT) and the community and enhance collaborative work between faculty, students, and administrators, a training session was held at the Megamall building.","robots":{"index":"index","follow":"follow","max-snippet":"max-snippet:-1","max-image-preview":"max-image-preview:large","max-video-preview":"max-video-preview:-1"},"canonical":"https:\/\/mail.umecit.edu.pa\/en\/umecit-fortalece-la-vinculacion-con-el-medio-a-traves-de-la-direccion-de-extension\/","og_locale":"en_US","og_type":"article","og_title":"UMECIT fortalece la vinculaci\u00f3n con el medio a trav\u00e9s de la Direcci\u00f3n de Extensi\u00f3n","og_description":"En un esfuerzo por fortalecer la vinculaci\u00f3n de la Universidad Metropolitana de Educaci\u00f3n, Ciencia y Tecnolog\u00eda-UMECIT- con la comunidad y potenciar el trabajo articulado entre docentes, estudiantes y administrativos, se llev\u00f3 a cabo una capacitaci\u00f3n en el edificio Megamall.","og_url":"https:\/\/mail.umecit.edu.pa\/en\/umecit-fortalece-la-vinculacion-con-el-medio-a-traves-de-la-direccion-de-extension\/","og_site_name":"Umecit - Universidad en Panam\u00e1","article_publisher":"https:\/\/www.facebook.com\/umecitpanama\/","article_published_time":"2024-06-03T13:55:43+00:00","article_modified_time":"2024-06-03T13:56:58+00:00","og_image":[{"width":1280,"height":720,"url":"https:\/\/mail.umecit.edu.pa\/wp-content\/uploads\/2024\/06\/WhatsApp-Image-2024-06-01-at-2.42.10-PM.jpeg","type":"image\/jpeg"}],"author":"mercadeo umecit","twitter_card":"summary_large_image","twitter_creator":"@umecitpanama","twitter_site":"@umecitpanama","twitter_misc":{"Written by":"mercadeo umecit","Est. reading time":"3 minutes"},"schema":{"@context":"https:\/\/schema.org","@graph":[{"@type":"Article","@id":"https:\/\/mail.umecit.edu.pa\/en\/umecit-fortalece-la-vinculacion-con-el-medio-a-traves-de-la-direccion-de-extension\/#article","isPartOf":{"@id":"https:\/\/mail.umecit.edu.pa\/en\/umecit-fortalece-la-vinculacion-con-el-medio-a-traves-de-la-direccion-de-extension\/"},"author":{"name":"mercadeo umecit","@id":"https:\/\/umecit.edu.pa\/en\/#\/schema\/person\/b2c0d29c839513d3464f9c9e1f3e6f69"},"headline":"UMECIT fortalece la vinculaci\u00f3n con el medio a trav\u00e9s de la Direcci\u00f3n de Extensi\u00f3n","datePublished":"2024-06-03T13:55:43+00:00","dateModified":"2024-06-03T13:56:58+00:00","mainEntityOfPage":{"@id":"https:\/\/mail.umecit.edu.pa\/en\/umecit-fortalece-la-vinculacion-con-el-medio-a-traves-de-la-direccion-de-extension\/"},"wordCount":436,"publisher":{"@id":"https:\/\/umecit.edu.pa\/en\/#organization"},"image":{"@id":"https:\/\/mail.umecit.edu.pa\/en\/umecit-fortalece-la-vinculacion-con-el-medio-a-traves-de-la-direccion-de-extension\/#primaryimage"},"thumbnailUrl":"https:\/\/umecit.edu.pa\/wp-content\/uploads\/2024\/06\/WhatsApp-Image-2024-06-01-at-2.42.10-PM.jpeg","keywords":["Educaci\u00f3n","Noticias","UMECIT"],"articleSection":["Convenios","Educaci\u00f3n","Eventos","Extensi\u00f3n","Noticias","Universidad"],"inLanguage":"en-US"},{"@type":"WebPage","@id":"https:\/\/mail.umecit.edu.pa\/en\/umecit-fortalece-la-vinculacion-con-el-medio-a-traves-de-la-direccion-de-extension\/","url":"https:\/\/mail.umecit.edu.pa\/en\/umecit-fortalece-la-vinculacion-con-el-medio-a-traves-de-la-direccion-de-extension\/","name":"UMECIT strengthens the connection with the environment through the Extension Directorate","isPartOf":{"@id":"https:\/\/umecit.edu.pa\/en\/#website"},"primaryImageOfPage":{"@id":"https:\/\/mail.umecit.edu.pa\/en\/umecit-fortalece-la-vinculacion-con-el-medio-a-traves-de-la-direccion-de-extension\/#primaryimage"},"image":{"@id":"https:\/\/mail.umecit.edu.pa\/en\/umecit-fortalece-la-vinculacion-con-el-medio-a-traves-de-la-direccion-de-extension\/#primaryimage"},"thumbnailUrl":"https:\/\/umecit.edu.pa\/wp-content\/uploads\/2024\/06\/WhatsApp-Image-2024-06-01-at-2.42.10-PM.jpeg","datePublished":"2024-06-03T13:55:43+00:00","dateModified":"2024-06-03T13:56:58+00:00","description":"In an effort to strengthen the ties between the Metropolitan University of Education, Science and Technology (UMECIT) and the community and enhance collaborative work between faculty, students, and administrators, a training session was held at the Megamall building.","breadcrumb":{"@id":"https:\/\/mail.umecit.edu.pa\/en\/umecit-fortalece-la-vinculacion-con-el-medio-a-traves-de-la-direccion-de-extension\/#breadcrumb"},"inLanguage":"en-US","potentialAction":[{"@type":"ReadAction","target":["https:\/\/mail.umecit.edu.pa\/en\/umecit-fortalece-la-vinculacion-con-el-medio-a-traves-de-la-direccion-de-extension\/"]}]},{"@type":"ImageObject","inLanguage":"en-US","@id":"https:\/\/mail.umecit.edu.pa\/en\/umecit-fortalece-la-vinculacion-con-el-medio-a-traves-de-la-direccion-de-extension\/#primaryimage","url":"https:\/\/umecit.edu.pa\/wp-content\/uploads\/2024\/06\/WhatsApp-Image-2024-06-01-at-2.42.10-PM.jpeg","contentUrl":"https:\/\/umecit.edu.pa\/wp-content\/uploads\/2024\/06\/WhatsApp-Image-2024-06-01-at-2.42.10-PM.jpeg","width":1280,"height":720},{"@type":"BreadcrumbList","@id":"https:\/\/mail.umecit.edu.pa\/en\/umecit-fortalece-la-vinculacion-con-el-medio-a-traves-de-la-direccion-de-extension\/#breadcrumb","itemListElement":[{"@type":"ListItem","position":1,"name":"Portada","item":"https:\/\/umecit.edu.pa\/en\/"},{"@type":"ListItem","position":2,"name":"UMECIT fortalece la vinculaci\u00f3n con el medio a trav\u00e9s de la Direcci\u00f3n de Extensi\u00f3n"}]},{"@type":"WebSite","@id":"https:\/\/umecit.edu.pa\/en\/#website","url":"https:\/\/umecit.edu.pa\/en\/","name":"Umecit - University in Panama","description":"Metropolitan University of Education, Science and Technology","publisher":{"@id":"https:\/\/umecit.edu.pa\/en\/#organization"},"potentialAction":[{"@type":"SearchAction","target":{"@type":"EntryPoint","urlTemplate":"https:\/\/umecit.edu.pa\/en\/?s={search_term_string}"},"query-input":{"@type":"PropertyValueSpecification","valueRequired":true,"valueName":"search_term_string"}}],"inLanguage":"en-US"},{"@type":"Organization","@id":"https:\/\/umecit.edu.pa\/en\/#organization","name":"Umecit - University in Panama","url":"https:\/\/umecit.edu.pa\/en\/","logo":{"@type":"ImageObject","inLanguage":"en-US","@id":"https:\/\/umecit.edu.pa\/en\/#\/schema\/logo\/image\/","url":"https:\/\/umecit.edu.pa\/wp-content\/uploads\/2022\/06\/panama-7.jpg","contentUrl":"https:\/\/umecit.edu.pa\/wp-content\/uploads\/2022\/06\/panama-7.jpg","width":1200,"height":800,"caption":"Umecit - Universidad en Panam\u00e1"},"image":{"@id":"https:\/\/umecit.edu.pa\/en\/#\/schema\/logo\/image\/"},"sameAs":["https:\/\/www.facebook.com\/umecitpanama\/","https:\/\/x.com\/umecitpanama","https:\/\/www.tiktok.com\/@umecit","https:\/\/www.instagram.com\/umecit\/","https:\/\/www.youtube.com\/channel\/UCP9iXFXi4p_EW_p9p6lprhg"]},{"@type":"Person","@id":"https:\/\/umecit.edu.pa\/en\/#\/schema\/person\/b2c0d29c839513d3464f9c9e1f3e6f69","name":"umecit marketing","image":{"@type":"ImageObject","inLanguage":"en-US","@id":"https:\/\/umecit.edu.pa\/en\/#\/schema\/person\/image\/","url":"https:\/\/secure.gravatar.com\/avatar\/4bd79a51f57922b8709c7f62c99ce71611fc5526021ce2d15534b9ae452e6a1c?s=96&d=mm&r=g","contentUrl":"https:\/\/secure.gravatar.com\/avatar\/4bd79a51f57922b8709c7f62c99ce71611fc5526021ce2d15534b9ae452e6a1c?s=96&d=mm&r=g","caption":"mercadeo umecit"},"url":"https:\/\/umecit.edu.pa\/en\/author\/mercadeo\/"}]}},"_links":{"self":[{"href":"https:\/\/umecit.edu.pa\/en\/wp-json\/wp\/v2\/posts\/113708","targetHints":{"allow":["GET"]}}],"collection":[{"href":"https:\/\/umecit.edu.pa\/en\/wp-json\/wp\/v2\/posts"}],"about":[{"href":"https:\/\/umecit.edu.pa\/en\/wp-json\/wp\/v2\/types\/post"}],"author":[{"embeddable":true,"href":"https:\/\/umecit.edu.pa\/en\/wp-json\/wp\/v2\/users\/695"}],"replies":[{"embeddable":true,"href":"https:\/\/umecit.edu.pa\/en\/wp-json\/wp\/v2\/comments?post=113708"}],"version-history":[{"count":0,"href":"https:\/\/umecit.edu.pa\/en\/wp-json\/wp\/v2\/posts\/113708\/revisions"}],"wp:featuredmedia":[{"embeddable":true,"href":"https:\/\/umecit.edu.pa\/en\/wp-json\/wp\/v2\/media\/113710"}],"wp:attachment":[{"href":"https:\/\/umecit.edu.pa\/en\/wp-json\/wp\/v2\/media?parent=113708"}],"wp:term":[{"taxonomy":"category","embeddable":true,"href":"https:\/\/umecit.edu.pa\/en\/wp-json\/wp\/v2\/categories?post=113708"},{"taxonomy":"post_tag","embeddable":true,"href":"https:\/\/umecit.edu.pa\/en\/wp-json\/wp\/v2\/tags?post=113708"}],"curies":[{"name":"wp","href":"https:\/\/api.w.org\/{rel}","templated":true}]}}