{"id":113232,"date":"2024-05-17T16:56:55","date_gmt":"2024-05-17T21:56:55","guid":{"rendered":"https:\/\/umecit.edu.pa\/?p=113232"},"modified":"2024-05-17T16:59:48","modified_gmt":"2024-05-17T21:59:48","slug":"celebracion-del-dia-internacional-de-la-mujer-en-el-sector-maritimo","status":"publish","type":"post","link":"https:\/\/umecit.edu.pa\/en\/celebracion-del-dia-internacional-de-la-mujer-en-el-sector-maritimo\/","title":{"rendered":"Celebration of International Women&#039;s Day in the Maritime Sector"},"content":{"rendered":"<div data-elementor-type=\"wp-post\" data-elementor-id=\"113232\" class=\"elementor elementor-113232\" data-elementor-post-type=\"post\">\n\t\t\t\t\t\t<section class=\"elementor-section elementor-top-section elementor-element elementor-element-28101e17 elementor-section-boxed elementor-section-height-default elementor-section-height-default row-top\" data-id=\"28101e17\" data-element_type=\"section\" data-e-type=\"section\">\n\t\t\t\t\t\t<div class=\"elementor-container elementor-column-gap-default\">\n\t\t\t\t\t<div class=\"elementor-column elementor-col-100 elementor-top-column elementor-element elementor-element-2144d551 column-style-top\" data-id=\"2144d551\" data-element_type=\"column\" data-e-type=\"column\">\n\t\t\t<div class=\"elementor-widget-wrap elementor-element-populated\">\n\t\t\t\t\t\t<div class=\"elementor-element elementor-element-75dedef elementor-widget elementor-widget-text-editor\" data-id=\"75dedef\" data-element_type=\"widget\" data-e-type=\"widget\" data-widget_type=\"text-editor.default\">\n\t\t\t\t<div class=\"elementor-widget-container\">\n\t\t\t\t\t\t\t\t\t<p><span style=\"font-weight: 400;\">Within the framework of the celebration of the International Day of Women in the Maritime Sector, the Faculty of Nautical Sciences held the &quot;International Day for Woman in Maritime&quot; on May 11, 2024. This event included the participation of women experts from the national and international maritime sector, who spoke about the challenges and opportunities of the sector, in addition to sharing inspiring life stories.<\/span><\/p><p><span style=\"font-weight: 400;\">Among the notable exhibitors at this event, we have the participation of Elvia Bustavino, Irina Porras, Yamilka Navarro, Darixia Feij\u00f3o and, from Spain, Victoria Company Ochoa. Each of them provided valuable perspectives and knowledge that enriched the day.<\/span><\/p><p><span style=\"font-weight: 400;\">From the Faculty of Nautical Sciences of the Metropolitan University of Education, Science and Technology -UMECIT-, we honor the work carried out by women in the maritime and port sector, recognizing their invaluable contribution and leadership.<\/span><\/p>\t\t\t\t\t\t\t\t<\/div>\n\t\t\t\t<\/div>\n\t\t\t\t\t<\/div>\n\t\t<\/div>\n\t\t\t\t\t<\/div>\n\t\t<\/section>\n\t\t\t\t<section class=\"elementor-section elementor-top-section elementor-element elementor-element-7094c25 elementor-section-boxed elementor-section-height-default elementor-section-height-default row-top\" data-id=\"7094c25\" data-element_type=\"section\" data-e-type=\"section\">\n\t\t\t\t\t\t<div class=\"elementor-container elementor-column-gap-default\">\n\t\t\t\t\t<div class=\"elementor-column elementor-col-100 elementor-top-column elementor-element elementor-element-ba72a44 column-style-top\" data-id=\"ba72a44\" data-element_type=\"column\" data-e-type=\"column\">\n\t\t\t<div class=\"elementor-widget-wrap elementor-element-populated\">\n\t\t\t\t\t\t<div class=\"elementor-element elementor-element-c760b98 elementor-arrows-position-inside elementor-pagination-position-outside elementor-widget elementor-widget-image-carousel\" data-id=\"c760b98\" data-element_type=\"widget\" data-e-type=\"widget\" data-settings=\"{&quot;slides_to_show&quot;:&quot;1&quot;,&quot;navigation&quot;:&quot;both&quot;,&quot;autoplay&quot;:&quot;yes&quot;,&quot;pause_on_hover&quot;:&quot;yes&quot;,&quot;pause_on_interaction&quot;:&quot;yes&quot;,&quot;autoplay_speed&quot;:5000,&quot;infinite&quot;:&quot;yes&quot;,&quot;effect&quot;:&quot;slide&quot;,&quot;speed&quot;:500}\" data-widget_type=\"image-carousel.default\">\n\t\t\t\t<div class=\"elementor-widget-container\">\n\t\t\t\t\t\t\t<div class=\"elementor-image-carousel-wrapper swiper\" role=\"region\" aria-roledescription=\"carousel\" aria-label=\"Image Carousel\" dir=\"ltr\">\n\t\t\t<div class=\"elementor-image-carousel swiper-wrapper\" aria-live=\"off\">\n\t\t\t\t\t\t\t\t<div class=\"swiper-slide\" role=\"group\" aria-roledescription=\"slide\" aria-label=\"1 of 8\" data-no-translation-aria-label=\"\"><figure class=\"swiper-slide-inner\"><img decoding=\"async\" class=\"swiper-slide-image\" src=\"https:\/\/umecit.edu.pa\/wp-content\/uploads\/2024\/05\/070A3031-1024x683.jpg\" alt=\"Celebraci\u00f3n del D\u00eda Internacional de la Mujer en el Sector Mar\u00edtimo\" \/><\/figure><\/div><div class=\"swiper-slide\" role=\"group\" aria-roledescription=\"slide\" aria-label=\"2 of 8\" data-no-translation-aria-label=\"\"><figure class=\"swiper-slide-inner\"><img decoding=\"async\" class=\"swiper-slide-image\" src=\"https:\/\/umecit.edu.pa\/wp-content\/uploads\/2024\/05\/070A2997-1024x683.jpg\" alt=\"Celebraci\u00f3n del D\u00eda Internacional de la Mujer en el Sector Mar\u00edtimo\" \/><\/figure><\/div><div class=\"swiper-slide\" role=\"group\" aria-roledescription=\"slide\" aria-label=\"3 of 8\" data-no-translation-aria-label=\"\"><figure class=\"swiper-slide-inner\"><img decoding=\"async\" class=\"swiper-slide-image\" src=\"https:\/\/umecit.edu.pa\/wp-content\/uploads\/2024\/05\/070A2986-1024x683.jpg\" alt=\"Celebraci\u00f3n del D\u00eda Internacional de la Mujer en el Sector Mar\u00edtimo\" \/><\/figure><\/div><div class=\"swiper-slide\" role=\"group\" aria-roledescription=\"slide\" aria-label=\"4 of 8\" data-no-translation-aria-label=\"\"><figure class=\"swiper-slide-inner\"><img decoding=\"async\" class=\"swiper-slide-image\" src=\"https:\/\/umecit.edu.pa\/wp-content\/uploads\/2024\/05\/070A3022-1024x683.jpg\" alt=\"Celebraci\u00f3n del D\u00eda Internacional de la Mujer en el Sector Mar\u00edtimo\" \/><\/figure><\/div><div class=\"swiper-slide\" role=\"group\" aria-roledescription=\"slide\" aria-label=\"5 of 8\" data-no-translation-aria-label=\"\"><figure class=\"swiper-slide-inner\"><img decoding=\"async\" class=\"swiper-slide-image\" src=\"https:\/\/umecit.edu.pa\/wp-content\/uploads\/2024\/05\/070A2988-1024x683.jpg\" alt=\"Celebraci\u00f3n del D\u00eda Internacional de la Mujer en el Sector Mar\u00edtimo\" \/><\/figure><\/div><div class=\"swiper-slide\" role=\"group\" aria-roledescription=\"slide\" aria-label=\"6 of 8\" data-no-translation-aria-label=\"\"><figure class=\"swiper-slide-inner\"><img decoding=\"async\" class=\"swiper-slide-image\" src=\"https:\/\/umecit.edu.pa\/wp-content\/uploads\/2024\/05\/070A3003-1024x683.jpg\" alt=\"Celebraci\u00f3n del D\u00eda Internacional de la Mujer en el Sector Mar\u00edtimo\" \/><\/figure><\/div><div class=\"swiper-slide\" role=\"group\" aria-roledescription=\"slide\" aria-label=\"7 of 8\" data-no-translation-aria-label=\"\"><figure class=\"swiper-slide-inner\"><img decoding=\"async\" class=\"swiper-slide-image\" src=\"https:\/\/umecit.edu.pa\/wp-content\/uploads\/2024\/05\/070A3013-1024x683.jpg\" alt=\"070A3013\" \/><\/figure><\/div><div class=\"swiper-slide\" role=\"group\" aria-roledescription=\"slide\" aria-label=\"8 of 8\" data-no-translation-aria-label=\"\"><figure class=\"swiper-slide-inner\"><img decoding=\"async\" class=\"swiper-slide-image\" src=\"https:\/\/umecit.edu.pa\/wp-content\/uploads\/2024\/05\/070A3021-1024x683.jpg\" alt=\"Celebraci\u00f3n del D\u00eda Internacional de la Mujer en el Sector Mar\u00edtimo\" \/><\/figure><\/div>\t\t\t<\/div>\n\t\t\t\t\t\t\t\t\t\t\t\t<div class=\"elementor-swiper-button elementor-swiper-button-prev\" role=\"button\" tabindex=\"0\">\n\t\t\t\t\t\t<i aria-hidden=\"true\" class=\"eicon-chevron-left\"><\/i>\t\t\t\t\t<\/div>\n\t\t\t\t\t<div class=\"elementor-swiper-button elementor-swiper-button-next\" role=\"button\" tabindex=\"0\">\n\t\t\t\t\t\t<i aria-hidden=\"true\" class=\"eicon-chevron-right\"><\/i>\t\t\t\t\t<\/div>\n\t\t\t\t\n\t\t\t\t\t\t\t\t\t<div class=\"swiper-pagination\"><\/div>\n\t\t\t\t\t\t\t\t\t<\/div>\n\t\t\t\t\t\t<\/div>\n\t\t\t\t<\/div>\n\t\t\t\t\t<\/div>\n\t\t<\/div>\n\t\t\t\t\t<\/div>\n\t\t<\/section>\n\t\t\t\t<\/div>","protected":false},"excerpt":{"rendered":"<p>The Metropolitan University of Education, Science and Technology -UMECIT- delivered the Adjusted Institutional Improvement Plan<\/p>","protected":false},"author":695,"featured_media":113234,"comment_status":"closed","ping_status":"closed","sticky":false,"template":"","format":"standard","meta":{"footnotes":""},"categories":[108,73,109,174],"tags":[115,151,231],"class_list":["post-113232","post","type-post","status-publish","format-standard","has-post-thumbnail","hentry","category-carreras","category-educacion","category-noticias","category-universidad","tag-educacion","tag-noticias","tag-umecit"],"yoast_head":"<!-- This site is optimized with the Yoast SEO plugin v27.1.1 - https:\/\/yoast.com\/product\/yoast-seo-wordpress\/ -->\n<title>Celebraci\u00f3n del D\u00eda Internacional de la Mujer en el Sector Mar\u00edtimo<\/title>\n<meta name=\"description\" content=\"En el marco de la celebraci\u00f3n del D\u00eda Internacional de la Mujer en el Sector Mar\u00edtimo, la Facultad de Ciencias N\u00e1uticas llev\u00f3 a cabo el &quot;International Day for Woman in Maritime&quot; el pasado de mayo de 2024.\" \/>\n<meta name=\"robots\" content=\"index, follow, max-snippet:-1, max-image-preview:large, max-video-preview:-1\" \/>\n<link rel=\"canonical\" href=\"https:\/\/umecit.edu.pa\/en\/celebracion-del-dia-internacional-de-la-mujer-en-el-sector-maritimo\/\" \/>\n<meta property=\"og:locale\" content=\"en_US\" \/>\n<meta property=\"og:type\" content=\"article\" \/>\n<meta property=\"og:title\" content=\"Celebraci\u00f3n del D\u00eda Internacional de la Mujer en el Sector Mar\u00edtimo\" \/>\n<meta property=\"og:description\" content=\"En el marco de la celebraci\u00f3n del D\u00eda Internacional de la Mujer en el Sector Mar\u00edtimo, la Facultad de Ciencias N\u00e1uticas llev\u00f3 a cabo el &quot;International Day for Woman in Maritime&quot; el pasado de mayo de 2024.\" \/>\n<meta property=\"og:url\" content=\"https:\/\/umecit.edu.pa\/en\/celebracion-del-dia-internacional-de-la-mujer-en-el-sector-maritimo\/\" \/>\n<meta property=\"og:site_name\" content=\"Umecit - Universidad en Panam\u00e1\" \/>\n<meta property=\"article:publisher\" content=\"https:\/\/www.facebook.com\/umecitpanama\/\" \/>\n<meta property=\"article:published_time\" content=\"2024-05-17T21:56:55+00:00\" \/>\n<meta property=\"article:modified_time\" content=\"2024-05-17T21:59:48+00:00\" \/>\n<meta property=\"og:image\" content=\"https:\/\/umecit.edu.pa\/wp-content\/uploads\/2024\/05\/070A3033--scaled.jpg\" \/>\n\t<meta property=\"og:image:width\" content=\"2560\" \/>\n\t<meta property=\"og:image:height\" content=\"1017\" \/>\n\t<meta property=\"og:image:type\" content=\"image\/jpeg\" \/>\n<meta name=\"author\" content=\"mercadeo umecit\" \/>\n<meta name=\"twitter:card\" content=\"summary_large_image\" \/>\n<meta name=\"twitter:creator\" content=\"@umecitpanama\" \/>\n<meta name=\"twitter:site\" content=\"@umecitpanama\" \/>\n<meta name=\"twitter:label1\" content=\"Written by\" \/>\n\t<meta name=\"twitter:data1\" content=\"mercadeo umecit\" \/>\n\t<meta name=\"twitter:label2\" content=\"Est. reading time\" \/>\n\t<meta name=\"twitter:data2\" content=\"3 minutes\" \/>\n<script type=\"application\/ld+json\" class=\"yoast-schema-graph\">{\"@context\":\"https:\/\/schema.org\",\"@graph\":[{\"@type\":\"Article\",\"@id\":\"https:\/\/umecit.edu.pa\/celebracion-del-dia-internacional-de-la-mujer-en-el-sector-maritimo\/#article\",\"isPartOf\":{\"@id\":\"https:\/\/umecit.edu.pa\/celebracion-del-dia-internacional-de-la-mujer-en-el-sector-maritimo\/\"},\"author\":{\"name\":\"mercadeo umecit\",\"@id\":\"https:\/\/Umecit.edu.pa\/#\/schema\/person\/b2c0d29c839513d3464f9c9e1f3e6f69\"},\"headline\":\"Celebraci\u00f3n del D\u00eda Internacional de la Mujer en el Sector Mar\u00edtimo\",\"datePublished\":\"2024-05-17T21:56:55+00:00\",\"dateModified\":\"2024-05-17T21:59:48+00:00\",\"mainEntityOfPage\":{\"@id\":\"https:\/\/umecit.edu.pa\/celebracion-del-dia-internacional-de-la-mujer-en-el-sector-maritimo\/\"},\"wordCount\":172,\"publisher\":{\"@id\":\"https:\/\/Umecit.edu.pa\/#organization\"},\"image\":{\"@id\":\"https:\/\/umecit.edu.pa\/celebracion-del-dia-internacional-de-la-mujer-en-el-sector-maritimo\/#primaryimage\"},\"thumbnailUrl\":\"https:\/\/umecit.edu.pa\/wp-content\/uploads\/2024\/05\/070A3033--scaled.jpg\",\"keywords\":[\"Educaci\u00f3n\",\"Noticias\",\"UMECIT\"],\"articleSection\":[\"Carreras\",\"Educaci\u00f3n\",\"Noticias\",\"Universidad\"],\"inLanguage\":\"en-US\"},{\"@type\":\"WebPage\",\"@id\":\"https:\/\/umecit.edu.pa\/celebracion-del-dia-internacional-de-la-mujer-en-el-sector-maritimo\/\",\"url\":\"https:\/\/umecit.edu.pa\/celebracion-del-dia-internacional-de-la-mujer-en-el-sector-maritimo\/\",\"name\":\"Celebraci\u00f3n del D\u00eda Internacional de la Mujer en el Sector Mar\u00edtimo\",\"isPartOf\":{\"@id\":\"https:\/\/Umecit.edu.pa\/#website\"},\"primaryImageOfPage\":{\"@id\":\"https:\/\/umecit.edu.pa\/celebracion-del-dia-internacional-de-la-mujer-en-el-sector-maritimo\/#primaryimage\"},\"image\":{\"@id\":\"https:\/\/umecit.edu.pa\/celebracion-del-dia-internacional-de-la-mujer-en-el-sector-maritimo\/#primaryimage\"},\"thumbnailUrl\":\"https:\/\/umecit.edu.pa\/wp-content\/uploads\/2024\/05\/070A3033--scaled.jpg\",\"datePublished\":\"2024-05-17T21:56:55+00:00\",\"dateModified\":\"2024-05-17T21:59:48+00:00\",\"description\":\"En el marco de la celebraci\u00f3n del D\u00eda Internacional de la Mujer en el Sector Mar\u00edtimo, la Facultad de Ciencias N\u00e1uticas llev\u00f3 a cabo el \\\"International Day for Woman in Maritime\\\" el pasado de mayo de 2024.\",\"breadcrumb\":{\"@id\":\"https:\/\/umecit.edu.pa\/celebracion-del-dia-internacional-de-la-mujer-en-el-sector-maritimo\/#breadcrumb\"},\"inLanguage\":\"en-US\",\"potentialAction\":[{\"@type\":\"ReadAction\",\"target\":[\"https:\/\/umecit.edu.pa\/celebracion-del-dia-internacional-de-la-mujer-en-el-sector-maritimo\/\"]}]},{\"@type\":\"ImageObject\",\"inLanguage\":\"en-US\",\"@id\":\"https:\/\/umecit.edu.pa\/celebracion-del-dia-internacional-de-la-mujer-en-el-sector-maritimo\/#primaryimage\",\"url\":\"https:\/\/umecit.edu.pa\/wp-content\/uploads\/2024\/05\/070A3033--scaled.jpg\",\"contentUrl\":\"https:\/\/umecit.edu.pa\/wp-content\/uploads\/2024\/05\/070A3033--scaled.jpg\",\"width\":2560,\"height\":1017},{\"@type\":\"BreadcrumbList\",\"@id\":\"https:\/\/umecit.edu.pa\/celebracion-del-dia-internacional-de-la-mujer-en-el-sector-maritimo\/#breadcrumb\",\"itemListElement\":[{\"@type\":\"ListItem\",\"position\":1,\"name\":\"Portada\",\"item\":\"https:\/\/Umecit.edu.pa\/\"},{\"@type\":\"ListItem\",\"position\":2,\"name\":\"Celebraci\u00f3n del D\u00eda Internacional de la Mujer en el Sector Mar\u00edtimo\"}]},{\"@type\":\"WebSite\",\"@id\":\"https:\/\/Umecit.edu.pa\/#website\",\"url\":\"https:\/\/Umecit.edu.pa\/\",\"name\":\"Umecit - Universidad en Panam\u00e1\",\"description\":\"Universidad Metropolitana de Educaci\u00f3n, Ciencia y Tecnolog\u00eda\",\"publisher\":{\"@id\":\"https:\/\/Umecit.edu.pa\/#organization\"},\"potentialAction\":[{\"@type\":\"SearchAction\",\"target\":{\"@type\":\"EntryPoint\",\"urlTemplate\":\"https:\/\/Umecit.edu.pa\/?s={search_term_string}\"},\"query-input\":{\"@type\":\"PropertyValueSpecification\",\"valueRequired\":true,\"valueName\":\"search_term_string\"}}],\"inLanguage\":\"en-US\"},{\"@type\":\"Organization\",\"@id\":\"https:\/\/Umecit.edu.pa\/#organization\",\"name\":\"Umecit - Universidad en Panam\u00e1\",\"url\":\"https:\/\/Umecit.edu.pa\/\",\"logo\":{\"@type\":\"ImageObject\",\"inLanguage\":\"en-US\",\"@id\":\"https:\/\/Umecit.edu.pa\/#\/schema\/logo\/image\/\",\"url\":\"https:\/\/umecit.edu.pa\/wp-content\/uploads\/2022\/06\/panama-7.jpg\",\"contentUrl\":\"https:\/\/umecit.edu.pa\/wp-content\/uploads\/2022\/06\/panama-7.jpg\",\"width\":1200,\"height\":800,\"caption\":\"Umecit - Universidad en Panam\u00e1\"},\"image\":{\"@id\":\"https:\/\/Umecit.edu.pa\/#\/schema\/logo\/image\/\"},\"sameAs\":[\"https:\/\/www.facebook.com\/umecitpanama\/\",\"https:\/\/x.com\/umecitpanama\",\"https:\/\/www.tiktok.com\/@umecit\",\"https:\/\/www.instagram.com\/umecit\/\",\"https:\/\/www.youtube.com\/channel\/UCP9iXFXi4p_EW_p9p6lprhg\"]},{\"@type\":\"Person\",\"@id\":\"https:\/\/Umecit.edu.pa\/#\/schema\/person\/b2c0d29c839513d3464f9c9e1f3e6f69\",\"name\":\"mercadeo umecit\",\"image\":{\"@type\":\"ImageObject\",\"inLanguage\":\"en-US\",\"@id\":\"https:\/\/Umecit.edu.pa\/#\/schema\/person\/image\/\",\"url\":\"https:\/\/secure.gravatar.com\/avatar\/4bd79a51f57922b8709c7f62c99ce71611fc5526021ce2d15534b9ae452e6a1c?s=96&d=mm&r=g\",\"contentUrl\":\"https:\/\/secure.gravatar.com\/avatar\/4bd79a51f57922b8709c7f62c99ce71611fc5526021ce2d15534b9ae452e6a1c?s=96&d=mm&r=g\",\"caption\":\"mercadeo umecit\"},\"url\":\"https:\/\/umecit.edu.pa\/en\/author\/mercadeo\/\"}]}<\/script>\n<!-- \/ Yoast SEO plugin. -->","yoast_head_json":{"title":"Celebration of International Women&#039;s Day in the Maritime Sector","description":"As part of the celebration of International Women&#039;s Day in the Maritime Sector, the Faculty of Nautical Sciences held the &quot;International Day for Women in Maritime&quot; event in May 2024.","robots":{"index":"index","follow":"follow","max-snippet":"max-snippet:-1","max-image-preview":"max-image-preview:large","max-video-preview":"max-video-preview:-1"},"canonical":"https:\/\/umecit.edu.pa\/en\/celebracion-del-dia-internacional-de-la-mujer-en-el-sector-maritimo\/","og_locale":"en_US","og_type":"article","og_title":"Celebraci\u00f3n del D\u00eda Internacional de la Mujer en el Sector Mar\u00edtimo","og_description":"En el marco de la celebraci\u00f3n del D\u00eda Internacional de la Mujer en el Sector Mar\u00edtimo, la Facultad de Ciencias N\u00e1uticas llev\u00f3 a cabo el \"International Day for Woman in Maritime\" el pasado de mayo de 2024.","og_url":"https:\/\/umecit.edu.pa\/en\/celebracion-del-dia-internacional-de-la-mujer-en-el-sector-maritimo\/","og_site_name":"Umecit - Universidad en Panam\u00e1","article_publisher":"https:\/\/www.facebook.com\/umecitpanama\/","article_published_time":"2024-05-17T21:56:55+00:00","article_modified_time":"2024-05-17T21:59:48+00:00","og_image":[{"width":2560,"height":1017,"url":"https:\/\/umecit.edu.pa\/wp-content\/uploads\/2024\/05\/070A3033--scaled.jpg","type":"image\/jpeg"}],"author":"mercadeo umecit","twitter_card":"summary_large_image","twitter_creator":"@umecitpanama","twitter_site":"@umecitpanama","twitter_misc":{"Written by":"mercadeo umecit","Est. reading time":"3 minutes"},"schema":{"@context":"https:\/\/schema.org","@graph":[{"@type":"Article","@id":"https:\/\/umecit.edu.pa\/celebracion-del-dia-internacional-de-la-mujer-en-el-sector-maritimo\/#article","isPartOf":{"@id":"https:\/\/umecit.edu.pa\/celebracion-del-dia-internacional-de-la-mujer-en-el-sector-maritimo\/"},"author":{"name":"mercadeo umecit","@id":"https:\/\/Umecit.edu.pa\/#\/schema\/person\/b2c0d29c839513d3464f9c9e1f3e6f69"},"headline":"Celebraci\u00f3n del D\u00eda Internacional de la Mujer en el Sector Mar\u00edtimo","datePublished":"2024-05-17T21:56:55+00:00","dateModified":"2024-05-17T21:59:48+00:00","mainEntityOfPage":{"@id":"https:\/\/umecit.edu.pa\/celebracion-del-dia-internacional-de-la-mujer-en-el-sector-maritimo\/"},"wordCount":172,"publisher":{"@id":"https:\/\/Umecit.edu.pa\/#organization"},"image":{"@id":"https:\/\/umecit.edu.pa\/celebracion-del-dia-internacional-de-la-mujer-en-el-sector-maritimo\/#primaryimage"},"thumbnailUrl":"https:\/\/umecit.edu.pa\/wp-content\/uploads\/2024\/05\/070A3033--scaled.jpg","keywords":["Educaci\u00f3n","Noticias","UMECIT"],"articleSection":["Carreras","Educaci\u00f3n","Noticias","Universidad"],"inLanguage":"en-US"},{"@type":"WebPage","@id":"https:\/\/umecit.edu.pa\/celebracion-del-dia-internacional-de-la-mujer-en-el-sector-maritimo\/","url":"https:\/\/umecit.edu.pa\/celebracion-del-dia-internacional-de-la-mujer-en-el-sector-maritimo\/","name":"Celebration of International Women&#039;s Day in the Maritime Sector","isPartOf":{"@id":"https:\/\/Umecit.edu.pa\/#website"},"primaryImageOfPage":{"@id":"https:\/\/umecit.edu.pa\/celebracion-del-dia-internacional-de-la-mujer-en-el-sector-maritimo\/#primaryimage"},"image":{"@id":"https:\/\/umecit.edu.pa\/celebracion-del-dia-internacional-de-la-mujer-en-el-sector-maritimo\/#primaryimage"},"thumbnailUrl":"https:\/\/umecit.edu.pa\/wp-content\/uploads\/2024\/05\/070A3033--scaled.jpg","datePublished":"2024-05-17T21:56:55+00:00","dateModified":"2024-05-17T21:59:48+00:00","description":"As part of the celebration of International Women&#039;s Day in the Maritime Sector, the Faculty of Nautical Sciences held the &quot;International Day for Women in Maritime&quot; event in May 2024.","breadcrumb":{"@id":"https:\/\/umecit.edu.pa\/celebracion-del-dia-internacional-de-la-mujer-en-el-sector-maritimo\/#breadcrumb"},"inLanguage":"en-US","potentialAction":[{"@type":"ReadAction","target":["https:\/\/umecit.edu.pa\/celebracion-del-dia-internacional-de-la-mujer-en-el-sector-maritimo\/"]}]},{"@type":"ImageObject","inLanguage":"en-US","@id":"https:\/\/umecit.edu.pa\/celebracion-del-dia-internacional-de-la-mujer-en-el-sector-maritimo\/#primaryimage","url":"https:\/\/umecit.edu.pa\/wp-content\/uploads\/2024\/05\/070A3033--scaled.jpg","contentUrl":"https:\/\/umecit.edu.pa\/wp-content\/uploads\/2024\/05\/070A3033--scaled.jpg","width":2560,"height":1017},{"@type":"BreadcrumbList","@id":"https:\/\/umecit.edu.pa\/celebracion-del-dia-internacional-de-la-mujer-en-el-sector-maritimo\/#breadcrumb","itemListElement":[{"@type":"ListItem","position":1,"name":"Portada","item":"https:\/\/Umecit.edu.pa\/"},{"@type":"ListItem","position":2,"name":"Celebraci\u00f3n del D\u00eda Internacional de la Mujer en el Sector Mar\u00edtimo"}]},{"@type":"WebSite","@id":"https:\/\/Umecit.edu.pa\/#website","url":"https:\/\/Umecit.edu.pa\/","name":"Umecit - University in Panama","description":"Metropolitan University of Education, Science and Technology","publisher":{"@id":"https:\/\/Umecit.edu.pa\/#organization"},"potentialAction":[{"@type":"SearchAction","target":{"@type":"EntryPoint","urlTemplate":"https:\/\/Umecit.edu.pa\/?s={search_term_string}"},"query-input":{"@type":"PropertyValueSpecification","valueRequired":true,"valueName":"search_term_string"}}],"inLanguage":"en-US"},{"@type":"Organization","@id":"https:\/\/Umecit.edu.pa\/#organization","name":"Umecit - University in Panama","url":"https:\/\/Umecit.edu.pa\/","logo":{"@type":"ImageObject","inLanguage":"en-US","@id":"https:\/\/Umecit.edu.pa\/#\/schema\/logo\/image\/","url":"https:\/\/umecit.edu.pa\/wp-content\/uploads\/2022\/06\/panama-7.jpg","contentUrl":"https:\/\/umecit.edu.pa\/wp-content\/uploads\/2022\/06\/panama-7.jpg","width":1200,"height":800,"caption":"Umecit - Universidad en Panam\u00e1"},"image":{"@id":"https:\/\/Umecit.edu.pa\/#\/schema\/logo\/image\/"},"sameAs":["https:\/\/www.facebook.com\/umecitpanama\/","https:\/\/x.com\/umecitpanama","https:\/\/www.tiktok.com\/@umecit","https:\/\/www.instagram.com\/umecit\/","https:\/\/www.youtube.com\/channel\/UCP9iXFXi4p_EW_p9p6lprhg"]},{"@type":"Person","@id":"https:\/\/Umecit.edu.pa\/#\/schema\/person\/b2c0d29c839513d3464f9c9e1f3e6f69","name":"umecit marketing","image":{"@type":"ImageObject","inLanguage":"en-US","@id":"https:\/\/Umecit.edu.pa\/#\/schema\/person\/image\/","url":"https:\/\/secure.gravatar.com\/avatar\/4bd79a51f57922b8709c7f62c99ce71611fc5526021ce2d15534b9ae452e6a1c?s=96&d=mm&r=g","contentUrl":"https:\/\/secure.gravatar.com\/avatar\/4bd79a51f57922b8709c7f62c99ce71611fc5526021ce2d15534b9ae452e6a1c?s=96&d=mm&r=g","caption":"mercadeo umecit"},"url":"https:\/\/umecit.edu.pa\/en\/author\/mercadeo\/"}]}},"_links":{"self":[{"href":"https:\/\/umecit.edu.pa\/en\/wp-json\/wp\/v2\/posts\/113232","targetHints":{"allow":["GET"]}}],"collection":[{"href":"https:\/\/umecit.edu.pa\/en\/wp-json\/wp\/v2\/posts"}],"about":[{"href":"https:\/\/umecit.edu.pa\/en\/wp-json\/wp\/v2\/types\/post"}],"author":[{"embeddable":true,"href":"https:\/\/umecit.edu.pa\/en\/wp-json\/wp\/v2\/users\/695"}],"replies":[{"embeddable":true,"href":"https:\/\/umecit.edu.pa\/en\/wp-json\/wp\/v2\/comments?post=113232"}],"version-history":[{"count":0,"href":"https:\/\/umecit.edu.pa\/en\/wp-json\/wp\/v2\/posts\/113232\/revisions"}],"wp:featuredmedia":[{"embeddable":true,"href":"https:\/\/umecit.edu.pa\/en\/wp-json\/wp\/v2\/media\/113234"}],"wp:attachment":[{"href":"https:\/\/umecit.edu.pa\/en\/wp-json\/wp\/v2\/media?parent=113232"}],"wp:term":[{"taxonomy":"category","embeddable":true,"href":"https:\/\/umecit.edu.pa\/en\/wp-json\/wp\/v2\/categories?post=113232"},{"taxonomy":"post_tag","embeddable":true,"href":"https:\/\/umecit.edu.pa\/en\/wp-json\/wp\/v2\/tags?post=113232"}],"curies":[{"name":"wp","href":"https:\/\/api.w.org\/{rel}","templated":true}]}}