{"id":112398,"date":"2024-04-16T09:23:59","date_gmt":"2024-04-16T14:23:59","guid":{"rendered":"https:\/\/umecit.edu.pa\/?p=112398"},"modified":"2024-04-16T09:25:25","modified_gmt":"2024-04-16T14:25:25","slug":"gira-academica-de-estudiantes-de-la-licenciatura-en-seguridad-y-salud-ocupacional-a-la-empresa-silos-y-tanques-panama","status":"publish","type":"post","link":"https:\/\/umecit.edu.pa\/en\/gira-academica-de-estudiantes-de-la-licenciatura-en-seguridad-y-salud-ocupacional-a-la-empresa-silos-y-tanques-panama\/","title":{"rendered":"Academic Tour of students of the Degree in Occupational Safety and Health to the Company Silos y Tanques Panama"},"content":{"rendered":"<div data-elementor-type=\"wp-post\" data-elementor-id=\"112398\" class=\"elementor elementor-112398\" data-elementor-post-type=\"post\">\n\t\t\t\t\t\t<section class=\"elementor-section elementor-top-section elementor-element elementor-element-28101e17 elementor-section-boxed elementor-section-height-default elementor-section-height-default row-top\" data-id=\"28101e17\" data-element_type=\"section\" data-e-type=\"section\">\n\t\t\t\t\t\t<div class=\"elementor-container elementor-column-gap-default\">\n\t\t\t\t\t<div class=\"elementor-column elementor-col-100 elementor-top-column elementor-element elementor-element-2144d551 column-style-top\" data-id=\"2144d551\" data-element_type=\"column\" data-e-type=\"column\">\n\t\t\t<div class=\"elementor-widget-wrap elementor-element-populated\">\n\t\t\t\t\t\t<div class=\"elementor-element elementor-element-75dedef elementor-widget elementor-widget-text-editor\" data-id=\"75dedef\" data-element_type=\"widget\" data-e-type=\"widget\" data-widget_type=\"text-editor.default\">\n\t\t\t\t<div class=\"elementor-widget-container\">\n\t\t\t\t\t\t\t\t\t<p><span style=\"font-weight: 400;\">On April 13, students in the fourth semester of the Occupational Safety and Health Career had the opportunity to participate in an academic tour in a leading company in the metalworking products industry. Organized by UMECIT, this tour provided participants with a unique insight into the processes and operations that take place within a company of this type.<\/span><\/p><p><span style=\"font-weight: 400;\">The visit began with a warm welcome from the company representative, who gave the students a brief introduction to the history and trajectory of the company. Participants then received a detailed presentation on the products and services the company offers, including its innovations in design and manufacturing.<\/span><\/p><p><span style=\"font-weight: 400;\">The tour of the production plant was, without a doubt, one of the highlights of the tour. Students were able to observe up close how the different production processes are carried out and understand how the flow of materials and finished products is managed.<\/span><\/p><p><span style=\"font-weight: 400;\">A fundamental part of the tour was the talk on safety practices at work. The company highlighted the importance of maintaining high safety standards to protect workers and guarantee product quality. The students learned about the safety regulations and procedures that apply in the plant, as well as the preventive measures taken to minimize risks.<\/span><\/p><p><span style=\"font-weight: 400;\">The tour concluded with a question and answer session, during which students had the opportunity to interact with company staff. This interaction allowed students to answer questions, obtain advice, and learn more about the experiences and perspectives of professionals working in the industry.<\/span><\/p><p><span style=\"font-weight: 400;\">The academic tour was a transformative experience for all participants. It gave them a practical insight into how manufacturing processes are carried out in a metalworking company, as well as a deeper understanding of the skills and knowledge needed to excel in this field.<\/span><\/p><p><span style=\"font-weight: 400;\">These types of experiences are invaluable for students and professionals who want to expand their knowledge and explore opportunities in the metalworking industry. We thank the company for opening its doors and offering this unique opportunity to attendees.<\/span><\/p>\t\t\t\t\t\t\t\t<\/div>\n\t\t\t\t<\/div>\n\t\t\t\t<div class=\"elementor-element elementor-element-9d94ee1 elementor-arrows-position-inside elementor-pagination-position-outside elementor-widget elementor-widget-image-carousel\" data-id=\"9d94ee1\" data-element_type=\"widget\" data-e-type=\"widget\" data-settings=\"{&quot;slides_to_show&quot;:&quot;1&quot;,&quot;navigation&quot;:&quot;both&quot;,&quot;autoplay&quot;:&quot;yes&quot;,&quot;pause_on_hover&quot;:&quot;yes&quot;,&quot;pause_on_interaction&quot;:&quot;yes&quot;,&quot;autoplay_speed&quot;:5000,&quot;infinite&quot;:&quot;yes&quot;,&quot;effect&quot;:&quot;slide&quot;,&quot;speed&quot;:500}\" data-widget_type=\"image-carousel.default\">\n\t\t\t\t<div class=\"elementor-widget-container\">\n\t\t\t\t\t\t\t<div class=\"elementor-image-carousel-wrapper swiper\" role=\"region\" aria-roledescription=\"carousel\" aria-label=\"Carousel of images\" dir=\"ltr\">\n\t\t\t<div class=\"elementor-image-carousel swiper-wrapper\" aria-live=\"off\">\n\t\t\t\t\t\t\t\t<div class=\"swiper-slide\" role=\"group\" aria-roledescription=\"slide\" aria-label=\"1 of 3\"><figure class=\"swiper-slide-inner\"><img decoding=\"async\" class=\"swiper-slide-image\" src=\"https:\/\/mail.umecit.edu.pa\/wp-content\/uploads\/2024\/04\/WhatsApp-Image-2024-04-13-at-5.09.16-PM.jpeg\" alt=\"WhatsApp Image 2024-04-13 at 5.09.16 PM\" \/><\/figure><\/div><div class=\"swiper-slide\" role=\"group\" aria-roledescription=\"slide\" aria-label=\"2 of 3\"><figure class=\"swiper-slide-inner\"><img decoding=\"async\" class=\"swiper-slide-image\" src=\"https:\/\/mail.umecit.edu.pa\/wp-content\/uploads\/2024\/04\/WhatsApp-Image-2024-04-13-at-5.07.03-PM.jpeg\" alt=\"WhatsApp Image 2024-04-13 at 5.07.03 PM\" \/><\/figure><\/div><div class=\"swiper-slide\" role=\"group\" aria-roledescription=\"slide\" aria-label=\"3 of 3\"><figure class=\"swiper-slide-inner\"><img decoding=\"async\" class=\"swiper-slide-image\" src=\"https:\/\/mail.umecit.edu.pa\/wp-content\/uploads\/2024\/04\/WhatsApp-Image-2024-04-13-at-5.08.02-PM.jpeg\" alt=\"WhatsApp Image 2024-04-13 at 5.08.02 PM\" \/><\/figure><\/div>\t\t\t<\/div>\n\t\t\t\t\t\t\t\t\t\t\t\t<div class=\"elementor-swiper-button elementor-swiper-button-prev\" role=\"button\" tabindex=\"0\">\n\t\t\t\t\t\t<i aria-hidden=\"true\" class=\"eicon-chevron-left\"><\/i>\t\t\t\t\t<\/div>\n\t\t\t\t\t<div class=\"elementor-swiper-button elementor-swiper-button-next\" role=\"button\" tabindex=\"0\">\n\t\t\t\t\t\t<i aria-hidden=\"true\" class=\"eicon-chevron-right\"><\/i>\t\t\t\t\t<\/div>\n\t\t\t\t\n\t\t\t\t\t\t\t\t\t<div class=\"swiper-pagination\"><\/div>\n\t\t\t\t\t\t\t\t\t<\/div>\n\t\t\t\t\t\t<\/div>\n\t\t\t\t<\/div>\n\t\t\t\t\t<\/div>\n\t\t<\/div>\n\t\t\t\t\t<\/div>\n\t\t<\/section>\n\t\t\t\t<\/div>","protected":false},"excerpt":{"rendered":"<p>The Metropolitan University of Education, Science and Technology -UMECIT- delivered the Adjusted Institutional Improvement Plan<\/p>","protected":false},"author":695,"featured_media":112400,"comment_status":"closed","ping_status":"closed","sticky":false,"template":"","format":"standard","meta":{"footnotes":""},"categories":[108,71,73,109,235,174],"tags":[115,151,231],"class_list":["post-112398","post","type-post","status-publish","format-standard","has-post-thumbnail","hentry","category-carreras","category-convenios","category-educacion","category-noticias","category-reacreditacion-seguridad-y-salud-ocupacional","category-universidad","tag-educacion","tag-noticias","tag-umecit"],"yoast_head":"<!-- This site is optimized with the Yoast SEO plugin v27.1.1 - https:\/\/yoast.com\/product\/yoast-seo-wordpress\/ -->\n<title>Gira Acad\u00e9mica de estudiantes de la Licenciatura en Seguridad y Salud Ocupacional a la Empresa Silos y Tanques Panam\u00e1<\/title>\n<meta name=\"description\" content=\"El pasado viernes 12 de abril, estudiantes de la Carrera de Seguridad y Salud Ocupacional se sumaron a la concentraci\u00f3n organizada por profesionales del sector en los terrenos de la Asamblea Nacional.\" \/>\n<meta name=\"robots\" content=\"index, follow, max-snippet:-1, max-image-preview:large, max-video-preview:-1\" \/>\n<link rel=\"canonical\" href=\"https:\/\/ec2-44-206-156-148.compute-1.amazonaws.com\/en\/gira-academica-de-estudiantes-de-la-licenciatura-en-seguridad-y-salud-ocupacional-a-la-empresa-silos-y-tanques-panama\/\" \/>\n<meta property=\"og:locale\" content=\"en_US\" \/>\n<meta property=\"og:type\" content=\"article\" \/>\n<meta property=\"og:title\" content=\"Gira Acad\u00e9mica de estudiantes de la Licenciatura en Seguridad y Salud Ocupacional a la Empresa Silos y Tanques Panam\u00e1\" \/>\n<meta property=\"og:description\" content=\"El pasado viernes 12 de abril, estudiantes de la Carrera de Seguridad y Salud Ocupacional se sumaron a la concentraci\u00f3n organizada por profesionales del sector en los terrenos de la Asamblea Nacional.\" \/>\n<meta property=\"og:url\" content=\"https:\/\/ec2-44-206-156-148.compute-1.amazonaws.com\/en\/gira-academica-de-estudiantes-de-la-licenciatura-en-seguridad-y-salud-ocupacional-a-la-empresa-silos-y-tanques-panama\/\" \/>\n<meta property=\"og:site_name\" content=\"Umecit - Universidad en Panam\u00e1\" \/>\n<meta property=\"article:publisher\" content=\"https:\/\/www.facebook.com\/umecitpanama\/\" \/>\n<meta property=\"article:published_time\" content=\"2024-04-16T14:23:59+00:00\" \/>\n<meta property=\"article:modified_time\" content=\"2024-04-16T14:25:25+00:00\" \/>\n<meta property=\"og:image\" content=\"https:\/\/ec2-44-206-156-148.compute-1.amazonaws.com\/wp-content\/uploads\/2024\/04\/WhatsApp-Image-2024-04-13-at-5.06.28-PM.jpeg\" \/>\n\t<meta property=\"og:image:width\" content=\"1080\" \/>\n\t<meta property=\"og:image:height\" content=\"625\" \/>\n\t<meta property=\"og:image:type\" content=\"image\/jpeg\" \/>\n<meta name=\"author\" content=\"mercadeo umecit\" \/>\n<meta name=\"twitter:card\" content=\"summary_large_image\" \/>\n<meta name=\"twitter:creator\" content=\"@umecitpanama\" \/>\n<meta name=\"twitter:site\" content=\"@umecitpanama\" \/>\n<meta name=\"twitter:label1\" content=\"Written by\" \/>\n\t<meta name=\"twitter:data1\" content=\"mercadeo umecit\" \/>\n\t<meta name=\"twitter:label2\" content=\"Est. reading time\" \/>\n\t<meta name=\"twitter:data2\" content=\"3 minutes\" \/>\n<script type=\"application\/ld+json\" class=\"yoast-schema-graph\">{\"@context\":\"https:\/\/schema.org\",\"@graph\":[{\"@type\":\"Article\",\"@id\":\"https:\/\/ec2-44-206-156-148.compute-1.amazonaws.com\/en\/gira-academica-de-estudiantes-de-la-licenciatura-en-seguridad-y-salud-ocupacional-a-la-empresa-silos-y-tanques-panama\/#article\",\"isPartOf\":{\"@id\":\"https:\/\/ec2-44-206-156-148.compute-1.amazonaws.com\/en\/gira-academica-de-estudiantes-de-la-licenciatura-en-seguridad-y-salud-ocupacional-a-la-empresa-silos-y-tanques-panama\/\"},\"author\":{\"name\":\"mercadeo umecit\",\"@id\":\"https:\/\/umecit.edu.pa\/en\/#\/schema\/person\/b2c0d29c839513d3464f9c9e1f3e6f69\"},\"headline\":\"Gira Acad\u00e9mica de estudiantes de la Licenciatura en Seguridad y Salud Ocupacional a la Empresa Silos y Tanques Panam\u00e1\",\"datePublished\":\"2024-04-16T14:23:59+00:00\",\"dateModified\":\"2024-04-16T14:25:25+00:00\",\"mainEntityOfPage\":{\"@id\":\"https:\/\/ec2-44-206-156-148.compute-1.amazonaws.com\/en\/gira-academica-de-estudiantes-de-la-licenciatura-en-seguridad-y-salud-ocupacional-a-la-empresa-silos-y-tanques-panama\/\"},\"wordCount\":418,\"publisher\":{\"@id\":\"https:\/\/umecit.edu.pa\/en\/#organization\"},\"image\":{\"@id\":\"https:\/\/ec2-44-206-156-148.compute-1.amazonaws.com\/en\/gira-academica-de-estudiantes-de-la-licenciatura-en-seguridad-y-salud-ocupacional-a-la-empresa-silos-y-tanques-panama\/#primaryimage\"},\"thumbnailUrl\":\"https:\/\/umecit.edu.pa\/wp-content\/uploads\/2024\/04\/WhatsApp-Image-2024-04-13-at-5.06.28-PM.jpeg\",\"keywords\":[\"Educaci\u00f3n\",\"Noticias\",\"UMECIT\"],\"articleSection\":[\"Carreras\",\"Convenios\",\"Educaci\u00f3n\",\"Noticias\",\"Reacreditaci\u00f3n Seguridad y Salud Ocupacional\",\"Universidad\"],\"inLanguage\":\"en-US\"},{\"@type\":\"WebPage\",\"@id\":\"https:\/\/ec2-44-206-156-148.compute-1.amazonaws.com\/en\/gira-academica-de-estudiantes-de-la-licenciatura-en-seguridad-y-salud-ocupacional-a-la-empresa-silos-y-tanques-panama\/\",\"url\":\"https:\/\/ec2-44-206-156-148.compute-1.amazonaws.com\/en\/gira-academica-de-estudiantes-de-la-licenciatura-en-seguridad-y-salud-ocupacional-a-la-empresa-silos-y-tanques-panama\/\",\"name\":\"Gira Acad\u00e9mica de estudiantes de la Licenciatura en Seguridad y Salud Ocupacional a la Empresa Silos y Tanques Panam\u00e1\",\"isPartOf\":{\"@id\":\"https:\/\/umecit.edu.pa\/en\/#website\"},\"primaryImageOfPage\":{\"@id\":\"https:\/\/ec2-44-206-156-148.compute-1.amazonaws.com\/en\/gira-academica-de-estudiantes-de-la-licenciatura-en-seguridad-y-salud-ocupacional-a-la-empresa-silos-y-tanques-panama\/#primaryimage\"},\"image\":{\"@id\":\"https:\/\/ec2-44-206-156-148.compute-1.amazonaws.com\/en\/gira-academica-de-estudiantes-de-la-licenciatura-en-seguridad-y-salud-ocupacional-a-la-empresa-silos-y-tanques-panama\/#primaryimage\"},\"thumbnailUrl\":\"https:\/\/umecit.edu.pa\/wp-content\/uploads\/2024\/04\/WhatsApp-Image-2024-04-13-at-5.06.28-PM.jpeg\",\"datePublished\":\"2024-04-16T14:23:59+00:00\",\"dateModified\":\"2024-04-16T14:25:25+00:00\",\"description\":\"El pasado viernes 12 de abril, estudiantes de la Carrera de Seguridad y Salud Ocupacional se sumaron a la concentraci\u00f3n organizada por profesionales del sector en los terrenos de la Asamblea Nacional.\",\"breadcrumb\":{\"@id\":\"https:\/\/ec2-44-206-156-148.compute-1.amazonaws.com\/en\/gira-academica-de-estudiantes-de-la-licenciatura-en-seguridad-y-salud-ocupacional-a-la-empresa-silos-y-tanques-panama\/#breadcrumb\"},\"inLanguage\":\"en-US\",\"potentialAction\":[{\"@type\":\"ReadAction\",\"target\":[\"https:\/\/ec2-44-206-156-148.compute-1.amazonaws.com\/en\/gira-academica-de-estudiantes-de-la-licenciatura-en-seguridad-y-salud-ocupacional-a-la-empresa-silos-y-tanques-panama\/\"]}]},{\"@type\":\"ImageObject\",\"inLanguage\":\"en-US\",\"@id\":\"https:\/\/ec2-44-206-156-148.compute-1.amazonaws.com\/en\/gira-academica-de-estudiantes-de-la-licenciatura-en-seguridad-y-salud-ocupacional-a-la-empresa-silos-y-tanques-panama\/#primaryimage\",\"url\":\"https:\/\/umecit.edu.pa\/wp-content\/uploads\/2024\/04\/WhatsApp-Image-2024-04-13-at-5.06.28-PM.jpeg\",\"contentUrl\":\"https:\/\/umecit.edu.pa\/wp-content\/uploads\/2024\/04\/WhatsApp-Image-2024-04-13-at-5.06.28-PM.jpeg\",\"width\":1080,\"height\":625},{\"@type\":\"BreadcrumbList\",\"@id\":\"https:\/\/ec2-44-206-156-148.compute-1.amazonaws.com\/en\/gira-academica-de-estudiantes-de-la-licenciatura-en-seguridad-y-salud-ocupacional-a-la-empresa-silos-y-tanques-panama\/#breadcrumb\",\"itemListElement\":[{\"@type\":\"ListItem\",\"position\":1,\"name\":\"Portada\",\"item\":\"https:\/\/umecit.edu.pa\/en\/\"},{\"@type\":\"ListItem\",\"position\":2,\"name\":\"Gira Acad\u00e9mica de estudiantes de la Licenciatura en Seguridad y Salud Ocupacional a la Empresa Silos y Tanques Panam\u00e1\"}]},{\"@type\":\"WebSite\",\"@id\":\"https:\/\/umecit.edu.pa\/en\/#website\",\"url\":\"https:\/\/umecit.edu.pa\/en\/\",\"name\":\"Umecit - Universidad en Panam\u00e1\",\"description\":\"Universidad Metropolitana de Educaci\u00f3n, Ciencia y Tecnolog\u00eda\",\"publisher\":{\"@id\":\"https:\/\/umecit.edu.pa\/en\/#organization\"},\"potentialAction\":[{\"@type\":\"SearchAction\",\"target\":{\"@type\":\"EntryPoint\",\"urlTemplate\":\"https:\/\/umecit.edu.pa\/en\/?s={search_term_string}\"},\"query-input\":{\"@type\":\"PropertyValueSpecification\",\"valueRequired\":true,\"valueName\":\"search_term_string\"}}],\"inLanguage\":\"en-US\"},{\"@type\":\"Organization\",\"@id\":\"https:\/\/umecit.edu.pa\/en\/#organization\",\"name\":\"Umecit - Universidad en Panam\u00e1\",\"url\":\"https:\/\/umecit.edu.pa\/en\/\",\"logo\":{\"@type\":\"ImageObject\",\"inLanguage\":\"en-US\",\"@id\":\"https:\/\/umecit.edu.pa\/en\/#\/schema\/logo\/image\/\",\"url\":\"https:\/\/umecit.edu.pa\/wp-content\/uploads\/2022\/06\/panama-7.jpg\",\"contentUrl\":\"https:\/\/umecit.edu.pa\/wp-content\/uploads\/2022\/06\/panama-7.jpg\",\"width\":1200,\"height\":800,\"caption\":\"Umecit - Universidad en Panam\u00e1\"},\"image\":{\"@id\":\"https:\/\/umecit.edu.pa\/en\/#\/schema\/logo\/image\/\"},\"sameAs\":[\"https:\/\/www.facebook.com\/umecitpanama\/\",\"https:\/\/x.com\/umecitpanama\",\"https:\/\/www.tiktok.com\/@umecit\",\"https:\/\/www.instagram.com\/umecit\/\",\"https:\/\/www.youtube.com\/channel\/UCP9iXFXi4p_EW_p9p6lprhg\"]},{\"@type\":\"Person\",\"@id\":\"https:\/\/umecit.edu.pa\/en\/#\/schema\/person\/b2c0d29c839513d3464f9c9e1f3e6f69\",\"name\":\"mercadeo umecit\",\"image\":{\"@type\":\"ImageObject\",\"inLanguage\":\"en-US\",\"@id\":\"https:\/\/umecit.edu.pa\/en\/#\/schema\/person\/image\/\",\"url\":\"https:\/\/secure.gravatar.com\/avatar\/4bd79a51f57922b8709c7f62c99ce71611fc5526021ce2d15534b9ae452e6a1c?s=96&d=mm&r=g\",\"contentUrl\":\"https:\/\/secure.gravatar.com\/avatar\/4bd79a51f57922b8709c7f62c99ce71611fc5526021ce2d15534b9ae452e6a1c?s=96&d=mm&r=g\",\"caption\":\"mercadeo umecit\"},\"url\":\"https:\/\/umecit.edu.pa\/en\/author\/mercadeo\/\"}]}<\/script>\n<!-- \/ Yoast SEO plugin. -->","yoast_head_json":{"title":"Academic Tour of students of the Degree in Occupational Safety and Health to the Company Silos y Tanques Panama","description":"Last Friday, April 12, students from the Occupational Health and Safety program joined the rally organized by industry professionals on the grounds of the National Assembly.","robots":{"index":"index","follow":"follow","max-snippet":"max-snippet:-1","max-image-preview":"max-image-preview:large","max-video-preview":"max-video-preview:-1"},"canonical":"https:\/\/ec2-44-206-156-148.compute-1.amazonaws.com\/en\/gira-academica-de-estudiantes-de-la-licenciatura-en-seguridad-y-salud-ocupacional-a-la-empresa-silos-y-tanques-panama\/","og_locale":"en_US","og_type":"article","og_title":"Gira Acad\u00e9mica de estudiantes de la Licenciatura en Seguridad y Salud Ocupacional a la Empresa Silos y Tanques Panam\u00e1","og_description":"El pasado viernes 12 de abril, estudiantes de la Carrera de Seguridad y Salud Ocupacional se sumaron a la concentraci\u00f3n organizada por profesionales del sector en los terrenos de la Asamblea Nacional.","og_url":"https:\/\/ec2-44-206-156-148.compute-1.amazonaws.com\/en\/gira-academica-de-estudiantes-de-la-licenciatura-en-seguridad-y-salud-ocupacional-a-la-empresa-silos-y-tanques-panama\/","og_site_name":"Umecit - Universidad en Panam\u00e1","article_publisher":"https:\/\/www.facebook.com\/umecitpanama\/","article_published_time":"2024-04-16T14:23:59+00:00","article_modified_time":"2024-04-16T14:25:25+00:00","og_image":[{"width":1080,"height":625,"url":"https:\/\/ec2-44-206-156-148.compute-1.amazonaws.com\/wp-content\/uploads\/2024\/04\/WhatsApp-Image-2024-04-13-at-5.06.28-PM.jpeg","type":"image\/jpeg"}],"author":"mercadeo umecit","twitter_card":"summary_large_image","twitter_creator":"@umecitpanama","twitter_site":"@umecitpanama","twitter_misc":{"Written by":"mercadeo umecit","Est. reading time":"3 minutes"},"schema":{"@context":"https:\/\/schema.org","@graph":[{"@type":"Article","@id":"https:\/\/ec2-44-206-156-148.compute-1.amazonaws.com\/en\/gira-academica-de-estudiantes-de-la-licenciatura-en-seguridad-y-salud-ocupacional-a-la-empresa-silos-y-tanques-panama\/#article","isPartOf":{"@id":"https:\/\/ec2-44-206-156-148.compute-1.amazonaws.com\/en\/gira-academica-de-estudiantes-de-la-licenciatura-en-seguridad-y-salud-ocupacional-a-la-empresa-silos-y-tanques-panama\/"},"author":{"name":"mercadeo umecit","@id":"https:\/\/umecit.edu.pa\/en\/#\/schema\/person\/b2c0d29c839513d3464f9c9e1f3e6f69"},"headline":"Gira Acad\u00e9mica de estudiantes de la Licenciatura en Seguridad y Salud Ocupacional a la Empresa Silos y Tanques Panam\u00e1","datePublished":"2024-04-16T14:23:59+00:00","dateModified":"2024-04-16T14:25:25+00:00","mainEntityOfPage":{"@id":"https:\/\/ec2-44-206-156-148.compute-1.amazonaws.com\/en\/gira-academica-de-estudiantes-de-la-licenciatura-en-seguridad-y-salud-ocupacional-a-la-empresa-silos-y-tanques-panama\/"},"wordCount":418,"publisher":{"@id":"https:\/\/umecit.edu.pa\/en\/#organization"},"image":{"@id":"https:\/\/ec2-44-206-156-148.compute-1.amazonaws.com\/en\/gira-academica-de-estudiantes-de-la-licenciatura-en-seguridad-y-salud-ocupacional-a-la-empresa-silos-y-tanques-panama\/#primaryimage"},"thumbnailUrl":"https:\/\/umecit.edu.pa\/wp-content\/uploads\/2024\/04\/WhatsApp-Image-2024-04-13-at-5.06.28-PM.jpeg","keywords":["Educaci\u00f3n","Noticias","UMECIT"],"articleSection":["Carreras","Convenios","Educaci\u00f3n","Noticias","Reacreditaci\u00f3n Seguridad y Salud Ocupacional","Universidad"],"inLanguage":"en-US"},{"@type":"WebPage","@id":"https:\/\/ec2-44-206-156-148.compute-1.amazonaws.com\/en\/gira-academica-de-estudiantes-de-la-licenciatura-en-seguridad-y-salud-ocupacional-a-la-empresa-silos-y-tanques-panama\/","url":"https:\/\/ec2-44-206-156-148.compute-1.amazonaws.com\/en\/gira-academica-de-estudiantes-de-la-licenciatura-en-seguridad-y-salud-ocupacional-a-la-empresa-silos-y-tanques-panama\/","name":"Academic Tour of students of the Degree in Occupational Safety and Health to the Company Silos y Tanques Panama","isPartOf":{"@id":"https:\/\/umecit.edu.pa\/en\/#website"},"primaryImageOfPage":{"@id":"https:\/\/ec2-44-206-156-148.compute-1.amazonaws.com\/en\/gira-academica-de-estudiantes-de-la-licenciatura-en-seguridad-y-salud-ocupacional-a-la-empresa-silos-y-tanques-panama\/#primaryimage"},"image":{"@id":"https:\/\/ec2-44-206-156-148.compute-1.amazonaws.com\/en\/gira-academica-de-estudiantes-de-la-licenciatura-en-seguridad-y-salud-ocupacional-a-la-empresa-silos-y-tanques-panama\/#primaryimage"},"thumbnailUrl":"https:\/\/umecit.edu.pa\/wp-content\/uploads\/2024\/04\/WhatsApp-Image-2024-04-13-at-5.06.28-PM.jpeg","datePublished":"2024-04-16T14:23:59+00:00","dateModified":"2024-04-16T14:25:25+00:00","description":"Last Friday, April 12, students from the Occupational Health and Safety program joined the rally organized by industry professionals on the grounds of the National Assembly.","breadcrumb":{"@id":"https:\/\/ec2-44-206-156-148.compute-1.amazonaws.com\/en\/gira-academica-de-estudiantes-de-la-licenciatura-en-seguridad-y-salud-ocupacional-a-la-empresa-silos-y-tanques-panama\/#breadcrumb"},"inLanguage":"en-US","potentialAction":[{"@type":"ReadAction","target":["https:\/\/ec2-44-206-156-148.compute-1.amazonaws.com\/en\/gira-academica-de-estudiantes-de-la-licenciatura-en-seguridad-y-salud-ocupacional-a-la-empresa-silos-y-tanques-panama\/"]}]},{"@type":"ImageObject","inLanguage":"en-US","@id":"https:\/\/ec2-44-206-156-148.compute-1.amazonaws.com\/en\/gira-academica-de-estudiantes-de-la-licenciatura-en-seguridad-y-salud-ocupacional-a-la-empresa-silos-y-tanques-panama\/#primaryimage","url":"https:\/\/umecit.edu.pa\/wp-content\/uploads\/2024\/04\/WhatsApp-Image-2024-04-13-at-5.06.28-PM.jpeg","contentUrl":"https:\/\/umecit.edu.pa\/wp-content\/uploads\/2024\/04\/WhatsApp-Image-2024-04-13-at-5.06.28-PM.jpeg","width":1080,"height":625},{"@type":"BreadcrumbList","@id":"https:\/\/ec2-44-206-156-148.compute-1.amazonaws.com\/en\/gira-academica-de-estudiantes-de-la-licenciatura-en-seguridad-y-salud-ocupacional-a-la-empresa-silos-y-tanques-panama\/#breadcrumb","itemListElement":[{"@type":"ListItem","position":1,"name":"Portada","item":"https:\/\/umecit.edu.pa\/en\/"},{"@type":"ListItem","position":2,"name":"Gira Acad\u00e9mica de estudiantes de la Licenciatura en Seguridad y Salud Ocupacional a la Empresa Silos y Tanques Panam\u00e1"}]},{"@type":"WebSite","@id":"https:\/\/umecit.edu.pa\/en\/#website","url":"https:\/\/umecit.edu.pa\/en\/","name":"Umecit - University in Panama","description":"Metropolitan University of Education, Science and Technology","publisher":{"@id":"https:\/\/umecit.edu.pa\/en\/#organization"},"potentialAction":[{"@type":"SearchAction","target":{"@type":"EntryPoint","urlTemplate":"https:\/\/umecit.edu.pa\/en\/?s={search_term_string}"},"query-input":{"@type":"PropertyValueSpecification","valueRequired":true,"valueName":"search_term_string"}}],"inLanguage":"en-US"},{"@type":"Organization","@id":"https:\/\/umecit.edu.pa\/en\/#organization","name":"Umecit - University in Panama","url":"https:\/\/umecit.edu.pa\/en\/","logo":{"@type":"ImageObject","inLanguage":"en-US","@id":"https:\/\/umecit.edu.pa\/en\/#\/schema\/logo\/image\/","url":"https:\/\/umecit.edu.pa\/wp-content\/uploads\/2022\/06\/panama-7.jpg","contentUrl":"https:\/\/umecit.edu.pa\/wp-content\/uploads\/2022\/06\/panama-7.jpg","width":1200,"height":800,"caption":"Umecit - Universidad en Panam\u00e1"},"image":{"@id":"https:\/\/umecit.edu.pa\/en\/#\/schema\/logo\/image\/"},"sameAs":["https:\/\/www.facebook.com\/umecitpanama\/","https:\/\/x.com\/umecitpanama","https:\/\/www.tiktok.com\/@umecit","https:\/\/www.instagram.com\/umecit\/","https:\/\/www.youtube.com\/channel\/UCP9iXFXi4p_EW_p9p6lprhg"]},{"@type":"Person","@id":"https:\/\/umecit.edu.pa\/en\/#\/schema\/person\/b2c0d29c839513d3464f9c9e1f3e6f69","name":"umecit marketing","image":{"@type":"ImageObject","inLanguage":"en-US","@id":"https:\/\/umecit.edu.pa\/en\/#\/schema\/person\/image\/","url":"https:\/\/secure.gravatar.com\/avatar\/4bd79a51f57922b8709c7f62c99ce71611fc5526021ce2d15534b9ae452e6a1c?s=96&d=mm&r=g","contentUrl":"https:\/\/secure.gravatar.com\/avatar\/4bd79a51f57922b8709c7f62c99ce71611fc5526021ce2d15534b9ae452e6a1c?s=96&d=mm&r=g","caption":"mercadeo umecit"},"url":"https:\/\/umecit.edu.pa\/en\/author\/mercadeo\/"}]}},"_links":{"self":[{"href":"https:\/\/umecit.edu.pa\/en\/wp-json\/wp\/v2\/posts\/112398","targetHints":{"allow":["GET"]}}],"collection":[{"href":"https:\/\/umecit.edu.pa\/en\/wp-json\/wp\/v2\/posts"}],"about":[{"href":"https:\/\/umecit.edu.pa\/en\/wp-json\/wp\/v2\/types\/post"}],"author":[{"embeddable":true,"href":"https:\/\/umecit.edu.pa\/en\/wp-json\/wp\/v2\/users\/695"}],"replies":[{"embeddable":true,"href":"https:\/\/umecit.edu.pa\/en\/wp-json\/wp\/v2\/comments?post=112398"}],"version-history":[{"count":0,"href":"https:\/\/umecit.edu.pa\/en\/wp-json\/wp\/v2\/posts\/112398\/revisions"}],"wp:featuredmedia":[{"embeddable":true,"href":"https:\/\/umecit.edu.pa\/en\/wp-json\/wp\/v2\/media\/112400"}],"wp:attachment":[{"href":"https:\/\/umecit.edu.pa\/en\/wp-json\/wp\/v2\/media?parent=112398"}],"wp:term":[{"taxonomy":"category","embeddable":true,"href":"https:\/\/umecit.edu.pa\/en\/wp-json\/wp\/v2\/categories?post=112398"},{"taxonomy":"post_tag","embeddable":true,"href":"https:\/\/umecit.edu.pa\/en\/wp-json\/wp\/v2\/tags?post=112398"}],"curies":[{"name":"wp","href":"https:\/\/api.w.org\/{rel}","templated":true}]}}